{"id":928,"date":"2018-07-16T17:21:22","date_gmt":"2018-07-16T17:21:22","guid":{"rendered":"https:\/\/radioprincesa2010.com.br\/fm\/?p=928"},"modified":"2018-07-16T17:21:22","modified_gmt":"2018-07-16T17:21:22","slug":"cancelada-a-rodada-do-municipal-de-futsal-2a-divisao","status":"publish","type":"post","link":"https:\/\/radioprincesa2010.com.br\/fm\/cancelada-a-rodada-do-municipal-de-futsal-2a-divisao\/","title":{"rendered":"Cancelada a rodada do Municipal de Futsal &#8211; 2\u00aa Divis\u00e3o"},"content":{"rendered":"<div id=\"fb-root\"><\/div>\n<p><img loading=\"lazy\" decoding=\"async\" class=\"size-medium wp-image-912 alignleft\" src=\"https:\/\/radioprincesa2010.com.br\/fm\/wp-content\/uploads\/2018\/07\/Municipal-300x169.jpg\" alt=\"\" width=\"300\" height=\"169\" srcset=\"https:\/\/radioprincesa2010.com.br\/fm\/wp-content\/uploads\/2018\/07\/Municipal-300x169.jpg 300w, https:\/\/radioprincesa2010.com.br\/fm\/wp-content\/uploads\/2018\/07\/Municipal-768x432.jpg 768w, https:\/\/radioprincesa2010.com.br\/fm\/wp-content\/uploads\/2018\/07\/Municipal-1024x576.jpg 1024w, https:\/\/radioprincesa2010.com.br\/fm\/wp-content\/uploads\/2018\/07\/Municipal.jpg 1280w\" sizes=\"auto, (max-width: 300px) 100vw, 300px\" \/>Mais uma vez a umidade na quadra do M\u00f3dulo Esportivo fez com que a rodada do Municipal de Futsal &#8211; 2\u00aa Divis\u00e3o, que aconteceria hoje \u00e0 noite, fosse cancelada. Uma nova data ser\u00e1 marcada.<\/p>\n","protected":false},"excerpt":{"rendered":"<p>Mais uma vez a umidade na quadra do M\u00f3dulo Esportivo fez com que a rodada do Municipal de Futsal &#8211; 2\u00aa Divis\u00e3o, que aconteceria hoje \u00e0 noite, fosse cancelada. Uma nova data ser\u00e1 marcada.<\/p>\n","protected":false},"author":2,"featured_media":912,"comment_status":"open","ping_status":"open","sticky":false,"template":"","format":"standard","meta":{"footnotes":""},"categories":[1],"tags":[],"class_list":["post-928","post","type-post","status-publish","format-standard","has-post-thumbnail","hentry","category-geral"],"yoast_head":"<!-- This site is optimized with the Yoast SEO plugin v16.1.1 - https:\/\/yoast.com\/wordpress\/plugins\/seo\/ -->\n<title>Cancelada a rodada do Municipal de Futsal - 2\u00aa Divis\u00e3o - R\u00e1dio Princesa FM 104.9 Mhz<\/title>\n<link rel=\"canonical\" href=\"https:\/\/radioprincesa2010.com.br\/fm\/cancelada-a-rodada-do-municipal-de-futsal-2a-divisao\/\" \/>\n<meta property=\"og:locale\" content=\"pt_BR\" \/>\n<meta property=\"og:type\" content=\"article\" \/>\n<meta property=\"og:title\" content=\"Cancelada a rodada do Municipal de Futsal - 2\u00aa Divis\u00e3o - R\u00e1dio Princesa FM 104.9 Mhz\" \/>\n<meta property=\"og:description\" content=\"Mais uma vez a umidade na quadra do M\u00f3dulo Esportivo fez com que a rodada do Municipal de Futsal &#8211; 2\u00aa Divis\u00e3o, que aconteceria hoje \u00e0 noite, fosse cancelada. Uma nova data ser\u00e1 marcada.\" \/>\n<meta property=\"og:url\" content=\"https:\/\/radioprincesa2010.com.br\/fm\/cancelada-a-rodada-do-municipal-de-futsal-2a-divisao\/\" \/>\n<meta property=\"og:site_name\" content=\"R\u00e1dio Princesa FM 104.9 Mhz\" \/>\n<meta property=\"article:published_time\" content=\"2018-07-16T17:21:22+00:00\" \/>\n<meta property=\"og:image\" content=\"https:\/\/radioprincesa2010.com.br\/fm\/wp-content\/uploads\/2018\/07\/Municipal.jpg\" \/>\n\t<meta property=\"og:image:width\" content=\"1280\" \/>\n\t<meta property=\"og:image:height\" content=\"720\" \/>\n<meta name=\"twitter:card\" content=\"summary_large_image\" \/>\n<script type=\"application\/ld+json\" class=\"yoast-schema-graph\">{\"@context\":\"https:\/\/schema.org\",\"@graph\":[{\"@type\":\"WebSite\",\"@id\":\"https:\/\/radioprincesa2010.com.br\/fm\/#website\",\"url\":\"https:\/\/radioprincesa2010.com.br\/fm\/\",\"name\":\"R\\u00e1dio Princesa FM 104.9 Mhz\",\"description\":\"Com voc\\u00ea o tempo todo\",\"potentialAction\":[{\"@type\":\"SearchAction\",\"target\":\"https:\/\/radioprincesa2010.com.br\/fm\/?s={search_term_string}\",\"query-input\":\"required name=search_term_string\"}],\"inLanguage\":\"pt-BR\"},{\"@type\":\"ImageObject\",\"@id\":\"https:\/\/radioprincesa2010.com.br\/fm\/cancelada-a-rodada-do-municipal-de-futsal-2a-divisao\/#primaryimage\",\"inLanguage\":\"pt-BR\",\"url\":\"https:\/\/radioprincesa2010.com.br\/fm\/wp-content\/uploads\/2018\/07\/Municipal.jpg\",\"contentUrl\":\"https:\/\/radioprincesa2010.com.br\/fm\/wp-content\/uploads\/2018\/07\/Municipal.jpg\",\"width\":1280,\"height\":720},{\"@type\":\"WebPage\",\"@id\":\"https:\/\/radioprincesa2010.com.br\/fm\/cancelada-a-rodada-do-municipal-de-futsal-2a-divisao\/#webpage\",\"url\":\"https:\/\/radioprincesa2010.com.br\/fm\/cancelada-a-rodada-do-municipal-de-futsal-2a-divisao\/\",\"name\":\"Cancelada a rodada do Municipal de Futsal - 2\\u00aa Divis\\u00e3o - R\\u00e1dio Princesa FM 104.9 Mhz\",\"isPartOf\":{\"@id\":\"https:\/\/radioprincesa2010.com.br\/fm\/#website\"},\"primaryImageOfPage\":{\"@id\":\"https:\/\/radioprincesa2010.com.br\/fm\/cancelada-a-rodada-do-municipal-de-futsal-2a-divisao\/#primaryimage\"},\"datePublished\":\"2018-07-16T17:21:22+00:00\",\"dateModified\":\"2018-07-16T17:21:22+00:00\",\"author\":{\"@id\":\"https:\/\/radioprincesa2010.com.br\/fm\/#\/schema\/person\/2671cea07bd207fdbf7f094a7ab77c1c\"},\"breadcrumb\":{\"@id\":\"https:\/\/radioprincesa2010.com.br\/fm\/cancelada-a-rodada-do-municipal-de-futsal-2a-divisao\/#breadcrumb\"},\"inLanguage\":\"pt-BR\",\"potentialAction\":[{\"@type\":\"ReadAction\",\"target\":[\"https:\/\/radioprincesa2010.com.br\/fm\/cancelada-a-rodada-do-municipal-de-futsal-2a-divisao\/\"]}]},{\"@type\":\"BreadcrumbList\",\"@id\":\"https:\/\/radioprincesa2010.com.br\/fm\/cancelada-a-rodada-do-municipal-de-futsal-2a-divisao\/#breadcrumb\",\"itemListElement\":[{\"@type\":\"ListItem\",\"position\":1,\"item\":{\"@type\":\"WebPage\",\"@id\":\"https:\/\/radioprincesa2010.com.br\/fm\/\",\"url\":\"https:\/\/radioprincesa2010.com.br\/fm\/\",\"name\":\"In\\u00edcio\"}},{\"@type\":\"ListItem\",\"position\":2,\"item\":{\"@type\":\"WebPage\",\"@id\":\"https:\/\/radioprincesa2010.com.br\/fm\/cancelada-a-rodada-do-municipal-de-futsal-2a-divisao\/\",\"url\":\"https:\/\/radioprincesa2010.com.br\/fm\/cancelada-a-rodada-do-municipal-de-futsal-2a-divisao\/\",\"name\":\"Cancelada a rodada do Municipal de Futsal &#8211; 2\\u00aa Divis\\u00e3o\"}}]},{\"@type\":\"Person\",\"@id\":\"https:\/\/radioprincesa2010.com.br\/fm\/#\/schema\/person\/2671cea07bd207fdbf7f094a7ab77c1c\",\"name\":\"Radialistas Princesa FM\",\"image\":{\"@type\":\"ImageObject\",\"@id\":\"https:\/\/radioprincesa2010.com.br\/fm\/#personlogo\",\"inLanguage\":\"pt-BR\",\"url\":\"https:\/\/secure.gravatar.com\/avatar\/1e60f2ae894518c7afac50daca716e5d?s=96&d=mm&r=g\",\"contentUrl\":\"https:\/\/secure.gravatar.com\/avatar\/1e60f2ae894518c7afac50daca716e5d?s=96&d=mm&r=g\",\"caption\":\"Radialistas Princesa FM\"}}]}<\/script>\n<!-- \/ Yoast SEO plugin. -->","_links":{"self":[{"href":"https:\/\/radioprincesa2010.com.br\/fm\/wp-json\/wp\/v2\/posts\/928","targetHints":{"allow":["GET"]}}],"collection":[{"href":"https:\/\/radioprincesa2010.com.br\/fm\/wp-json\/wp\/v2\/posts"}],"about":[{"href":"https:\/\/radioprincesa2010.com.br\/fm\/wp-json\/wp\/v2\/types\/post"}],"author":[{"embeddable":true,"href":"https:\/\/radioprincesa2010.com.br\/fm\/wp-json\/wp\/v2\/users\/2"}],"replies":[{"embeddable":true,"href":"https:\/\/radioprincesa2010.com.br\/fm\/wp-json\/wp\/v2\/comments?post=928"}],"version-history":[{"count":1,"href":"https:\/\/radioprincesa2010.com.br\/fm\/wp-json\/wp\/v2\/posts\/928\/revisions"}],"predecessor-version":[{"id":929,"href":"https:\/\/radioprincesa2010.com.br\/fm\/wp-json\/wp\/v2\/posts\/928\/revisions\/929"}],"wp:featuredmedia":[{"embeddable":true,"href":"https:\/\/radioprincesa2010.com.br\/fm\/wp-json\/wp\/v2\/media\/912"}],"wp:attachment":[{"href":"https:\/\/radioprincesa2010.com.br\/fm\/wp-json\/wp\/v2\/media?parent=928"}],"wp:term":[{"taxonomy":"category","embeddable":true,"href":"https:\/\/radioprincesa2010.com.br\/fm\/wp-json\/wp\/v2\/categories?post=928"},{"taxonomy":"post_tag","embeddable":true,"href":"https:\/\/radioprincesa2010.com.br\/fm\/wp-json\/wp\/v2\/tags?post=928"}],"curies":[{"name":"wp","href":"https:\/\/api.w.org\/{rel}","templated":true}]}}