{"id":9226,"date":"2024-06-11T15:48:36","date_gmt":"2024-06-11T15:48:36","guid":{"rendered":"https:\/\/radioprincesa2010.com.br\/fm\/?p=9226"},"modified":"2024-06-11T15:48:39","modified_gmt":"2024-06-11T15:48:39","slug":"duas-importantes-proposicoes-foram-aprovadas-na-camara-de-vereadores-na-sessao-ordinaria-de-segunda-feira-as-mesmas-visam-homenagear-o-ex-vereador-claudio-barth-e-o-ex-prefeito-ilvo-aloisio-barth","status":"publish","type":"post","link":"https:\/\/radioprincesa2010.com.br\/fm\/duas-importantes-proposicoes-foram-aprovadas-na-camara-de-vereadores-na-sessao-ordinaria-de-segunda-feira-as-mesmas-visam-homenagear-o-ex-vereador-claudio-barth-e-o-ex-prefeito-ilvo-aloisio-barth\/","title":{"rendered":"Duas importantes proposi\u00e7\u00f5es foram aprovadas na C\u00e2mara de Vereadores na sess\u00e3o ordin\u00e1ria de segunda-feira. As mesmas visam homenagear o ex-vereador Cl\u00e1udio Barth e o ex- Prefeito Ilvo Alo\u00edsio Barth."},"content":{"rendered":"<div id=\"fb-root\"><\/div>\n\n<p>Vereadora Lucia<\/p>\n\n\n\n<figure class=\"wp-block-audio\"><audio controls src=\"https:\/\/radioprincesa2010.com.br\/fm\/wp-content\/uploads\/2024\/06\/LUCIAVEREADORA11.6.24.mp3\"><\/audio><\/figure>\n\n\n\n<p>Vereador Rudi<\/p>\n\n\n\n<figure class=\"wp-block-audio\"><audio controls src=\"https:\/\/radioprincesa2010.com.br\/fm\/wp-content\/uploads\/2024\/06\/RUDIVEREADOR11.6.24.mp3\"><\/audio><\/figure>\n\n\n\n<p><\/p>\n\n\n\n<p><strong>SIGA NOSSAS REDES SOCIAIS PELOS LINKS BAIXO!<\/strong><\/p>\n\n\n\n<p>WhatsApp <a href=\"https:\/\/chat.whatsapp.com\/JsHyvfzC27MJbuicqtgrIa\" target=\"_blank\" rel=\"noreferrer noopener\">CLIQUE AQUI<\/a><\/p>\n\n\n\n<p>Facebook <a href=\"https:\/\/www.facebook.com\/profile.php?id=100040198482314\" target=\"_blank\" rel=\"noreferrer noopener\">CLIQUE AQUI<\/a><\/p>\n\n\n\n<p>Instagram <a href=\"https:\/\/www.instagram.com\/radioprincesa104\/\" target=\"_blank\" rel=\"noreferrer noopener\">CLIQUE AQUI<\/a><\/p>\n\n\n\n<div class=\"wp-block-query is-layout-flow wp-block-query-is-layout-flow\"><ul class=\"wp-block-post-template is-layout-flow wp-block-post-template-is-layout-flow\"><li class=\"wp-block-post post-11341 post type-post status-publish format-standard has-post-thumbnail hentry category-geral\">\n\n<div class=\"wp-block-columns are-vertically-aligned-center is-layout-flex wp-container-core-columns-is-layout-1 wp-block-columns-is-layout-flex\">\n<div class=\"wp-block-column is-vertically-aligned-center is-layout-flow wp-block-column-is-layout-flow\" style=\"flex-basis:25%\">\n<p><\/p>\n\n\n\n<p><\/p>\n\n\n<figure class=\"wp-block-post-featured-image\"><a href=\"https:\/\/radioprincesa2010.com.br\/fm\/andreia-colovini-chefe-do-cartorio-eleitoral-sede-espumoso-4a-zona-eleitoral-fala-sobre-as-mudancas-no-processo-eleitoral-em-selbach\/\" target=\"_self\"  ><img loading=\"lazy\" decoding=\"async\" width=\"500\" height=\"375\" src=\"https:\/\/radioprincesa2010.com.br\/fm\/wp-content\/uploads\/2026\/04\/5.jpeg\" class=\"attachment-post-thumbnail size-post-thumbnail wp-post-image\" alt=\"Andreia Colovini, chefe do cart\u00f3rio eleitoral sede espumoso 4\u00aa zona eleitoral, fala sobre as mudan\u00e7as no processo eleitoral em Selbach\" style=\"object-fit:cover;\" srcset=\"https:\/\/radioprincesa2010.com.br\/fm\/wp-content\/uploads\/2026\/04\/5.jpeg 500w, https:\/\/radioprincesa2010.com.br\/fm\/wp-content\/uploads\/2026\/04\/5-300x225.jpeg 300w, https:\/\/radioprincesa2010.com.br\/fm\/wp-content\/uploads\/2026\/04\/5-80x60.jpeg 80w\" sizes=\"auto, (max-width: 500px) 100vw, 500px\" \/><\/a><\/figure><\/div>\n\n\n\n<div class=\"wp-block-column is-vertically-aligned-center is-layout-flow wp-block-column-is-layout-flow\" style=\"flex-basis:75%\"><h2 class=\"wp-block-post-title\"><a href=\"https:\/\/radioprincesa2010.com.br\/fm\/andreia-colovini-chefe-do-cartorio-eleitoral-sede-espumoso-4a-zona-eleitoral-fala-sobre-as-mudancas-no-processo-eleitoral-em-selbach\/\" target=\"_self\" >Andreia Colovini, chefe do cart\u00f3rio eleitoral sede espumoso 4\u00aa zona eleitoral, fala sobre as mudan\u00e7as no processo eleitoral em Selbach<\/a><\/h2><\/div>\n<\/div>\n\n<\/li><li class=\"wp-block-post post-11336 post type-post status-publish format-standard has-post-thumbnail hentry category-geral\">\n\n<div class=\"wp-block-columns are-vertically-aligned-center is-layout-flex wp-container-core-columns-is-layout-2 wp-block-columns-is-layout-flex\">\n<div class=\"wp-block-column is-vertically-aligned-center is-layout-flow wp-block-column-is-layout-flow\" style=\"flex-basis:25%\">\n<p><\/p>\n\n\n\n<p><\/p>\n\n\n<figure class=\"wp-block-post-featured-image\"><a href=\"https:\/\/radioprincesa2010.com.br\/fm\/sexta-rodada-do-campeonato-cresol-de-futsal-2a-divisao\/\" target=\"_self\"  ><img loading=\"lazy\" decoding=\"async\" width=\"500\" height=\"378\" src=\"https:\/\/radioprincesa2010.com.br\/fm\/wp-content\/uploads\/2026\/04\/500-5.jpg\" class=\"attachment-post-thumbnail size-post-thumbnail wp-post-image\" alt=\"Sexta Rodada do Campeonato Cresol de Futsal \u2013 2\u00aa Divis\u00e3o\" style=\"object-fit:cover;\" srcset=\"https:\/\/radioprincesa2010.com.br\/fm\/wp-content\/uploads\/2026\/04\/500-5.jpg 500w, https:\/\/radioprincesa2010.com.br\/fm\/wp-content\/uploads\/2026\/04\/500-5-300x227.jpg 300w, https:\/\/radioprincesa2010.com.br\/fm\/wp-content\/uploads\/2026\/04\/500-5-79x60.jpg 79w\" sizes=\"auto, (max-width: 500px) 100vw, 500px\" \/><\/a><\/figure><\/div>\n\n\n\n<div class=\"wp-block-column is-vertically-aligned-center is-layout-flow wp-block-column-is-layout-flow\" style=\"flex-basis:75%\"><h2 class=\"wp-block-post-title\"><a href=\"https:\/\/radioprincesa2010.com.br\/fm\/sexta-rodada-do-campeonato-cresol-de-futsal-2a-divisao\/\" target=\"_self\" >Sexta Rodada do Campeonato Cresol de Futsal \u2013 2\u00aa Divis\u00e3o<\/a><\/h2><\/div>\n<\/div>\n\n<\/li><li class=\"wp-block-post post-11332 post type-post status-publish format-standard has-post-thumbnail hentry category-geral\">\n\n<div class=\"wp-block-columns are-vertically-aligned-center is-layout-flex wp-container-core-columns-is-layout-3 wp-block-columns-is-layout-flex\">\n<div class=\"wp-block-column is-vertically-aligned-center is-layout-flow wp-block-column-is-layout-flow\" style=\"flex-basis:25%\">\n<p><\/p>\n\n\n\n<p><\/p>\n\n\n<figure class=\"wp-block-post-featured-image\"><a href=\"https:\/\/radioprincesa2010.com.br\/fm\/confira-imagens-do-temporal-em-selbach-e-regiao\/\" target=\"_self\"  ><img loading=\"lazy\" decoding=\"async\" width=\"500\" height=\"281\" src=\"https:\/\/radioprincesa2010.com.br\/fm\/wp-content\/uploads\/2026\/04\/x1.jpeg\" class=\"attachment-post-thumbnail size-post-thumbnail wp-post-image\" alt=\"Confira Imagens do temporal em Selbach e Regi\u00e3o\" style=\"object-fit:cover;\" srcset=\"https:\/\/radioprincesa2010.com.br\/fm\/wp-content\/uploads\/2026\/04\/x1.jpeg 500w, https:\/\/radioprincesa2010.com.br\/fm\/wp-content\/uploads\/2026\/04\/x1-300x169.jpeg 300w, https:\/\/radioprincesa2010.com.br\/fm\/wp-content\/uploads\/2026\/04\/x1-107x60.jpeg 107w\" sizes=\"auto, (max-width: 500px) 100vw, 500px\" \/><\/a><\/figure><\/div>\n\n\n\n<div class=\"wp-block-column is-vertically-aligned-center is-layout-flow wp-block-column-is-layout-flow\" style=\"flex-basis:75%\"><h2 class=\"wp-block-post-title\"><a href=\"https:\/\/radioprincesa2010.com.br\/fm\/confira-imagens-do-temporal-em-selbach-e-regiao\/\" target=\"_self\" >Confira Imagens do temporal em Selbach e Regi\u00e3o<\/a><\/h2><\/div>\n<\/div>\n\n<\/li><\/ul><\/div>\n\n\n\n<p><\/p>\n\n\n\n<h2 class=\"wp-block-heading\">PATROCINADO:<\/h2>\n\n\n\n<h2 class=\"wp-block-heading\">For\u00e7a A\u00e9rea utiliza tecnologia da F\u00f3rmula 1 para resgatar beb\u00eas no Rio Grande do Sul<\/h2>\n\n\n\n<figure class=\"wp-block-embed is-type-video is-provider-youtube wp-block-embed-youtube wp-embed-aspect-16-9 wp-has-aspect-ratio\"><div class=\"wp-block-embed__wrapper\">\n<iframe loading=\"lazy\" title=\"For\u00e7a A\u00e9rea utiliza tecnologia da F\u00f3rmula 1 para resgatar beb\u00eas no Rio Grande do Sul\" width=\"925\" height=\"520\" src=\"https:\/\/www.youtube.com\/embed\/JFtg_U5SxtI?feature=oembed\" frameborder=\"0\" allow=\"accelerometer; autoplay; clipboard-write; encrypted-media; gyroscope; picture-in-picture; web-share\" referrerpolicy=\"strict-origin-when-cross-origin\" allowfullscreen><\/iframe>\n<\/div><figcaption class=\"wp-element-caption\">em caso de erro <a href=\"https:\/\/youtu.be\/JFtg_U5SxtI\" target=\"_blank\" rel=\"noreferrer noopener\">VEJA AQUI<\/a><\/figcaption><\/figure>\n\n\n\n<h2 class=\"wp-block-heading\">Enchentes mortais na Alemanha!<\/h2>\n\n\n\n<figure class=\"wp-block-embed is-type-video is-provider-youtube wp-block-embed-youtube wp-embed-aspect-16-9 wp-has-aspect-ratio\"><div class=\"wp-block-embed__wrapper\">\n<iframe loading=\"lazy\" title=\"Enchentes mortais na Alemanha!\" width=\"925\" height=\"520\" src=\"https:\/\/www.youtube.com\/embed\/ucsp_tMpq6s?feature=oembed\" frameborder=\"0\" allow=\"accelerometer; autoplay; clipboard-write; encrypted-media; gyroscope; picture-in-picture; web-share\" referrerpolicy=\"strict-origin-when-cross-origin\" allowfullscreen><\/iframe>\n<\/div><figcaption class=\"wp-element-caption\">Em caso de erro <a href=\"https:\/\/youtu.be\/ucsp_tMpq6s\" target=\"_blank\" rel=\"noreferrer noopener\">VEJA AQUI<\/a><\/figcaption><\/figure>\n\n\n\n<h2 class=\"wp-block-heading\">\ud83c\udfcd\ufe0f\ud83c\udfcd\ufe0f\ud83c\udfcd\ufe0f Vendo Yamaha Nmax 160 ano 2021 com apenas 7 mil Km. Zerada!<\/h2>\n\n\n\n<p>&#8211; Econ\u00f4mica, chega perto dos 40 Km\/l;<\/p>\n\n\n\n<p>&#8211; Perfeita para uso urbano, mas vai muito bem na estrada;<\/p>\n\n\n\n<p>&#8211; Freio ABS nas duas rodas;<\/p>\n\n\n\n<p>&#8211; Partida el\u00e9trica com sensor presencial;<\/p>\n\n\n\n<p>&#8211; Toda original;<\/p>\n\n\n\n<p>&#8211; VALOR R$19.500<\/p>\n\n\n\n<h2 class=\"wp-block-heading\">(54) 9 9136 3402 com Ariel<br><\/h2>\n\n\n\n<figure class=\"wp-block-embed is-type-video is-provider-youtube wp-block-embed-youtube wp-embed-aspect-16-9 wp-has-aspect-ratio\"><div class=\"wp-block-embed__wrapper\">\n<iframe loading=\"lazy\" title=\"YAMAHA NMAX 160 ABS - Moto a venda\" width=\"925\" height=\"520\" src=\"https:\/\/www.youtube.com\/embed\/4T1rmORH-eM?feature=oembed\" frameborder=\"0\" allow=\"accelerometer; autoplay; clipboard-write; encrypted-media; gyroscope; picture-in-picture; web-share\" referrerpolicy=\"strict-origin-when-cross-origin\" allowfullscreen><\/iframe>\n<\/div><figcaption class=\"wp-element-caption\"><a href=\"https:\/\/youtu.be\/4T1rmORH-eM\" target=\"_blank\" rel=\"noreferrer noopener\">ou veja aqui<\/a><\/figcaption><\/figure>\n\n\n\n<h2 class=\"wp-block-heading\"><\/h2>\n\n\n\n<p><\/p>\n","protected":false},"excerpt":{"rendered":"<p>Vereadora Lucia Vereador Rudi SIGA NOSSAS REDES SOCIAIS PELOS LINKS BAIXO! WhatsApp CLIQUE AQUI Facebook CLIQUE AQUI Instagram CLIQUE AQUI PATROCINADO: For\u00e7a A\u00e9rea utiliza tecnologia da F\u00f3rmula 1 para resgatar beb\u00eas no Rio Grande do Sul Enchentes mortais na Alemanha! \ud83c\udfcd\ufe0f\ud83c\udfcd\ufe0f\ud83c\udfcd\ufe0f Vendo Yamaha Nmax 160 ano 2021 com apenas 7 mil Km. Zerada! &#8211; Econ\u00f4mica, &hellip; <\/p>\n","protected":false},"author":1,"featured_media":9230,"comment_status":"open","ping_status":"open","sticky":false,"template":"","format":"standard","meta":{"footnotes":""},"categories":[1],"tags":[],"class_list":["post-9226","post","type-post","status-publish","format-standard","has-post-thumbnail","hentry","category-geral"],"yoast_head":"<!-- This site is optimized with the Yoast SEO plugin v16.1.1 - https:\/\/yoast.com\/wordpress\/plugins\/seo\/ -->\n<title>Duas importantes proposi\u00e7\u00f5es foram aprovadas na C\u00e2mara de Vereadores na sess\u00e3o ordin\u00e1ria de segunda-feira. As mesmas visam homenagear o ex-vereador Cl\u00e1udio Barth e o ex- Prefeito Ilvo Alo\u00edsio Barth. - R\u00e1dio Princesa FM 104.9 Mhz<\/title>\n<link rel=\"canonical\" href=\"https:\/\/radioprincesa2010.com.br\/fm\/duas-importantes-proposicoes-foram-aprovadas-na-camara-de-vereadores-na-sessao-ordinaria-de-segunda-feira-as-mesmas-visam-homenagear-o-ex-vereador-claudio-barth-e-o-ex-prefeito-ilvo-aloisio-barth\/\" \/>\n<meta property=\"og:locale\" content=\"pt_BR\" \/>\n<meta property=\"og:type\" content=\"article\" \/>\n<meta property=\"og:title\" content=\"Duas importantes proposi\u00e7\u00f5es foram aprovadas na C\u00e2mara de Vereadores na sess\u00e3o ordin\u00e1ria de segunda-feira. As mesmas visam homenagear o ex-vereador Cl\u00e1udio Barth e o ex- Prefeito Ilvo Alo\u00edsio Barth. - R\u00e1dio Princesa FM 104.9 Mhz\" \/>\n<meta property=\"og:description\" content=\"Vereadora Lucia Vereador Rudi SIGA NOSSAS REDES SOCIAIS PELOS LINKS BAIXO! WhatsApp CLIQUE AQUI Facebook CLIQUE AQUI Instagram CLIQUE AQUI PATROCINADO: For\u00e7a A\u00e9rea utiliza tecnologia da F\u00f3rmula 1 para resgatar beb\u00eas no Rio Grande do Sul Enchentes mortais na Alemanha! \ud83c\udfcd\ufe0f\ud83c\udfcd\ufe0f\ud83c\udfcd\ufe0f Vendo Yamaha Nmax 160 ano 2021 com apenas 7 mil Km. Zerada! &#8211; Econ\u00f4mica, &hellip;\" \/>\n<meta property=\"og:url\" content=\"https:\/\/radioprincesa2010.com.br\/fm\/duas-importantes-proposicoes-foram-aprovadas-na-camara-de-vereadores-na-sessao-ordinaria-de-segunda-feira-as-mesmas-visam-homenagear-o-ex-vereador-claudio-barth-e-o-ex-prefeito-ilvo-aloisio-barth\/\" \/>\n<meta property=\"og:site_name\" content=\"R\u00e1dio Princesa FM 104.9 Mhz\" \/>\n<meta property=\"article:published_time\" content=\"2024-06-11T15:48:36+00:00\" \/>\n<meta property=\"article:modified_time\" content=\"2024-06-11T15:48:39+00:00\" \/>\n<meta property=\"og:image\" content=\"https:\/\/radioprincesa2010.com.br\/fm\/wp-content\/uploads\/2024\/06\/1.png\" \/>\n\t<meta property=\"og:image:width\" content=\"450\" \/>\n\t<meta property=\"og:image:height\" content=\"226\" \/>\n<meta name=\"twitter:card\" content=\"summary_large_image\" \/>\n<meta name=\"twitter:label1\" content=\"Est. tempo de leitura\">\n\t<meta name=\"twitter:data1\" content=\"1 minuto\">\n<script type=\"application\/ld+json\" class=\"yoast-schema-graph\">{\"@context\":\"https:\/\/schema.org\",\"@graph\":[{\"@type\":\"WebSite\",\"@id\":\"https:\/\/radioprincesa2010.com.br\/fm\/#website\",\"url\":\"https:\/\/radioprincesa2010.com.br\/fm\/\",\"name\":\"R\\u00e1dio Princesa FM 104.9 Mhz\",\"description\":\"Com voc\\u00ea o tempo todo\",\"potentialAction\":[{\"@type\":\"SearchAction\",\"target\":\"https:\/\/radioprincesa2010.com.br\/fm\/?s={search_term_string}\",\"query-input\":\"required name=search_term_string\"}],\"inLanguage\":\"pt-BR\"},{\"@type\":\"ImageObject\",\"@id\":\"https:\/\/radioprincesa2010.com.br\/fm\/duas-importantes-proposicoes-foram-aprovadas-na-camara-de-vereadores-na-sessao-ordinaria-de-segunda-feira-as-mesmas-visam-homenagear-o-ex-vereador-claudio-barth-e-o-ex-prefeito-ilvo-aloisio-barth\/#primaryimage\",\"inLanguage\":\"pt-BR\",\"url\":\"https:\/\/radioprincesa2010.com.br\/fm\/wp-content\/uploads\/2024\/06\/1.png\",\"contentUrl\":\"https:\/\/radioprincesa2010.com.br\/fm\/wp-content\/uploads\/2024\/06\/1.png\",\"width\":450,\"height\":226},{\"@type\":\"WebPage\",\"@id\":\"https:\/\/radioprincesa2010.com.br\/fm\/duas-importantes-proposicoes-foram-aprovadas-na-camara-de-vereadores-na-sessao-ordinaria-de-segunda-feira-as-mesmas-visam-homenagear-o-ex-vereador-claudio-barth-e-o-ex-prefeito-ilvo-aloisio-barth\/#webpage\",\"url\":\"https:\/\/radioprincesa2010.com.br\/fm\/duas-importantes-proposicoes-foram-aprovadas-na-camara-de-vereadores-na-sessao-ordinaria-de-segunda-feira-as-mesmas-visam-homenagear-o-ex-vereador-claudio-barth-e-o-ex-prefeito-ilvo-aloisio-barth\/\",\"name\":\"Duas importantes proposi\\u00e7\\u00f5es foram aprovadas na C\\u00e2mara de Vereadores na sess\\u00e3o ordin\\u00e1ria de segunda-feira. As mesmas visam homenagear o ex-vereador Cl\\u00e1udio Barth e o ex- Prefeito Ilvo Alo\\u00edsio Barth. - R\\u00e1dio Princesa FM 104.9 Mhz\",\"isPartOf\":{\"@id\":\"https:\/\/radioprincesa2010.com.br\/fm\/#website\"},\"primaryImageOfPage\":{\"@id\":\"https:\/\/radioprincesa2010.com.br\/fm\/duas-importantes-proposicoes-foram-aprovadas-na-camara-de-vereadores-na-sessao-ordinaria-de-segunda-feira-as-mesmas-visam-homenagear-o-ex-vereador-claudio-barth-e-o-ex-prefeito-ilvo-aloisio-barth\/#primaryimage\"},\"datePublished\":\"2024-06-11T15:48:36+00:00\",\"dateModified\":\"2024-06-11T15:48:39+00:00\",\"author\":{\"@id\":\"https:\/\/radioprincesa2010.com.br\/fm\/#\/schema\/person\/7387850c16b3f47de42a1accfc7045c8\"},\"breadcrumb\":{\"@id\":\"https:\/\/radioprincesa2010.com.br\/fm\/duas-importantes-proposicoes-foram-aprovadas-na-camara-de-vereadores-na-sessao-ordinaria-de-segunda-feira-as-mesmas-visam-homenagear-o-ex-vereador-claudio-barth-e-o-ex-prefeito-ilvo-aloisio-barth\/#breadcrumb\"},\"inLanguage\":\"pt-BR\",\"potentialAction\":[{\"@type\":\"ReadAction\",\"target\":[\"https:\/\/radioprincesa2010.com.br\/fm\/duas-importantes-proposicoes-foram-aprovadas-na-camara-de-vereadores-na-sessao-ordinaria-de-segunda-feira-as-mesmas-visam-homenagear-o-ex-vereador-claudio-barth-e-o-ex-prefeito-ilvo-aloisio-barth\/\"]}]},{\"@type\":\"BreadcrumbList\",\"@id\":\"https:\/\/radioprincesa2010.com.br\/fm\/duas-importantes-proposicoes-foram-aprovadas-na-camara-de-vereadores-na-sessao-ordinaria-de-segunda-feira-as-mesmas-visam-homenagear-o-ex-vereador-claudio-barth-e-o-ex-prefeito-ilvo-aloisio-barth\/#breadcrumb\",\"itemListElement\":[{\"@type\":\"ListItem\",\"position\":1,\"item\":{\"@type\":\"WebPage\",\"@id\":\"https:\/\/radioprincesa2010.com.br\/fm\/\",\"url\":\"https:\/\/radioprincesa2010.com.br\/fm\/\",\"name\":\"In\\u00edcio\"}},{\"@type\":\"ListItem\",\"position\":2,\"item\":{\"@type\":\"WebPage\",\"@id\":\"https:\/\/radioprincesa2010.com.br\/fm\/duas-importantes-proposicoes-foram-aprovadas-na-camara-de-vereadores-na-sessao-ordinaria-de-segunda-feira-as-mesmas-visam-homenagear-o-ex-vereador-claudio-barth-e-o-ex-prefeito-ilvo-aloisio-barth\/\",\"url\":\"https:\/\/radioprincesa2010.com.br\/fm\/duas-importantes-proposicoes-foram-aprovadas-na-camara-de-vereadores-na-sessao-ordinaria-de-segunda-feira-as-mesmas-visam-homenagear-o-ex-vereador-claudio-barth-e-o-ex-prefeito-ilvo-aloisio-barth\/\",\"name\":\"Duas importantes proposi\\u00e7\\u00f5es foram aprovadas na C\\u00e2mara de Vereadores na sess\\u00e3o ordin\\u00e1ria de segunda-feira. As mesmas visam homenagear o ex-vereador Cl\\u00e1udio Barth e o ex- Prefeito Ilvo Alo\\u00edsio Barth.\"}}]},{\"@type\":\"Person\",\"@id\":\"https:\/\/radioprincesa2010.com.br\/fm\/#\/schema\/person\/7387850c16b3f47de42a1accfc7045c8\",\"name\":\"Princesa ADM\",\"image\":{\"@type\":\"ImageObject\",\"@id\":\"https:\/\/radioprincesa2010.com.br\/fm\/#personlogo\",\"inLanguage\":\"pt-BR\",\"url\":\"https:\/\/secure.gravatar.com\/avatar\/f30936cf78b511d12d0dda9d77461df5?s=96&d=mm&r=g\",\"contentUrl\":\"https:\/\/secure.gravatar.com\/avatar\/f30936cf78b511d12d0dda9d77461df5?s=96&d=mm&r=g\",\"caption\":\"Princesa ADM\"}}]}<\/script>\n<!-- \/ Yoast SEO plugin. -->","_links":{"self":[{"href":"https:\/\/radioprincesa2010.com.br\/fm\/wp-json\/wp\/v2\/posts\/9226","targetHints":{"allow":["GET"]}}],"collection":[{"href":"https:\/\/radioprincesa2010.com.br\/fm\/wp-json\/wp\/v2\/posts"}],"about":[{"href":"https:\/\/radioprincesa2010.com.br\/fm\/wp-json\/wp\/v2\/types\/post"}],"author":[{"embeddable":true,"href":"https:\/\/radioprincesa2010.com.br\/fm\/wp-json\/wp\/v2\/users\/1"}],"replies":[{"embeddable":true,"href":"https:\/\/radioprincesa2010.com.br\/fm\/wp-json\/wp\/v2\/comments?post=9226"}],"version-history":[{"count":1,"href":"https:\/\/radioprincesa2010.com.br\/fm\/wp-json\/wp\/v2\/posts\/9226\/revisions"}],"predecessor-version":[{"id":9231,"href":"https:\/\/radioprincesa2010.com.br\/fm\/wp-json\/wp\/v2\/posts\/9226\/revisions\/9231"}],"wp:featuredmedia":[{"embeddable":true,"href":"https:\/\/radioprincesa2010.com.br\/fm\/wp-json\/wp\/v2\/media\/9230"}],"wp:attachment":[{"href":"https:\/\/radioprincesa2010.com.br\/fm\/wp-json\/wp\/v2\/media?parent=9226"}],"wp:term":[{"taxonomy":"category","embeddable":true,"href":"https:\/\/radioprincesa2010.com.br\/fm\/wp-json\/wp\/v2\/categories?post=9226"},{"taxonomy":"post_tag","embeddable":true,"href":"https:\/\/radioprincesa2010.com.br\/fm\/wp-json\/wp\/v2\/tags?post=9226"}],"curies":[{"name":"wp","href":"https:\/\/api.w.org\/{rel}","templated":true}]}}