{"id":9038,"date":"2024-05-03T21:49:17","date_gmt":"2024-05-03T21:49:17","guid":{"rendered":"https:\/\/radioprincesa2010.com.br\/fm\/?p=9038"},"modified":"2024-05-03T21:49:54","modified_gmt":"2024-05-03T21:49:54","slug":"vereador-arlei-willig-fala-sobre-a-situacao-do-municipio-apos-as-chuvas","status":"publish","type":"post","link":"https:\/\/radioprincesa2010.com.br\/fm\/vereador-arlei-willig-fala-sobre-a-situacao-do-municipio-apos-as-chuvas\/","title":{"rendered":"Vereador Arlei Willig fala sobre a situa\u00e7\u00e3o do munic\u00edpio ap\u00f3s as chuvas e outros assuntos"},"content":{"rendered":"<div id=\"fb-root\"><\/div>\n\n<figure class=\"wp-block-audio\"><audio controls src=\"https:\/\/radioprincesa2010.com.br\/fm\/wp-content\/uploads\/2024\/05\/arlei3.5.24.mp3\"><\/audio><\/figure>\n\n\n\n<div class=\"wp-block-envira-envira-gallery\"><div id=\"envira-gallery-wrap-9044\" class=\"envira-gallery-wrap envira-gallery-theme-base envira-lightbox-theme-base\" itemscope itemtype=\"https:\/\/schema.org\/ImageGallery\"><div style=\"opacity: 0.0\"  data-row-height=\"150\" data-gallery-theme=\"normal\" id=\"envira-gallery-9044\" class=\"envira-gallery-public envira-gallery-justified-public envira-gallery-0-columns envira-clear enviratope envira-gallery-css-animations\" data-envira-columns=\"0\"><div id=\"envira-gallery-item-9042\" class=\"envira-gallery-item enviratope-item envira-gallery-item-1 envira-lazy-load\" style=\"padding-left: 1px; padding-bottom: 1px; padding-right: 1px;\"  itemscope itemtype=\"https:\/\/schema.org\/ImageObject\"><div class=\"envira-gallery-item-inner\"><div class=\"envira-gallery-position-overlay  envira-gallery-top-left\"><\/div><div class=\"envira-gallery-position-overlay  envira-gallery-top-right\"><\/div><div class=\"envira-gallery-position-overlay  envira-gallery-bottom-left\"><\/div><div class=\"envira-gallery-position-overlay  envira-gallery-bottom-right\"><\/div><a href=\"https:\/\/radioprincesa2010.com.br\/fm\/wp-content\/uploads\/2024\/05\/5.jpeg\" class=\"envira-gallery-9044 envira-gallery-link\" rel=\"enviragallery9044\" title=\"5\" data-envira-caption=\"5\" data-envira-retina=\"\" data-thumbnail=\"\"  itemprop=\"contentUrl\"><img decoding=\"async\" id=\"envira-gallery-image-9042\" class=\"envira-gallery-image envira-gallery-image-1 envira-normal envira-lazy\" data-envira-index=\"1\" src=\"https:\/\/radioprincesa2010.com.br\/fm\/wp-content\/uploads\/2024\/05\/5-768x1024-640x480.jpeg\" data-envira-src=\"https:\/\/radioprincesa2010.com.br\/fm\/wp-content\/uploads\/2024\/05\/5-768x1024-640x480.jpeg\" data-envira-gallery-id=\"9044\" data-envira-item-id=\"9042\" data-envira-caption=\"5\" alt=\"\" title=\"5\"  itemprop=\"thumbnailUrl\" data-envira-srcset=\"https:\/\/radioprincesa2010.com.br\/fm\/wp-content\/uploads\/2024\/05\/5-768x1024-640x480.jpeg 400w,https:\/\/radioprincesa2010.com.br\/fm\/wp-content\/uploads\/2024\/05\/5-768x1024-640x480.jpeg 2x\" data-envira-width=\"225\" data-envira-height=\"300\" srcset=\"data:image\/gif;base64,R0lGODlhAQABAIAAAP\/\/\/\/\/\/\/yH5BAEKAAEALAAAAAABAAEAAAICTAEAOw==\" data-safe-src=\"data:image\/gif;base64,R0lGODlhAQABAIAAAP\/\/\/\/\/\/\/yH5BAEKAAEALAAAAAABAAEAAAICTAEAOw==\" \/><\/a><\/div><\/div><div id=\"envira-gallery-item-9041\" class=\"envira-gallery-item enviratope-item envira-gallery-item-2 envira-lazy-load\" style=\"padding-left: 1px; padding-bottom: 1px; padding-right: 1px;\"  itemscope itemtype=\"https:\/\/schema.org\/ImageObject\"><div class=\"envira-gallery-item-inner\"><div class=\"envira-gallery-position-overlay  envira-gallery-top-left\"><\/div><div class=\"envira-gallery-position-overlay  envira-gallery-top-right\"><\/div><div class=\"envira-gallery-position-overlay  envira-gallery-bottom-left\"><\/div><div class=\"envira-gallery-position-overlay  envira-gallery-bottom-right\"><\/div><a href=\"https:\/\/radioprincesa2010.com.br\/fm\/wp-content\/uploads\/2024\/05\/4.jpeg\" class=\"envira-gallery-9044 envira-gallery-link\" rel=\"enviragallery9044\" title=\"4\" data-envira-caption=\"4\" data-envira-retina=\"\" data-thumbnail=\"\"  itemprop=\"contentUrl\"><img decoding=\"async\" id=\"envira-gallery-image-9041\" class=\"envira-gallery-image envira-gallery-image-2 envira-normal envira-lazy\" data-envira-index=\"2\" src=\"https:\/\/radioprincesa2010.com.br\/fm\/wp-content\/uploads\/2024\/05\/4-768x1024-640x480.jpeg\" data-envira-src=\"https:\/\/radioprincesa2010.com.br\/fm\/wp-content\/uploads\/2024\/05\/4-768x1024-640x480.jpeg\" data-envira-gallery-id=\"9044\" data-envira-item-id=\"9041\" data-envira-caption=\"4\" alt=\"\" title=\"4\"  itemprop=\"thumbnailUrl\" data-envira-srcset=\"https:\/\/radioprincesa2010.com.br\/fm\/wp-content\/uploads\/2024\/05\/4-768x1024-640x480.jpeg 400w,https:\/\/radioprincesa2010.com.br\/fm\/wp-content\/uploads\/2024\/05\/4-768x1024-640x480.jpeg 2x\" data-envira-width=\"225\" data-envira-height=\"300\" srcset=\"data:image\/gif;base64,R0lGODlhAQABAIAAAP\/\/\/\/\/\/\/yH5BAEKAAEALAAAAAABAAEAAAICTAEAOw==\" data-safe-src=\"data:image\/gif;base64,R0lGODlhAQABAIAAAP\/\/\/\/\/\/\/yH5BAEKAAEALAAAAAABAAEAAAICTAEAOw==\" \/><\/a><\/div><\/div><div id=\"envira-gallery-item-9040\" class=\"envira-gallery-item enviratope-item envira-gallery-item-3 envira-lazy-load\" style=\"padding-left: 1px; padding-bottom: 1px; padding-right: 1px;\"  itemscope itemtype=\"https:\/\/schema.org\/ImageObject\"><div class=\"envira-gallery-item-inner\"><div class=\"envira-gallery-position-overlay  envira-gallery-top-left\"><\/div><div class=\"envira-gallery-position-overlay  envira-gallery-top-right\"><\/div><div class=\"envira-gallery-position-overlay  envira-gallery-bottom-left\"><\/div><div class=\"envira-gallery-position-overlay  envira-gallery-bottom-right\"><\/div><a href=\"https:\/\/radioprincesa2010.com.br\/fm\/wp-content\/uploads\/2024\/05\/3.jpeg\" class=\"envira-gallery-9044 envira-gallery-link\" rel=\"enviragallery9044\" title=\"3\" data-envira-caption=\"3\" data-envira-retina=\"\" data-thumbnail=\"\"  itemprop=\"contentUrl\"><img decoding=\"async\" id=\"envira-gallery-image-9040\" class=\"envira-gallery-image envira-gallery-image-3 envira-normal envira-lazy\" data-envira-index=\"3\" src=\"https:\/\/radioprincesa2010.com.br\/fm\/wp-content\/uploads\/2024\/05\/3-1024x768-640x480.jpeg\" data-envira-src=\"https:\/\/radioprincesa2010.com.br\/fm\/wp-content\/uploads\/2024\/05\/3-1024x768-640x480.jpeg\" data-envira-gallery-id=\"9044\" data-envira-item-id=\"9040\" data-envira-caption=\"3\" alt=\"\" title=\"3\"  itemprop=\"thumbnailUrl\" data-envira-srcset=\"https:\/\/radioprincesa2010.com.br\/fm\/wp-content\/uploads\/2024\/05\/3-1024x768-640x480.jpeg 400w,https:\/\/radioprincesa2010.com.br\/fm\/wp-content\/uploads\/2024\/05\/3-1024x768-640x480.jpeg 2x\" data-envira-width=\"300\" data-envira-height=\"225\" srcset=\"data:image\/gif;base64,R0lGODlhAQABAIAAAP\/\/\/\/\/\/\/yH5BAEKAAEALAAAAAABAAEAAAICTAEAOw==\" data-safe-src=\"data:image\/gif;base64,R0lGODlhAQABAIAAAP\/\/\/\/\/\/\/yH5BAEKAAEALAAAAAABAAEAAAICTAEAOw==\" \/><\/a><\/div><\/div><div id=\"envira-gallery-item-9039\" class=\"envira-gallery-item enviratope-item envira-gallery-item-4 envira-lazy-load\" style=\"padding-left: 1px; padding-bottom: 1px; padding-right: 1px;\"  itemscope itemtype=\"https:\/\/schema.org\/ImageObject\"><div class=\"envira-gallery-item-inner\"><div class=\"envira-gallery-position-overlay  envira-gallery-top-left\"><\/div><div class=\"envira-gallery-position-overlay  envira-gallery-top-right\"><\/div><div class=\"envira-gallery-position-overlay  envira-gallery-bottom-left\"><\/div><div class=\"envira-gallery-position-overlay  envira-gallery-bottom-right\"><\/div><a href=\"https:\/\/radioprincesa2010.com.br\/fm\/wp-content\/uploads\/2024\/05\/2.jpeg\" class=\"envira-gallery-9044 envira-gallery-link\" rel=\"enviragallery9044\" title=\"2\" data-envira-caption=\"2\" data-envira-retina=\"\" data-thumbnail=\"\"  itemprop=\"contentUrl\"><img decoding=\"async\" id=\"envira-gallery-image-9039\" class=\"envira-gallery-image envira-gallery-image-4 envira-normal envira-lazy\" data-envira-index=\"4\" src=\"https:\/\/radioprincesa2010.com.br\/fm\/wp-content\/uploads\/2024\/05\/2-768x1024-640x480.jpeg\" data-envira-src=\"https:\/\/radioprincesa2010.com.br\/fm\/wp-content\/uploads\/2024\/05\/2-768x1024-640x480.jpeg\" data-envira-gallery-id=\"9044\" data-envira-item-id=\"9039\" data-envira-caption=\"2\" alt=\"\" title=\"2\"  itemprop=\"thumbnailUrl\" data-envira-srcset=\"https:\/\/radioprincesa2010.com.br\/fm\/wp-content\/uploads\/2024\/05\/2-768x1024-640x480.jpeg 400w,https:\/\/radioprincesa2010.com.br\/fm\/wp-content\/uploads\/2024\/05\/2-768x1024-640x480.jpeg 2x\" data-envira-width=\"225\" data-envira-height=\"300\" srcset=\"data:image\/gif;base64,R0lGODlhAQABAIAAAP\/\/\/\/\/\/\/yH5BAEKAAEALAAAAAABAAEAAAICTAEAOw==\" data-safe-src=\"data:image\/gif;base64,R0lGODlhAQABAIAAAP\/\/\/\/\/\/\/yH5BAEKAAEALAAAAAABAAEAAAICTAEAOw==\" \/><\/a><\/div><\/div><\/div><\/div><noscript><img decoding=\"async\" src=\"https:\/\/radioprincesa2010.com.br\/fm\/wp-content\/uploads\/2024\/05\/5.jpeg\" alt=\"\" \/><img decoding=\"async\" src=\"https:\/\/radioprincesa2010.com.br\/fm\/wp-content\/uploads\/2024\/05\/4.jpeg\" alt=\"\" \/><img decoding=\"async\" src=\"https:\/\/radioprincesa2010.com.br\/fm\/wp-content\/uploads\/2024\/05\/3.jpeg\" alt=\"\" \/><img decoding=\"async\" src=\"https:\/\/radioprincesa2010.com.br\/fm\/wp-content\/uploads\/2024\/05\/2.jpeg\" alt=\"\" \/><\/noscript><\/div>\n\n\n\n<p><\/p>\n\n\n\n<p><\/p>\n\n\n\n<p><strong>SIGA NOSSAS REDES SOCIAIS PELOS LINKS BAIXO!<\/strong><\/p>\n\n\n\n<p>WhatsApp <a href=\"https:\/\/chat.whatsapp.com\/JsHyvfzC27MJbuicqtgrIa\" target=\"_blank\" rel=\"noreferrer noopener\">CLIQUE AQUI<\/a><\/p>\n\n\n\n<p>Facebook <a href=\"https:\/\/www.facebook.com\/profile.php?id=100040198482314\" target=\"_blank\" rel=\"noreferrer noopener\">CLIQUE AQUI<\/a><\/p>\n\n\n\n<p>Instagram <a href=\"https:\/\/www.instagram.com\/radioprincesa104\/\" target=\"_blank\" rel=\"noreferrer noopener\">CLIQUE AQUI<\/a><\/p>\n\n\n\n<div class=\"wp-block-query is-layout-flow wp-block-query-is-layout-flow\"><ul class=\"wp-block-post-template is-layout-flow wp-block-post-template-is-layout-flow\"><li class=\"wp-block-post post-11341 post type-post status-publish format-standard has-post-thumbnail hentry category-geral\">\n\n<div class=\"wp-block-columns are-vertically-aligned-center is-layout-flex wp-container-core-columns-is-layout-1 wp-block-columns-is-layout-flex\">\n<div class=\"wp-block-column is-vertically-aligned-center is-layout-flow wp-block-column-is-layout-flow\" style=\"flex-basis:25%\">\n<p><\/p>\n\n\n\n<p><\/p>\n\n\n<figure class=\"wp-block-post-featured-image\"><a href=\"https:\/\/radioprincesa2010.com.br\/fm\/andreia-colovini-chefe-do-cartorio-eleitoral-sede-espumoso-4a-zona-eleitoral-fala-sobre-as-mudancas-no-processo-eleitoral-em-selbach\/\" target=\"_self\"  ><img loading=\"lazy\" decoding=\"async\" width=\"500\" height=\"375\" src=\"https:\/\/radioprincesa2010.com.br\/fm\/wp-content\/uploads\/2026\/04\/5.jpeg\" class=\"attachment-post-thumbnail size-post-thumbnail wp-post-image\" alt=\"Andreia Colovini, chefe do cart\u00f3rio eleitoral sede espumoso 4\u00aa zona eleitoral, fala sobre as mudan\u00e7as no processo eleitoral em Selbach\" style=\"object-fit:cover;\" srcset=\"https:\/\/radioprincesa2010.com.br\/fm\/wp-content\/uploads\/2026\/04\/5.jpeg 500w, https:\/\/radioprincesa2010.com.br\/fm\/wp-content\/uploads\/2026\/04\/5-300x225.jpeg 300w, https:\/\/radioprincesa2010.com.br\/fm\/wp-content\/uploads\/2026\/04\/5-80x60.jpeg 80w\" sizes=\"auto, (max-width: 500px) 100vw, 500px\" \/><\/a><\/figure><\/div>\n\n\n\n<div class=\"wp-block-column is-vertically-aligned-center is-layout-flow wp-block-column-is-layout-flow\" style=\"flex-basis:75%\"><h2 class=\"wp-block-post-title\"><a href=\"https:\/\/radioprincesa2010.com.br\/fm\/andreia-colovini-chefe-do-cartorio-eleitoral-sede-espumoso-4a-zona-eleitoral-fala-sobre-as-mudancas-no-processo-eleitoral-em-selbach\/\" target=\"_self\" >Andreia Colovini, chefe do cart\u00f3rio eleitoral sede espumoso 4\u00aa zona eleitoral, fala sobre as mudan\u00e7as no processo eleitoral em Selbach<\/a><\/h2><\/div>\n<\/div>\n\n<\/li><li class=\"wp-block-post post-11336 post type-post status-publish format-standard has-post-thumbnail hentry category-geral\">\n\n<div class=\"wp-block-columns are-vertically-aligned-center is-layout-flex wp-container-core-columns-is-layout-2 wp-block-columns-is-layout-flex\">\n<div class=\"wp-block-column is-vertically-aligned-center is-layout-flow wp-block-column-is-layout-flow\" style=\"flex-basis:25%\">\n<p><\/p>\n\n\n\n<p><\/p>\n\n\n<figure class=\"wp-block-post-featured-image\"><a href=\"https:\/\/radioprincesa2010.com.br\/fm\/sexta-rodada-do-campeonato-cresol-de-futsal-2a-divisao\/\" target=\"_self\"  ><img loading=\"lazy\" decoding=\"async\" width=\"500\" height=\"378\" src=\"https:\/\/radioprincesa2010.com.br\/fm\/wp-content\/uploads\/2026\/04\/500-5.jpg\" class=\"attachment-post-thumbnail size-post-thumbnail wp-post-image\" alt=\"Sexta Rodada do Campeonato Cresol de Futsal \u2013 2\u00aa Divis\u00e3o\" style=\"object-fit:cover;\" srcset=\"https:\/\/radioprincesa2010.com.br\/fm\/wp-content\/uploads\/2026\/04\/500-5.jpg 500w, https:\/\/radioprincesa2010.com.br\/fm\/wp-content\/uploads\/2026\/04\/500-5-300x227.jpg 300w, https:\/\/radioprincesa2010.com.br\/fm\/wp-content\/uploads\/2026\/04\/500-5-79x60.jpg 79w\" sizes=\"auto, (max-width: 500px) 100vw, 500px\" \/><\/a><\/figure><\/div>\n\n\n\n<div class=\"wp-block-column is-vertically-aligned-center is-layout-flow wp-block-column-is-layout-flow\" style=\"flex-basis:75%\"><h2 class=\"wp-block-post-title\"><a href=\"https:\/\/radioprincesa2010.com.br\/fm\/sexta-rodada-do-campeonato-cresol-de-futsal-2a-divisao\/\" target=\"_self\" >Sexta Rodada do Campeonato Cresol de Futsal \u2013 2\u00aa Divis\u00e3o<\/a><\/h2><\/div>\n<\/div>\n\n<\/li><li class=\"wp-block-post post-11332 post type-post status-publish format-standard has-post-thumbnail hentry category-geral\">\n\n<div class=\"wp-block-columns are-vertically-aligned-center is-layout-flex wp-container-core-columns-is-layout-3 wp-block-columns-is-layout-flex\">\n<div class=\"wp-block-column is-vertically-aligned-center is-layout-flow wp-block-column-is-layout-flow\" style=\"flex-basis:25%\">\n<p><\/p>\n\n\n\n<p><\/p>\n\n\n<figure class=\"wp-block-post-featured-image\"><a href=\"https:\/\/radioprincesa2010.com.br\/fm\/confira-imagens-do-temporal-em-selbach-e-regiao\/\" target=\"_self\"  ><img loading=\"lazy\" decoding=\"async\" width=\"500\" height=\"281\" src=\"https:\/\/radioprincesa2010.com.br\/fm\/wp-content\/uploads\/2026\/04\/x1.jpeg\" class=\"attachment-post-thumbnail size-post-thumbnail wp-post-image\" alt=\"Confira Imagens do temporal em Selbach e Regi\u00e3o\" style=\"object-fit:cover;\" srcset=\"https:\/\/radioprincesa2010.com.br\/fm\/wp-content\/uploads\/2026\/04\/x1.jpeg 500w, https:\/\/radioprincesa2010.com.br\/fm\/wp-content\/uploads\/2026\/04\/x1-300x169.jpeg 300w, https:\/\/radioprincesa2010.com.br\/fm\/wp-content\/uploads\/2026\/04\/x1-107x60.jpeg 107w\" sizes=\"auto, (max-width: 500px) 100vw, 500px\" \/><\/a><\/figure><\/div>\n\n\n\n<div class=\"wp-block-column is-vertically-aligned-center is-layout-flow wp-block-column-is-layout-flow\" style=\"flex-basis:75%\"><h2 class=\"wp-block-post-title\"><a href=\"https:\/\/radioprincesa2010.com.br\/fm\/confira-imagens-do-temporal-em-selbach-e-regiao\/\" target=\"_self\" >Confira Imagens do temporal em Selbach e Regi\u00e3o<\/a><\/h2><\/div>\n<\/div>\n\n<\/li><\/ul><\/div>\n\n\n\n<p><\/p>\n\n\n\n<h2 class=\"wp-block-heading\">PATROCINADO:<\/h2>\n\n\n\n<h2 class=\"wp-block-heading\">CHUVA NO RS &#8211; Imagens Incr\u00edveis!<\/h2>\n\n\n\n<p>Mais uma vez o clima causa terr\u00edveis estragos no RS. Reunimos neste v\u00eddeo algumas imagens para voc\u00ea ter uma no\u00e7\u00e3o do tamanho do estrago e da for\u00e7a da natureza.<\/p>\n\n\n\n<figure class=\"wp-block-embed is-type-video is-provider-youtube wp-block-embed-youtube wp-embed-aspect-16-9 wp-has-aspect-ratio\"><div class=\"wp-block-embed__wrapper\">\n<iframe loading=\"lazy\" title=\"CHUVA NO RS - Imagens Incr\u00edveis!\" width=\"925\" height=\"520\" src=\"https:\/\/www.youtube.com\/embed\/X3J5F6kPUY0?feature=oembed\" frameborder=\"0\" allow=\"accelerometer; autoplay; clipboard-write; encrypted-media; gyroscope; picture-in-picture; web-share\" referrerpolicy=\"strict-origin-when-cross-origin\" allowfullscreen><\/iframe>\n<\/div><figcaption class=\"wp-element-caption\"><a href=\"https:\/\/youtu.be\/X3J5F6kPUY0\" target=\"_blank\" rel=\"noreferrer noopener\">ou veja aqui<\/a><\/figcaption><\/figure>\n\n\n\n<h2 class=\"wp-block-heading\"><strong>CHUVA NO RS &#8211; Serra do Rio das Antas desaba pr\u00f3ximo a ponte Ernesto Dornelles em Veran\u00f3polis<\/strong><\/h2>\n\n\n\n<p>Novamente o clima causa preju\u00edzos no RS. Acompanhe neste v\u00eddeo imagens atuais e tamb\u00e9m passadas, de quando nosso canal esteve ali a poucos meses atr\u00e1s.<\/p>\n\n\n\n<figure class=\"wp-block-embed is-type-video is-provider-youtube wp-block-embed-youtube wp-embed-aspect-16-9 wp-has-aspect-ratio\"><div class=\"wp-block-embed__wrapper\">\n<iframe loading=\"lazy\" title=\"CHUVA NO RS - Serra do Rio das Antas desaba pr\u00f3ximo a ponte Ernesto Dornelles em Veran\u00f3polis\" width=\"925\" height=\"520\" src=\"https:\/\/www.youtube.com\/embed\/VYA_E-aL6MU?feature=oembed\" frameborder=\"0\" allow=\"accelerometer; autoplay; clipboard-write; encrypted-media; gyroscope; picture-in-picture; web-share\" referrerpolicy=\"strict-origin-when-cross-origin\" allowfullscreen><\/iframe>\n<\/div><figcaption class=\"wp-element-caption\"><a href=\"https:\/\/youtu.be\/VYA_E-aL6MU\" target=\"_blank\" rel=\"noreferrer noopener\">ou veja aqui<\/a><\/figcaption><\/figure>\n\n\n\n<h2 class=\"wp-block-heading\">Confira a previs\u00e3o de aumento de novos casos de c\u00e2ncer at\u00e9 2050!<\/h2>\n\n\n\n<figure class=\"wp-block-embed is-type-video is-provider-youtube wp-block-embed-youtube wp-embed-aspect-16-9 wp-has-aspect-ratio\"><div class=\"wp-block-embed__wrapper\">\n<iframe loading=\"lazy\" title=\"Confira a previs\u00e3o de aumento de novos casos de c\u00e2ncer at\u00e9 2050!\" width=\"925\" height=\"520\" src=\"https:\/\/www.youtube.com\/embed\/FFbQZeatU8I?feature=oembed\" frameborder=\"0\" allow=\"accelerometer; autoplay; clipboard-write; encrypted-media; gyroscope; picture-in-picture; web-share\" referrerpolicy=\"strict-origin-when-cross-origin\" allowfullscreen><\/iframe>\n<\/div><figcaption class=\"wp-element-caption\"><a href=\"https:\/\/youtu.be\/FFbQZeatU8I\" target=\"_blank\" rel=\"noreferrer noopener\">ou veja aqui<\/a><\/figcaption><\/figure>\n\n\n\n<h2 class=\"wp-block-heading\">Balada Retr\u00f4 de Selbach<\/h2>\n\n\n\n<figure class=\"wp-block-embed is-type-video is-provider-youtube wp-block-embed-youtube wp-embed-aspect-16-9 wp-has-aspect-ratio\"><div class=\"wp-block-embed__wrapper\">\n<iframe loading=\"lazy\" title=\"J\u00e1 foi em uma Balada Retr\u00f4?\" width=\"925\" height=\"520\" src=\"https:\/\/www.youtube.com\/embed\/aZPxoGhIw84?feature=oembed\" frameborder=\"0\" allow=\"accelerometer; autoplay; clipboard-write; encrypted-media; gyroscope; picture-in-picture; web-share\" referrerpolicy=\"strict-origin-when-cross-origin\" allowfullscreen><\/iframe>\n<\/div><figcaption class=\"wp-element-caption\"><a href=\"https:\/\/youtu.be\/aZPxoGhIw84\" target=\"_blank\" rel=\"noreferrer noopener\">ou veja aqui<\/a><\/figcaption><\/figure>\n\n\n\n<h2 class=\"wp-block-heading\">\ud83c\udfcd\ufe0f\ud83c\udfcd\ufe0f\ud83c\udfcd\ufe0f Vendo Yamaha Nmax 160 ano 2021 com apenas 7 mil Km. Zerada!<\/h2>\n\n\n\n<p>&#8211; Econ\u00f4mica, chega perto dos 40 Km\/l;<\/p>\n\n\n\n<p>&#8211; Perfeita para uso urbano, mas vai muito bem na estrada;<\/p>\n\n\n\n<p>&#8211; Freio ABS nas duas rodas;<\/p>\n\n\n\n<p>&#8211; Partida el\u00e9trica com sensor presencial;<\/p>\n\n\n\n<p>&#8211; Toda original;<\/p>\n\n\n\n<p>&#8211; VALOR R$19.500<\/p>\n\n\n\n<h2 class=\"wp-block-heading\">(54) 9 9136 3402 com Ariel<br><\/h2>\n\n\n\n<figure class=\"wp-block-embed is-type-video is-provider-youtube wp-block-embed-youtube wp-embed-aspect-16-9 wp-has-aspect-ratio\"><div class=\"wp-block-embed__wrapper\">\n<iframe loading=\"lazy\" title=\"YAMAHA NMAX 160 ABS - Moto a venda\" width=\"925\" height=\"520\" src=\"https:\/\/www.youtube.com\/embed\/4T1rmORH-eM?feature=oembed\" frameborder=\"0\" allow=\"accelerometer; autoplay; clipboard-write; encrypted-media; gyroscope; picture-in-picture; web-share\" referrerpolicy=\"strict-origin-when-cross-origin\" allowfullscreen><\/iframe>\n<\/div><figcaption class=\"wp-element-caption\"><a href=\"https:\/\/youtu.be\/4T1rmORH-eM\" target=\"_blank\" rel=\"noreferrer noopener\">ou veja aqui<\/a><\/figcaption><\/figure>\n\n\n\n<h2 class=\"wp-block-heading\">J\u00e1 viu uma cascata subterr\u00e2nea?<\/h2>\n\n\n\n<figure class=\"wp-block-embed is-type-video is-provider-youtube wp-block-embed-youtube wp-embed-aspect-16-9 wp-has-aspect-ratio\"><div class=\"wp-block-embed__wrapper\">\n<iframe loading=\"lazy\" title=\"J\u00e1 viu uma cascata subterr\u00e2nea?\" width=\"925\" height=\"520\" src=\"https:\/\/www.youtube.com\/embed\/Hh-SxEPmGNM?feature=oembed\" frameborder=\"0\" allow=\"accelerometer; autoplay; clipboard-write; encrypted-media; gyroscope; picture-in-picture; web-share\" referrerpolicy=\"strict-origin-when-cross-origin\" allowfullscreen><\/iframe>\n<\/div><figcaption class=\"wp-element-caption\"><a href=\"https:\/\/youtu.be\/Hh-SxEPmGNM\" target=\"_blank\" rel=\"noreferrer noopener\">ou veja aqui<\/a><\/figcaption><\/figure>\n\n\n\n<p>Veja mais:<\/p>\n\n\n\n<figure class=\"wp-block-embed is-type-video is-provider-youtube wp-block-embed-youtube wp-embed-aspect-16-9 wp-has-aspect-ratio\"><div class=\"wp-block-embed__wrapper\">\n<iframe loading=\"lazy\" title=\"Chuva no RS destruiu a roda d\u00b4\u00e1gua de Moinho Colonial\" width=\"925\" height=\"520\" src=\"https:\/\/www.youtube.com\/embed\/aHL146Zwslk?feature=oembed\" frameborder=\"0\" allow=\"accelerometer; autoplay; clipboard-write; encrypted-media; gyroscope; picture-in-picture; web-share\" referrerpolicy=\"strict-origin-when-cross-origin\" allowfullscreen><\/iframe>\n<\/div><figcaption class=\"wp-element-caption\"><a href=\"https:\/\/youtu.be\/aHL146Zwslk\" target=\"_blank\" rel=\"noreferrer noopener\">ou veja aqui<\/a><\/figcaption><\/figure>\n\n\n\n<p><\/p>\n","protected":false},"excerpt":{"rendered":"<p>SIGA NOSSAS REDES SOCIAIS PELOS LINKS BAIXO! WhatsApp CLIQUE AQUI Facebook CLIQUE AQUI Instagram CLIQUE AQUI PATROCINADO: CHUVA NO RS &#8211; Imagens Incr\u00edveis! Mais uma vez o clima causa terr\u00edveis estragos no RS. Reunimos neste v\u00eddeo algumas imagens para voc\u00ea ter uma no\u00e7\u00e3o do tamanho do estrago e da for\u00e7a da natureza. CHUVA NO RS &hellip; <\/p>\n","protected":false},"author":1,"featured_media":9043,"comment_status":"open","ping_status":"open","sticky":false,"template":"","format":"standard","meta":{"footnotes":""},"categories":[1],"tags":[],"class_list":["post-9038","post","type-post","status-publish","format-standard","has-post-thumbnail","hentry","category-geral"],"yoast_head":"<!-- This site is optimized with the Yoast SEO plugin v16.1.1 - https:\/\/yoast.com\/wordpress\/plugins\/seo\/ -->\n<title>Vereador Arlei Willig fala sobre a situa\u00e7\u00e3o do munic\u00edpio ap\u00f3s as chuvas e outros assuntos - R\u00e1dio Princesa FM 104.9 Mhz<\/title>\n<link rel=\"canonical\" href=\"https:\/\/radioprincesa2010.com.br\/fm\/vereador-arlei-willig-fala-sobre-a-situacao-do-municipio-apos-as-chuvas\/\" \/>\n<meta property=\"og:locale\" content=\"pt_BR\" \/>\n<meta property=\"og:type\" content=\"article\" \/>\n<meta property=\"og:title\" content=\"Vereador Arlei Willig fala sobre a situa\u00e7\u00e3o do munic\u00edpio ap\u00f3s as chuvas e outros assuntos - R\u00e1dio Princesa FM 104.9 Mhz\" \/>\n<meta property=\"og:description\" content=\"SIGA NOSSAS REDES SOCIAIS PELOS LINKS BAIXO! WhatsApp CLIQUE AQUI Facebook CLIQUE AQUI Instagram CLIQUE AQUI PATROCINADO: CHUVA NO RS &#8211; Imagens Incr\u00edveis! Mais uma vez o clima causa terr\u00edveis estragos no RS. Reunimos neste v\u00eddeo algumas imagens para voc\u00ea ter uma no\u00e7\u00e3o do tamanho do estrago e da for\u00e7a da natureza. CHUVA NO RS &hellip;\" \/>\n<meta property=\"og:url\" content=\"https:\/\/radioprincesa2010.com.br\/fm\/vereador-arlei-willig-fala-sobre-a-situacao-do-municipio-apos-as-chuvas\/\" \/>\n<meta property=\"og:site_name\" content=\"R\u00e1dio Princesa FM 104.9 Mhz\" \/>\n<meta property=\"article:published_time\" content=\"2024-05-03T21:49:17+00:00\" \/>\n<meta property=\"article:modified_time\" content=\"2024-05-03T21:49:54+00:00\" \/>\n<meta property=\"og:image\" content=\"https:\/\/radioprincesa2010.com.br\/fm\/wp-content\/uploads\/2024\/05\/5-1.jpeg\" \/>\n\t<meta property=\"og:image:width\" content=\"854\" \/>\n\t<meta property=\"og:image:height\" content=\"749\" \/>\n<meta name=\"twitter:card\" content=\"summary_large_image\" \/>\n<meta name=\"twitter:label1\" content=\"Est. tempo de leitura\">\n\t<meta name=\"twitter:data1\" content=\"1 minuto\">\n<script type=\"application\/ld+json\" class=\"yoast-schema-graph\">{\"@context\":\"https:\/\/schema.org\",\"@graph\":[{\"@type\":\"WebSite\",\"@id\":\"https:\/\/radioprincesa2010.com.br\/fm\/#website\",\"url\":\"https:\/\/radioprincesa2010.com.br\/fm\/\",\"name\":\"R\\u00e1dio Princesa FM 104.9 Mhz\",\"description\":\"Com voc\\u00ea o tempo todo\",\"potentialAction\":[{\"@type\":\"SearchAction\",\"target\":\"https:\/\/radioprincesa2010.com.br\/fm\/?s={search_term_string}\",\"query-input\":\"required name=search_term_string\"}],\"inLanguage\":\"pt-BR\"},{\"@type\":\"ImageObject\",\"@id\":\"https:\/\/radioprincesa2010.com.br\/fm\/vereador-arlei-willig-fala-sobre-a-situacao-do-municipio-apos-as-chuvas\/#primaryimage\",\"inLanguage\":\"pt-BR\",\"url\":\"https:\/\/radioprincesa2010.com.br\/fm\/wp-content\/uploads\/2024\/05\/5-1.jpeg\",\"contentUrl\":\"https:\/\/radioprincesa2010.com.br\/fm\/wp-content\/uploads\/2024\/05\/5-1.jpeg\",\"width\":854,\"height\":749},{\"@type\":\"WebPage\",\"@id\":\"https:\/\/radioprincesa2010.com.br\/fm\/vereador-arlei-willig-fala-sobre-a-situacao-do-municipio-apos-as-chuvas\/#webpage\",\"url\":\"https:\/\/radioprincesa2010.com.br\/fm\/vereador-arlei-willig-fala-sobre-a-situacao-do-municipio-apos-as-chuvas\/\",\"name\":\"Vereador Arlei Willig fala sobre a situa\\u00e7\\u00e3o do munic\\u00edpio ap\\u00f3s as chuvas e outros assuntos - R\\u00e1dio Princesa FM 104.9 Mhz\",\"isPartOf\":{\"@id\":\"https:\/\/radioprincesa2010.com.br\/fm\/#website\"},\"primaryImageOfPage\":{\"@id\":\"https:\/\/radioprincesa2010.com.br\/fm\/vereador-arlei-willig-fala-sobre-a-situacao-do-municipio-apos-as-chuvas\/#primaryimage\"},\"datePublished\":\"2024-05-03T21:49:17+00:00\",\"dateModified\":\"2024-05-03T21:49:54+00:00\",\"author\":{\"@id\":\"https:\/\/radioprincesa2010.com.br\/fm\/#\/schema\/person\/7387850c16b3f47de42a1accfc7045c8\"},\"breadcrumb\":{\"@id\":\"https:\/\/radioprincesa2010.com.br\/fm\/vereador-arlei-willig-fala-sobre-a-situacao-do-municipio-apos-as-chuvas\/#breadcrumb\"},\"inLanguage\":\"pt-BR\",\"potentialAction\":[{\"@type\":\"ReadAction\",\"target\":[\"https:\/\/radioprincesa2010.com.br\/fm\/vereador-arlei-willig-fala-sobre-a-situacao-do-municipio-apos-as-chuvas\/\"]}]},{\"@type\":\"BreadcrumbList\",\"@id\":\"https:\/\/radioprincesa2010.com.br\/fm\/vereador-arlei-willig-fala-sobre-a-situacao-do-municipio-apos-as-chuvas\/#breadcrumb\",\"itemListElement\":[{\"@type\":\"ListItem\",\"position\":1,\"item\":{\"@type\":\"WebPage\",\"@id\":\"https:\/\/radioprincesa2010.com.br\/fm\/\",\"url\":\"https:\/\/radioprincesa2010.com.br\/fm\/\",\"name\":\"In\\u00edcio\"}},{\"@type\":\"ListItem\",\"position\":2,\"item\":{\"@type\":\"WebPage\",\"@id\":\"https:\/\/radioprincesa2010.com.br\/fm\/vereador-arlei-willig-fala-sobre-a-situacao-do-municipio-apos-as-chuvas\/\",\"url\":\"https:\/\/radioprincesa2010.com.br\/fm\/vereador-arlei-willig-fala-sobre-a-situacao-do-municipio-apos-as-chuvas\/\",\"name\":\"Vereador Arlei Willig fala sobre a situa\\u00e7\\u00e3o do munic\\u00edpio ap\\u00f3s as chuvas e outros assuntos\"}}]},{\"@type\":\"Person\",\"@id\":\"https:\/\/radioprincesa2010.com.br\/fm\/#\/schema\/person\/7387850c16b3f47de42a1accfc7045c8\",\"name\":\"Princesa ADM\",\"image\":{\"@type\":\"ImageObject\",\"@id\":\"https:\/\/radioprincesa2010.com.br\/fm\/#personlogo\",\"inLanguage\":\"pt-BR\",\"url\":\"https:\/\/secure.gravatar.com\/avatar\/f30936cf78b511d12d0dda9d77461df5?s=96&d=mm&r=g\",\"contentUrl\":\"https:\/\/secure.gravatar.com\/avatar\/f30936cf78b511d12d0dda9d77461df5?s=96&d=mm&r=g\",\"caption\":\"Princesa ADM\"}}]}<\/script>\n<!-- \/ Yoast SEO plugin. -->","_links":{"self":[{"href":"https:\/\/radioprincesa2010.com.br\/fm\/wp-json\/wp\/v2\/posts\/9038","targetHints":{"allow":["GET"]}}],"collection":[{"href":"https:\/\/radioprincesa2010.com.br\/fm\/wp-json\/wp\/v2\/posts"}],"about":[{"href":"https:\/\/radioprincesa2010.com.br\/fm\/wp-json\/wp\/v2\/types\/post"}],"author":[{"embeddable":true,"href":"https:\/\/radioprincesa2010.com.br\/fm\/wp-json\/wp\/v2\/users\/1"}],"replies":[{"embeddable":true,"href":"https:\/\/radioprincesa2010.com.br\/fm\/wp-json\/wp\/v2\/comments?post=9038"}],"version-history":[{"count":2,"href":"https:\/\/radioprincesa2010.com.br\/fm\/wp-json\/wp\/v2\/posts\/9038\/revisions"}],"predecessor-version":[{"id":9047,"href":"https:\/\/radioprincesa2010.com.br\/fm\/wp-json\/wp\/v2\/posts\/9038\/revisions\/9047"}],"wp:featuredmedia":[{"embeddable":true,"href":"https:\/\/radioprincesa2010.com.br\/fm\/wp-json\/wp\/v2\/media\/9043"}],"wp:attachment":[{"href":"https:\/\/radioprincesa2010.com.br\/fm\/wp-json\/wp\/v2\/media?parent=9038"}],"wp:term":[{"taxonomy":"category","embeddable":true,"href":"https:\/\/radioprincesa2010.com.br\/fm\/wp-json\/wp\/v2\/categories?post=9038"},{"taxonomy":"post_tag","embeddable":true,"href":"https:\/\/radioprincesa2010.com.br\/fm\/wp-json\/wp\/v2\/tags?post=9038"}],"curies":[{"name":"wp","href":"https:\/\/api.w.org\/{rel}","templated":true}]}}