{"id":8588,"date":"2024-02-19T11:32:49","date_gmt":"2024-02-19T11:32:49","guid":{"rendered":"https:\/\/radioprincesa2010.com.br\/fm\/?p=8588"},"modified":"2024-02-19T11:32:53","modified_gmt":"2024-02-19T11:32:53","slug":"o-paroco-de-selbach-padre-aldino-barth-fala-sobre-a-campanha-da-fraternidade-2024","status":"publish","type":"post","link":"https:\/\/radioprincesa2010.com.br\/fm\/o-paroco-de-selbach-padre-aldino-barth-fala-sobre-a-campanha-da-fraternidade-2024\/","title":{"rendered":"O p\u00e1roco de Selbach padre Aldino Barth, fala sobre a Campanha da Fraternidade 2024"},"content":{"rendered":"<div id=\"fb-root\"><\/div>\n\n<figure class=\"wp-block-audio\"><audio controls src=\"https:\/\/radioprincesa2010.com.br\/fm\/wp-content\/uploads\/2024\/02\/1Padre19.2.24.mp3\"><\/audio><\/figure>\n\n\n\n<figure class=\"wp-block-image size-large\"><img loading=\"lazy\" decoding=\"async\" width=\"1024\" height=\"771\" src=\"https:\/\/radioprincesa2010.com.br\/fm\/wp-content\/uploads\/2024\/02\/1-19-1024x771.jpeg\" alt=\"\" class=\"wp-image-8592\" srcset=\"https:\/\/radioprincesa2010.com.br\/fm\/wp-content\/uploads\/2024\/02\/1-19-1024x771.jpeg 1024w, https:\/\/radioprincesa2010.com.br\/fm\/wp-content\/uploads\/2024\/02\/1-19-300x226.jpeg 300w, https:\/\/radioprincesa2010.com.br\/fm\/wp-content\/uploads\/2024\/02\/1-19-768x578.jpeg 768w, https:\/\/radioprincesa2010.com.br\/fm\/wp-content\/uploads\/2024\/02\/1-19-1536x1156.jpeg 1536w, https:\/\/radioprincesa2010.com.br\/fm\/wp-content\/uploads\/2024\/02\/1-19-80x60.jpeg 80w, https:\/\/radioprincesa2010.com.br\/fm\/wp-content\/uploads\/2024\/02\/1-19.jpeg 1600w\" sizes=\"auto, (max-width: 1024px) 100vw, 1024px\" \/><\/figure>\n\n\n\n<p><\/p>\n\n\n\n<p><strong>SIGA NOSSAS REDES SOCIAIS PELOS LINKS BAIXO!<\/strong><\/p>\n\n\n\n<p>WhatsApp <a href=\"https:\/\/chat.whatsapp.com\/JsHyvfzC27MJbuicqtgrIa\" target=\"_blank\" rel=\"noreferrer noopener\">CLIQUE AQUI<\/a><\/p>\n\n\n\n<p>Facebook <a href=\"https:\/\/www.facebook.com\/profile.php?id=100040198482314\" target=\"_blank\" rel=\"noreferrer noopener\">CLIQUE AQUI<\/a><\/p>\n\n\n\n<p>Instagram <a href=\"https:\/\/www.instagram.com\/radioprincesa104\/\" target=\"_blank\" rel=\"noreferrer noopener\">CLIQUE AQUI<\/a><\/p>\n\n\n\n<div class=\"wp-block-query is-layout-flow wp-block-query-is-layout-flow\"><ul class=\"wp-block-post-template is-layout-flow wp-block-post-template-is-layout-flow\"><li class=\"wp-block-post post-11341 post type-post status-publish format-standard has-post-thumbnail hentry category-geral\">\n\n<div class=\"wp-block-columns are-vertically-aligned-center is-layout-flex wp-container-core-columns-is-layout-1 wp-block-columns-is-layout-flex\">\n<div class=\"wp-block-column is-vertically-aligned-center is-layout-flow wp-block-column-is-layout-flow\" style=\"flex-basis:25%\">\n<p><\/p>\n\n\n\n<p><\/p>\n\n\n<figure class=\"wp-block-post-featured-image\"><a href=\"https:\/\/radioprincesa2010.com.br\/fm\/andreia-colovini-chefe-do-cartorio-eleitoral-sede-espumoso-4a-zona-eleitoral-fala-sobre-as-mudancas-no-processo-eleitoral-em-selbach\/\" target=\"_self\"  ><img loading=\"lazy\" decoding=\"async\" width=\"500\" height=\"375\" src=\"https:\/\/radioprincesa2010.com.br\/fm\/wp-content\/uploads\/2026\/04\/5.jpeg\" class=\"attachment-post-thumbnail size-post-thumbnail wp-post-image\" alt=\"Andreia Colovini, chefe do cart\u00f3rio eleitoral sede espumoso 4\u00aa zona eleitoral, fala sobre as mudan\u00e7as no processo eleitoral em Selbach\" style=\"object-fit:cover;\" srcset=\"https:\/\/radioprincesa2010.com.br\/fm\/wp-content\/uploads\/2026\/04\/5.jpeg 500w, https:\/\/radioprincesa2010.com.br\/fm\/wp-content\/uploads\/2026\/04\/5-300x225.jpeg 300w, https:\/\/radioprincesa2010.com.br\/fm\/wp-content\/uploads\/2026\/04\/5-80x60.jpeg 80w\" sizes=\"auto, (max-width: 500px) 100vw, 500px\" \/><\/a><\/figure><\/div>\n\n\n\n<div class=\"wp-block-column is-vertically-aligned-center is-layout-flow wp-block-column-is-layout-flow\" style=\"flex-basis:75%\"><h2 class=\"wp-block-post-title\"><a href=\"https:\/\/radioprincesa2010.com.br\/fm\/andreia-colovini-chefe-do-cartorio-eleitoral-sede-espumoso-4a-zona-eleitoral-fala-sobre-as-mudancas-no-processo-eleitoral-em-selbach\/\" target=\"_self\" >Andreia Colovini, chefe do cart\u00f3rio eleitoral sede espumoso 4\u00aa zona eleitoral, fala sobre as mudan\u00e7as no processo eleitoral em Selbach<\/a><\/h2><\/div>\n<\/div>\n\n<\/li><li class=\"wp-block-post post-11336 post type-post status-publish format-standard has-post-thumbnail hentry category-geral\">\n\n<div class=\"wp-block-columns are-vertically-aligned-center is-layout-flex wp-container-core-columns-is-layout-2 wp-block-columns-is-layout-flex\">\n<div class=\"wp-block-column is-vertically-aligned-center is-layout-flow wp-block-column-is-layout-flow\" style=\"flex-basis:25%\">\n<p><\/p>\n\n\n\n<p><\/p>\n\n\n<figure class=\"wp-block-post-featured-image\"><a href=\"https:\/\/radioprincesa2010.com.br\/fm\/sexta-rodada-do-campeonato-cresol-de-futsal-2a-divisao\/\" target=\"_self\"  ><img loading=\"lazy\" decoding=\"async\" width=\"500\" height=\"378\" src=\"https:\/\/radioprincesa2010.com.br\/fm\/wp-content\/uploads\/2026\/04\/500-5.jpg\" class=\"attachment-post-thumbnail size-post-thumbnail wp-post-image\" alt=\"Sexta Rodada do Campeonato Cresol de Futsal \u2013 2\u00aa Divis\u00e3o\" style=\"object-fit:cover;\" srcset=\"https:\/\/radioprincesa2010.com.br\/fm\/wp-content\/uploads\/2026\/04\/500-5.jpg 500w, https:\/\/radioprincesa2010.com.br\/fm\/wp-content\/uploads\/2026\/04\/500-5-300x227.jpg 300w, https:\/\/radioprincesa2010.com.br\/fm\/wp-content\/uploads\/2026\/04\/500-5-79x60.jpg 79w\" sizes=\"auto, (max-width: 500px) 100vw, 500px\" \/><\/a><\/figure><\/div>\n\n\n\n<div class=\"wp-block-column is-vertically-aligned-center is-layout-flow wp-block-column-is-layout-flow\" style=\"flex-basis:75%\"><h2 class=\"wp-block-post-title\"><a href=\"https:\/\/radioprincesa2010.com.br\/fm\/sexta-rodada-do-campeonato-cresol-de-futsal-2a-divisao\/\" target=\"_self\" >Sexta Rodada do Campeonato Cresol de Futsal \u2013 2\u00aa Divis\u00e3o<\/a><\/h2><\/div>\n<\/div>\n\n<\/li><li class=\"wp-block-post post-11332 post type-post status-publish format-standard has-post-thumbnail hentry category-geral\">\n\n<div class=\"wp-block-columns are-vertically-aligned-center is-layout-flex wp-container-core-columns-is-layout-3 wp-block-columns-is-layout-flex\">\n<div class=\"wp-block-column is-vertically-aligned-center is-layout-flow wp-block-column-is-layout-flow\" style=\"flex-basis:25%\">\n<p><\/p>\n\n\n\n<p><\/p>\n\n\n<figure class=\"wp-block-post-featured-image\"><a href=\"https:\/\/radioprincesa2010.com.br\/fm\/confira-imagens-do-temporal-em-selbach-e-regiao\/\" target=\"_self\"  ><img loading=\"lazy\" decoding=\"async\" width=\"500\" height=\"281\" src=\"https:\/\/radioprincesa2010.com.br\/fm\/wp-content\/uploads\/2026\/04\/x1.jpeg\" class=\"attachment-post-thumbnail size-post-thumbnail wp-post-image\" alt=\"Confira Imagens do temporal em Selbach e Regi\u00e3o\" style=\"object-fit:cover;\" srcset=\"https:\/\/radioprincesa2010.com.br\/fm\/wp-content\/uploads\/2026\/04\/x1.jpeg 500w, https:\/\/radioprincesa2010.com.br\/fm\/wp-content\/uploads\/2026\/04\/x1-300x169.jpeg 300w, https:\/\/radioprincesa2010.com.br\/fm\/wp-content\/uploads\/2026\/04\/x1-107x60.jpeg 107w\" sizes=\"auto, (max-width: 500px) 100vw, 500px\" \/><\/a><\/figure><\/div>\n\n\n\n<div class=\"wp-block-column is-vertically-aligned-center is-layout-flow wp-block-column-is-layout-flow\" style=\"flex-basis:75%\"><h2 class=\"wp-block-post-title\"><a href=\"https:\/\/radioprincesa2010.com.br\/fm\/confira-imagens-do-temporal-em-selbach-e-regiao\/\" target=\"_self\" >Confira Imagens do temporal em Selbach e Regi\u00e3o<\/a><\/h2><\/div>\n<\/div>\n\n<\/li><\/ul><\/div>\n\n\n\n<p><\/p>\n\n\n\n<h2 class=\"wp-block-heading\">PATROCINADO:<\/h2>\n\n\n\n<h2 class=\"wp-block-heading\">Vista Gaucha\/RS \u00e9 um lugar lindo<\/h2>\n\n\n\n<figure class=\"wp-block-embed is-type-video is-provider-youtube wp-block-embed-youtube wp-embed-aspect-16-9 wp-has-aspect-ratio\"><div class=\"wp-block-embed__wrapper\">\n<iframe loading=\"lazy\" title=\"Vista Gaucha\/RS \u00e9 um lugar lindo\" width=\"925\" height=\"520\" src=\"https:\/\/www.youtube.com\/embed\/EItxtRDitHI?feature=oembed\" frameborder=\"0\" allow=\"accelerometer; autoplay; clipboard-write; encrypted-media; gyroscope; picture-in-picture; web-share\" allowfullscreen><\/iframe>\n<\/div><figcaption class=\"wp-element-caption\"><a href=\"https:\/\/www.youtube.com\/watch?v=EItxtRDitHI\" target=\"_blank\" rel=\"noreferrer noopener\">ou veja aqui<\/a><\/figcaption><\/figure>\n\n\n\n<h2 class=\"wp-block-heading\">\ud83c\udfcd\ufe0f\ud83c\udfcd\ufe0f\ud83c\udfcd\ufe0f Vendo Yamaha Nmax 160 ano 2021 com apenas 5 mil Km. Zerada!<\/h2>\n\n\n\n<p>&#8211; Econ\u00f4mica, chega perto dos 40 Km\/l;<\/p>\n\n\n\n<p>&#8211; Perfeita para uso urbano, mas vai muito bem na estrada;<\/p>\n\n\n\n<p>&#8211; Freio ABS nas duas rodas;<\/p>\n\n\n\n<p>&#8211; Partida el\u00e9trica com sensor presencial;<\/p>\n\n\n\n<p>&#8211; Toda original;<\/p>\n\n\n\n<p>&#8211; VALOR R$19.500<\/p>\n\n\n\n<h2 class=\"wp-block-heading\">(54) 9 9136 3402 com Ariel<br><\/h2>\n\n\n\n<figure class=\"wp-block-embed is-type-video is-provider-youtube wp-block-embed-youtube wp-embed-aspect-16-9 wp-has-aspect-ratio\"><div class=\"wp-block-embed__wrapper\">\n<iframe loading=\"lazy\" title=\"Vendo NMAX 160 com apenas 6,5 mil Km\" width=\"925\" height=\"520\" src=\"https:\/\/www.youtube.com\/embed\/TlGgSLu95sI?feature=oembed\" frameborder=\"0\" allow=\"accelerometer; autoplay; clipboard-write; encrypted-media; gyroscope; picture-in-picture; web-share\" allowfullscreen><\/iframe>\n<\/div><figcaption class=\"wp-element-caption\"><a href=\"https:\/\/youtu.be\/TlGgSLu95sI\" target=\"_blank\" rel=\"noreferrer noopener\">OU VEJA AQUI<\/a><\/figcaption><\/figure>\n\n\n\n<h2 class=\"wp-block-heading\">Vendo CBR 1000 RR 44 mil KM, 2007. N\u00e3o \u00e9 daquelas que baixa \u00f3leo nem fuma Nada para fazer *NOVA* Contato: 54 9 9136-3402<\/h2>\n\n\n\n<p>Vendo CBR 1000 RR 2007 em raro estado de conserva\u00e7\u00e3o; &#8211; \u00daltima desse modelo e aos que n\u00e3o entendem, essa n\u00e3o \u00e9 daquelas que baixa \u00f3leo nem fuma, sendo uma \u00f3tima op\u00e7\u00e3o de esportiva a um valor acess\u00edvel e sem defeitos; &#8211; Toda em dia, 2024 pago; &#8211; Escape original; &#8211; Sistema anti furto no chaveiro; &#8211; Manual e chave reserva; &#8211; Econ\u00f4mica: 17 KM\/l na m\u00e3o leve; &#8211; Pretona como voc\u00ea sempre quis. Valor R$ 38.000,00 contato (54) 9 9136 3402 com Ariel<\/p>\n\n\n\n<figure class=\"wp-block-embed is-type-video is-provider-youtube wp-block-embed-youtube wp-embed-aspect-16-9 wp-has-aspect-ratio\"><div class=\"wp-block-embed__wrapper\">\n<iframe loading=\"lazy\" title=\"VENDO CBR 1000 RR 2007- raro estado de conserva\u00e7\u00e3o\" width=\"925\" height=\"520\" src=\"https:\/\/www.youtube.com\/embed\/G24y_82QEDU?feature=oembed\" frameborder=\"0\" allow=\"accelerometer; autoplay; clipboard-write; encrypted-media; gyroscope; picture-in-picture; web-share\" allowfullscreen><\/iframe>\n<\/div><figcaption class=\"wp-element-caption\"><a href=\"https:\/\/youtu.be\/G24y_82QEDU\" target=\"_blank\" rel=\"noreferrer noopener\">OUVEJA AQUI<\/a><\/figcaption><\/figure>\n\n\n\n<p>Veja mais:<\/p>\n\n\n\n<figure class=\"wp-block-embed is-type-video is-provider-youtube wp-block-embed-youtube wp-embed-aspect-16-9 wp-has-aspect-ratio\"><div class=\"wp-block-embed__wrapper\">\n<iframe loading=\"lazy\" title=\"Chuva no RS destruiu a roda d\u00b4\u00e1gua de Moinho Colonial\" width=\"925\" height=\"520\" src=\"https:\/\/www.youtube.com\/embed\/aHL146Zwslk?feature=oembed\" frameborder=\"0\" allow=\"accelerometer; autoplay; clipboard-write; encrypted-media; gyroscope; picture-in-picture; web-share\" allowfullscreen><\/iframe>\n<\/div><figcaption class=\"wp-element-caption\"><a href=\"https:\/\/youtu.be\/aHL146Zwslk\" target=\"_blank\" rel=\"noreferrer noopener\">ou veja aqui<\/a><\/figcaption><\/figure>\n\n\n\n<figure class=\"wp-block-embed is-type-video is-provider-youtube wp-block-embed-youtube wp-embed-aspect-16-9 wp-has-aspect-ratio\"><div class=\"wp-block-embed__wrapper\">\n<iframe loading=\"lazy\" title=\"Este \u00e9 o maior lago artificial do Rio Grande do Sul!\" width=\"925\" height=\"520\" src=\"https:\/\/www.youtube.com\/embed\/lNYW4HHgxkw?feature=oembed\" frameborder=\"0\" allow=\"accelerometer; autoplay; clipboard-write; encrypted-media; gyroscope; picture-in-picture; web-share\" allowfullscreen><\/iframe>\n<\/div><figcaption class=\"wp-element-caption\"><a href=\"https:\/\/youtu.be\/lNYW4HHgxkw\" target=\"_blank\" rel=\"noreferrer noopener\">ou veja aqui<\/a><\/figcaption><\/figure>\n\n\n\n<p><\/p>\n","protected":false},"excerpt":{"rendered":"<p>SIGA NOSSAS REDES SOCIAIS PELOS LINKS BAIXO! WhatsApp CLIQUE AQUI Facebook CLIQUE AQUI Instagram CLIQUE AQUI PATROCINADO: Vista Gaucha\/RS \u00e9 um lugar lindo \ud83c\udfcd\ufe0f\ud83c\udfcd\ufe0f\ud83c\udfcd\ufe0f Vendo Yamaha Nmax 160 ano 2021 com apenas 5 mil Km. Zerada! &#8211; Econ\u00f4mica, chega perto dos 40 Km\/l; &#8211; Perfeita para uso urbano, mas vai muito bem na estrada; &#8211; &hellip; <\/p>\n","protected":false},"author":1,"featured_media":8593,"comment_status":"open","ping_status":"open","sticky":false,"template":"","format":"standard","meta":{"footnotes":""},"categories":[1],"tags":[647,8],"class_list":["post-8588","post","type-post","status-publish","format-standard","has-post-thumbnail","hentry","category-geral","tag-padre-aldino-barth","tag-selbach"],"yoast_head":"<!-- This site is optimized with the Yoast SEO plugin v16.1.1 - https:\/\/yoast.com\/wordpress\/plugins\/seo\/ -->\n<title>O p\u00e1roco de Selbach padre Aldino Barth, fala sobre a Campanha da Fraternidade 2024 - R\u00e1dio Princesa FM 104.9 Mhz<\/title>\n<link rel=\"canonical\" href=\"https:\/\/radioprincesa2010.com.br\/fm\/o-paroco-de-selbach-padre-aldino-barth-fala-sobre-a-campanha-da-fraternidade-2024\/\" \/>\n<meta property=\"og:locale\" content=\"pt_BR\" \/>\n<meta property=\"og:type\" content=\"article\" \/>\n<meta property=\"og:title\" content=\"O p\u00e1roco de Selbach padre Aldino Barth, fala sobre a Campanha da Fraternidade 2024 - R\u00e1dio Princesa FM 104.9 Mhz\" \/>\n<meta property=\"og:description\" content=\"SIGA NOSSAS REDES SOCIAIS PELOS LINKS BAIXO! WhatsApp CLIQUE AQUI Facebook CLIQUE AQUI Instagram CLIQUE AQUI PATROCINADO: Vista Gaucha\/RS \u00e9 um lugar lindo \ud83c\udfcd\ufe0f\ud83c\udfcd\ufe0f\ud83c\udfcd\ufe0f Vendo Yamaha Nmax 160 ano 2021 com apenas 5 mil Km. Zerada! &#8211; Econ\u00f4mica, chega perto dos 40 Km\/l; &#8211; Perfeita para uso urbano, mas vai muito bem na estrada; &#8211; &hellip;\" \/>\n<meta property=\"og:url\" content=\"https:\/\/radioprincesa2010.com.br\/fm\/o-paroco-de-selbach-padre-aldino-barth-fala-sobre-a-campanha-da-fraternidade-2024\/\" \/>\n<meta property=\"og:site_name\" content=\"R\u00e1dio Princesa FM 104.9 Mhz\" \/>\n<meta property=\"article:published_time\" content=\"2024-02-19T11:32:49+00:00\" \/>\n<meta property=\"article:modified_time\" content=\"2024-02-19T11:32:53+00:00\" \/>\n<meta property=\"og:image\" content=\"https:\/\/radioprincesa2010.com.br\/fm\/wp-content\/uploads\/2024\/02\/1-20.jpeg\" \/>\n\t<meta property=\"og:image:width\" content=\"727\" \/>\n\t<meta property=\"og:image:height\" content=\"655\" \/>\n<meta name=\"twitter:card\" content=\"summary_large_image\" \/>\n<meta name=\"twitter:label1\" content=\"Est. tempo de leitura\">\n\t<meta name=\"twitter:data1\" content=\"2 minutos\">\n<script type=\"application\/ld+json\" class=\"yoast-schema-graph\">{\"@context\":\"https:\/\/schema.org\",\"@graph\":[{\"@type\":\"WebSite\",\"@id\":\"https:\/\/radioprincesa2010.com.br\/fm\/#website\",\"url\":\"https:\/\/radioprincesa2010.com.br\/fm\/\",\"name\":\"R\\u00e1dio Princesa FM 104.9 Mhz\",\"description\":\"Com voc\\u00ea o tempo todo\",\"potentialAction\":[{\"@type\":\"SearchAction\",\"target\":\"https:\/\/radioprincesa2010.com.br\/fm\/?s={search_term_string}\",\"query-input\":\"required name=search_term_string\"}],\"inLanguage\":\"pt-BR\"},{\"@type\":\"ImageObject\",\"@id\":\"https:\/\/radioprincesa2010.com.br\/fm\/o-paroco-de-selbach-padre-aldino-barth-fala-sobre-a-campanha-da-fraternidade-2024\/#primaryimage\",\"inLanguage\":\"pt-BR\",\"url\":\"https:\/\/radioprincesa2010.com.br\/fm\/wp-content\/uploads\/2024\/02\/1-20.jpeg\",\"contentUrl\":\"https:\/\/radioprincesa2010.com.br\/fm\/wp-content\/uploads\/2024\/02\/1-20.jpeg\",\"width\":727,\"height\":655},{\"@type\":\"WebPage\",\"@id\":\"https:\/\/radioprincesa2010.com.br\/fm\/o-paroco-de-selbach-padre-aldino-barth-fala-sobre-a-campanha-da-fraternidade-2024\/#webpage\",\"url\":\"https:\/\/radioprincesa2010.com.br\/fm\/o-paroco-de-selbach-padre-aldino-barth-fala-sobre-a-campanha-da-fraternidade-2024\/\",\"name\":\"O p\\u00e1roco de Selbach padre Aldino Barth, fala sobre a Campanha da Fraternidade 2024 - R\\u00e1dio Princesa FM 104.9 Mhz\",\"isPartOf\":{\"@id\":\"https:\/\/radioprincesa2010.com.br\/fm\/#website\"},\"primaryImageOfPage\":{\"@id\":\"https:\/\/radioprincesa2010.com.br\/fm\/o-paroco-de-selbach-padre-aldino-barth-fala-sobre-a-campanha-da-fraternidade-2024\/#primaryimage\"},\"datePublished\":\"2024-02-19T11:32:49+00:00\",\"dateModified\":\"2024-02-19T11:32:53+00:00\",\"author\":{\"@id\":\"https:\/\/radioprincesa2010.com.br\/fm\/#\/schema\/person\/7387850c16b3f47de42a1accfc7045c8\"},\"breadcrumb\":{\"@id\":\"https:\/\/radioprincesa2010.com.br\/fm\/o-paroco-de-selbach-padre-aldino-barth-fala-sobre-a-campanha-da-fraternidade-2024\/#breadcrumb\"},\"inLanguage\":\"pt-BR\",\"potentialAction\":[{\"@type\":\"ReadAction\",\"target\":[\"https:\/\/radioprincesa2010.com.br\/fm\/o-paroco-de-selbach-padre-aldino-barth-fala-sobre-a-campanha-da-fraternidade-2024\/\"]}]},{\"@type\":\"BreadcrumbList\",\"@id\":\"https:\/\/radioprincesa2010.com.br\/fm\/o-paroco-de-selbach-padre-aldino-barth-fala-sobre-a-campanha-da-fraternidade-2024\/#breadcrumb\",\"itemListElement\":[{\"@type\":\"ListItem\",\"position\":1,\"item\":{\"@type\":\"WebPage\",\"@id\":\"https:\/\/radioprincesa2010.com.br\/fm\/\",\"url\":\"https:\/\/radioprincesa2010.com.br\/fm\/\",\"name\":\"In\\u00edcio\"}},{\"@type\":\"ListItem\",\"position\":2,\"item\":{\"@type\":\"WebPage\",\"@id\":\"https:\/\/radioprincesa2010.com.br\/fm\/o-paroco-de-selbach-padre-aldino-barth-fala-sobre-a-campanha-da-fraternidade-2024\/\",\"url\":\"https:\/\/radioprincesa2010.com.br\/fm\/o-paroco-de-selbach-padre-aldino-barth-fala-sobre-a-campanha-da-fraternidade-2024\/\",\"name\":\"O p\\u00e1roco de Selbach padre Aldino Barth, fala sobre a Campanha da Fraternidade 2024\"}}]},{\"@type\":\"Person\",\"@id\":\"https:\/\/radioprincesa2010.com.br\/fm\/#\/schema\/person\/7387850c16b3f47de42a1accfc7045c8\",\"name\":\"Princesa ADM\",\"image\":{\"@type\":\"ImageObject\",\"@id\":\"https:\/\/radioprincesa2010.com.br\/fm\/#personlogo\",\"inLanguage\":\"pt-BR\",\"url\":\"https:\/\/secure.gravatar.com\/avatar\/f30936cf78b511d12d0dda9d77461df5?s=96&d=mm&r=g\",\"contentUrl\":\"https:\/\/secure.gravatar.com\/avatar\/f30936cf78b511d12d0dda9d77461df5?s=96&d=mm&r=g\",\"caption\":\"Princesa ADM\"}}]}<\/script>\n<!-- \/ Yoast SEO plugin. -->","_links":{"self":[{"href":"https:\/\/radioprincesa2010.com.br\/fm\/wp-json\/wp\/v2\/posts\/8588","targetHints":{"allow":["GET"]}}],"collection":[{"href":"https:\/\/radioprincesa2010.com.br\/fm\/wp-json\/wp\/v2\/posts"}],"about":[{"href":"https:\/\/radioprincesa2010.com.br\/fm\/wp-json\/wp\/v2\/types\/post"}],"author":[{"embeddable":true,"href":"https:\/\/radioprincesa2010.com.br\/fm\/wp-json\/wp\/v2\/users\/1"}],"replies":[{"embeddable":true,"href":"https:\/\/radioprincesa2010.com.br\/fm\/wp-json\/wp\/v2\/comments?post=8588"}],"version-history":[{"count":1,"href":"https:\/\/radioprincesa2010.com.br\/fm\/wp-json\/wp\/v2\/posts\/8588\/revisions"}],"predecessor-version":[{"id":8594,"href":"https:\/\/radioprincesa2010.com.br\/fm\/wp-json\/wp\/v2\/posts\/8588\/revisions\/8594"}],"wp:featuredmedia":[{"embeddable":true,"href":"https:\/\/radioprincesa2010.com.br\/fm\/wp-json\/wp\/v2\/media\/8593"}],"wp:attachment":[{"href":"https:\/\/radioprincesa2010.com.br\/fm\/wp-json\/wp\/v2\/media?parent=8588"}],"wp:term":[{"taxonomy":"category","embeddable":true,"href":"https:\/\/radioprincesa2010.com.br\/fm\/wp-json\/wp\/v2\/categories?post=8588"},{"taxonomy":"post_tag","embeddable":true,"href":"https:\/\/radioprincesa2010.com.br\/fm\/wp-json\/wp\/v2\/tags?post=8588"}],"curies":[{"name":"wp","href":"https:\/\/api.w.org\/{rel}","templated":true}]}}