{"id":8514,"date":"2024-01-26T13:11:46","date_gmt":"2024-01-26T13:11:46","guid":{"rendered":"https:\/\/radioprincesa2010.com.br\/fm\/?p=8514"},"modified":"2024-01-26T13:11:49","modified_gmt":"2024-01-26T13:11:49","slug":"o-paroco-aloisio-deixa-a-paroquia-de-selbach-confira-a-entrevista-aqui","status":"publish","type":"post","link":"https:\/\/radioprincesa2010.com.br\/fm\/o-paroco-aloisio-deixa-a-paroquia-de-selbach-confira-a-entrevista-aqui\/","title":{"rendered":"O p\u00e1roco Alo\u00edsio deixa a par\u00f3quia de Selbach &#8211; CONFIRA A ENTREVISTA AQUI"},"content":{"rendered":"<div id=\"fb-root\"><\/div>\n\n<p>Alo\u00edsio Felipe Werlang o padre Alo\u00edsio encerra suas atividades na par\u00f3quia de Selbach passando o comando ao padre Aldino Barth. Confira um pouco da hist\u00f3ria do padre Alo\u00edsio na entrevista a seguir<\/p>\n\n\n\n<figure class=\"wp-block-audio\"><audio controls src=\"https:\/\/radioprincesa2010.com.br\/fm\/wp-content\/uploads\/2024\/01\/aloisio26.1.mp3\"><\/audio><\/figure>\n\n\n\n<div class=\"wp-block-envira-envira-gallery\"><div id=\"envira-gallery-wrap-8521\" class=\"envira-gallery-wrap envira-gallery-theme-base envira-lightbox-theme-base\" itemscope itemtype=\"https:\/\/schema.org\/ImageGallery\"><div style=\"opacity: 0.0\"  data-row-height=\"150\" data-gallery-theme=\"normal\" id=\"envira-gallery-8521\" class=\"envira-gallery-public envira-gallery-justified-public envira-gallery-0-columns envira-clear enviratope envira-gallery-css-animations\" data-envira-columns=\"0\"><div id=\"envira-gallery-item-8519\" class=\"envira-gallery-item enviratope-item envira-gallery-item-1 envira-lazy-load\" style=\"padding-left: 1px; padding-bottom: 1px; padding-right: 1px;\"  itemscope itemtype=\"https:\/\/schema.org\/ImageObject\"><div class=\"envira-gallery-item-inner\"><div class=\"envira-gallery-position-overlay  envira-gallery-top-left\"><\/div><div class=\"envira-gallery-position-overlay  envira-gallery-top-right\"><\/div><div class=\"envira-gallery-position-overlay  envira-gallery-bottom-left\"><\/div><div class=\"envira-gallery-position-overlay  envira-gallery-bottom-right\"><\/div><a href=\"https:\/\/radioprincesa2010.com.br\/fm\/wp-content\/uploads\/2024\/01\/4.jpeg\" class=\"envira-gallery-8521 envira-gallery-link\" rel=\"enviragallery8521\" title=\"4\" data-envira-caption=\"4\" data-envira-retina=\"\" data-thumbnail=\"\"  itemprop=\"contentUrl\"><img decoding=\"async\" id=\"envira-gallery-image-8519\" class=\"envira-gallery-image envira-gallery-image-1 envira-normal envira-lazy\" data-envira-index=\"1\" src=\"https:\/\/radioprincesa2010.com.br\/fm\/wp-content\/uploads\/2024\/01\/4-1024x771-640x480.jpeg\" data-envira-src=\"https:\/\/radioprincesa2010.com.br\/fm\/wp-content\/uploads\/2024\/01\/4-1024x771-640x480.jpeg\" data-envira-gallery-id=\"8521\" data-envira-item-id=\"8519\" data-envira-caption=\"4\" alt=\"\" title=\"4\"  itemprop=\"thumbnailUrl\" data-envira-srcset=\"https:\/\/radioprincesa2010.com.br\/fm\/wp-content\/uploads\/2024\/01\/4-1024x771-640x480.jpeg 400w,https:\/\/radioprincesa2010.com.br\/fm\/wp-content\/uploads\/2024\/01\/4-1024x771-640x480.jpeg 2x\" data-envira-width=\"300\" data-envira-height=\"226\" srcset=\"data:image\/gif;base64,R0lGODlhAQABAIAAAP\/\/\/\/\/\/\/yH5BAEKAAEALAAAAAABAAEAAAICTAEAOw==\" data-safe-src=\"data:image\/gif;base64,R0lGODlhAQABAIAAAP\/\/\/\/\/\/\/yH5BAEKAAEALAAAAAABAAEAAAICTAEAOw==\" \/><\/a><\/div><\/div><div id=\"envira-gallery-item-8518\" class=\"envira-gallery-item enviratope-item envira-gallery-item-2 envira-lazy-load\" style=\"padding-left: 1px; padding-bottom: 1px; padding-right: 1px;\"  itemscope itemtype=\"https:\/\/schema.org\/ImageObject\"><div class=\"envira-gallery-item-inner\"><div class=\"envira-gallery-position-overlay  envira-gallery-top-left\"><\/div><div class=\"envira-gallery-position-overlay  envira-gallery-top-right\"><\/div><div class=\"envira-gallery-position-overlay  envira-gallery-bottom-left\"><\/div><div class=\"envira-gallery-position-overlay  envira-gallery-bottom-right\"><\/div><a href=\"https:\/\/radioprincesa2010.com.br\/fm\/wp-content\/uploads\/2024\/01\/3.jpeg\" class=\"envira-gallery-8521 envira-gallery-link\" rel=\"enviragallery8521\" title=\"3\" data-envira-caption=\"3\" data-envira-retina=\"\" data-thumbnail=\"\"  itemprop=\"contentUrl\"><img decoding=\"async\" id=\"envira-gallery-image-8518\" class=\"envira-gallery-image envira-gallery-image-2 envira-normal envira-lazy\" data-envira-index=\"2\" src=\"https:\/\/radioprincesa2010.com.br\/fm\/wp-content\/uploads\/2024\/01\/3-989x1024-640x480.jpeg\" data-envira-src=\"https:\/\/radioprincesa2010.com.br\/fm\/wp-content\/uploads\/2024\/01\/3-989x1024-640x480.jpeg\" data-envira-gallery-id=\"8521\" data-envira-item-id=\"8518\" data-envira-caption=\"3\" alt=\"\" title=\"3\"  itemprop=\"thumbnailUrl\" data-envira-srcset=\"https:\/\/radioprincesa2010.com.br\/fm\/wp-content\/uploads\/2024\/01\/3-989x1024-640x480.jpeg 400w,https:\/\/radioprincesa2010.com.br\/fm\/wp-content\/uploads\/2024\/01\/3-989x1024-640x480.jpeg 2x\" data-envira-width=\"290\" data-envira-height=\"300\" srcset=\"data:image\/gif;base64,R0lGODlhAQABAIAAAP\/\/\/\/\/\/\/yH5BAEKAAEALAAAAAABAAEAAAICTAEAOw==\" data-safe-src=\"data:image\/gif;base64,R0lGODlhAQABAIAAAP\/\/\/\/\/\/\/yH5BAEKAAEALAAAAAABAAEAAAICTAEAOw==\" \/><\/a><\/div><\/div><div id=\"envira-gallery-item-8517\" class=\"envira-gallery-item enviratope-item envira-gallery-item-3 envira-lazy-load\" style=\"padding-left: 1px; padding-bottom: 1px; padding-right: 1px;\"  itemscope itemtype=\"https:\/\/schema.org\/ImageObject\"><div class=\"envira-gallery-item-inner\"><div class=\"envira-gallery-position-overlay  envira-gallery-top-left\"><\/div><div class=\"envira-gallery-position-overlay  envira-gallery-top-right\"><\/div><div class=\"envira-gallery-position-overlay  envira-gallery-bottom-left\"><\/div><div class=\"envira-gallery-position-overlay  envira-gallery-bottom-right\"><\/div><a href=\"https:\/\/radioprincesa2010.com.br\/fm\/wp-content\/uploads\/2024\/01\/2.jpeg\" class=\"envira-gallery-8521 envira-gallery-link\" rel=\"enviragallery8521\" title=\"2\" data-envira-caption=\"2\" data-envira-retina=\"\" data-thumbnail=\"\"  itemprop=\"contentUrl\"><img decoding=\"async\" id=\"envira-gallery-image-8517\" class=\"envira-gallery-image envira-gallery-image-3 envira-normal envira-lazy\" data-envira-index=\"3\" src=\"https:\/\/radioprincesa2010.com.br\/fm\/wp-content\/uploads\/2024\/01\/2-906x1024-640x480.jpeg\" data-envira-src=\"https:\/\/radioprincesa2010.com.br\/fm\/wp-content\/uploads\/2024\/01\/2-906x1024-640x480.jpeg\" data-envira-gallery-id=\"8521\" data-envira-item-id=\"8517\" data-envira-caption=\"2\" alt=\"\" title=\"2\"  itemprop=\"thumbnailUrl\" data-envira-srcset=\"https:\/\/radioprincesa2010.com.br\/fm\/wp-content\/uploads\/2024\/01\/2-906x1024-640x480.jpeg 400w,https:\/\/radioprincesa2010.com.br\/fm\/wp-content\/uploads\/2024\/01\/2-906x1024-640x480.jpeg 2x\" data-envira-width=\"265\" data-envira-height=\"300\" srcset=\"data:image\/gif;base64,R0lGODlhAQABAIAAAP\/\/\/\/\/\/\/yH5BAEKAAEALAAAAAABAAEAAAICTAEAOw==\" data-safe-src=\"data:image\/gif;base64,R0lGODlhAQABAIAAAP\/\/\/\/\/\/\/yH5BAEKAAEALAAAAAABAAEAAAICTAEAOw==\" \/><\/a><\/div><\/div><div id=\"envira-gallery-item-8516\" class=\"envira-gallery-item enviratope-item envira-gallery-item-4 envira-lazy-load\" style=\"padding-left: 1px; padding-bottom: 1px; padding-right: 1px;\"  itemscope itemtype=\"https:\/\/schema.org\/ImageObject\"><div class=\"envira-gallery-item-inner\"><div class=\"envira-gallery-position-overlay  envira-gallery-top-left\"><\/div><div class=\"envira-gallery-position-overlay  envira-gallery-top-right\"><\/div><div class=\"envira-gallery-position-overlay  envira-gallery-bottom-left\"><\/div><div class=\"envira-gallery-position-overlay  envira-gallery-bottom-right\"><\/div><a href=\"https:\/\/radioprincesa2010.com.br\/fm\/wp-content\/uploads\/2024\/01\/1.jpeg\" class=\"envira-gallery-8521 envira-gallery-link\" rel=\"enviragallery8521\" title=\"1\" data-envira-caption=\"1\" data-envira-retina=\"\" data-thumbnail=\"\"  itemprop=\"contentUrl\"><img decoding=\"async\" id=\"envira-gallery-image-8516\" class=\"envira-gallery-image envira-gallery-image-4 envira-normal envira-lazy\" data-envira-index=\"4\" src=\"https:\/\/radioprincesa2010.com.br\/fm\/wp-content\/uploads\/2024\/01\/1-1024x576-640x480.jpeg\" data-envira-src=\"https:\/\/radioprincesa2010.com.br\/fm\/wp-content\/uploads\/2024\/01\/1-1024x576-640x480.jpeg\" data-envira-gallery-id=\"8521\" data-envira-item-id=\"8516\" data-envira-caption=\"1\" alt=\"\" title=\"1\"  itemprop=\"thumbnailUrl\" data-envira-srcset=\"https:\/\/radioprincesa2010.com.br\/fm\/wp-content\/uploads\/2024\/01\/1-1024x576-640x480.jpeg 400w,https:\/\/radioprincesa2010.com.br\/fm\/wp-content\/uploads\/2024\/01\/1-1024x576-640x480.jpeg 2x\" data-envira-width=\"300\" data-envira-height=\"169\" srcset=\"data:image\/gif;base64,R0lGODlhAQABAIAAAP\/\/\/\/\/\/\/yH5BAEKAAEALAAAAAABAAEAAAICTAEAOw==\" data-safe-src=\"data:image\/gif;base64,R0lGODlhAQABAIAAAP\/\/\/\/\/\/\/yH5BAEKAAEALAAAAAABAAEAAAICTAEAOw==\" \/><\/a><\/div><\/div><\/div><\/div><noscript><img decoding=\"async\" src=\"https:\/\/radioprincesa2010.com.br\/fm\/wp-content\/uploads\/2024\/01\/4.jpeg\" alt=\"\" \/><img decoding=\"async\" src=\"https:\/\/radioprincesa2010.com.br\/fm\/wp-content\/uploads\/2024\/01\/3.jpeg\" alt=\"\" \/><img decoding=\"async\" src=\"https:\/\/radioprincesa2010.com.br\/fm\/wp-content\/uploads\/2024\/01\/2.jpeg\" alt=\"\" \/><img decoding=\"async\" src=\"https:\/\/radioprincesa2010.com.br\/fm\/wp-content\/uploads\/2024\/01\/1.jpeg\" alt=\"\" \/><\/noscript><\/div>\n\n\n\n<p><\/p>\n\n\n\n<p><strong>SIGA NOSSAS REDES SOCIAIS PELOS LINKS BAIXO!<\/strong><\/p>\n\n\n\n<p>WhatsApp <a href=\"https:\/\/chat.whatsapp.com\/JsHyvfzC27MJbuicqtgrIa\" target=\"_blank\" rel=\"noreferrer noopener\">CLIQUE AQUI<\/a><\/p>\n\n\n\n<p>Facebook <a href=\"https:\/\/www.facebook.com\/profile.php?id=100040198482314\" target=\"_blank\" rel=\"noreferrer noopener\">CLIQUE AQUI<\/a><\/p>\n\n\n\n<p>Instagram <a href=\"https:\/\/www.instagram.com\/radioprincesa104\/\" target=\"_blank\" rel=\"noreferrer noopener\">CLIQUE AQUI<\/a><\/p>\n\n\n\n<div class=\"wp-block-query is-layout-flow wp-block-query-is-layout-flow\"><ul class=\"wp-block-post-template is-layout-flow wp-block-post-template-is-layout-flow\"><li class=\"wp-block-post post-11341 post type-post status-publish format-standard has-post-thumbnail hentry category-geral\">\n\n<div class=\"wp-block-columns are-vertically-aligned-center is-layout-flex wp-container-core-columns-is-layout-1 wp-block-columns-is-layout-flex\">\n<div class=\"wp-block-column is-vertically-aligned-center is-layout-flow wp-block-column-is-layout-flow\" style=\"flex-basis:25%\">\n<p><\/p>\n\n\n\n<p><\/p>\n\n\n<figure class=\"wp-block-post-featured-image\"><a href=\"https:\/\/radioprincesa2010.com.br\/fm\/andreia-colovini-chefe-do-cartorio-eleitoral-sede-espumoso-4a-zona-eleitoral-fala-sobre-as-mudancas-no-processo-eleitoral-em-selbach\/\" target=\"_self\"  ><img loading=\"lazy\" decoding=\"async\" width=\"500\" height=\"375\" src=\"https:\/\/radioprincesa2010.com.br\/fm\/wp-content\/uploads\/2026\/04\/5.jpeg\" class=\"attachment-post-thumbnail size-post-thumbnail wp-post-image\" alt=\"Andreia Colovini, chefe do cart\u00f3rio eleitoral sede espumoso 4\u00aa zona eleitoral, fala sobre as mudan\u00e7as no processo eleitoral em Selbach\" style=\"object-fit:cover;\" srcset=\"https:\/\/radioprincesa2010.com.br\/fm\/wp-content\/uploads\/2026\/04\/5.jpeg 500w, https:\/\/radioprincesa2010.com.br\/fm\/wp-content\/uploads\/2026\/04\/5-300x225.jpeg 300w, https:\/\/radioprincesa2010.com.br\/fm\/wp-content\/uploads\/2026\/04\/5-80x60.jpeg 80w\" sizes=\"auto, (max-width: 500px) 100vw, 500px\" \/><\/a><\/figure><\/div>\n\n\n\n<div class=\"wp-block-column is-vertically-aligned-center is-layout-flow wp-block-column-is-layout-flow\" style=\"flex-basis:75%\"><h2 class=\"wp-block-post-title\"><a href=\"https:\/\/radioprincesa2010.com.br\/fm\/andreia-colovini-chefe-do-cartorio-eleitoral-sede-espumoso-4a-zona-eleitoral-fala-sobre-as-mudancas-no-processo-eleitoral-em-selbach\/\" target=\"_self\" >Andreia Colovini, chefe do cart\u00f3rio eleitoral sede espumoso 4\u00aa zona eleitoral, fala sobre as mudan\u00e7as no processo eleitoral em Selbach<\/a><\/h2><\/div>\n<\/div>\n\n<\/li><li class=\"wp-block-post post-11336 post type-post status-publish format-standard has-post-thumbnail hentry category-geral\">\n\n<div class=\"wp-block-columns are-vertically-aligned-center is-layout-flex wp-container-core-columns-is-layout-2 wp-block-columns-is-layout-flex\">\n<div class=\"wp-block-column is-vertically-aligned-center is-layout-flow wp-block-column-is-layout-flow\" style=\"flex-basis:25%\">\n<p><\/p>\n\n\n\n<p><\/p>\n\n\n<figure class=\"wp-block-post-featured-image\"><a href=\"https:\/\/radioprincesa2010.com.br\/fm\/sexta-rodada-do-campeonato-cresol-de-futsal-2a-divisao\/\" target=\"_self\"  ><img loading=\"lazy\" decoding=\"async\" width=\"500\" height=\"378\" src=\"https:\/\/radioprincesa2010.com.br\/fm\/wp-content\/uploads\/2026\/04\/500-5.jpg\" class=\"attachment-post-thumbnail size-post-thumbnail wp-post-image\" alt=\"Sexta Rodada do Campeonato Cresol de Futsal \u2013 2\u00aa Divis\u00e3o\" style=\"object-fit:cover;\" srcset=\"https:\/\/radioprincesa2010.com.br\/fm\/wp-content\/uploads\/2026\/04\/500-5.jpg 500w, https:\/\/radioprincesa2010.com.br\/fm\/wp-content\/uploads\/2026\/04\/500-5-300x227.jpg 300w, https:\/\/radioprincesa2010.com.br\/fm\/wp-content\/uploads\/2026\/04\/500-5-79x60.jpg 79w\" sizes=\"auto, (max-width: 500px) 100vw, 500px\" \/><\/a><\/figure><\/div>\n\n\n\n<div class=\"wp-block-column is-vertically-aligned-center is-layout-flow wp-block-column-is-layout-flow\" style=\"flex-basis:75%\"><h2 class=\"wp-block-post-title\"><a href=\"https:\/\/radioprincesa2010.com.br\/fm\/sexta-rodada-do-campeonato-cresol-de-futsal-2a-divisao\/\" target=\"_self\" >Sexta Rodada do Campeonato Cresol de Futsal \u2013 2\u00aa Divis\u00e3o<\/a><\/h2><\/div>\n<\/div>\n\n<\/li><li class=\"wp-block-post post-11332 post type-post status-publish format-standard has-post-thumbnail hentry category-geral\">\n\n<div class=\"wp-block-columns are-vertically-aligned-center is-layout-flex wp-container-core-columns-is-layout-3 wp-block-columns-is-layout-flex\">\n<div class=\"wp-block-column is-vertically-aligned-center is-layout-flow wp-block-column-is-layout-flow\" style=\"flex-basis:25%\">\n<p><\/p>\n\n\n\n<p><\/p>\n\n\n<figure class=\"wp-block-post-featured-image\"><a href=\"https:\/\/radioprincesa2010.com.br\/fm\/confira-imagens-do-temporal-em-selbach-e-regiao\/\" target=\"_self\"  ><img loading=\"lazy\" decoding=\"async\" width=\"500\" height=\"281\" src=\"https:\/\/radioprincesa2010.com.br\/fm\/wp-content\/uploads\/2026\/04\/x1.jpeg\" class=\"attachment-post-thumbnail size-post-thumbnail wp-post-image\" alt=\"Confira Imagens do temporal em Selbach e Regi\u00e3o\" style=\"object-fit:cover;\" srcset=\"https:\/\/radioprincesa2010.com.br\/fm\/wp-content\/uploads\/2026\/04\/x1.jpeg 500w, https:\/\/radioprincesa2010.com.br\/fm\/wp-content\/uploads\/2026\/04\/x1-300x169.jpeg 300w, https:\/\/radioprincesa2010.com.br\/fm\/wp-content\/uploads\/2026\/04\/x1-107x60.jpeg 107w\" sizes=\"auto, (max-width: 500px) 100vw, 500px\" \/><\/a><\/figure><\/div>\n\n\n\n<div class=\"wp-block-column is-vertically-aligned-center is-layout-flow wp-block-column-is-layout-flow\" style=\"flex-basis:75%\"><h2 class=\"wp-block-post-title\"><a href=\"https:\/\/radioprincesa2010.com.br\/fm\/confira-imagens-do-temporal-em-selbach-e-regiao\/\" target=\"_self\" >Confira Imagens do temporal em Selbach e Regi\u00e3o<\/a><\/h2><\/div>\n<\/div>\n\n<\/li><\/ul><\/div>\n\n\n\n<h2 class=\"wp-block-heading\">MAIS ASSUNTOS:<\/h2>\n\n\n\n<p>Chuva no RS destruiu a roda d\u00b4\u00e1gua de Moinho Colonial<\/p>\n\n\n\n<figure class=\"wp-block-embed is-type-video is-provider-youtube wp-block-embed-youtube wp-embed-aspect-16-9 wp-has-aspect-ratio\"><div class=\"wp-block-embed__wrapper\">\n<iframe loading=\"lazy\" title=\"Chuva no RS destruiu a roda d\u00b4\u00e1gua de Moinho Colonial\" width=\"925\" height=\"520\" src=\"https:\/\/www.youtube.com\/embed\/aHL146Zwslk?feature=oembed\" frameborder=\"0\" allow=\"accelerometer; autoplay; clipboard-write; encrypted-media; gyroscope; picture-in-picture; web-share\" allowfullscreen><\/iframe>\n<\/div><\/figure>\n\n\n\n<p>Visitamos o maior lago artificial do Rio Grande do Sul &#8211; XV de Novembro<\/p>\n\n\n\n<figure class=\"wp-block-embed is-type-video is-provider-youtube wp-block-embed-youtube wp-embed-aspect-16-9 wp-has-aspect-ratio\"><div class=\"wp-block-embed__wrapper\">\n<iframe loading=\"lazy\" title=\"Visitamos o maior lago artificial do Rio Grande do Sul\" width=\"925\" height=\"520\" src=\"https:\/\/www.youtube.com\/embed\/lNYW4HHgxkw?feature=oembed\" frameborder=\"0\" allow=\"accelerometer; autoplay; clipboard-write; encrypted-media; gyroscope; picture-in-picture; web-share\" allowfullscreen><\/iframe>\n<\/div><figcaption class=\"wp-element-caption\"><a href=\"https:\/\/youtu.be\/lNYW4HHgxkw\" target=\"_blank\" rel=\"noreferrer noopener\">OU VEJA AQUI<\/a><\/figcaption><\/figure>\n\n\n\n<p>Como \u00e9 uma festa em comunidade de cidade pequena? Fomos a S\u00e3o Pascoal &#8211; Selbach\/RS<\/p>\n\n\n\n<figure class=\"wp-block-embed is-type-video is-provider-youtube wp-block-embed-youtube wp-embed-aspect-16-9 wp-has-aspect-ratio\"><div class=\"wp-block-embed__wrapper\">\n<iframe loading=\"lazy\" title=\"Como \u00e9 uma festa em comunidade de cidade pequena? Fomos a S\u00e3o Pascoal - Selbach\/RS\" width=\"925\" height=\"520\" src=\"https:\/\/www.youtube.com\/embed\/keaNkamVMAE?feature=oembed\" frameborder=\"0\" allow=\"accelerometer; autoplay; clipboard-write; encrypted-media; gyroscope; picture-in-picture; web-share\" allowfullscreen><\/iframe>\n<\/div><figcaption class=\"wp-element-caption\"><a href=\"https:\/\/youtu.be\/keaNkamVMAE\" target=\"_blank\" rel=\"noreferrer noopener\">ou veja aqui<\/a><\/figcaption><\/figure>\n\n\n\n<p>Olha que lugar lindo!<\/p>\n\n\n\n<figure class=\"wp-block-embed is-type-video is-provider-youtube wp-block-embed-youtube wp-embed-aspect-16-9 wp-has-aspect-ratio\"><div class=\"wp-block-embed__wrapper\">\n<iframe loading=\"lazy\" title=\"Pedreira em Passo Fundo RS - LINDO\" width=\"925\" height=\"520\" src=\"https:\/\/www.youtube.com\/embed\/FqSPygSOWGA?feature=oembed\" frameborder=\"0\" allow=\"accelerometer; autoplay; clipboard-write; encrypted-media; gyroscope; picture-in-picture; web-share\" allowfullscreen><\/iframe>\n<\/div><figcaption class=\"wp-element-caption\"><a href=\"https:\/\/youtu.be\/FqSPygSOWGA\" target=\"_blank\" rel=\"noreferrer noopener\">ou veja aqui<\/a><\/figcaption><\/figure>\n\n\n\n<h2 class=\"wp-block-heading\">Bail\u00e3o em Bela Vista &#8211; Se inscreva no canal!<\/h2>\n\n\n\n<figure class=\"wp-block-embed is-type-video is-provider-youtube wp-block-embed-youtube wp-embed-aspect-16-9 wp-has-aspect-ratio\"><div class=\"wp-block-embed__wrapper\">\n<iframe loading=\"lazy\" title=\"#BAILE de #CHOPP em cidade Pequena - Bela Vista Selbach\" width=\"925\" height=\"520\" src=\"https:\/\/www.youtube.com\/embed\/Uv2y8bYFJQE?feature=oembed\" frameborder=\"0\" allow=\"accelerometer; autoplay; clipboard-write; encrypted-media; gyroscope; picture-in-picture; web-share\" allowfullscreen><\/iframe>\n<\/div><figcaption class=\"wp-element-caption\"><a href=\"https:\/\/youtu.be\/Uv2y8bYFJQE\" target=\"_blank\" rel=\"noreferrer noopener\">ou veja aqui<\/a><\/figcaption><\/figure>\n\n\n\n<h2 class=\"wp-block-heading\">CONFIRA NOSSA HOMENAGEM A XV BLUMENFEST:<\/h2>\n\n\n\n<figure class=\"wp-block-embed is-type-video is-provider-youtube wp-block-embed-youtube wp-embed-aspect-16-9 wp-has-aspect-ratio\"><div class=\"wp-block-embed__wrapper\">\n<iframe loading=\"lazy\" title=\"Como \u00e9 uma festa de #ALEM\u00c3O em cidade pequena - Selbach RS\" width=\"925\" height=\"520\" src=\"https:\/\/www.youtube.com\/embed\/okokN0UxJpc?start=16&#038;feature=oembed\" frameborder=\"0\" allow=\"accelerometer; autoplay; clipboard-write; encrypted-media; gyroscope; picture-in-picture; web-share\" allowfullscreen><\/iframe>\n<\/div><figcaption class=\"wp-element-caption\"><a href=\"https:\/\/www.youtube.com\/watch?v=okokN0UxJpc&amp;t=16s\" target=\"_blank\" rel=\"noreferrer noopener\">ou veja aqui<\/a><\/figcaption><\/figure>\n\n\n\n<h2 class=\"wp-block-heading\"><\/h2>\n\n\n\n<p><\/p>\n","protected":false},"excerpt":{"rendered":"<p>Alo\u00edsio Felipe Werlang o padre Alo\u00edsio encerra suas atividades na par\u00f3quia de Selbach passando o comando ao padre Aldino Barth. Confira um pouco da hist\u00f3ria do padre Alo\u00edsio na entrevista a seguir SIGA NOSSAS REDES SOCIAIS PELOS LINKS BAIXO! WhatsApp CLIQUE AQUI Facebook CLIQUE AQUI Instagram CLIQUE AQUI MAIS ASSUNTOS: Chuva no RS destruiu a &hellip; <\/p>\n","protected":false},"author":1,"featured_media":8520,"comment_status":"open","ping_status":"open","sticky":false,"template":"","format":"standard","meta":{"footnotes":""},"categories":[1],"tags":[631,8,632],"class_list":["post-8514","post","type-post","status-publish","format-standard","has-post-thumbnail","hentry","category-geral","tag-padre-aloisio","tag-selbach","tag-werlang"],"yoast_head":"<!-- This site is optimized with the Yoast SEO plugin v16.1.1 - https:\/\/yoast.com\/wordpress\/plugins\/seo\/ -->\n<title>O p\u00e1roco Alo\u00edsio deixa a par\u00f3quia de Selbach - CONFIRA A ENTREVISTA AQUI - R\u00e1dio Princesa FM 104.9 Mhz<\/title>\n<link rel=\"canonical\" href=\"https:\/\/radioprincesa2010.com.br\/fm\/o-paroco-aloisio-deixa-a-paroquia-de-selbach-confira-a-entrevista-aqui\/\" \/>\n<meta property=\"og:locale\" content=\"pt_BR\" \/>\n<meta property=\"og:type\" content=\"article\" \/>\n<meta property=\"og:title\" content=\"O p\u00e1roco Alo\u00edsio deixa a par\u00f3quia de Selbach - CONFIRA A ENTREVISTA AQUI - R\u00e1dio Princesa FM 104.9 Mhz\" \/>\n<meta property=\"og:description\" content=\"Alo\u00edsio Felipe Werlang o padre Alo\u00edsio encerra suas atividades na par\u00f3quia de Selbach passando o comando ao padre Aldino Barth. Confira um pouco da hist\u00f3ria do padre Alo\u00edsio na entrevista a seguir SIGA NOSSAS REDES SOCIAIS PELOS LINKS BAIXO! WhatsApp CLIQUE AQUI Facebook CLIQUE AQUI Instagram CLIQUE AQUI MAIS ASSUNTOS: Chuva no RS destruiu a &hellip;\" \/>\n<meta property=\"og:url\" content=\"https:\/\/radioprincesa2010.com.br\/fm\/o-paroco-aloisio-deixa-a-paroquia-de-selbach-confira-a-entrevista-aqui\/\" \/>\n<meta property=\"og:site_name\" content=\"R\u00e1dio Princesa FM 104.9 Mhz\" \/>\n<meta property=\"article:published_time\" content=\"2024-01-26T13:11:46+00:00\" \/>\n<meta property=\"article:modified_time\" content=\"2024-01-26T13:11:49+00:00\" \/>\n<meta property=\"og:image\" content=\"https:\/\/radioprincesa2010.com.br\/fm\/wp-content\/uploads\/2024\/01\/4-1.jpeg\" \/>\n\t<meta property=\"og:image:width\" content=\"1067\" \/>\n\t<meta property=\"og:image:height\" content=\"912\" \/>\n<meta name=\"twitter:card\" content=\"summary_large_image\" \/>\n<meta name=\"twitter:label1\" content=\"Est. tempo de leitura\">\n\t<meta name=\"twitter:data1\" content=\"1 minuto\">\n<script type=\"application\/ld+json\" class=\"yoast-schema-graph\">{\"@context\":\"https:\/\/schema.org\",\"@graph\":[{\"@type\":\"WebSite\",\"@id\":\"https:\/\/radioprincesa2010.com.br\/fm\/#website\",\"url\":\"https:\/\/radioprincesa2010.com.br\/fm\/\",\"name\":\"R\\u00e1dio Princesa FM 104.9 Mhz\",\"description\":\"Com voc\\u00ea o tempo todo\",\"potentialAction\":[{\"@type\":\"SearchAction\",\"target\":\"https:\/\/radioprincesa2010.com.br\/fm\/?s={search_term_string}\",\"query-input\":\"required name=search_term_string\"}],\"inLanguage\":\"pt-BR\"},{\"@type\":\"ImageObject\",\"@id\":\"https:\/\/radioprincesa2010.com.br\/fm\/o-paroco-aloisio-deixa-a-paroquia-de-selbach-confira-a-entrevista-aqui\/#primaryimage\",\"inLanguage\":\"pt-BR\",\"url\":\"https:\/\/radioprincesa2010.com.br\/fm\/wp-content\/uploads\/2024\/01\/4-1.jpeg\",\"contentUrl\":\"https:\/\/radioprincesa2010.com.br\/fm\/wp-content\/uploads\/2024\/01\/4-1.jpeg\",\"width\":1067,\"height\":912},{\"@type\":\"WebPage\",\"@id\":\"https:\/\/radioprincesa2010.com.br\/fm\/o-paroco-aloisio-deixa-a-paroquia-de-selbach-confira-a-entrevista-aqui\/#webpage\",\"url\":\"https:\/\/radioprincesa2010.com.br\/fm\/o-paroco-aloisio-deixa-a-paroquia-de-selbach-confira-a-entrevista-aqui\/\",\"name\":\"O p\\u00e1roco Alo\\u00edsio deixa a par\\u00f3quia de Selbach - CONFIRA A ENTREVISTA AQUI - R\\u00e1dio Princesa FM 104.9 Mhz\",\"isPartOf\":{\"@id\":\"https:\/\/radioprincesa2010.com.br\/fm\/#website\"},\"primaryImageOfPage\":{\"@id\":\"https:\/\/radioprincesa2010.com.br\/fm\/o-paroco-aloisio-deixa-a-paroquia-de-selbach-confira-a-entrevista-aqui\/#primaryimage\"},\"datePublished\":\"2024-01-26T13:11:46+00:00\",\"dateModified\":\"2024-01-26T13:11:49+00:00\",\"author\":{\"@id\":\"https:\/\/radioprincesa2010.com.br\/fm\/#\/schema\/person\/7387850c16b3f47de42a1accfc7045c8\"},\"breadcrumb\":{\"@id\":\"https:\/\/radioprincesa2010.com.br\/fm\/o-paroco-aloisio-deixa-a-paroquia-de-selbach-confira-a-entrevista-aqui\/#breadcrumb\"},\"inLanguage\":\"pt-BR\",\"potentialAction\":[{\"@type\":\"ReadAction\",\"target\":[\"https:\/\/radioprincesa2010.com.br\/fm\/o-paroco-aloisio-deixa-a-paroquia-de-selbach-confira-a-entrevista-aqui\/\"]}]},{\"@type\":\"BreadcrumbList\",\"@id\":\"https:\/\/radioprincesa2010.com.br\/fm\/o-paroco-aloisio-deixa-a-paroquia-de-selbach-confira-a-entrevista-aqui\/#breadcrumb\",\"itemListElement\":[{\"@type\":\"ListItem\",\"position\":1,\"item\":{\"@type\":\"WebPage\",\"@id\":\"https:\/\/radioprincesa2010.com.br\/fm\/\",\"url\":\"https:\/\/radioprincesa2010.com.br\/fm\/\",\"name\":\"In\\u00edcio\"}},{\"@type\":\"ListItem\",\"position\":2,\"item\":{\"@type\":\"WebPage\",\"@id\":\"https:\/\/radioprincesa2010.com.br\/fm\/o-paroco-aloisio-deixa-a-paroquia-de-selbach-confira-a-entrevista-aqui\/\",\"url\":\"https:\/\/radioprincesa2010.com.br\/fm\/o-paroco-aloisio-deixa-a-paroquia-de-selbach-confira-a-entrevista-aqui\/\",\"name\":\"O p\\u00e1roco Alo\\u00edsio deixa a par\\u00f3quia de Selbach &#8211; CONFIRA A ENTREVISTA AQUI\"}}]},{\"@type\":\"Person\",\"@id\":\"https:\/\/radioprincesa2010.com.br\/fm\/#\/schema\/person\/7387850c16b3f47de42a1accfc7045c8\",\"name\":\"Princesa ADM\",\"image\":{\"@type\":\"ImageObject\",\"@id\":\"https:\/\/radioprincesa2010.com.br\/fm\/#personlogo\",\"inLanguage\":\"pt-BR\",\"url\":\"https:\/\/secure.gravatar.com\/avatar\/f30936cf78b511d12d0dda9d77461df5?s=96&d=mm&r=g\",\"contentUrl\":\"https:\/\/secure.gravatar.com\/avatar\/f30936cf78b511d12d0dda9d77461df5?s=96&d=mm&r=g\",\"caption\":\"Princesa ADM\"}}]}<\/script>\n<!-- \/ Yoast SEO plugin. -->","_links":{"self":[{"href":"https:\/\/radioprincesa2010.com.br\/fm\/wp-json\/wp\/v2\/posts\/8514","targetHints":{"allow":["GET"]}}],"collection":[{"href":"https:\/\/radioprincesa2010.com.br\/fm\/wp-json\/wp\/v2\/posts"}],"about":[{"href":"https:\/\/radioprincesa2010.com.br\/fm\/wp-json\/wp\/v2\/types\/post"}],"author":[{"embeddable":true,"href":"https:\/\/radioprincesa2010.com.br\/fm\/wp-json\/wp\/v2\/users\/1"}],"replies":[{"embeddable":true,"href":"https:\/\/radioprincesa2010.com.br\/fm\/wp-json\/wp\/v2\/comments?post=8514"}],"version-history":[{"count":1,"href":"https:\/\/radioprincesa2010.com.br\/fm\/wp-json\/wp\/v2\/posts\/8514\/revisions"}],"predecessor-version":[{"id":8522,"href":"https:\/\/radioprincesa2010.com.br\/fm\/wp-json\/wp\/v2\/posts\/8514\/revisions\/8522"}],"wp:featuredmedia":[{"embeddable":true,"href":"https:\/\/radioprincesa2010.com.br\/fm\/wp-json\/wp\/v2\/media\/8520"}],"wp:attachment":[{"href":"https:\/\/radioprincesa2010.com.br\/fm\/wp-json\/wp\/v2\/media?parent=8514"}],"wp:term":[{"taxonomy":"category","embeddable":true,"href":"https:\/\/radioprincesa2010.com.br\/fm\/wp-json\/wp\/v2\/categories?post=8514"},{"taxonomy":"post_tag","embeddable":true,"href":"https:\/\/radioprincesa2010.com.br\/fm\/wp-json\/wp\/v2\/tags?post=8514"}],"curies":[{"name":"wp","href":"https:\/\/api.w.org\/{rel}","templated":true}]}}