{"id":8494,"date":"2024-01-22T13:59:03","date_gmt":"2024-01-22T13:59:03","guid":{"rendered":"https:\/\/radioprincesa2010.com.br\/fm\/?p=8494"},"modified":"2024-01-22T14:10:28","modified_gmt":"2024-01-22T14:10:28","slug":"secretaria-de-saude-de-selbach-realiza-encontro-materno-paterno-infantil-com-servicos-essenciais","status":"publish","type":"post","link":"https:\/\/radioprincesa2010.com.br\/fm\/secretaria-de-saude-de-selbach-realiza-encontro-materno-paterno-infantil-com-servicos-essenciais\/","title":{"rendered":"Secretaria de sa\u00fade de Selbach realiza encontro materno-paterno-infantil com servi\u00e7os essenciais"},"content":{"rendered":"<div id=\"fb-root\"><\/div>\n\n<p>Na noite de quinta-feira (18), a Secretaria de Sa\u00fade de Selbach realizou um encontro materno-paterno-infantil com servi\u00e7os importantes para a sa\u00fade da gestante e do rec\u00e9m-nascido. Entre as abordagens realizadas, destacaram-se a pr\u00e1tica de curativo de coto umbilical, os sinais de perigo no rec\u00e9m-nascido, o banho do rec\u00e9m-nascido, a aferi\u00e7\u00e3o de peso, press\u00e3o arterial e hemoglicoteste (exame que afere o n\u00edvel de glicose no sangue) nas gestantes e companheiros.<\/p>\n\n\n\n<p>O momento contou com a presen\u00e7a de gestantes e seus companheiros, que receberam atendimento de qualidade e puderam sanar suas d\u00favidas e preocupa\u00e7\u00f5es com rela\u00e7\u00e3o aos cuidados com o beb\u00ea e a gesta\u00e7\u00e3o.<\/p>\n\n\n\n<p>A iniciativa da Secretaria de Sa\u00fade de Selbach \u00e9 de extrema import\u00e2ncia para garantir a sa\u00fade e bem-estar da m\u00e3e e do rec\u00e9m-nascido, al\u00e9m de refor\u00e7ar o compromisso com a qualidade do servi\u00e7o prestado \u00e0 popula\u00e7\u00e3o.<\/p>\n\n\n\n<p><a href=\"https:\/\/www.facebook.com\/hashtag\/sa%C3%BAde?__eep__=6&amp;__cft__[0]=AZXi0vK7FV5H02UWOd3Sjn9ZtDfotKHv2OGwDEwVZBNtXqTfFqRMBUtlKmB4Y1k9-tiZb7Mby-v125Bl17YR6GnnEZSpnxRoxpyEv1EQ2X5MF6O0-qFqD8p12ZJl-g9YN2Q2j8FeHxlM9d9INaLvACmmB-YUOYk4ohfzmmkLHIsIBpv4kZZtlJoej3Dh70QfjB0&amp;__tn__=*NK-R\">#Sa\u00fade<\/a><a href=\"https:\/\/www.facebook.com\/hashtag\/gestantes?__eep__=6&amp;__cft__[0]=AZXi0vK7FV5H02UWOd3Sjn9ZtDfotKHv2OGwDEwVZBNtXqTfFqRMBUtlKmB4Y1k9-tiZb7Mby-v125Bl17YR6GnnEZSpnxRoxpyEv1EQ2X5MF6O0-qFqD8p12ZJl-g9YN2Q2j8FeHxlM9d9INaLvACmmB-YUOYk4ohfzmmkLHIsIBpv4kZZtlJoej3Dh70QfjB0&amp;__tn__=*NK-R\">#Gestantes<\/a><a href=\"https:\/\/www.facebook.com\/hashtag\/cuidados?__eep__=6&amp;__cft__[0]=AZXi0vK7FV5H02UWOd3Sjn9ZtDfotKHv2OGwDEwVZBNtXqTfFqRMBUtlKmB4Y1k9-tiZb7Mby-v125Bl17YR6GnnEZSpnxRoxpyEv1EQ2X5MF6O0-qFqD8p12ZJl-g9YN2Q2j8FeHxlM9d9INaLvACmmB-YUOYk4ohfzmmkLHIsIBpv4kZZtlJoej3Dh70QfjB0&amp;__tn__=*NK-R\">#Cuidados<\/a><a href=\"https:\/\/www.facebook.com\/hashtag\/prefeituradeselbach?__eep__=6&amp;__cft__[0]=AZXi0vK7FV5H02UWOd3Sjn9ZtDfotKHv2OGwDEwVZBNtXqTfFqRMBUtlKmB4Y1k9-tiZb7Mby-v125Bl17YR6GnnEZSpnxRoxpyEv1EQ2X5MF6O0-qFqD8p12ZJl-g9YN2Q2j8FeHxlM9d9INaLvACmmB-YUOYk4ohfzmmkLHIsIBpv4kZZtlJoej3Dh70QfjB0&amp;__tn__=*NK-R\">#PrefeituradeSelbach<\/a><a href=\"https:\/\/www.facebook.com\/hashtag\/selbach?__eep__=6&amp;__cft__[0]=AZXi0vK7FV5H02UWOd3Sjn9ZtDfotKHv2OGwDEwVZBNtXqTfFqRMBUtlKmB4Y1k9-tiZb7Mby-v125Bl17YR6GnnEZSpnxRoxpyEv1EQ2X5MF6O0-qFqD8p12ZJl-g9YN2Q2j8FeHxlM9d9INaLvACmmB-YUOYk4ohfzmmkLHIsIBpv4kZZtlJoej3Dh70QfjB0&amp;__tn__=*NK-R\">#Selbach<\/a><a href=\"https:\/\/www.facebook.com\/hashtag\/sms?__eep__=6&amp;__cft__[0]=AZXi0vK7FV5H02UWOd3Sjn9ZtDfotKHv2OGwDEwVZBNtXqTfFqRMBUtlKmB4Y1k9-tiZb7Mby-v125Bl17YR6GnnEZSpnxRoxpyEv1EQ2X5MF6O0-qFqD8p12ZJl-g9YN2Q2j8FeHxlM9d9INaLvACmmB-YUOYk4ohfzmmkLHIsIBpv4kZZtlJoej3Dh70QfjB0&amp;__tn__=*NK-R\">#SMS<\/a><\/p>\n\n\n\n<div class=\"wp-block-envira-envira-gallery\"><div id=\"envira-gallery-wrap-8499\" class=\"envira-gallery-wrap envira-gallery-theme-base envira-lightbox-theme-base\" itemscope itemtype=\"https:\/\/schema.org\/ImageGallery\"><div style=\"opacity: 0.0\"  data-row-height=\"150\" data-gallery-theme=\"normal\" id=\"envira-gallery-8499\" class=\"envira-gallery-public envira-gallery-justified-public envira-gallery-0-columns envira-clear enviratope envira-gallery-css-animations\" data-envira-columns=\"0\"><div id=\"envira-gallery-item-8498\" class=\"envira-gallery-item enviratope-item envira-gallery-item-1 envira-lazy-load\" style=\"padding-left: 1px; padding-bottom: 1px; padding-right: 1px;\"  itemscope itemtype=\"https:\/\/schema.org\/ImageObject\"><div class=\"envira-gallery-item-inner\"><div class=\"envira-gallery-position-overlay  envira-gallery-top-left\"><\/div><div class=\"envira-gallery-position-overlay  envira-gallery-top-right\"><\/div><div class=\"envira-gallery-position-overlay  envira-gallery-bottom-left\"><\/div><div class=\"envira-gallery-position-overlay  envira-gallery-bottom-right\"><\/div><a href=\"https:\/\/radioprincesa2010.com.br\/fm\/wp-content\/uploads\/2024\/01\/c.jpg\" class=\"envira-gallery-8499 envira-gallery-link\" rel=\"enviragallery8499\" title=\"c\" data-envira-caption=\"c\" data-envira-retina=\"\" data-thumbnail=\"\"  itemprop=\"contentUrl\"><img decoding=\"async\" id=\"envira-gallery-image-8498\" class=\"envira-gallery-image envira-gallery-image-1 envira-normal envira-lazy\" data-envira-index=\"1\" src=\"https:\/\/radioprincesa2010.com.br\/fm\/wp-content\/uploads\/2024\/01\/c-1024x1024-640x480.jpg\" data-envira-src=\"https:\/\/radioprincesa2010.com.br\/fm\/wp-content\/uploads\/2024\/01\/c-1024x1024-640x480.jpg\" data-envira-gallery-id=\"8499\" data-envira-item-id=\"8498\" data-envira-caption=\"c\" alt=\"\" title=\"c\"  itemprop=\"thumbnailUrl\" data-envira-srcset=\"https:\/\/radioprincesa2010.com.br\/fm\/wp-content\/uploads\/2024\/01\/c-1024x1024-640x480.jpg 400w,https:\/\/radioprincesa2010.com.br\/fm\/wp-content\/uploads\/2024\/01\/c-1024x1024-640x480.jpg 2x\" data-envira-width=\"300\" data-envira-height=\"300\" srcset=\"data:image\/gif;base64,R0lGODlhAQABAIAAAP\/\/\/\/\/\/\/yH5BAEKAAEALAAAAAABAAEAAAICTAEAOw==\" data-safe-src=\"data:image\/gif;base64,R0lGODlhAQABAIAAAP\/\/\/\/\/\/\/yH5BAEKAAEALAAAAAABAAEAAAICTAEAOw==\" \/><\/a><\/div><\/div><div id=\"envira-gallery-item-8497\" class=\"envira-gallery-item enviratope-item envira-gallery-item-2 envira-lazy-load\" style=\"padding-left: 1px; padding-bottom: 1px; padding-right: 1px;\"  itemscope itemtype=\"https:\/\/schema.org\/ImageObject\"><div class=\"envira-gallery-item-inner\"><div class=\"envira-gallery-position-overlay  envira-gallery-top-left\"><\/div><div class=\"envira-gallery-position-overlay  envira-gallery-top-right\"><\/div><div class=\"envira-gallery-position-overlay  envira-gallery-bottom-left\"><\/div><div class=\"envira-gallery-position-overlay  envira-gallery-bottom-right\"><\/div><a href=\"https:\/\/radioprincesa2010.com.br\/fm\/wp-content\/uploads\/2024\/01\/b.jpg\" class=\"envira-gallery-8499 envira-gallery-link\" rel=\"enviragallery8499\" title=\"b\" data-envira-caption=\"b\" data-envira-retina=\"\" data-thumbnail=\"\"  itemprop=\"contentUrl\"><img decoding=\"async\" id=\"envira-gallery-image-8497\" class=\"envira-gallery-image envira-gallery-image-2 envira-normal envira-lazy\" data-envira-index=\"2\" src=\"https:\/\/radioprincesa2010.com.br\/fm\/wp-content\/uploads\/2024\/01\/b-1024x1024-640x480.jpg\" data-envira-src=\"https:\/\/radioprincesa2010.com.br\/fm\/wp-content\/uploads\/2024\/01\/b-1024x1024-640x480.jpg\" data-envira-gallery-id=\"8499\" data-envira-item-id=\"8497\" data-envira-caption=\"b\" alt=\"\" title=\"b\"  itemprop=\"thumbnailUrl\" data-envira-srcset=\"https:\/\/radioprincesa2010.com.br\/fm\/wp-content\/uploads\/2024\/01\/b-1024x1024-640x480.jpg 400w,https:\/\/radioprincesa2010.com.br\/fm\/wp-content\/uploads\/2024\/01\/b-1024x1024-640x480.jpg 2x\" data-envira-width=\"300\" data-envira-height=\"300\" srcset=\"data:image\/gif;base64,R0lGODlhAQABAIAAAP\/\/\/\/\/\/\/yH5BAEKAAEALAAAAAABAAEAAAICTAEAOw==\" data-safe-src=\"data:image\/gif;base64,R0lGODlhAQABAIAAAP\/\/\/\/\/\/\/yH5BAEKAAEALAAAAAABAAEAAAICTAEAOw==\" \/><\/a><\/div><\/div><div id=\"envira-gallery-item-8496\" class=\"envira-gallery-item enviratope-item envira-gallery-item-3 envira-lazy-load\" style=\"padding-left: 1px; padding-bottom: 1px; padding-right: 1px;\"  itemscope itemtype=\"https:\/\/schema.org\/ImageObject\"><div class=\"envira-gallery-item-inner\"><div class=\"envira-gallery-position-overlay  envira-gallery-top-left\"><\/div><div class=\"envira-gallery-position-overlay  envira-gallery-top-right\"><\/div><div class=\"envira-gallery-position-overlay  envira-gallery-bottom-left\"><\/div><div class=\"envira-gallery-position-overlay  envira-gallery-bottom-right\"><\/div><a href=\"https:\/\/radioprincesa2010.com.br\/fm\/wp-content\/uploads\/2024\/01\/a-1.jpg\" class=\"envira-gallery-8499 envira-gallery-link\" rel=\"enviragallery8499\" title=\"a\" data-envira-caption=\"a\" data-envira-retina=\"\" data-thumbnail=\"\"  itemprop=\"contentUrl\"><img decoding=\"async\" id=\"envira-gallery-image-8496\" class=\"envira-gallery-image envira-gallery-image-3 envira-normal envira-lazy\" data-envira-index=\"3\" src=\"https:\/\/radioprincesa2010.com.br\/fm\/wp-content\/uploads\/2024\/01\/a-1-1024x1024-640x480.jpg\" data-envira-src=\"https:\/\/radioprincesa2010.com.br\/fm\/wp-content\/uploads\/2024\/01\/a-1-1024x1024-640x480.jpg\" data-envira-gallery-id=\"8499\" data-envira-item-id=\"8496\" data-envira-caption=\"a\" alt=\"\" title=\"a\"  itemprop=\"thumbnailUrl\" data-envira-srcset=\"https:\/\/radioprincesa2010.com.br\/fm\/wp-content\/uploads\/2024\/01\/a-1-1024x1024-640x480.jpg 400w,https:\/\/radioprincesa2010.com.br\/fm\/wp-content\/uploads\/2024\/01\/a-1-1024x1024-640x480.jpg 2x\" data-envira-width=\"300\" data-envira-height=\"300\" srcset=\"data:image\/gif;base64,R0lGODlhAQABAIAAAP\/\/\/\/\/\/\/yH5BAEKAAEALAAAAAABAAEAAAICTAEAOw==\" data-safe-src=\"data:image\/gif;base64,R0lGODlhAQABAIAAAP\/\/\/\/\/\/\/yH5BAEKAAEALAAAAAABAAEAAAICTAEAOw==\" \/><\/a><\/div><\/div><\/div><\/div><noscript><img decoding=\"async\" src=\"https:\/\/radioprincesa2010.com.br\/fm\/wp-content\/uploads\/2024\/01\/c.jpg\" alt=\"\" \/><img decoding=\"async\" src=\"https:\/\/radioprincesa2010.com.br\/fm\/wp-content\/uploads\/2024\/01\/b.jpg\" alt=\"\" \/><img decoding=\"async\" src=\"https:\/\/radioprincesa2010.com.br\/fm\/wp-content\/uploads\/2024\/01\/a-1.jpg\" alt=\"\" \/><\/noscript><\/div>\n\n\n\n<p><\/p>\n\n\n\n<p><strong>SIGA NOSSAS REDES SOCIAIS PELOS LINKS BAIXO!<\/strong><\/p>\n\n\n\n<p>WhatsApp <a href=\"https:\/\/chat.whatsapp.com\/JsHyvfzC27MJbuicqtgrIa\" target=\"_blank\" rel=\"noreferrer noopener\">CLIQUE AQUI<\/a><\/p>\n\n\n\n<p>Facebook <a href=\"https:\/\/www.facebook.com\/profile.php?id=100040198482314\" target=\"_blank\" rel=\"noreferrer noopener\">CLIQUE AQUI<\/a><\/p>\n\n\n\n<p>Instagram <a href=\"https:\/\/www.instagram.com\/radioprincesa104\/\" target=\"_blank\" rel=\"noreferrer noopener\">CLIQUE AQUI<\/a><\/p>\n\n\n\n<div class=\"wp-block-query is-layout-flow wp-block-query-is-layout-flow\"><ul class=\"wp-block-post-template is-layout-flow wp-block-post-template-is-layout-flow\"><li class=\"wp-block-post post-11351 post type-post status-publish format-standard has-post-thumbnail hentry category-geral\">\n\n<div class=\"wp-block-columns are-vertically-aligned-center is-layout-flex wp-container-core-columns-is-layout-1 wp-block-columns-is-layout-flex\">\n<div class=\"wp-block-column is-vertically-aligned-center is-layout-flow wp-block-column-is-layout-flow\" style=\"flex-basis:25%\">\n<p><\/p>\n\n\n\n<p><\/p>\n\n\n<figure class=\"wp-block-post-featured-image\"><a href=\"https:\/\/radioprincesa2010.com.br\/fm\/setima-rodada-do-campeonato-cresol-de-futsal-2a-divisao\/\" target=\"_self\"  ><img loading=\"lazy\" decoding=\"async\" width=\"500\" height=\"375\" src=\"https:\/\/radioprincesa2010.com.br\/fm\/wp-content\/uploads\/2026\/04\/500-7.jpg\" class=\"attachment-post-thumbnail size-post-thumbnail wp-post-image\" alt=\"S\u00e9tima Rodada do Campeonato Cresol de Futsal &#8211; 2\u00aa Divis\u00e3o\" style=\"object-fit:cover;\" srcset=\"https:\/\/radioprincesa2010.com.br\/fm\/wp-content\/uploads\/2026\/04\/500-7.jpg 500w, https:\/\/radioprincesa2010.com.br\/fm\/wp-content\/uploads\/2026\/04\/500-7-300x225.jpg 300w, https:\/\/radioprincesa2010.com.br\/fm\/wp-content\/uploads\/2026\/04\/500-7-80x60.jpg 80w\" sizes=\"auto, (max-width: 500px) 100vw, 500px\" \/><\/a><\/figure><\/div>\n\n\n\n<div class=\"wp-block-column is-vertically-aligned-center is-layout-flow wp-block-column-is-layout-flow\" style=\"flex-basis:75%\"><h2 class=\"wp-block-post-title\"><a href=\"https:\/\/radioprincesa2010.com.br\/fm\/setima-rodada-do-campeonato-cresol-de-futsal-2a-divisao\/\" target=\"_self\" >S\u00e9tima Rodada do Campeonato Cresol de Futsal &#8211; 2\u00aa Divis\u00e3o<\/a><\/h2><\/div>\n<\/div>\n\n<\/li><li class=\"wp-block-post post-11345 post type-post status-publish format-standard has-post-thumbnail hentry category-geral\">\n\n<div class=\"wp-block-columns are-vertically-aligned-center is-layout-flex wp-container-core-columns-is-layout-2 wp-block-columns-is-layout-flex\">\n<div class=\"wp-block-column is-vertically-aligned-center is-layout-flow wp-block-column-is-layout-flow\" style=\"flex-basis:25%\">\n<p><\/p>\n\n\n\n<p><\/p>\n\n\n<figure class=\"wp-block-post-featured-image\"><a href=\"https:\/\/radioprincesa2010.com.br\/fm\/terceira-rodada-do-campeonato-cresol-de-futsal-1a-divisao\/\" target=\"_self\"  ><img loading=\"lazy\" decoding=\"async\" width=\"500\" height=\"338\" src=\"https:\/\/radioprincesa2010.com.br\/fm\/wp-content\/uploads\/2026\/04\/500-6.jpg\" class=\"attachment-post-thumbnail size-post-thumbnail wp-post-image\" alt=\"Terceira Rodada do Campeonato Cresol de Futsal 1\u00aa Divis\u00e3o\" style=\"object-fit:cover;\" srcset=\"https:\/\/radioprincesa2010.com.br\/fm\/wp-content\/uploads\/2026\/04\/500-6.jpg 500w, https:\/\/radioprincesa2010.com.br\/fm\/wp-content\/uploads\/2026\/04\/500-6-300x203.jpg 300w, https:\/\/radioprincesa2010.com.br\/fm\/wp-content\/uploads\/2026\/04\/500-6-89x60.jpg 89w\" sizes=\"auto, (max-width: 500px) 100vw, 500px\" \/><\/a><\/figure><\/div>\n\n\n\n<div class=\"wp-block-column is-vertically-aligned-center is-layout-flow wp-block-column-is-layout-flow\" style=\"flex-basis:75%\"><h2 class=\"wp-block-post-title\"><a href=\"https:\/\/radioprincesa2010.com.br\/fm\/terceira-rodada-do-campeonato-cresol-de-futsal-1a-divisao\/\" target=\"_self\" >Terceira Rodada do Campeonato Cresol de Futsal 1\u00aa Divis\u00e3o<\/a><\/h2><\/div>\n<\/div>\n\n<\/li><li class=\"wp-block-post post-11341 post type-post status-publish format-standard has-post-thumbnail hentry category-geral\">\n\n<div class=\"wp-block-columns are-vertically-aligned-center is-layout-flex wp-container-core-columns-is-layout-3 wp-block-columns-is-layout-flex\">\n<div class=\"wp-block-column is-vertically-aligned-center is-layout-flow wp-block-column-is-layout-flow\" style=\"flex-basis:25%\">\n<p><\/p>\n\n\n\n<p><\/p>\n\n\n<figure class=\"wp-block-post-featured-image\"><a href=\"https:\/\/radioprincesa2010.com.br\/fm\/andreia-colovini-chefe-do-cartorio-eleitoral-sede-espumoso-4a-zona-eleitoral-fala-sobre-as-mudancas-no-processo-eleitoral-em-selbach\/\" target=\"_self\"  ><img loading=\"lazy\" decoding=\"async\" width=\"500\" height=\"375\" src=\"https:\/\/radioprincesa2010.com.br\/fm\/wp-content\/uploads\/2026\/04\/5.jpeg\" class=\"attachment-post-thumbnail size-post-thumbnail wp-post-image\" alt=\"Andreia Colovini, chefe do cart\u00f3rio eleitoral sede espumoso 4\u00aa zona eleitoral, fala sobre as mudan\u00e7as no processo eleitoral em Selbach\" style=\"object-fit:cover;\" srcset=\"https:\/\/radioprincesa2010.com.br\/fm\/wp-content\/uploads\/2026\/04\/5.jpeg 500w, https:\/\/radioprincesa2010.com.br\/fm\/wp-content\/uploads\/2026\/04\/5-300x225.jpeg 300w, https:\/\/radioprincesa2010.com.br\/fm\/wp-content\/uploads\/2026\/04\/5-80x60.jpeg 80w\" sizes=\"auto, (max-width: 500px) 100vw, 500px\" \/><\/a><\/figure><\/div>\n\n\n\n<div class=\"wp-block-column is-vertically-aligned-center is-layout-flow wp-block-column-is-layout-flow\" style=\"flex-basis:75%\"><h2 class=\"wp-block-post-title\"><a href=\"https:\/\/radioprincesa2010.com.br\/fm\/andreia-colovini-chefe-do-cartorio-eleitoral-sede-espumoso-4a-zona-eleitoral-fala-sobre-as-mudancas-no-processo-eleitoral-em-selbach\/\" target=\"_self\" >Andreia Colovini, chefe do cart\u00f3rio eleitoral sede espumoso 4\u00aa zona eleitoral, fala sobre as mudan\u00e7as no processo eleitoral em Selbach<\/a><\/h2><\/div>\n<\/div>\n\n<\/li><\/ul><\/div>\n\n\n\n<h2 class=\"wp-block-heading\">MAIS ASSUNTOS:<\/h2>\n\n\n\n<p>Chuva no RS destruiu a roda d\u00b4\u00e1gua de Moinho Colonial<\/p>\n\n\n\n<figure class=\"wp-block-embed is-type-video is-provider-youtube wp-block-embed-youtube wp-embed-aspect-16-9 wp-has-aspect-ratio\"><div class=\"wp-block-embed__wrapper\">\n<iframe loading=\"lazy\" title=\"Chuva no RS destruiu a roda d\u00b4\u00e1gua de Moinho Colonial\" width=\"925\" height=\"520\" src=\"https:\/\/www.youtube.com\/embed\/aHL146Zwslk?feature=oembed\" frameborder=\"0\" allow=\"accelerometer; autoplay; clipboard-write; encrypted-media; gyroscope; picture-in-picture; web-share\" allowfullscreen><\/iframe>\n<\/div><\/figure>\n\n\n\n<p>Visitamos o maior lago artificial do Rio Grande do Sul &#8211; XV de Novembro<\/p>\n\n\n\n<figure class=\"wp-block-embed is-type-video is-provider-youtube wp-block-embed-youtube wp-embed-aspect-16-9 wp-has-aspect-ratio\"><div class=\"wp-block-embed__wrapper\">\n<iframe loading=\"lazy\" title=\"Visitamos o maior lago artificial do Rio Grande do Sul\" width=\"925\" height=\"520\" src=\"https:\/\/www.youtube.com\/embed\/lNYW4HHgxkw?feature=oembed\" frameborder=\"0\" allow=\"accelerometer; autoplay; clipboard-write; encrypted-media; gyroscope; picture-in-picture; web-share\" allowfullscreen><\/iframe>\n<\/div><figcaption class=\"wp-element-caption\"><a href=\"https:\/\/youtu.be\/lNYW4HHgxkw\" target=\"_blank\" rel=\"noreferrer noopener\">OU VEJA AQUI<\/a><\/figcaption><\/figure>\n\n\n\n<p>Como \u00e9 uma festa em comunidade de cidade pequena? Fomos a S\u00e3o Pascoal &#8211; Selbach\/RS<\/p>\n\n\n\n<figure class=\"wp-block-embed is-type-video is-provider-youtube wp-block-embed-youtube wp-embed-aspect-16-9 wp-has-aspect-ratio\"><div class=\"wp-block-embed__wrapper\">\n<iframe loading=\"lazy\" title=\"Como \u00e9 uma festa em comunidade de cidade pequena? Fomos a S\u00e3o Pascoal - Selbach\/RS\" width=\"925\" height=\"520\" src=\"https:\/\/www.youtube.com\/embed\/keaNkamVMAE?feature=oembed\" frameborder=\"0\" allow=\"accelerometer; autoplay; clipboard-write; encrypted-media; gyroscope; picture-in-picture; web-share\" allowfullscreen><\/iframe>\n<\/div><figcaption class=\"wp-element-caption\"><a href=\"https:\/\/youtu.be\/keaNkamVMAE\" target=\"_blank\" rel=\"noreferrer noopener\">ou veja aqui<\/a><\/figcaption><\/figure>\n\n\n\n<p>Olha que lugar lindo!<\/p>\n\n\n\n<figure class=\"wp-block-embed is-type-video is-provider-youtube wp-block-embed-youtube wp-embed-aspect-16-9 wp-has-aspect-ratio\"><div class=\"wp-block-embed__wrapper\">\n<iframe loading=\"lazy\" title=\"Pedreira em Passo Fundo RS - LINDO\" width=\"925\" height=\"520\" src=\"https:\/\/www.youtube.com\/embed\/FqSPygSOWGA?feature=oembed\" frameborder=\"0\" allow=\"accelerometer; autoplay; clipboard-write; encrypted-media; gyroscope; picture-in-picture; web-share\" allowfullscreen><\/iframe>\n<\/div><figcaption class=\"wp-element-caption\"><a href=\"https:\/\/youtu.be\/FqSPygSOWGA\" target=\"_blank\" rel=\"noreferrer noopener\">ou veja aqui<\/a><\/figcaption><\/figure>\n\n\n\n<h2 class=\"wp-block-heading\">Bail\u00e3o em Bela Vista &#8211; Se inscreva no canal!<\/h2>\n\n\n\n<figure class=\"wp-block-embed is-type-video is-provider-youtube wp-block-embed-youtube wp-embed-aspect-16-9 wp-has-aspect-ratio\"><div class=\"wp-block-embed__wrapper\">\n<iframe loading=\"lazy\" title=\"#BAILE de #CHOPP em cidade Pequena - Bela Vista Selbach\" width=\"925\" height=\"520\" src=\"https:\/\/www.youtube.com\/embed\/Uv2y8bYFJQE?feature=oembed\" frameborder=\"0\" allow=\"accelerometer; autoplay; clipboard-write; encrypted-media; gyroscope; picture-in-picture; web-share\" allowfullscreen><\/iframe>\n<\/div><figcaption class=\"wp-element-caption\"><a href=\"https:\/\/youtu.be\/Uv2y8bYFJQE\" target=\"_blank\" rel=\"noreferrer noopener\">ou veja aqui<\/a><\/figcaption><\/figure>\n\n\n\n<h2 class=\"wp-block-heading\">CONFIRA NOSSA HOMENAGEM A XV BLUMENFEST:<\/h2>\n\n\n\n<figure class=\"wp-block-embed is-type-video is-provider-youtube wp-block-embed-youtube wp-embed-aspect-16-9 wp-has-aspect-ratio\"><div class=\"wp-block-embed__wrapper\">\n<iframe loading=\"lazy\" title=\"Como \u00e9 uma festa de #ALEM\u00c3O em cidade pequena - Selbach RS\" width=\"925\" height=\"520\" src=\"https:\/\/www.youtube.com\/embed\/okokN0UxJpc?start=16&#038;feature=oembed\" frameborder=\"0\" allow=\"accelerometer; autoplay; clipboard-write; encrypted-media; gyroscope; picture-in-picture; web-share\" allowfullscreen><\/iframe>\n<\/div><figcaption class=\"wp-element-caption\"><a href=\"https:\/\/www.youtube.com\/watch?v=okokN0UxJpc&amp;t=16s\" target=\"_blank\" rel=\"noreferrer noopener\">ou veja aqui<\/a><\/figcaption><\/figure>\n\n\n\n<h2 class=\"wp-block-heading\"><\/h2>\n\n\n\n<p><\/p>\n","protected":false},"excerpt":{"rendered":"<p>Na noite de quinta-feira (18), a Secretaria de Sa\u00fade de Selbach realizou um encontro materno-paterno-infantil com servi\u00e7os importantes para a sa\u00fade da gestante e do rec\u00e9m-nascido. Entre as abordagens realizadas, destacaram-se a pr\u00e1tica de curativo de coto umbilical, os sinais de perigo no rec\u00e9m-nascido, o banho do rec\u00e9m-nascido, a aferi\u00e7\u00e3o de peso, press\u00e3o arterial e &hellip; <\/p>\n","protected":false},"author":1,"featured_media":8498,"comment_status":"open","ping_status":"open","sticky":false,"template":"","format":"standard","meta":{"footnotes":""},"categories":[1],"tags":[277,627,121,628],"class_list":["post-8494","post","type-post","status-publish","format-standard","has-post-thumbnail","hentry","category-geral","tag-materno","tag-paterno","tag-secretaria-da-saude","tag-selbch"],"yoast_head":"<!-- This site is optimized with the Yoast SEO plugin v16.1.1 - https:\/\/yoast.com\/wordpress\/plugins\/seo\/ -->\n<title>Secretaria de sa\u00fade de Selbach realiza encontro materno-paterno-infantil com servi\u00e7os essenciais - R\u00e1dio Princesa FM 104.9 Mhz<\/title>\n<link rel=\"canonical\" href=\"https:\/\/radioprincesa2010.com.br\/fm\/secretaria-de-saude-de-selbach-realiza-encontro-materno-paterno-infantil-com-servicos-essenciais\/\" \/>\n<meta property=\"og:locale\" content=\"pt_BR\" \/>\n<meta property=\"og:type\" content=\"article\" \/>\n<meta property=\"og:title\" content=\"Secretaria de sa\u00fade de Selbach realiza encontro materno-paterno-infantil com servi\u00e7os essenciais - R\u00e1dio Princesa FM 104.9 Mhz\" \/>\n<meta property=\"og:description\" content=\"Na noite de quinta-feira (18), a Secretaria de Sa\u00fade de Selbach realizou um encontro materno-paterno-infantil com servi\u00e7os importantes para a sa\u00fade da gestante e do rec\u00e9m-nascido. Entre as abordagens realizadas, destacaram-se a pr\u00e1tica de curativo de coto umbilical, os sinais de perigo no rec\u00e9m-nascido, o banho do rec\u00e9m-nascido, a aferi\u00e7\u00e3o de peso, press\u00e3o arterial e &hellip;\" \/>\n<meta property=\"og:url\" content=\"https:\/\/radioprincesa2010.com.br\/fm\/secretaria-de-saude-de-selbach-realiza-encontro-materno-paterno-infantil-com-servicos-essenciais\/\" \/>\n<meta property=\"og:site_name\" content=\"R\u00e1dio Princesa FM 104.9 Mhz\" \/>\n<meta property=\"article:published_time\" content=\"2024-01-22T13:59:03+00:00\" \/>\n<meta property=\"article:modified_time\" content=\"2024-01-22T14:10:28+00:00\" \/>\n<meta property=\"og:image\" content=\"https:\/\/radioprincesa2010.com.br\/fm\/wp-content\/uploads\/2024\/01\/c.jpg\" \/>\n\t<meta property=\"og:image:width\" content=\"1080\" \/>\n\t<meta property=\"og:image:height\" content=\"1080\" \/>\n<meta name=\"twitter:card\" content=\"summary_large_image\" \/>\n<meta name=\"twitter:label1\" content=\"Est. tempo de leitura\">\n\t<meta name=\"twitter:data1\" content=\"2 minutos\">\n<script type=\"application\/ld+json\" class=\"yoast-schema-graph\">{\"@context\":\"https:\/\/schema.org\",\"@graph\":[{\"@type\":\"WebSite\",\"@id\":\"https:\/\/radioprincesa2010.com.br\/fm\/#website\",\"url\":\"https:\/\/radioprincesa2010.com.br\/fm\/\",\"name\":\"R\\u00e1dio Princesa FM 104.9 Mhz\",\"description\":\"Com voc\\u00ea o tempo todo\",\"potentialAction\":[{\"@type\":\"SearchAction\",\"target\":\"https:\/\/radioprincesa2010.com.br\/fm\/?s={search_term_string}\",\"query-input\":\"required name=search_term_string\"}],\"inLanguage\":\"pt-BR\"},{\"@type\":\"ImageObject\",\"@id\":\"https:\/\/radioprincesa2010.com.br\/fm\/secretaria-de-saude-de-selbach-realiza-encontro-materno-paterno-infantil-com-servicos-essenciais\/#primaryimage\",\"inLanguage\":\"pt-BR\",\"url\":\"https:\/\/radioprincesa2010.com.br\/fm\/wp-content\/uploads\/2024\/01\/c.jpg\",\"contentUrl\":\"https:\/\/radioprincesa2010.com.br\/fm\/wp-content\/uploads\/2024\/01\/c.jpg\",\"width\":1080,\"height\":1080},{\"@type\":\"WebPage\",\"@id\":\"https:\/\/radioprincesa2010.com.br\/fm\/secretaria-de-saude-de-selbach-realiza-encontro-materno-paterno-infantil-com-servicos-essenciais\/#webpage\",\"url\":\"https:\/\/radioprincesa2010.com.br\/fm\/secretaria-de-saude-de-selbach-realiza-encontro-materno-paterno-infantil-com-servicos-essenciais\/\",\"name\":\"Secretaria de sa\\u00fade de Selbach realiza encontro materno-paterno-infantil com servi\\u00e7os essenciais - R\\u00e1dio Princesa FM 104.9 Mhz\",\"isPartOf\":{\"@id\":\"https:\/\/radioprincesa2010.com.br\/fm\/#website\"},\"primaryImageOfPage\":{\"@id\":\"https:\/\/radioprincesa2010.com.br\/fm\/secretaria-de-saude-de-selbach-realiza-encontro-materno-paterno-infantil-com-servicos-essenciais\/#primaryimage\"},\"datePublished\":\"2024-01-22T13:59:03+00:00\",\"dateModified\":\"2024-01-22T14:10:28+00:00\",\"author\":{\"@id\":\"https:\/\/radioprincesa2010.com.br\/fm\/#\/schema\/person\/7387850c16b3f47de42a1accfc7045c8\"},\"breadcrumb\":{\"@id\":\"https:\/\/radioprincesa2010.com.br\/fm\/secretaria-de-saude-de-selbach-realiza-encontro-materno-paterno-infantil-com-servicos-essenciais\/#breadcrumb\"},\"inLanguage\":\"pt-BR\",\"potentialAction\":[{\"@type\":\"ReadAction\",\"target\":[\"https:\/\/radioprincesa2010.com.br\/fm\/secretaria-de-saude-de-selbach-realiza-encontro-materno-paterno-infantil-com-servicos-essenciais\/\"]}]},{\"@type\":\"BreadcrumbList\",\"@id\":\"https:\/\/radioprincesa2010.com.br\/fm\/secretaria-de-saude-de-selbach-realiza-encontro-materno-paterno-infantil-com-servicos-essenciais\/#breadcrumb\",\"itemListElement\":[{\"@type\":\"ListItem\",\"position\":1,\"item\":{\"@type\":\"WebPage\",\"@id\":\"https:\/\/radioprincesa2010.com.br\/fm\/\",\"url\":\"https:\/\/radioprincesa2010.com.br\/fm\/\",\"name\":\"In\\u00edcio\"}},{\"@type\":\"ListItem\",\"position\":2,\"item\":{\"@type\":\"WebPage\",\"@id\":\"https:\/\/radioprincesa2010.com.br\/fm\/secretaria-de-saude-de-selbach-realiza-encontro-materno-paterno-infantil-com-servicos-essenciais\/\",\"url\":\"https:\/\/radioprincesa2010.com.br\/fm\/secretaria-de-saude-de-selbach-realiza-encontro-materno-paterno-infantil-com-servicos-essenciais\/\",\"name\":\"Secretaria de sa\\u00fade de Selbach realiza encontro materno-paterno-infantil com servi\\u00e7os essenciais\"}}]},{\"@type\":\"Person\",\"@id\":\"https:\/\/radioprincesa2010.com.br\/fm\/#\/schema\/person\/7387850c16b3f47de42a1accfc7045c8\",\"name\":\"Princesa ADM\",\"image\":{\"@type\":\"ImageObject\",\"@id\":\"https:\/\/radioprincesa2010.com.br\/fm\/#personlogo\",\"inLanguage\":\"pt-BR\",\"url\":\"https:\/\/secure.gravatar.com\/avatar\/f30936cf78b511d12d0dda9d77461df5?s=96&d=mm&r=g\",\"contentUrl\":\"https:\/\/secure.gravatar.com\/avatar\/f30936cf78b511d12d0dda9d77461df5?s=96&d=mm&r=g\",\"caption\":\"Princesa ADM\"}}]}<\/script>\n<!-- \/ Yoast SEO plugin. -->","_links":{"self":[{"href":"https:\/\/radioprincesa2010.com.br\/fm\/wp-json\/wp\/v2\/posts\/8494","targetHints":{"allow":["GET"]}}],"collection":[{"href":"https:\/\/radioprincesa2010.com.br\/fm\/wp-json\/wp\/v2\/posts"}],"about":[{"href":"https:\/\/radioprincesa2010.com.br\/fm\/wp-json\/wp\/v2\/types\/post"}],"author":[{"embeddable":true,"href":"https:\/\/radioprincesa2010.com.br\/fm\/wp-json\/wp\/v2\/users\/1"}],"replies":[{"embeddable":true,"href":"https:\/\/radioprincesa2010.com.br\/fm\/wp-json\/wp\/v2\/comments?post=8494"}],"version-history":[{"count":2,"href":"https:\/\/radioprincesa2010.com.br\/fm\/wp-json\/wp\/v2\/posts\/8494\/revisions"}],"predecessor-version":[{"id":8507,"href":"https:\/\/radioprincesa2010.com.br\/fm\/wp-json\/wp\/v2\/posts\/8494\/revisions\/8507"}],"wp:featuredmedia":[{"embeddable":true,"href":"https:\/\/radioprincesa2010.com.br\/fm\/wp-json\/wp\/v2\/media\/8498"}],"wp:attachment":[{"href":"https:\/\/radioprincesa2010.com.br\/fm\/wp-json\/wp\/v2\/media?parent=8494"}],"wp:term":[{"taxonomy":"category","embeddable":true,"href":"https:\/\/radioprincesa2010.com.br\/fm\/wp-json\/wp\/v2\/categories?post=8494"},{"taxonomy":"post_tag","embeddable":true,"href":"https:\/\/radioprincesa2010.com.br\/fm\/wp-json\/wp\/v2\/tags?post=8494"}],"curies":[{"name":"wp","href":"https:\/\/api.w.org\/{rel}","templated":true}]}}