{"id":8083,"date":"2023-11-03T17:43:42","date_gmt":"2023-11-03T17:43:42","guid":{"rendered":"https:\/\/radioprincesa2010.com.br\/fm\/?p=8083"},"modified":"2023-11-03T17:43:44","modified_gmt":"2023-11-03T17:43:44","slug":"sabado-dia-quatro-espetaculo-musical-com-a-banda-municipal-de-selbach-e-instituto-filhos-do-coracao-de-ibiruba-na-casa-da-cultura-theodora-padilha-da-detalhes-do-evento-e-convida-a-comunidade","status":"publish","type":"post","link":"https:\/\/radioprincesa2010.com.br\/fm\/sabado-dia-quatro-espetaculo-musical-com-a-banda-municipal-de-selbach-e-instituto-filhos-do-coracao-de-ibiruba-na-casa-da-cultura-theodora-padilha-da-detalhes-do-evento-e-convida-a-comunidade\/","title":{"rendered":"S\u00e1bado dia quatro espet\u00e1culo musical com a Banda Municipal de Selbach e Instituto Filhos do Cora\u00e7\u00e3o de Ibirub\u00e1, na Casa da Cultura. Theodora Padilha d\u00e1 detalhes do evento e convida a comunidade."},"content":{"rendered":"<div id=\"fb-root\"><\/div>\n\n<figure class=\"wp-block-audio\"><audio controls src=\"https:\/\/radioprincesa2010.com.br\/fm\/wp-content\/uploads\/2023\/11\/teodora3.11.23.mpeg\"><\/audio><\/figure>\n\n\n\n<figure class=\"wp-block-image size-large\"><img loading=\"lazy\" decoding=\"async\" width=\"1600\" height=\"1204\" src=\"https:\/\/radioprincesa2010.com.br\/fm\/wp-content\/uploads\/2023\/11\/1-1024x771.jpeg\" alt=\"\" class=\"wp-image-8085\" srcset=\"https:\/\/radioprincesa2010.com.br\/fm\/wp-content\/uploads\/2023\/11\/1-1024x771.jpeg 1024w, https:\/\/radioprincesa2010.com.br\/fm\/wp-content\/uploads\/2023\/11\/1-300x226.jpeg 300w, https:\/\/radioprincesa2010.com.br\/fm\/wp-content\/uploads\/2023\/11\/1-768x578.jpeg 768w, https:\/\/radioprincesa2010.com.br\/fm\/wp-content\/uploads\/2023\/11\/1-1536x1156.jpeg 1536w, https:\/\/radioprincesa2010.com.br\/fm\/wp-content\/uploads\/2023\/11\/1-80x60.jpeg 80w, https:\/\/radioprincesa2010.com.br\/fm\/wp-content\/uploads\/2023\/11\/1.jpeg 1600w\" sizes=\"auto, (max-width: 1600px) 100vw, 1600px\" \/><\/figure>\n\n\n\n<h2 class=\"wp-block-heading\">TALVEZ TAMB\u00c9M INTERESSE. Tenha paci\u00eancia e aguarde os link e v\u00eddeos carregarem \ud83d\ude42<\/h2>\n\n\n\n<div class=\"wp-block-query is-layout-flow wp-block-query-is-layout-flow\"><ul class=\"wp-block-post-template is-layout-flow wp-block-post-template-is-layout-flow\"><li class=\"wp-block-post post-11664 post type-post status-publish format-standard has-post-thumbnail hentry category-geral\">\n\n<div class=\"wp-block-columns are-vertically-aligned-center is-layout-flex wp-container-core-columns-is-layout-8f761849 wp-block-columns-is-layout-flex\">\n<div class=\"wp-block-column is-vertically-aligned-center is-layout-flow wp-block-column-is-layout-flow\" style=\"flex-basis:25%\"><figure class=\"wp-block-post-featured-image\"><a href=\"https:\/\/radioprincesa2010.com.br\/fm\/prefeito-michael-fala-sobre-as-comemoracoes-do-municipio-61-anos-e-reinauguracao-da-praca-agora-denominada-praca-bueno-ely\/\" target=\"_self\"  ><img loading=\"lazy\" decoding=\"async\" width=\"500\" height=\"470\" src=\"https:\/\/radioprincesa2010.com.br\/fm\/wp-content\/uploads\/2026\/09\/1.png\" class=\"attachment-post-thumbnail size-post-thumbnail wp-post-image\" alt=\"Prefeito Michael fala sobre as comemora\u00e7\u00f5es do munic\u00edpio 61 anos e reinaugura\u00e7\u00e3o da pra\u00e7a agora denominada pra\u00e7a Bueno Ely\" style=\"object-fit:cover;\" srcset=\"https:\/\/radioprincesa2010.com.br\/fm\/wp-content\/uploads\/2026\/09\/1.png 500w, https:\/\/radioprincesa2010.com.br\/fm\/wp-content\/uploads\/2026\/09\/1-300x282.png 300w, https:\/\/radioprincesa2010.com.br\/fm\/wp-content\/uploads\/2026\/09\/1-64x60.png 64w\" sizes=\"auto, (max-width: 500px) 100vw, 500px\" \/><\/a><\/figure><\/div>\n\n\n\n<div class=\"wp-block-column is-vertically-aligned-center is-layout-flow wp-block-column-is-layout-flow\" style=\"flex-basis:75%\"><h2 class=\"wp-block-post-title\"><a href=\"https:\/\/radioprincesa2010.com.br\/fm\/prefeito-michael-fala-sobre-as-comemoracoes-do-municipio-61-anos-e-reinauguracao-da-praca-agora-denominada-praca-bueno-ely\/\" target=\"_self\" >Prefeito Michael fala sobre as comemora\u00e7\u00f5es do munic\u00edpio 61 anos e reinaugura\u00e7\u00e3o da pra\u00e7a agora denominada pra\u00e7a Bueno Ely<\/a><\/h2><\/div>\n<\/div>\n\n<\/li><li class=\"wp-block-post post-11663 post type-post status-publish format-standard has-post-thumbnail hentry category-geral\">\n\n<div class=\"wp-block-columns are-vertically-aligned-center is-layout-flex wp-container-core-columns-is-layout-8f761849 wp-block-columns-is-layout-flex\">\n<div class=\"wp-block-column is-vertically-aligned-center is-layout-flow wp-block-column-is-layout-flow\" style=\"flex-basis:25%\"><figure class=\"wp-block-post-featured-image\"><a href=\"https:\/\/radioprincesa2010.com.br\/fm\/11-campeonato-intercomunidades-sicredi-de-futsal-de-selbach\/\" target=\"_self\"  ><img loading=\"lazy\" decoding=\"async\" width=\"500\" height=\"375\" src=\"https:\/\/radioprincesa2010.com.br\/fm\/wp-content\/uploads\/2026\/09\/x1.jpg\" class=\"attachment-post-thumbnail size-post-thumbnail wp-post-image\" alt=\"11 Campeonato Intercomunidades Sicredi de Futsal de Selbach\" style=\"object-fit:cover;\" srcset=\"https:\/\/radioprincesa2010.com.br\/fm\/wp-content\/uploads\/2026\/09\/x1.jpg 500w, https:\/\/radioprincesa2010.com.br\/fm\/wp-content\/uploads\/2026\/09\/x1-300x225.jpg 300w, https:\/\/radioprincesa2010.com.br\/fm\/wp-content\/uploads\/2026\/09\/x1-80x60.jpg 80w\" sizes=\"auto, (max-width: 500px) 100vw, 500px\" \/><\/a><\/figure><\/div>\n\n\n\n<div class=\"wp-block-column is-vertically-aligned-center is-layout-flow wp-block-column-is-layout-flow\" style=\"flex-basis:75%\"><h2 class=\"wp-block-post-title\"><a href=\"https:\/\/radioprincesa2010.com.br\/fm\/11-campeonato-intercomunidades-sicredi-de-futsal-de-selbach\/\" target=\"_self\" >11 Campeonato Intercomunidades Sicredi de Futsal de Selbach<\/a><\/h2><\/div>\n<\/div>\n\n<\/li><li class=\"wp-block-post post-11658 post type-post status-publish format-standard has-post-thumbnail hentry category-geral\">\n\n<div class=\"wp-block-columns are-vertically-aligned-center is-layout-flex wp-container-core-columns-is-layout-8f761849 wp-block-columns-is-layout-flex\">\n<div class=\"wp-block-column is-vertically-aligned-center is-layout-flow wp-block-column-is-layout-flow\" style=\"flex-basis:25%\"><figure class=\"wp-block-post-featured-image\"><a href=\"https:\/\/radioprincesa2010.com.br\/fm\/programa-radio-escola-com-a-sementinha\/\" target=\"_self\"  ><img loading=\"lazy\" decoding=\"async\" width=\"500\" height=\"472\" src=\"https:\/\/radioprincesa2010.com.br\/fm\/wp-content\/uploads\/2026\/08\/x1-6.jpg\" class=\"attachment-post-thumbnail size-post-thumbnail wp-post-image\" alt=\"Programa R\u00e1dio Escola com a Sementinha\" style=\"object-fit:cover;\" srcset=\"https:\/\/radioprincesa2010.com.br\/fm\/wp-content\/uploads\/2026\/08\/x1-6.jpg 500w, https:\/\/radioprincesa2010.com.br\/fm\/wp-content\/uploads\/2026\/08\/x1-6-300x283.jpg 300w, https:\/\/radioprincesa2010.com.br\/fm\/wp-content\/uploads\/2026\/08\/x1-6-64x60.jpg 64w\" sizes=\"auto, (max-width: 500px) 100vw, 500px\" \/><\/a><\/figure><\/div>\n\n\n\n<div class=\"wp-block-column is-vertically-aligned-center is-layout-flow wp-block-column-is-layout-flow\" style=\"flex-basis:75%\"><h2 class=\"wp-block-post-title\"><a href=\"https:\/\/radioprincesa2010.com.br\/fm\/programa-radio-escola-com-a-sementinha\/\" target=\"_self\" >Programa R\u00e1dio Escola com a Sementinha<\/a><\/h2><\/div>\n<\/div>\n\n<\/li><\/ul><\/div>\n\n\n\n<h2 class=\"wp-block-heading\">Bail\u00e3o em Bela Vista &#8211; Se inscreva no canal!<\/h2>\n\n\n\n<figure class=\"wp-block-embed is-type-video is-provider-youtube wp-block-embed-youtube wp-embed-aspect-16-9 wp-has-aspect-ratio\"><div class=\"wp-block-embed__wrapper\">\n<iframe loading=\"lazy\" title=\"#BAILE de #CHOPP em cidade Pequena - Bela Vista Selbach\" width=\"925\" height=\"520\" src=\"https:\/\/www.youtube.com\/embed\/Uv2y8bYFJQE?feature=oembed\" frameborder=\"0\" allow=\"accelerometer; autoplay; clipboard-write; encrypted-media; gyroscope; picture-in-picture; web-share\" allowfullscreen><\/iframe>\n<\/div><figcaption class=\"wp-element-caption\"><a href=\"https:\/\/youtu.be\/Uv2y8bYFJQE\" target=\"_blank\" rel=\"noreferrer noopener\">ou veja aqui<\/a><\/figcaption><\/figure>\n\n\n\n<h2 class=\"wp-block-heading\">CONFIRA NOSSA HOMENAGEM A XV BLUMENFEST:<\/h2>\n\n\n\n<figure class=\"wp-block-embed is-type-video is-provider-youtube wp-block-embed-youtube wp-embed-aspect-16-9 wp-has-aspect-ratio\"><div class=\"wp-block-embed__wrapper\">\n<iframe loading=\"lazy\" title=\"Como \u00e9 uma festa de #ALEM\u00c3O em cidade pequena - Selbach RS\" width=\"925\" height=\"520\" src=\"https:\/\/www.youtube.com\/embed\/okokN0UxJpc?start=16&#038;feature=oembed\" frameborder=\"0\" allow=\"accelerometer; autoplay; clipboard-write; encrypted-media; gyroscope; picture-in-picture; web-share\" allowfullscreen><\/iframe>\n<\/div><figcaption class=\"wp-element-caption\"><a href=\"https:\/\/www.youtube.com\/watch?v=okokN0UxJpc&amp;t=16s\" target=\"_blank\" rel=\"noreferrer noopener\">ou veja aqui<\/a><\/figcaption><\/figure>\n\n\n\n<h2 class=\"wp-block-heading\">Gosta de corrida de rua?<\/h2>\n\n\n\n<figure class=\"wp-block-embed is-type-video is-provider-youtube wp-block-embed-youtube wp-embed-aspect-16-9 wp-has-aspect-ratio\"><div class=\"wp-block-embed__wrapper\">\n<iframe loading=\"lazy\" title=\"T\u00eanis caro melhora a performance na corrida? ASICS NIMBUS 25\" width=\"925\" height=\"520\" src=\"https:\/\/www.youtube.com\/embed\/opBoo3UzFrg?feature=oembed\" frameborder=\"0\" allow=\"accelerometer; autoplay; clipboard-write; encrypted-media; gyroscope; picture-in-picture; web-share\" allowfullscreen><\/iframe>\n<\/div><figcaption class=\"wp-element-caption\"><a href=\"https:\/\/youtu.be\/opBoo3UzFrg\" target=\"_blank\" rel=\"noreferrer noopener\">ou veja aqui<\/a><\/figcaption><\/figure>\n\n\n\n<p class=\"wp-block-paragraph\"><\/p>\n","protected":false},"excerpt":{"rendered":"<p>TALVEZ TAMB\u00c9M INTERESSE. Tenha paci\u00eancia e aguarde os link e v\u00eddeos carregarem \ud83d\ude42 Bail\u00e3o em Bela Vista &#8211; Se inscreva no canal! CONFIRA NOSSA HOMENAGEM A XV BLUMENFEST: Gosta de corrida de rua?<\/p>\n","protected":false},"author":1,"featured_media":8086,"comment_status":"open","ping_status":"open","sticky":false,"template":"","format":"standard","meta":{"footnotes":""},"categories":[1],"tags":[593,594,592],"class_list":["post-8083","post","type-post","status-publish","format-standard","has-post-thumbnail","hentry","category-geral","tag-banda-municipal-selbach","tag-instituto-filhos-do-coracao-ibiruba","tag-teodora-padilha"],"yoast_head":"<!-- This site is optimized with the Yoast SEO plugin v16.1.1 - https:\/\/yoast.com\/wordpress\/plugins\/seo\/ -->\n<title>S\u00e1bado dia quatro espet\u00e1culo musical com a Banda Municipal de Selbach e Instituto Filhos do Cora\u00e7\u00e3o de Ibirub\u00e1, na Casa da Cultura. Theodora Padilha d\u00e1 detalhes do evento e convida a comunidade. - R\u00e1dio Princesa FM 104.9 Mhz<\/title>\n<link rel=\"canonical\" href=\"https:\/\/radioprincesa2010.com.br\/fm\/sabado-dia-quatro-espetaculo-musical-com-a-banda-municipal-de-selbach-e-instituto-filhos-do-coracao-de-ibiruba-na-casa-da-cultura-theodora-padilha-da-detalhes-do-evento-e-convida-a-comunidade\/\" \/>\n<meta property=\"og:locale\" content=\"pt_BR\" \/>\n<meta property=\"og:type\" content=\"article\" \/>\n<meta property=\"og:title\" content=\"S\u00e1bado dia quatro espet\u00e1culo musical com a Banda Municipal de Selbach e Instituto Filhos do Cora\u00e7\u00e3o de Ibirub\u00e1, na Casa da Cultura. Theodora Padilha d\u00e1 detalhes do evento e convida a comunidade. - R\u00e1dio Princesa FM 104.9 Mhz\" \/>\n<meta property=\"og:description\" content=\"TALVEZ TAMB\u00c9M INTERESSE. Tenha paci\u00eancia e aguarde os link e v\u00eddeos carregarem \ud83d\ude42 Bail\u00e3o em Bela Vista &#8211; Se inscreva no canal! CONFIRA NOSSA HOMENAGEM A XV BLUMENFEST: Gosta de corrida de rua?\" \/>\n<meta property=\"og:url\" content=\"https:\/\/radioprincesa2010.com.br\/fm\/sabado-dia-quatro-espetaculo-musical-com-a-banda-municipal-de-selbach-e-instituto-filhos-do-coracao-de-ibiruba-na-casa-da-cultura-theodora-padilha-da-detalhes-do-evento-e-convida-a-comunidade\/\" \/>\n<meta property=\"og:site_name\" content=\"R\u00e1dio Princesa FM 104.9 Mhz\" \/>\n<meta property=\"article:published_time\" content=\"2023-11-03T17:43:42+00:00\" \/>\n<meta property=\"article:modified_time\" content=\"2023-11-03T17:43:44+00:00\" \/>\n<meta property=\"og:image\" content=\"https:\/\/radioprincesa2010.com.br\/fm\/wp-content\/uploads\/2023\/11\/1-1.jpeg\" \/>\n\t<meta property=\"og:image:width\" content=\"707\" \/>\n\t<meta property=\"og:image:height\" content=\"633\" \/>\n<meta name=\"twitter:card\" content=\"summary_large_image\" \/>\n<meta name=\"twitter:label1\" content=\"Est. tempo de leitura\">\n\t<meta name=\"twitter:data1\" content=\"1 minuto\">\n<script type=\"application\/ld+json\" class=\"yoast-schema-graph\">{\"@context\":\"https:\/\/schema.org\",\"@graph\":[{\"@type\":\"WebSite\",\"@id\":\"https:\/\/radioprincesa2010.com.br\/fm\/#website\",\"url\":\"https:\/\/radioprincesa2010.com.br\/fm\/\",\"name\":\"R\\u00e1dio Princesa FM 104.9 Mhz\",\"description\":\"Com voc\\u00ea o tempo todo\",\"potentialAction\":[{\"@type\":\"SearchAction\",\"target\":\"https:\/\/radioprincesa2010.com.br\/fm\/?s={search_term_string}\",\"query-input\":\"required name=search_term_string\"}],\"inLanguage\":\"pt-BR\"},{\"@type\":\"ImageObject\",\"@id\":\"https:\/\/radioprincesa2010.com.br\/fm\/sabado-dia-quatro-espetaculo-musical-com-a-banda-municipal-de-selbach-e-instituto-filhos-do-coracao-de-ibiruba-na-casa-da-cultura-theodora-padilha-da-detalhes-do-evento-e-convida-a-comunidade\/#primaryimage\",\"inLanguage\":\"pt-BR\",\"url\":\"https:\/\/radioprincesa2010.com.br\/fm\/wp-content\/uploads\/2023\/11\/1-1.jpeg\",\"contentUrl\":\"https:\/\/radioprincesa2010.com.br\/fm\/wp-content\/uploads\/2023\/11\/1-1.jpeg\",\"width\":707,\"height\":633},{\"@type\":\"WebPage\",\"@id\":\"https:\/\/radioprincesa2010.com.br\/fm\/sabado-dia-quatro-espetaculo-musical-com-a-banda-municipal-de-selbach-e-instituto-filhos-do-coracao-de-ibiruba-na-casa-da-cultura-theodora-padilha-da-detalhes-do-evento-e-convida-a-comunidade\/#webpage\",\"url\":\"https:\/\/radioprincesa2010.com.br\/fm\/sabado-dia-quatro-espetaculo-musical-com-a-banda-municipal-de-selbach-e-instituto-filhos-do-coracao-de-ibiruba-na-casa-da-cultura-theodora-padilha-da-detalhes-do-evento-e-convida-a-comunidade\/\",\"name\":\"S\\u00e1bado dia quatro espet\\u00e1culo musical com a Banda Municipal de Selbach e Instituto Filhos do Cora\\u00e7\\u00e3o de Ibirub\\u00e1, na Casa da Cultura. Theodora Padilha d\\u00e1 detalhes do evento e convida a comunidade. - R\\u00e1dio Princesa FM 104.9 Mhz\",\"isPartOf\":{\"@id\":\"https:\/\/radioprincesa2010.com.br\/fm\/#website\"},\"primaryImageOfPage\":{\"@id\":\"https:\/\/radioprincesa2010.com.br\/fm\/sabado-dia-quatro-espetaculo-musical-com-a-banda-municipal-de-selbach-e-instituto-filhos-do-coracao-de-ibiruba-na-casa-da-cultura-theodora-padilha-da-detalhes-do-evento-e-convida-a-comunidade\/#primaryimage\"},\"datePublished\":\"2023-11-03T17:43:42+00:00\",\"dateModified\":\"2023-11-03T17:43:44+00:00\",\"author\":{\"@id\":\"https:\/\/radioprincesa2010.com.br\/fm\/#\/schema\/person\/7387850c16b3f47de42a1accfc7045c8\"},\"breadcrumb\":{\"@id\":\"https:\/\/radioprincesa2010.com.br\/fm\/sabado-dia-quatro-espetaculo-musical-com-a-banda-municipal-de-selbach-e-instituto-filhos-do-coracao-de-ibiruba-na-casa-da-cultura-theodora-padilha-da-detalhes-do-evento-e-convida-a-comunidade\/#breadcrumb\"},\"inLanguage\":\"pt-BR\",\"potentialAction\":[{\"@type\":\"ReadAction\",\"target\":[\"https:\/\/radioprincesa2010.com.br\/fm\/sabado-dia-quatro-espetaculo-musical-com-a-banda-municipal-de-selbach-e-instituto-filhos-do-coracao-de-ibiruba-na-casa-da-cultura-theodora-padilha-da-detalhes-do-evento-e-convida-a-comunidade\/\"]}]},{\"@type\":\"BreadcrumbList\",\"@id\":\"https:\/\/radioprincesa2010.com.br\/fm\/sabado-dia-quatro-espetaculo-musical-com-a-banda-municipal-de-selbach-e-instituto-filhos-do-coracao-de-ibiruba-na-casa-da-cultura-theodora-padilha-da-detalhes-do-evento-e-convida-a-comunidade\/#breadcrumb\",\"itemListElement\":[{\"@type\":\"ListItem\",\"position\":1,\"item\":{\"@type\":\"WebPage\",\"@id\":\"https:\/\/radioprincesa2010.com.br\/fm\/\",\"url\":\"https:\/\/radioprincesa2010.com.br\/fm\/\",\"name\":\"In\\u00edcio\"}},{\"@type\":\"ListItem\",\"position\":2,\"item\":{\"@type\":\"WebPage\",\"@id\":\"https:\/\/radioprincesa2010.com.br\/fm\/sabado-dia-quatro-espetaculo-musical-com-a-banda-municipal-de-selbach-e-instituto-filhos-do-coracao-de-ibiruba-na-casa-da-cultura-theodora-padilha-da-detalhes-do-evento-e-convida-a-comunidade\/\",\"url\":\"https:\/\/radioprincesa2010.com.br\/fm\/sabado-dia-quatro-espetaculo-musical-com-a-banda-municipal-de-selbach-e-instituto-filhos-do-coracao-de-ibiruba-na-casa-da-cultura-theodora-padilha-da-detalhes-do-evento-e-convida-a-comunidade\/\",\"name\":\"S\\u00e1bado dia quatro espet\\u00e1culo musical com a Banda Municipal de Selbach e Instituto Filhos do Cora\\u00e7\\u00e3o de Ibirub\\u00e1, na Casa da Cultura. Theodora Padilha d\\u00e1 detalhes do evento e convida a comunidade.\"}}]},{\"@type\":\"Person\",\"@id\":\"https:\/\/radioprincesa2010.com.br\/fm\/#\/schema\/person\/7387850c16b3f47de42a1accfc7045c8\",\"name\":\"Princesa ADM\",\"image\":{\"@type\":\"ImageObject\",\"@id\":\"https:\/\/radioprincesa2010.com.br\/fm\/#personlogo\",\"inLanguage\":\"pt-BR\",\"url\":\"https:\/\/secure.gravatar.com\/avatar\/7a7c67e4b08e3d886708a7288435aa917136d2a6150a6616faf25634cb4dc681?s=96&d=mm&r=g\",\"contentUrl\":\"https:\/\/secure.gravatar.com\/avatar\/7a7c67e4b08e3d886708a7288435aa917136d2a6150a6616faf25634cb4dc681?s=96&d=mm&r=g\",\"caption\":\"Princesa ADM\"}}]}<\/script>\n<!-- \/ Yoast SEO plugin. -->","_links":{"self":[{"href":"https:\/\/radioprincesa2010.com.br\/fm\/wp-json\/wp\/v2\/posts\/8083","targetHints":{"allow":["GET"]}}],"collection":[{"href":"https:\/\/radioprincesa2010.com.br\/fm\/wp-json\/wp\/v2\/posts"}],"about":[{"href":"https:\/\/radioprincesa2010.com.br\/fm\/wp-json\/wp\/v2\/types\/post"}],"author":[{"embeddable":true,"href":"https:\/\/radioprincesa2010.com.br\/fm\/wp-json\/wp\/v2\/users\/1"}],"replies":[{"embeddable":true,"href":"https:\/\/radioprincesa2010.com.br\/fm\/wp-json\/wp\/v2\/comments?post=8083"}],"version-history":[{"count":1,"href":"https:\/\/radioprincesa2010.com.br\/fm\/wp-json\/wp\/v2\/posts\/8083\/revisions"}],"predecessor-version":[{"id":8087,"href":"https:\/\/radioprincesa2010.com.br\/fm\/wp-json\/wp\/v2\/posts\/8083\/revisions\/8087"}],"wp:featuredmedia":[{"embeddable":true,"href":"https:\/\/radioprincesa2010.com.br\/fm\/wp-json\/wp\/v2\/media\/8086"}],"wp:attachment":[{"href":"https:\/\/radioprincesa2010.com.br\/fm\/wp-json\/wp\/v2\/media?parent=8083"}],"wp:term":[{"taxonomy":"category","embeddable":true,"href":"https:\/\/radioprincesa2010.com.br\/fm\/wp-json\/wp\/v2\/categories?post=8083"},{"taxonomy":"post_tag","embeddable":true,"href":"https:\/\/radioprincesa2010.com.br\/fm\/wp-json\/wp\/v2\/tags?post=8083"}],"curies":[{"name":"wp","href":"https:\/\/api.w.org\/{rel}","templated":true}]}}