{"id":7780,"date":"2023-09-04T20:22:51","date_gmt":"2023-09-04T20:22:51","guid":{"rendered":"https:\/\/radioprincesa2010.com.br\/fm\/?p=7780"},"modified":"2023-09-04T20:24:48","modified_gmt":"2023-09-04T20:24:48","slug":"van-da-secretaria-de-saude-de-fontoura-xavier-se-envolve-em-acidente-com-morte-em-ernestina","status":"publish","type":"post","link":"https:\/\/radioprincesa2010.com.br\/fm\/van-da-secretaria-de-saude-de-fontoura-xavier-se-envolve-em-acidente-com-morte-em-ernestina\/","title":{"rendered":"Van da Secretaria de Sa\u00fade de Fontoura Xavier se envolve em acidente com morte em Ernestina"},"content":{"rendered":"<div id=\"fb-root\"><\/div>\n\n<p>Na manh\u00e3 desta segunda-feira, 04\/09, na RSC-153 entre Tio Hugo e Ernestina, ocorreu um acidente envolvendo uma van da Secretaria de Sa\u00fade de Fontoura Xavier e um ve\u00edculo Citroen C4 de Ernestina.<\/p>\n\n\n\n<p>De acordo com a Brigada Militar de Ernestina, o motorista do Citroen C4 foi a v\u00edtima fatal do acidente, identificado como Roque Voigt. Os ocupantes da van tiveram ferimentos e est\u00e3o sendo encaminhados a hospitais da regi\u00e3o.<\/p>\n\n\n\n<figure class=\"wp-block-image size-full\"><img loading=\"lazy\" decoding=\"async\" width=\"1000\" height=\"666\" src=\"https:\/\/radioprincesa2010.com.br\/fm\/wp-content\/uploads\/2023\/09\/04092023_120637_941191.jpg\" alt=\"\" class=\"wp-image-7782\" srcset=\"https:\/\/radioprincesa2010.com.br\/fm\/wp-content\/uploads\/2023\/09\/04092023_120637_941191.jpg 1000w, https:\/\/radioprincesa2010.com.br\/fm\/wp-content\/uploads\/2023\/09\/04092023_120637_941191-300x200.jpg 300w, https:\/\/radioprincesa2010.com.br\/fm\/wp-content\/uploads\/2023\/09\/04092023_120637_941191-768x511.jpg 768w, https:\/\/radioprincesa2010.com.br\/fm\/wp-content\/uploads\/2023\/09\/04092023_120637_941191-90x60.jpg 90w\" sizes=\"auto, (max-width: 1000px) 100vw, 1000px\" \/><\/figure>\n\n\n\n<p>Veja mais no link abaixo:<\/p>\n\n\n\n<p>*<a href=\"https:\/\/www.clicsoledade.online\/noticias\/transito\/54292\/van-da-secretaria-de-saude-de-fontoura-xavier-se-envolve-em-acidente-com-morte-em-ernestina\/\" target=\"_blank\" rel=\"noreferrer noopener\">Clicsoledade<\/a><\/p>\n\n\n\n<h2 class=\"wp-block-heading\">\ud83d\udc47\u261d\ufe0f TALVEZ TAMB\u00c9M INTERESSE. Tenha paci\u00eancia e aguarde os link e v\u00eddeos carregarem \ud83d\ude42<\/h2>\n\n\n\n<div class=\"wp-block-query is-layout-flow wp-block-query-is-layout-flow\"><ul class=\"wp-block-post-template is-layout-flow wp-block-post-template-is-layout-flow\"><li class=\"wp-block-post post-11372 post type-post status-publish format-standard has-post-thumbnail hentry category-geral\">\n\n<div class=\"wp-block-columns are-vertically-aligned-center is-layout-flex wp-container-core-columns-is-layout-1 wp-block-columns-is-layout-flex\">\n<div class=\"wp-block-column is-vertically-aligned-center is-layout-flow wp-block-column-is-layout-flow\" style=\"flex-basis:25%\"><figure class=\"wp-block-post-featured-image\"><a href=\"https:\/\/radioprincesa2010.com.br\/fm\/caminhada-pela-inclusao-em-selbach\/\" target=\"_self\"  ><img loading=\"lazy\" decoding=\"async\" width=\"500\" height=\"281\" src=\"https:\/\/radioprincesa2010.com.br\/fm\/wp-content\/uploads\/2026\/04\/X1-7.jpg\" class=\"attachment-post-thumbnail size-post-thumbnail wp-post-image\" alt=\"Caminhada pela inclus\u00e3o em Selbach\" style=\"object-fit:cover;\" srcset=\"https:\/\/radioprincesa2010.com.br\/fm\/wp-content\/uploads\/2026\/04\/X1-7.jpg 500w, https:\/\/radioprincesa2010.com.br\/fm\/wp-content\/uploads\/2026\/04\/X1-7-300x169.jpg 300w, https:\/\/radioprincesa2010.com.br\/fm\/wp-content\/uploads\/2026\/04\/X1-7-107x60.jpg 107w\" sizes=\"auto, (max-width: 500px) 100vw, 500px\" \/><\/a><\/figure><\/div>\n\n\n\n<div class=\"wp-block-column is-vertically-aligned-center is-layout-flow wp-block-column-is-layout-flow\" style=\"flex-basis:75%\"><h2 class=\"wp-block-post-title\"><a href=\"https:\/\/radioprincesa2010.com.br\/fm\/caminhada-pela-inclusao-em-selbach\/\" target=\"_self\" >Caminhada pela inclus\u00e3o em Selbach<\/a><\/h2><\/div>\n<\/div>\n\n<\/li><li class=\"wp-block-post post-11365 post type-post status-publish format-standard has-post-thumbnail hentry category-geral\">\n\n<div class=\"wp-block-columns are-vertically-aligned-center is-layout-flex wp-container-core-columns-is-layout-2 wp-block-columns-is-layout-flex\">\n<div class=\"wp-block-column is-vertically-aligned-center is-layout-flow wp-block-column-is-layout-flow\" style=\"flex-basis:25%\"><figure class=\"wp-block-post-featured-image\"><a href=\"https:\/\/radioprincesa2010.com.br\/fm\/psicologa-gizela-vieira-scartazzini-fala-sobre-o-autismo\/\" target=\"_self\"  ><img loading=\"lazy\" decoding=\"async\" width=\"500\" height=\"542\" src=\"https:\/\/radioprincesa2010.com.br\/fm\/wp-content\/uploads\/2026\/04\/X1-6.jpg\" class=\"attachment-post-thumbnail size-post-thumbnail wp-post-image\" alt=\"Psic\u00f3loga Gizela Vieira Scartazzini fala sobre o autismo\" style=\"object-fit:cover;\" srcset=\"https:\/\/radioprincesa2010.com.br\/fm\/wp-content\/uploads\/2026\/04\/X1-6.jpg 500w, https:\/\/radioprincesa2010.com.br\/fm\/wp-content\/uploads\/2026\/04\/X1-6-277x300.jpg 277w, https:\/\/radioprincesa2010.com.br\/fm\/wp-content\/uploads\/2026\/04\/X1-6-55x60.jpg 55w\" sizes=\"auto, (max-width: 500px) 100vw, 500px\" \/><\/a><\/figure><\/div>\n\n\n\n<div class=\"wp-block-column is-vertically-aligned-center is-layout-flow wp-block-column-is-layout-flow\" style=\"flex-basis:75%\"><h2 class=\"wp-block-post-title\"><a href=\"https:\/\/radioprincesa2010.com.br\/fm\/psicologa-gizela-vieira-scartazzini-fala-sobre-o-autismo\/\" target=\"_self\" >Psic\u00f3loga Gizela Vieira Scartazzini fala sobre o autismo<\/a><\/h2><\/div>\n<\/div>\n\n<\/li><li class=\"wp-block-post post-11360 post type-post status-publish format-standard has-post-thumbnail hentry category-geral\">\n\n<div class=\"wp-block-columns are-vertically-aligned-center is-layout-flex wp-container-core-columns-is-layout-3 wp-block-columns-is-layout-flex\">\n<div class=\"wp-block-column is-vertically-aligned-center is-layout-flow wp-block-column-is-layout-flow\" style=\"flex-basis:25%\"><figure class=\"wp-block-post-featured-image\"><a href=\"https:\/\/radioprincesa2010.com.br\/fm\/resultados-do-volei-feminino-e-futsal-veterano-masculino-de-selbach\/\" target=\"_self\"  ><img loading=\"lazy\" decoding=\"async\" width=\"500\" height=\"465\" src=\"https:\/\/radioprincesa2010.com.br\/fm\/wp-content\/uploads\/2026\/04\/WhatsApp-Image-2026-04-29-at-09.04.48-3.jpeg\" class=\"attachment-post-thumbnail size-post-thumbnail wp-post-image\" alt=\"Resultados do V\u00f4lei feminino e futsal veterano masculino de Selbach\" style=\"object-fit:cover;\" srcset=\"https:\/\/radioprincesa2010.com.br\/fm\/wp-content\/uploads\/2026\/04\/WhatsApp-Image-2026-04-29-at-09.04.48-3.jpeg 500w, https:\/\/radioprincesa2010.com.br\/fm\/wp-content\/uploads\/2026\/04\/WhatsApp-Image-2026-04-29-at-09.04.48-3-300x279.jpeg 300w, https:\/\/radioprincesa2010.com.br\/fm\/wp-content\/uploads\/2026\/04\/WhatsApp-Image-2026-04-29-at-09.04.48-3-65x60.jpeg 65w\" sizes=\"auto, (max-width: 500px) 100vw, 500px\" \/><\/a><\/figure><\/div>\n\n\n\n<div class=\"wp-block-column is-vertically-aligned-center is-layout-flow wp-block-column-is-layout-flow\" style=\"flex-basis:75%\"><h2 class=\"wp-block-post-title\"><a href=\"https:\/\/radioprincesa2010.com.br\/fm\/resultados-do-volei-feminino-e-futsal-veterano-masculino-de-selbach\/\" target=\"_self\" >Resultados do V\u00f4lei feminino e futsal veterano masculino de Selbach<\/a><\/h2><\/div>\n<\/div>\n\n<\/li><\/ul><\/div>\n\n\n\n<h2 class=\"wp-block-heading\">MANCHETES GERAIS DO DIA:<\/h2>\n\n\n\n<figure class=\"wp-block-embed is-type-video is-provider-youtube wp-block-embed-youtube wp-embed-aspect-16-9 wp-has-aspect-ratio\"><div class=\"wp-block-embed__wrapper\">\n<iframe loading=\"lazy\" title=\"04\/09\/2023 - INFORMA\u00c7\u00c3O EM #10 MINUTOS:  Humanos menos QI, ex\u00e9rcito rob\u00f4s #E MUITO MAIS\" width=\"925\" height=\"520\" src=\"https:\/\/www.youtube.com\/embed\/qH-d-WsuzHU?feature=oembed\" frameborder=\"0\" allow=\"accelerometer; autoplay; clipboard-write; encrypted-media; gyroscope; picture-in-picture; web-share\" allowfullscreen><\/iframe>\n<\/div><figcaption class=\"wp-element-caption\"><a href=\"https:\/\/www.youtube.com\/watch?v=qH-d-WsuzHU\" target=\"_blank\" rel=\"noreferrer noopener\">OU VEJA AQUI<\/a><\/figcaption><\/figure>\n\n\n\n<figure class=\"wp-block-embed is-type-wp-embed is-provider-informa-tudo wp-block-embed-informa-tudo\"><div class=\"wp-block-embed__wrapper\">\n<blockquote class=\"wp-embedded-content\" data-secret=\"o15d8txN6E\"><a href=\"https:\/\/informatudo.com.br\/tudo\/\">\u00daltimas Not\u00edcias do site<\/a><\/blockquote><iframe loading=\"lazy\" class=\"wp-embedded-content\" sandbox=\"allow-scripts\" security=\"restricted\" style=\"position: absolute; clip: rect(1px, 1px, 1px, 1px);\" title=\"&#8220;\u00daltimas Not\u00edcias do site&#8221; &#8212; Informa Tudo!\" src=\"https:\/\/informatudo.com.br\/tudo\/embed\/#?secret=AcwppUpUsd#?secret=o15d8txN6E\" data-secret=\"o15d8txN6E\" width=\"600\" height=\"338\" frameborder=\"0\" marginwidth=\"0\" marginheight=\"0\" scrolling=\"no\"><\/iframe>\n<\/div><figcaption class=\"wp-element-caption\"><a href=\"https:\/\/informatudo.com.br\/tudo\/\" target=\"_blank\" rel=\"noreferrer noopener\">ou veja aqui<\/a><\/figcaption><\/figure>\n\n\n\n<p><\/p>\n","protected":false},"excerpt":{"rendered":"<p>Na manh\u00e3 desta segunda-feira, 04\/09, na RSC-153 entre Tio Hugo e Ernestina, ocorreu um acidente envolvendo uma van da Secretaria de Sa\u00fade de Fontoura Xavier e um ve\u00edculo Citroen C4 de Ernestina. De acordo com a Brigada Militar de Ernestina, o motorista do Citroen C4 foi a v\u00edtima fatal do acidente, identificado como Roque Voigt. &hellip; <\/p>\n","protected":false},"author":1,"featured_media":7781,"comment_status":"open","ping_status":"open","sticky":false,"template":"","format":"standard","meta":{"footnotes":""},"categories":[1],"tags":[559,561],"class_list":["post-7780","post","type-post","status-publish","format-standard","has-post-thumbnail","hentry","category-geral","tag-fontoura-xavier","tag-morte"],"yoast_head":"<!-- This site is optimized with the Yoast SEO plugin v16.1.1 - https:\/\/yoast.com\/wordpress\/plugins\/seo\/ -->\n<title>Van da Secretaria de Sa\u00fade de Fontoura Xavier se envolve em acidente com morte em Ernestina - R\u00e1dio Princesa FM 104.9 Mhz<\/title>\n<link rel=\"canonical\" href=\"https:\/\/radioprincesa2010.com.br\/fm\/van-da-secretaria-de-saude-de-fontoura-xavier-se-envolve-em-acidente-com-morte-em-ernestina\/\" \/>\n<meta property=\"og:locale\" content=\"pt_BR\" \/>\n<meta property=\"og:type\" content=\"article\" \/>\n<meta property=\"og:title\" content=\"Van da Secretaria de Sa\u00fade de Fontoura Xavier se envolve em acidente com morte em Ernestina - R\u00e1dio Princesa FM 104.9 Mhz\" \/>\n<meta property=\"og:description\" content=\"Na manh\u00e3 desta segunda-feira, 04\/09, na RSC-153 entre Tio Hugo e Ernestina, ocorreu um acidente envolvendo uma van da Secretaria de Sa\u00fade de Fontoura Xavier e um ve\u00edculo Citroen C4 de Ernestina. De acordo com a Brigada Militar de Ernestina, o motorista do Citroen C4 foi a v\u00edtima fatal do acidente, identificado como Roque Voigt. &hellip;\" \/>\n<meta property=\"og:url\" content=\"https:\/\/radioprincesa2010.com.br\/fm\/van-da-secretaria-de-saude-de-fontoura-xavier-se-envolve-em-acidente-com-morte-em-ernestina\/\" \/>\n<meta property=\"og:site_name\" content=\"R\u00e1dio Princesa FM 104.9 Mhz\" \/>\n<meta property=\"article:published_time\" content=\"2023-09-04T20:22:51+00:00\" \/>\n<meta property=\"article:modified_time\" content=\"2023-09-04T20:24:48+00:00\" \/>\n<meta property=\"og:image\" content=\"https:\/\/radioprincesa2010.com.br\/fm\/wp-content\/uploads\/2023\/09\/04092023_151026_655525.jpg\" \/>\n\t<meta property=\"og:image:width\" content=\"864\" \/>\n\t<meta property=\"og:image:height\" content=\"576\" \/>\n<meta name=\"twitter:card\" content=\"summary_large_image\" \/>\n<meta name=\"twitter:label1\" content=\"Est. tempo de leitura\">\n\t<meta name=\"twitter:data1\" content=\"1 minuto\">\n<script type=\"application\/ld+json\" class=\"yoast-schema-graph\">{\"@context\":\"https:\/\/schema.org\",\"@graph\":[{\"@type\":\"WebSite\",\"@id\":\"https:\/\/radioprincesa2010.com.br\/fm\/#website\",\"url\":\"https:\/\/radioprincesa2010.com.br\/fm\/\",\"name\":\"R\\u00e1dio Princesa FM 104.9 Mhz\",\"description\":\"Com voc\\u00ea o tempo todo\",\"potentialAction\":[{\"@type\":\"SearchAction\",\"target\":\"https:\/\/radioprincesa2010.com.br\/fm\/?s={search_term_string}\",\"query-input\":\"required name=search_term_string\"}],\"inLanguage\":\"pt-BR\"},{\"@type\":\"ImageObject\",\"@id\":\"https:\/\/radioprincesa2010.com.br\/fm\/van-da-secretaria-de-saude-de-fontoura-xavier-se-envolve-em-acidente-com-morte-em-ernestina\/#primaryimage\",\"inLanguage\":\"pt-BR\",\"url\":\"https:\/\/radioprincesa2010.com.br\/fm\/wp-content\/uploads\/2023\/09\/04092023_151026_655525.jpg\",\"contentUrl\":\"https:\/\/radioprincesa2010.com.br\/fm\/wp-content\/uploads\/2023\/09\/04092023_151026_655525.jpg\",\"width\":864,\"height\":576},{\"@type\":\"WebPage\",\"@id\":\"https:\/\/radioprincesa2010.com.br\/fm\/van-da-secretaria-de-saude-de-fontoura-xavier-se-envolve-em-acidente-com-morte-em-ernestina\/#webpage\",\"url\":\"https:\/\/radioprincesa2010.com.br\/fm\/van-da-secretaria-de-saude-de-fontoura-xavier-se-envolve-em-acidente-com-morte-em-ernestina\/\",\"name\":\"Van da Secretaria de Sa\\u00fade de Fontoura Xavier se envolve em acidente com morte em Ernestina - R\\u00e1dio Princesa FM 104.9 Mhz\",\"isPartOf\":{\"@id\":\"https:\/\/radioprincesa2010.com.br\/fm\/#website\"},\"primaryImageOfPage\":{\"@id\":\"https:\/\/radioprincesa2010.com.br\/fm\/van-da-secretaria-de-saude-de-fontoura-xavier-se-envolve-em-acidente-com-morte-em-ernestina\/#primaryimage\"},\"datePublished\":\"2023-09-04T20:22:51+00:00\",\"dateModified\":\"2023-09-04T20:24:48+00:00\",\"author\":{\"@id\":\"https:\/\/radioprincesa2010.com.br\/fm\/#\/schema\/person\/7387850c16b3f47de42a1accfc7045c8\"},\"breadcrumb\":{\"@id\":\"https:\/\/radioprincesa2010.com.br\/fm\/van-da-secretaria-de-saude-de-fontoura-xavier-se-envolve-em-acidente-com-morte-em-ernestina\/#breadcrumb\"},\"inLanguage\":\"pt-BR\",\"potentialAction\":[{\"@type\":\"ReadAction\",\"target\":[\"https:\/\/radioprincesa2010.com.br\/fm\/van-da-secretaria-de-saude-de-fontoura-xavier-se-envolve-em-acidente-com-morte-em-ernestina\/\"]}]},{\"@type\":\"BreadcrumbList\",\"@id\":\"https:\/\/radioprincesa2010.com.br\/fm\/van-da-secretaria-de-saude-de-fontoura-xavier-se-envolve-em-acidente-com-morte-em-ernestina\/#breadcrumb\",\"itemListElement\":[{\"@type\":\"ListItem\",\"position\":1,\"item\":{\"@type\":\"WebPage\",\"@id\":\"https:\/\/radioprincesa2010.com.br\/fm\/\",\"url\":\"https:\/\/radioprincesa2010.com.br\/fm\/\",\"name\":\"In\\u00edcio\"}},{\"@type\":\"ListItem\",\"position\":2,\"item\":{\"@type\":\"WebPage\",\"@id\":\"https:\/\/radioprincesa2010.com.br\/fm\/van-da-secretaria-de-saude-de-fontoura-xavier-se-envolve-em-acidente-com-morte-em-ernestina\/\",\"url\":\"https:\/\/radioprincesa2010.com.br\/fm\/van-da-secretaria-de-saude-de-fontoura-xavier-se-envolve-em-acidente-com-morte-em-ernestina\/\",\"name\":\"Van da Secretaria de Sa\\u00fade de Fontoura Xavier se envolve em acidente com morte em Ernestina\"}}]},{\"@type\":\"Person\",\"@id\":\"https:\/\/radioprincesa2010.com.br\/fm\/#\/schema\/person\/7387850c16b3f47de42a1accfc7045c8\",\"name\":\"Princesa ADM\",\"image\":{\"@type\":\"ImageObject\",\"@id\":\"https:\/\/radioprincesa2010.com.br\/fm\/#personlogo\",\"inLanguage\":\"pt-BR\",\"url\":\"https:\/\/secure.gravatar.com\/avatar\/f30936cf78b511d12d0dda9d77461df5?s=96&d=mm&r=g\",\"contentUrl\":\"https:\/\/secure.gravatar.com\/avatar\/f30936cf78b511d12d0dda9d77461df5?s=96&d=mm&r=g\",\"caption\":\"Princesa ADM\"}}]}<\/script>\n<!-- \/ Yoast SEO plugin. -->","_links":{"self":[{"href":"https:\/\/radioprincesa2010.com.br\/fm\/wp-json\/wp\/v2\/posts\/7780","targetHints":{"allow":["GET"]}}],"collection":[{"href":"https:\/\/radioprincesa2010.com.br\/fm\/wp-json\/wp\/v2\/posts"}],"about":[{"href":"https:\/\/radioprincesa2010.com.br\/fm\/wp-json\/wp\/v2\/types\/post"}],"author":[{"embeddable":true,"href":"https:\/\/radioprincesa2010.com.br\/fm\/wp-json\/wp\/v2\/users\/1"}],"replies":[{"embeddable":true,"href":"https:\/\/radioprincesa2010.com.br\/fm\/wp-json\/wp\/v2\/comments?post=7780"}],"version-history":[{"count":2,"href":"https:\/\/radioprincesa2010.com.br\/fm\/wp-json\/wp\/v2\/posts\/7780\/revisions"}],"predecessor-version":[{"id":7784,"href":"https:\/\/radioprincesa2010.com.br\/fm\/wp-json\/wp\/v2\/posts\/7780\/revisions\/7784"}],"wp:featuredmedia":[{"embeddable":true,"href":"https:\/\/radioprincesa2010.com.br\/fm\/wp-json\/wp\/v2\/media\/7781"}],"wp:attachment":[{"href":"https:\/\/radioprincesa2010.com.br\/fm\/wp-json\/wp\/v2\/media?parent=7780"}],"wp:term":[{"taxonomy":"category","embeddable":true,"href":"https:\/\/radioprincesa2010.com.br\/fm\/wp-json\/wp\/v2\/categories?post=7780"},{"taxonomy":"post_tag","embeddable":true,"href":"https:\/\/radioprincesa2010.com.br\/fm\/wp-json\/wp\/v2\/tags?post=7780"}],"curies":[{"name":"wp","href":"https:\/\/api.w.org\/{rel}","templated":true}]}}