{"id":7548,"date":"2023-06-28T19:41:57","date_gmt":"2023-06-28T19:41:57","guid":{"rendered":"https:\/\/radioprincesa2010.com.br\/fm\/?p=7548"},"modified":"2023-06-28T19:44:09","modified_gmt":"2023-06-28T19:44:09","slug":"campanha-sos-solidariedade","status":"publish","type":"post","link":"https:\/\/radioprincesa2010.com.br\/fm\/campanha-sos-solidariedade\/","title":{"rendered":"Campanha SOS Solidariedade"},"content":{"rendered":"<div id=\"fb-root\"><\/div>\n\n<p><br>Sicredi Rota das Terras RS\/MG, Prefeitura e CTG Est\u00e2ncia do Imigrante de Selbach est\u00e3o arrecadando alimentos n\u00e3o perec\u00edveis e material de limpeza, em prol das familias atingidas pelo ciclone no RS e Hospital S\u00e3o Jacob de Selbah. Entregas at\u00e9 dia 7 de julho. Vereador Roberto Guareschi e gerente do Sicredi Andr\u00e9 Reis explicam a campanha.<\/p>\n\n\n\n<p>Acompanhe as entrevistas com Andr\u00e9 Reis e Roberto Guareschi:<\/p>\n\n\n\n<figure class=\"wp-block-audio\"><audio controls src=\"https:\/\/radioprincesa2010.com.br\/fm\/wp-content\/uploads\/2023\/06\/2-andre.mp3\"><\/audio><\/figure>\n\n\n\n<figure class=\"wp-block-image size-large\"><img loading=\"lazy\" decoding=\"async\" width=\"1024\" height=\"684\" src=\"https:\/\/radioprincesa2010.com.br\/fm\/wp-content\/uploads\/2023\/06\/WhatsApp-Image-2023-06-28-at-06.46.37-1024x684.jpeg\" alt=\"\" class=\"wp-image-7532\" srcset=\"https:\/\/radioprincesa2010.com.br\/fm\/wp-content\/uploads\/2023\/06\/WhatsApp-Image-2023-06-28-at-06.46.37-1024x684.jpeg 1024w, https:\/\/radioprincesa2010.com.br\/fm\/wp-content\/uploads\/2023\/06\/WhatsApp-Image-2023-06-28-at-06.46.37-300x200.jpeg 300w, https:\/\/radioprincesa2010.com.br\/fm\/wp-content\/uploads\/2023\/06\/WhatsApp-Image-2023-06-28-at-06.46.37-768x513.jpeg 768w, https:\/\/radioprincesa2010.com.br\/fm\/wp-content\/uploads\/2023\/06\/WhatsApp-Image-2023-06-28-at-06.46.37-1536x1026.jpeg 1536w, https:\/\/radioprincesa2010.com.br\/fm\/wp-content\/uploads\/2023\/06\/WhatsApp-Image-2023-06-28-at-06.46.37-90x60.jpeg 90w, https:\/\/radioprincesa2010.com.br\/fm\/wp-content\/uploads\/2023\/06\/WhatsApp-Image-2023-06-28-at-06.46.37.jpeg 1600w\" sizes=\"auto, (max-width: 1024px) 100vw, 1024px\" \/><\/figure>\n\n\n\n<figure class=\"wp-block-audio\"><audio controls src=\"https:\/\/radioprincesa2010.com.br\/fm\/wp-content\/uploads\/2023\/06\/1-roberto.mp3\"><\/audio><\/figure>\n\n\n\n<figure class=\"wp-block-image size-large\"><img loading=\"lazy\" decoding=\"async\" width=\"1024\" height=\"768\" src=\"https:\/\/radioprincesa2010.com.br\/fm\/wp-content\/uploads\/2023\/06\/2-7-1024x768.jpeg\" alt=\"\" class=\"wp-image-7549\" srcset=\"https:\/\/radioprincesa2010.com.br\/fm\/wp-content\/uploads\/2023\/06\/2-7-1024x768.jpeg 1024w, https:\/\/radioprincesa2010.com.br\/fm\/wp-content\/uploads\/2023\/06\/2-7-300x225.jpeg 300w, https:\/\/radioprincesa2010.com.br\/fm\/wp-content\/uploads\/2023\/06\/2-7-768x576.jpeg 768w, https:\/\/radioprincesa2010.com.br\/fm\/wp-content\/uploads\/2023\/06\/2-7-1536x1152.jpeg 1536w, https:\/\/radioprincesa2010.com.br\/fm\/wp-content\/uploads\/2023\/06\/2-7-80x60.jpeg 80w, https:\/\/radioprincesa2010.com.br\/fm\/wp-content\/uploads\/2023\/06\/2-7.jpeg 1600w\" sizes=\"auto, (max-width: 1024px) 100vw, 1024px\" \/><\/figure>\n\n\n\n<figure class=\"wp-block-image size-large\"><img loading=\"lazy\" decoding=\"async\" width=\"1024\" height=\"684\" src=\"https:\/\/radioprincesa2010.com.br\/fm\/wp-content\/uploads\/2023\/06\/3-3-1024x684.jpeg\" alt=\"\" class=\"wp-image-7553\" srcset=\"https:\/\/radioprincesa2010.com.br\/fm\/wp-content\/uploads\/2023\/06\/3-3-1024x684.jpeg 1024w, https:\/\/radioprincesa2010.com.br\/fm\/wp-content\/uploads\/2023\/06\/3-3-300x200.jpeg 300w, https:\/\/radioprincesa2010.com.br\/fm\/wp-content\/uploads\/2023\/06\/3-3-768x513.jpeg 768w, https:\/\/radioprincesa2010.com.br\/fm\/wp-content\/uploads\/2023\/06\/3-3-1536x1026.jpeg 1536w, https:\/\/radioprincesa2010.com.br\/fm\/wp-content\/uploads\/2023\/06\/3-3-90x60.jpeg 90w, https:\/\/radioprincesa2010.com.br\/fm\/wp-content\/uploads\/2023\/06\/3-3.jpeg 1600w\" sizes=\"auto, (max-width: 1024px) 100vw, 1024px\" \/><\/figure>\n\n\n\n<h2 class=\"wp-block-heading\">TALVEZ TAMB\u00c9M INTERESSE A VOC\u00ca<\/h2>\n\n\n\n<figure class=\"wp-block-embed is-type-video is-provider-youtube wp-block-embed-youtube wp-embed-aspect-16-9 wp-has-aspect-ratio\"><div class=\"wp-block-embed__wrapper\">\n<iframe loading=\"lazy\" title=\"#OVNI #DISTORCEU o espa\u00e7o e o #TEMPO\" width=\"925\" height=\"520\" src=\"https:\/\/www.youtube.com\/embed\/jaZUO3PHUgI?start=1&#038;feature=oembed\" frameborder=\"0\" allow=\"accelerometer; autoplay; clipboard-write; encrypted-media; gyroscope; picture-in-picture; web-share\" allowfullscreen><\/iframe>\n<\/div><figcaption class=\"wp-element-caption\"><a href=\"https:\/\/www.youtube.com\/watch?v=jaZUO3PHUgI&amp;t=1s\" target=\"_blank\" rel=\"noreferrer noopener\">ou veja aqui<\/a><\/figcaption><\/figure>\n\n\n\n<h2 class=\"wp-block-heading\">Gosta de Esportes?<\/h2>\n\n\n\n<figure class=\"wp-block-embed is-type-video is-provider-youtube wp-block-embed-youtube wp-embed-aspect-16-9 wp-has-aspect-ratio\"><div class=\"wp-block-embed__wrapper\">\n<iframe loading=\"lazy\" title=\"#UFC #BOLETIM - Luta #ELON Musk X #MARK Zuckerberg a #CAMINHO; Chandler X McGregor e muito mais\" width=\"925\" height=\"520\" src=\"https:\/\/www.youtube.com\/embed\/-WLAoA0FJFE?feature=oembed\" frameborder=\"0\" allow=\"accelerometer; autoplay; clipboard-write; encrypted-media; gyroscope; picture-in-picture; web-share\" allowfullscreen><\/iframe>\n<\/div><figcaption class=\"wp-element-caption\"><a href=\"https:\/\/www.youtube.com\/watch?v=-WLAoA0FJFE\" target=\"_blank\" rel=\"noreferrer noopener\">ou veja aqui<\/a><\/figcaption><\/figure>\n\n\n\n<figure class=\"wp-block-embed is-type-video is-provider-youtube wp-block-embed-youtube wp-embed-aspect-16-9 wp-has-aspect-ratio\"><div class=\"wp-block-embed__wrapper\">\n<iframe loading=\"lazy\" title=\"#F1 #BOLETIM - Daniel RICCIARDO na #F1; ALPINE 200 MILH\u00d5ES; STROLL TOP 5\" width=\"925\" height=\"520\" src=\"https:\/\/www.youtube.com\/embed\/TqS_F3inuKo?feature=oembed\" frameborder=\"0\" allow=\"accelerometer; autoplay; clipboard-write; encrypted-media; gyroscope; picture-in-picture; web-share\" allowfullscreen><\/iframe>\n<\/div><figcaption class=\"wp-element-caption\"><a href=\"https:\/\/www.youtube.com\/watch?v=TqS_F3inuKo\" target=\"_blank\" rel=\"noreferrer noopener\">ou veja aqui<\/a><\/figcaption><\/figure>\n\n\n\n<figure class=\"wp-block-embed is-type-video is-provider-youtube wp-block-embed-youtube wp-embed-aspect-16-9 wp-has-aspect-ratio\"><div class=\"wp-block-embed__wrapper\">\n<iframe loading=\"lazy\" title=\"BRASILEIRO: magrinho e #SOFRIDO mas valeu: #VIT\u00d3RIA e G6 para o #INTER\" width=\"925\" height=\"520\" src=\"https:\/\/www.youtube.com\/embed\/MgiP0egoE1A?feature=oembed\" frameborder=\"0\" allow=\"accelerometer; autoplay; clipboard-write; encrypted-media; gyroscope; picture-in-picture; web-share\" allowfullscreen><\/iframe>\n<\/div><figcaption class=\"wp-element-caption\"><a href=\"https:\/\/www.youtube.com\/watch?v=MgiP0egoE1A\" target=\"_blank\" rel=\"noreferrer noopener\">ou veja aqui<\/a><\/figcaption><\/figure>\n\n\n\n<figure class=\"wp-block-embed is-type-video is-provider-youtube wp-block-embed-youtube wp-embed-aspect-16-9 wp-has-aspect-ratio\"><div class=\"wp-block-embed__wrapper\">\n<iframe loading=\"lazy\" title=\"BRASILEIRO: Gr\u00eamio toma #SUSTO mas goleia o #CORITIBA\" width=\"925\" height=\"520\" src=\"https:\/\/www.youtube.com\/embed\/R5GWmTL79J8?feature=oembed\" frameborder=\"0\" allow=\"accelerometer; autoplay; clipboard-write; encrypted-media; gyroscope; picture-in-picture; web-share\" allowfullscreen><\/iframe>\n<\/div><figcaption class=\"wp-element-caption\"><a href=\"https:\/\/www.youtube.com\/watch?v=R5GWmTL79J8\" target=\"_blank\" rel=\"noreferrer noopener\">ou veja aqui<\/a><\/figcaption><\/figure>\n\n\n\n<h2 class=\"wp-block-heading\">Gosta de Cinema?<\/h2>\n\n\n\n<figure class=\"wp-block-embed is-type-video is-provider-youtube wp-block-embed-youtube wp-embed-aspect-16-9 wp-has-aspect-ratio\"><div class=\"wp-block-embed__wrapper\">\n<iframe loading=\"lazy\" title=\"228 - O Decl\u00ednio - 2020 (Jusqu&#039;au d\u00e9clin - The Decline)\" width=\"925\" height=\"520\" src=\"https:\/\/www.youtube.com\/embed\/TaNzJcV3838?start=5&#038;feature=oembed\" frameborder=\"0\" allow=\"accelerometer; autoplay; clipboard-write; encrypted-media; gyroscope; picture-in-picture; web-share\" allowfullscreen><\/iframe>\n<\/div><figcaption class=\"wp-element-caption\"><a href=\"https:\/\/www.youtube.com\/watch?v=TaNzJcV3838&amp;t=5s\" target=\"_blank\" rel=\"noreferrer noopener\">ou veja aqui<\/a><\/figcaption><\/figure>\n\n\n\n<p><\/p>\n","protected":false},"excerpt":{"rendered":"<p>Sicredi Rota das Terras RS\/MG, Prefeitura e CTG Est\u00e2ncia do Imigrante de Selbach est\u00e3o arrecadando alimentos n\u00e3o perec\u00edveis e material de limpeza, em prol das familias atingidas pelo ciclone no RS e Hospital S\u00e3o Jacob de Selbah. Entregas at\u00e9 dia 7 de julho. Vereador Roberto Guareschi e gerente do Sicredi Andr\u00e9 Reis explicam a campanha. &hellip; <\/p>\n","protected":false},"author":1,"featured_media":7550,"comment_status":"open","ping_status":"open","sticky":false,"template":"","format":"standard","meta":{"footnotes":""},"categories":[1],"tags":[532,64,12,92,533,534],"class_list":["post-7548","post","type-post","status-publish","format-standard","has-post-thumbnail","hentry","category-geral","tag-campanha","tag-princesa-fm","tag-radio-princesa","tag-radio-selbach","tag-solidariedade","tag-sos"],"yoast_head":"<!-- This site is optimized with the Yoast SEO plugin v16.1.1 - https:\/\/yoast.com\/wordpress\/plugins\/seo\/ -->\n<title>Campanha SOS Solidariedade - R\u00e1dio Princesa FM 104.9 Mhz<\/title>\n<link rel=\"canonical\" href=\"https:\/\/radioprincesa2010.com.br\/fm\/campanha-sos-solidariedade\/\" \/>\n<meta property=\"og:locale\" content=\"pt_BR\" \/>\n<meta property=\"og:type\" content=\"article\" \/>\n<meta property=\"og:title\" content=\"Campanha SOS Solidariedade - R\u00e1dio Princesa FM 104.9 Mhz\" \/>\n<meta property=\"og:description\" content=\"Sicredi Rota das Terras RS\/MG, Prefeitura e CTG Est\u00e2ncia do Imigrante de Selbach est\u00e3o arrecadando alimentos n\u00e3o perec\u00edveis e material de limpeza, em prol das familias atingidas pelo ciclone no RS e Hospital S\u00e3o Jacob de Selbah. Entregas at\u00e9 dia 7 de julho. Vereador Roberto Guareschi e gerente do Sicredi Andr\u00e9 Reis explicam a campanha. &hellip;\" \/>\n<meta property=\"og:url\" content=\"https:\/\/radioprincesa2010.com.br\/fm\/campanha-sos-solidariedade\/\" \/>\n<meta property=\"og:site_name\" content=\"R\u00e1dio Princesa FM 104.9 Mhz\" \/>\n<meta property=\"article:published_time\" content=\"2023-06-28T19:41:57+00:00\" \/>\n<meta property=\"article:modified_time\" content=\"2023-06-28T19:44:09+00:00\" \/>\n<meta property=\"og:image\" content=\"https:\/\/radioprincesa2010.com.br\/fm\/wp-content\/uploads\/2023\/06\/2-8.jpeg\" \/>\n\t<meta property=\"og:image:width\" content=\"680\" \/>\n\t<meta property=\"og:image:height\" content=\"573\" \/>\n<meta name=\"twitter:card\" content=\"summary_large_image\" \/>\n<meta name=\"twitter:label1\" content=\"Est. tempo de leitura\">\n\t<meta name=\"twitter:data1\" content=\"2 minutos\">\n<script type=\"application\/ld+json\" class=\"yoast-schema-graph\">{\"@context\":\"https:\/\/schema.org\",\"@graph\":[{\"@type\":\"WebSite\",\"@id\":\"https:\/\/radioprincesa2010.com.br\/fm\/#website\",\"url\":\"https:\/\/radioprincesa2010.com.br\/fm\/\",\"name\":\"R\\u00e1dio Princesa FM 104.9 Mhz\",\"description\":\"Com voc\\u00ea o tempo todo\",\"potentialAction\":[{\"@type\":\"SearchAction\",\"target\":\"https:\/\/radioprincesa2010.com.br\/fm\/?s={search_term_string}\",\"query-input\":\"required name=search_term_string\"}],\"inLanguage\":\"pt-BR\"},{\"@type\":\"ImageObject\",\"@id\":\"https:\/\/radioprincesa2010.com.br\/fm\/campanha-sos-solidariedade\/#primaryimage\",\"inLanguage\":\"pt-BR\",\"url\":\"https:\/\/radioprincesa2010.com.br\/fm\/wp-content\/uploads\/2023\/06\/2-8.jpeg\",\"contentUrl\":\"https:\/\/radioprincesa2010.com.br\/fm\/wp-content\/uploads\/2023\/06\/2-8.jpeg\",\"width\":680,\"height\":573},{\"@type\":\"WebPage\",\"@id\":\"https:\/\/radioprincesa2010.com.br\/fm\/campanha-sos-solidariedade\/#webpage\",\"url\":\"https:\/\/radioprincesa2010.com.br\/fm\/campanha-sos-solidariedade\/\",\"name\":\"Campanha SOS Solidariedade - R\\u00e1dio Princesa FM 104.9 Mhz\",\"isPartOf\":{\"@id\":\"https:\/\/radioprincesa2010.com.br\/fm\/#website\"},\"primaryImageOfPage\":{\"@id\":\"https:\/\/radioprincesa2010.com.br\/fm\/campanha-sos-solidariedade\/#primaryimage\"},\"datePublished\":\"2023-06-28T19:41:57+00:00\",\"dateModified\":\"2023-06-28T19:44:09+00:00\",\"author\":{\"@id\":\"https:\/\/radioprincesa2010.com.br\/fm\/#\/schema\/person\/7387850c16b3f47de42a1accfc7045c8\"},\"breadcrumb\":{\"@id\":\"https:\/\/radioprincesa2010.com.br\/fm\/campanha-sos-solidariedade\/#breadcrumb\"},\"inLanguage\":\"pt-BR\",\"potentialAction\":[{\"@type\":\"ReadAction\",\"target\":[\"https:\/\/radioprincesa2010.com.br\/fm\/campanha-sos-solidariedade\/\"]}]},{\"@type\":\"BreadcrumbList\",\"@id\":\"https:\/\/radioprincesa2010.com.br\/fm\/campanha-sos-solidariedade\/#breadcrumb\",\"itemListElement\":[{\"@type\":\"ListItem\",\"position\":1,\"item\":{\"@type\":\"WebPage\",\"@id\":\"https:\/\/radioprincesa2010.com.br\/fm\/\",\"url\":\"https:\/\/radioprincesa2010.com.br\/fm\/\",\"name\":\"In\\u00edcio\"}},{\"@type\":\"ListItem\",\"position\":2,\"item\":{\"@type\":\"WebPage\",\"@id\":\"https:\/\/radioprincesa2010.com.br\/fm\/campanha-sos-solidariedade\/\",\"url\":\"https:\/\/radioprincesa2010.com.br\/fm\/campanha-sos-solidariedade\/\",\"name\":\"Campanha SOS Solidariedade\"}}]},{\"@type\":\"Person\",\"@id\":\"https:\/\/radioprincesa2010.com.br\/fm\/#\/schema\/person\/7387850c16b3f47de42a1accfc7045c8\",\"name\":\"Princesa ADM\",\"image\":{\"@type\":\"ImageObject\",\"@id\":\"https:\/\/radioprincesa2010.com.br\/fm\/#personlogo\",\"inLanguage\":\"pt-BR\",\"url\":\"https:\/\/secure.gravatar.com\/avatar\/f30936cf78b511d12d0dda9d77461df5?s=96&d=mm&r=g\",\"contentUrl\":\"https:\/\/secure.gravatar.com\/avatar\/f30936cf78b511d12d0dda9d77461df5?s=96&d=mm&r=g\",\"caption\":\"Princesa ADM\"}}]}<\/script>\n<!-- \/ Yoast SEO plugin. -->","_links":{"self":[{"href":"https:\/\/radioprincesa2010.com.br\/fm\/wp-json\/wp\/v2\/posts\/7548","targetHints":{"allow":["GET"]}}],"collection":[{"href":"https:\/\/radioprincesa2010.com.br\/fm\/wp-json\/wp\/v2\/posts"}],"about":[{"href":"https:\/\/radioprincesa2010.com.br\/fm\/wp-json\/wp\/v2\/types\/post"}],"author":[{"embeddable":true,"href":"https:\/\/radioprincesa2010.com.br\/fm\/wp-json\/wp\/v2\/users\/1"}],"replies":[{"embeddable":true,"href":"https:\/\/radioprincesa2010.com.br\/fm\/wp-json\/wp\/v2\/comments?post=7548"}],"version-history":[{"count":2,"href":"https:\/\/radioprincesa2010.com.br\/fm\/wp-json\/wp\/v2\/posts\/7548\/revisions"}],"predecessor-version":[{"id":7554,"href":"https:\/\/radioprincesa2010.com.br\/fm\/wp-json\/wp\/v2\/posts\/7548\/revisions\/7554"}],"wp:featuredmedia":[{"embeddable":true,"href":"https:\/\/radioprincesa2010.com.br\/fm\/wp-json\/wp\/v2\/media\/7550"}],"wp:attachment":[{"href":"https:\/\/radioprincesa2010.com.br\/fm\/wp-json\/wp\/v2\/media?parent=7548"}],"wp:term":[{"taxonomy":"category","embeddable":true,"href":"https:\/\/radioprincesa2010.com.br\/fm\/wp-json\/wp\/v2\/categories?post=7548"},{"taxonomy":"post_tag","embeddable":true,"href":"https:\/\/radioprincesa2010.com.br\/fm\/wp-json\/wp\/v2\/tags?post=7548"}],"curies":[{"name":"wp","href":"https:\/\/api.w.org\/{rel}","templated":true}]}}