{"id":7432,"date":"2023-05-31T19:24:19","date_gmt":"2023-05-31T19:24:19","guid":{"rendered":"https:\/\/radioprincesa2010.com.br\/fm\/?p=7432"},"modified":"2023-05-31T19:25:49","modified_gmt":"2023-05-31T19:25:49","slug":"xv-blumenfest-espacos-para-expositores-ja-a-venda","status":"publish","type":"post","link":"https:\/\/radioprincesa2010.com.br\/fm\/xv-blumenfest-espacos-para-expositores-ja-a-venda\/","title":{"rendered":"XV Blumenfest &#8211; Espa\u00e7os para expositores j\u00e1 a venda"},"content":{"rendered":"<div id=\"fb-root\"><\/div>\n\n<h2 class=\"wp-block-heading\"><br>O presidente da Acis, Rene Juliano Kolling, destaca o modelo de comercializa\u00e7\u00e3o dos espa\u00e7os internos e externos e shows da festa das flores.<\/h2>\n\n\n\n<figure class=\"wp-block-audio\"><audio controls src=\"https:\/\/radioprincesa2010.com.br\/fm\/wp-content\/uploads\/2023\/05\/1RENE31.5.mp3\"><\/audio><\/figure>\n\n\n\n<figure class=\"wp-block-image size-large\"><img loading=\"lazy\" decoding=\"async\" width=\"1024\" height=\"768\" src=\"https:\/\/radioprincesa2010.com.br\/fm\/wp-content\/uploads\/2023\/05\/1-21-1024x768.jpeg\" alt=\"\" class=\"wp-image-7433\" srcset=\"https:\/\/radioprincesa2010.com.br\/fm\/wp-content\/uploads\/2023\/05\/1-21-1024x768.jpeg 1024w, https:\/\/radioprincesa2010.com.br\/fm\/wp-content\/uploads\/2023\/05\/1-21-300x225.jpeg 300w, https:\/\/radioprincesa2010.com.br\/fm\/wp-content\/uploads\/2023\/05\/1-21-768x576.jpeg 768w, https:\/\/radioprincesa2010.com.br\/fm\/wp-content\/uploads\/2023\/05\/1-21-1536x1152.jpeg 1536w, https:\/\/radioprincesa2010.com.br\/fm\/wp-content\/uploads\/2023\/05\/1-21-80x60.jpeg 80w, https:\/\/radioprincesa2010.com.br\/fm\/wp-content\/uploads\/2023\/05\/1-21.jpeg 1600w\" sizes=\"auto, (max-width: 1024px) 100vw, 1024px\" \/><\/figure>\n\n\n\n<figure class=\"wp-block-embed is-type-wp-embed is-provider-radio-princesa-fm-104-9-mhz wp-block-embed-radio-princesa-fm-104-9-mhz\"><div class=\"wp-block-embed__wrapper\">\n<blockquote class=\"wp-embedded-content\" data-secret=\"L5o8OulI7P\"><a href=\"https:\/\/radioprincesa2010.com.br\/fm\/%f0%9f%8c%bc%f0%9f%92%90%f0%9f%8c%b8%f0%9f%8c%ba%f0%9f%8c%bb%f0%9f%8c%b7-a-cidade-de-selbach-esta-ficando-ainda-mais-linda\/\">\ud83c\udf3c\ud83d\udc90\ud83c\udf38\ud83c\udf3a\ud83c\udf3b\ud83c\udf37 A cidade de Selbach est\u00e1 ficando ainda mais linda!<\/a><\/blockquote><iframe loading=\"lazy\" class=\"wp-embedded-content\" sandbox=\"allow-scripts\" security=\"restricted\" style=\"position: absolute; clip: rect(1px, 1px, 1px, 1px);\" title=\"&#8220;\ud83c\udf3c\ud83d\udc90\ud83c\udf38\ud83c\udf3a\ud83c\udf3b\ud83c\udf37 A cidade de Selbach est\u00e1 ficando ainda mais linda!&#8221; &#8212; R\u00e1dio Princesa FM 104.9 Mhz\" src=\"https:\/\/radioprincesa2010.com.br\/fm\/%f0%9f%8c%bc%f0%9f%92%90%f0%9f%8c%b8%f0%9f%8c%ba%f0%9f%8c%bb%f0%9f%8c%b7-a-cidade-de-selbach-esta-ficando-ainda-mais-linda\/embed\/#?secret=ZEl2sO2C3a#?secret=L5o8OulI7P\" data-secret=\"L5o8OulI7P\" width=\"600\" height=\"338\" frameborder=\"0\" marginwidth=\"0\" marginheight=\"0\" scrolling=\"no\"><\/iframe>\n<\/div><figcaption class=\"wp-element-caption\"><a href=\"https:\/\/radioprincesa2010.com.br\/fm\/%f0%9f%8c%bc%f0%9f%92%90%f0%9f%8c%b8%f0%9f%8c%ba%f0%9f%8c%bb%f0%9f%8c%b7-a-cidade-de-selbach-esta-ficando-ainda-mais-linda\/\" target=\"_blank\" rel=\"noreferrer noopener\">OU VEJA AQUI<\/a><\/figcaption><\/figure>\n\n\n\n<h2 class=\"wp-block-heading\">\ud83d\udc4d\ud83d\udc47TALVEZ TAMBEM INTERESSE A VOC\u00ca\ud83d\ude42:<\/h2>\n\n\n\n<h2 class=\"wp-block-heading\">GOSTA DE CINEMA?<\/h2>\n\n\n\n<figure class=\"wp-block-embed is-type-video is-provider-youtube wp-block-embed-youtube wp-embed-aspect-16-9 wp-has-aspect-ratio\"><div class=\"wp-block-embed__wrapper\">\n<iframe loading=\"lazy\" title=\"228 - O Decl\u00ednio - 2020 (Jusqu&#039;au d\u00e9clin - The Decline)\" width=\"925\" height=\"520\" src=\"https:\/\/www.youtube.com\/embed\/TaNzJcV3838?feature=oembed\" frameborder=\"0\" allow=\"accelerometer; autoplay; clipboard-write; encrypted-media; gyroscope; picture-in-picture; web-share\" allowfullscreen><\/iframe>\n<\/div><figcaption class=\"wp-element-caption\"><a href=\"https:\/\/www.youtube.com\/watch?v=TaNzJcV3838\" target=\"_blank\" rel=\"noreferrer noopener\">OU VEJA AQUI<\/a><\/figcaption><\/figure>\n\n\n\n<figure class=\"wp-block-embed is-type-video is-provider-youtube wp-block-embed-youtube wp-embed-aspect-16-9 wp-has-aspect-ratio\"><div class=\"wp-block-embed__wrapper\">\n<iframe loading=\"lazy\" title=\"Fragmento de #MISSIL atinge rua em KIEV na Ucr\u00e2nia\" width=\"925\" height=\"520\" src=\"https:\/\/www.youtube.com\/embed\/zz0mn3cUdJo?feature=oembed\" frameborder=\"0\" allow=\"accelerometer; autoplay; clipboard-write; encrypted-media; gyroscope; picture-in-picture; web-share\" allowfullscreen><\/iframe>\n<\/div><figcaption class=\"wp-element-caption\"><a href=\"https:\/\/www.youtube.com\/watch?v=zz0mn3cUdJo\" target=\"_blank\" rel=\"noreferrer noopener\">OU VEJA AQUI<\/a><\/figcaption><\/figure>\n\n\n\n<figure class=\"wp-block-embed is-type-video is-provider-youtube wp-block-embed-youtube wp-embed-aspect-16-9 wp-has-aspect-ratio\"><div class=\"wp-block-embed__wrapper\">\n<iframe loading=\"lazy\" title=\"#IA coloca a voz de Freddie #MERCURY do Queen na m\u00fasica Yesterday dos #BEATLES\" width=\"925\" height=\"520\" src=\"https:\/\/www.youtube.com\/embed\/9mlEaGMnHjk?start=138&#038;feature=oembed\" frameborder=\"0\" allow=\"accelerometer; autoplay; clipboard-write; encrypted-media; gyroscope; picture-in-picture; web-share\" allowfullscreen><\/iframe>\n<\/div><figcaption class=\"wp-element-caption\"><a href=\"https:\/\/www.youtube.com\/watch?v=9mlEaGMnHjk&amp;t=138s\" target=\"_blank\" rel=\"noreferrer noopener\">OU VEJA AQUI<\/a><\/figcaption><\/figure>\n\n\n\n<h2 class=\"wp-block-heading\">GOSTA DE ESPORTES?<\/h2>\n\n\n\n<figure class=\"wp-block-embed is-type-video is-provider-youtube wp-block-embed-youtube wp-embed-aspect-16-9 wp-has-aspect-ratio\"><div class=\"wp-block-embed__wrapper\">\n<iframe loading=\"lazy\" title=\"#F1 - Vem ai F\u00f3rmula1 para #CRIAN\u00c7AS\" width=\"925\" height=\"520\" src=\"https:\/\/www.youtube.com\/embed\/1kkcfH2uBJk?feature=oembed\" frameborder=\"0\" allow=\"accelerometer; autoplay; clipboard-write; encrypted-media; gyroscope; picture-in-picture; web-share\" allowfullscreen><\/iframe>\n<\/div><figcaption class=\"wp-element-caption\"><a href=\"https:\/\/www.youtube.com\/watch?v=1kkcfH2uBJk\" target=\"_blank\" rel=\"noreferrer noopener\">OU VEJA AQUI<\/a><\/figcaption><\/figure>\n\n\n\n<figure class=\"wp-block-embed is-type-video is-provider-youtube wp-block-embed-youtube wp-embed-aspect-16-9 wp-has-aspect-ratio\"><div class=\"wp-block-embed__wrapper\">\n<iframe loading=\"lazy\" title=\"#MOTOGP - O chassi #KALEX da Honda #FUNCIONA?\" width=\"925\" height=\"520\" src=\"https:\/\/www.youtube.com\/embed\/kvWS5_z3gLE?feature=oembed\" frameborder=\"0\" allow=\"accelerometer; autoplay; clipboard-write; encrypted-media; gyroscope; picture-in-picture; web-share\" allowfullscreen><\/iframe>\n<\/div><figcaption class=\"wp-element-caption\"><a href=\"https:\/\/www.youtube.com\/watch?v=kvWS5_z3gLE\" target=\"_blank\" rel=\"noreferrer noopener\">OU VEJA AQUI<\/a><\/figcaption><\/figure>\n\n\n\n<p><\/p>\n","protected":false},"excerpt":{"rendered":"<p>O presidente da Acis, Rene Juliano Kolling, destaca o modelo de comercializa\u00e7\u00e3o dos espa\u00e7os internos e externos e shows da festa das flores. \ud83d\udc4d\ud83d\udc47TALVEZ TAMBEM INTERESSE A VOC\u00ca\ud83d\ude42: GOSTA DE CINEMA? GOSTA DE ESPORTES?<\/p>\n","protected":false},"author":1,"featured_media":7434,"comment_status":"open","ping_status":"open","sticky":false,"template":"","format":"standard","meta":{"footnotes":""},"categories":[1],"tags":[64,12,528,527],"class_list":["post-7432","post","type-post","status-publish","format-standard","has-post-thumbnail","hentry","category-geral","tag-princesa-fm","tag-radio-princesa","tag-rene-juliano-kolling-2","tag-xv-blumenfest"],"yoast_head":"<!-- This site is optimized with the Yoast SEO plugin v16.1.1 - https:\/\/yoast.com\/wordpress\/plugins\/seo\/ -->\n<title>XV Blumenfest - Espa\u00e7os para expositores j\u00e1 a venda - R\u00e1dio Princesa FM 104.9 Mhz<\/title>\n<link rel=\"canonical\" href=\"https:\/\/radioprincesa2010.com.br\/fm\/xv-blumenfest-espacos-para-expositores-ja-a-venda\/\" \/>\n<meta property=\"og:locale\" content=\"pt_BR\" \/>\n<meta property=\"og:type\" content=\"article\" \/>\n<meta property=\"og:title\" content=\"XV Blumenfest - Espa\u00e7os para expositores j\u00e1 a venda - R\u00e1dio Princesa FM 104.9 Mhz\" \/>\n<meta property=\"og:description\" content=\"O presidente da Acis, Rene Juliano Kolling, destaca o modelo de comercializa\u00e7\u00e3o dos espa\u00e7os internos e externos e shows da festa das flores. \ud83d\udc4d\ud83d\udc47TALVEZ TAMBEM INTERESSE A VOC\u00ca\ud83d\ude42: GOSTA DE CINEMA? GOSTA DE ESPORTES?\" \/>\n<meta property=\"og:url\" content=\"https:\/\/radioprincesa2010.com.br\/fm\/xv-blumenfest-espacos-para-expositores-ja-a-venda\/\" \/>\n<meta property=\"og:site_name\" content=\"R\u00e1dio Princesa FM 104.9 Mhz\" \/>\n<meta property=\"article:published_time\" content=\"2023-05-31T19:24:19+00:00\" \/>\n<meta property=\"article:modified_time\" content=\"2023-05-31T19:25:49+00:00\" \/>\n<meta property=\"og:image\" content=\"https:\/\/radioprincesa2010.com.br\/fm\/wp-content\/uploads\/2023\/05\/1-22.jpeg\" \/>\n\t<meta property=\"og:image:width\" content=\"801\" \/>\n\t<meta property=\"og:image:height\" content=\"657\" \/>\n<meta name=\"twitter:card\" content=\"summary_large_image\" \/>\n<meta name=\"twitter:label1\" content=\"Est. tempo de leitura\">\n\t<meta name=\"twitter:data1\" content=\"1 minuto\">\n<script type=\"application\/ld+json\" class=\"yoast-schema-graph\">{\"@context\":\"https:\/\/schema.org\",\"@graph\":[{\"@type\":\"WebSite\",\"@id\":\"https:\/\/radioprincesa2010.com.br\/fm\/#website\",\"url\":\"https:\/\/radioprincesa2010.com.br\/fm\/\",\"name\":\"R\\u00e1dio Princesa FM 104.9 Mhz\",\"description\":\"Com voc\\u00ea o tempo todo\",\"potentialAction\":[{\"@type\":\"SearchAction\",\"target\":\"https:\/\/radioprincesa2010.com.br\/fm\/?s={search_term_string}\",\"query-input\":\"required name=search_term_string\"}],\"inLanguage\":\"pt-BR\"},{\"@type\":\"ImageObject\",\"@id\":\"https:\/\/radioprincesa2010.com.br\/fm\/xv-blumenfest-espacos-para-expositores-ja-a-venda\/#primaryimage\",\"inLanguage\":\"pt-BR\",\"url\":\"https:\/\/radioprincesa2010.com.br\/fm\/wp-content\/uploads\/2023\/05\/1-22.jpeg\",\"contentUrl\":\"https:\/\/radioprincesa2010.com.br\/fm\/wp-content\/uploads\/2023\/05\/1-22.jpeg\",\"width\":801,\"height\":657},{\"@type\":\"WebPage\",\"@id\":\"https:\/\/radioprincesa2010.com.br\/fm\/xv-blumenfest-espacos-para-expositores-ja-a-venda\/#webpage\",\"url\":\"https:\/\/radioprincesa2010.com.br\/fm\/xv-blumenfest-espacos-para-expositores-ja-a-venda\/\",\"name\":\"XV Blumenfest - Espa\\u00e7os para expositores j\\u00e1 a venda - R\\u00e1dio Princesa FM 104.9 Mhz\",\"isPartOf\":{\"@id\":\"https:\/\/radioprincesa2010.com.br\/fm\/#website\"},\"primaryImageOfPage\":{\"@id\":\"https:\/\/radioprincesa2010.com.br\/fm\/xv-blumenfest-espacos-para-expositores-ja-a-venda\/#primaryimage\"},\"datePublished\":\"2023-05-31T19:24:19+00:00\",\"dateModified\":\"2023-05-31T19:25:49+00:00\",\"author\":{\"@id\":\"https:\/\/radioprincesa2010.com.br\/fm\/#\/schema\/person\/7387850c16b3f47de42a1accfc7045c8\"},\"breadcrumb\":{\"@id\":\"https:\/\/radioprincesa2010.com.br\/fm\/xv-blumenfest-espacos-para-expositores-ja-a-venda\/#breadcrumb\"},\"inLanguage\":\"pt-BR\",\"potentialAction\":[{\"@type\":\"ReadAction\",\"target\":[\"https:\/\/radioprincesa2010.com.br\/fm\/xv-blumenfest-espacos-para-expositores-ja-a-venda\/\"]}]},{\"@type\":\"BreadcrumbList\",\"@id\":\"https:\/\/radioprincesa2010.com.br\/fm\/xv-blumenfest-espacos-para-expositores-ja-a-venda\/#breadcrumb\",\"itemListElement\":[{\"@type\":\"ListItem\",\"position\":1,\"item\":{\"@type\":\"WebPage\",\"@id\":\"https:\/\/radioprincesa2010.com.br\/fm\/\",\"url\":\"https:\/\/radioprincesa2010.com.br\/fm\/\",\"name\":\"In\\u00edcio\"}},{\"@type\":\"ListItem\",\"position\":2,\"item\":{\"@type\":\"WebPage\",\"@id\":\"https:\/\/radioprincesa2010.com.br\/fm\/xv-blumenfest-espacos-para-expositores-ja-a-venda\/\",\"url\":\"https:\/\/radioprincesa2010.com.br\/fm\/xv-blumenfest-espacos-para-expositores-ja-a-venda\/\",\"name\":\"XV Blumenfest &#8211; Espa\\u00e7os para expositores j\\u00e1 a venda\"}}]},{\"@type\":\"Person\",\"@id\":\"https:\/\/radioprincesa2010.com.br\/fm\/#\/schema\/person\/7387850c16b3f47de42a1accfc7045c8\",\"name\":\"Princesa ADM\",\"image\":{\"@type\":\"ImageObject\",\"@id\":\"https:\/\/radioprincesa2010.com.br\/fm\/#personlogo\",\"inLanguage\":\"pt-BR\",\"url\":\"https:\/\/secure.gravatar.com\/avatar\/f30936cf78b511d12d0dda9d77461df5?s=96&d=mm&r=g\",\"contentUrl\":\"https:\/\/secure.gravatar.com\/avatar\/f30936cf78b511d12d0dda9d77461df5?s=96&d=mm&r=g\",\"caption\":\"Princesa ADM\"}}]}<\/script>\n<!-- \/ Yoast SEO plugin. -->","_links":{"self":[{"href":"https:\/\/radioprincesa2010.com.br\/fm\/wp-json\/wp\/v2\/posts\/7432","targetHints":{"allow":["GET"]}}],"collection":[{"href":"https:\/\/radioprincesa2010.com.br\/fm\/wp-json\/wp\/v2\/posts"}],"about":[{"href":"https:\/\/radioprincesa2010.com.br\/fm\/wp-json\/wp\/v2\/types\/post"}],"author":[{"embeddable":true,"href":"https:\/\/radioprincesa2010.com.br\/fm\/wp-json\/wp\/v2\/users\/1"}],"replies":[{"embeddable":true,"href":"https:\/\/radioprincesa2010.com.br\/fm\/wp-json\/wp\/v2\/comments?post=7432"}],"version-history":[{"count":2,"href":"https:\/\/radioprincesa2010.com.br\/fm\/wp-json\/wp\/v2\/posts\/7432\/revisions"}],"predecessor-version":[{"id":7436,"href":"https:\/\/radioprincesa2010.com.br\/fm\/wp-json\/wp\/v2\/posts\/7432\/revisions\/7436"}],"wp:featuredmedia":[{"embeddable":true,"href":"https:\/\/radioprincesa2010.com.br\/fm\/wp-json\/wp\/v2\/media\/7434"}],"wp:attachment":[{"href":"https:\/\/radioprincesa2010.com.br\/fm\/wp-json\/wp\/v2\/media?parent=7432"}],"wp:term":[{"taxonomy":"category","embeddable":true,"href":"https:\/\/radioprincesa2010.com.br\/fm\/wp-json\/wp\/v2\/categories?post=7432"},{"taxonomy":"post_tag","embeddable":true,"href":"https:\/\/radioprincesa2010.com.br\/fm\/wp-json\/wp\/v2\/tags?post=7432"}],"curies":[{"name":"wp","href":"https:\/\/api.w.org\/{rel}","templated":true}]}}