{"id":699,"date":"2018-07-04T12:42:04","date_gmt":"2018-07-04T12:42:04","guid":{"rendered":"https:\/\/radioprincesa2010.com.br\/fm\/?p=699"},"modified":"2018-07-04T12:42:04","modified_gmt":"2018-07-04T12:42:04","slug":"escola-anibal-magni-participa-do-programa-radio-escola-2","status":"publish","type":"post","link":"https:\/\/radioprincesa2010.com.br\/fm\/escola-anibal-magni-participa-do-programa-radio-escola-2\/","title":{"rendered":"Escola An\u00edbal Magni participa do Programa R\u00e1dio Escola"},"content":{"rendered":"<div id=\"fb-root\"><\/div>\n<p>Na manh\u00e3 do dia 04 de julho, quarta-feira, o Programa R\u00e1dio Escola contou com a participa\u00e7\u00e3o da Escola An\u00edbal Magni, que esteve representada pelos alunos do 9\u00ba ano, acompanhados pela Coordenadora S\u00edlvia Schwaab e pela Diretora \u00c2ngela Fiorese.<\/p>\n<p>Os alunos apresentaram cr\u00f4nicas desenvolvidas nas aulas de L\u00edngua Portuguesa com a professora Justina Ubessi. Tamb\u00e9m contaram a comunidade sobre as atividades organizadas pela turma\u00a0 em prepara\u00e7\u00e3o para a formatura de conclus\u00e3o no ensino fundamental.<\/p>\n<p>Ao divulgarem as atividades, comentaram sobre o Arrai\u00e1 da Escola que aconteceu no dia 23 de junho, o pr\u00f3ximo evento promovido pelo CPM ser\u00e1 o bingo, dia 24 de agosto, no Sal\u00e3o das Tr\u00eas Comunidades em Arroio Grande.<\/p>\n<div id='gallery-1' class='gallery galleryid-699 gallery-columns-3 gallery-size-thumbnail'><figure class='gallery-item'>\n\t\t\t<div class='gallery-icon portrait'>\n\t\t\t\t<a href='https:\/\/radioprincesa2010.com.br\/fm\/escola-anibal-magni-participa-do-programa-radio-escola-2\/22a-oficina-2\/'><img loading=\"lazy\" decoding=\"async\" width=\"150\" height=\"150\" src=\"https:\/\/radioprincesa2010.com.br\/fm\/wp-content\/uploads\/2018\/07\/22\u00aa-OFICINA-2-150x150.jpeg\" class=\"attachment-thumbnail size-thumbnail\" alt=\"\" srcset=\"https:\/\/radioprincesa2010.com.br\/fm\/wp-content\/uploads\/2018\/07\/22\u00aa-OFICINA-2-150x150.jpeg 150w, https:\/\/radioprincesa2010.com.br\/fm\/wp-content\/uploads\/2018\/07\/22\u00aa-OFICINA-2-100x100.jpeg 100w\" sizes=\"auto, (max-width: 150px) 100vw, 150px\" \/><\/a>\n\t\t\t<\/div><\/figure><figure class='gallery-item'>\n\t\t\t<div class='gallery-icon landscape'>\n\t\t\t\t<a href='https:\/\/radioprincesa2010.com.br\/fm\/escola-anibal-magni-participa-do-programa-radio-escola-2\/22a-oficina-3\/'><img loading=\"lazy\" decoding=\"async\" width=\"150\" height=\"150\" src=\"https:\/\/radioprincesa2010.com.br\/fm\/wp-content\/uploads\/2018\/07\/22\u00aa-OFICINA-3-150x150.jpeg\" class=\"attachment-thumbnail size-thumbnail\" alt=\"\" srcset=\"https:\/\/radioprincesa2010.com.br\/fm\/wp-content\/uploads\/2018\/07\/22\u00aa-OFICINA-3-150x150.jpeg 150w, https:\/\/radioprincesa2010.com.br\/fm\/wp-content\/uploads\/2018\/07\/22\u00aa-OFICINA-3-100x100.jpeg 100w\" sizes=\"auto, (max-width: 150px) 100vw, 150px\" \/><\/a>\n\t\t\t<\/div><\/figure><figure class='gallery-item'>\n\t\t\t<div class='gallery-icon portrait'>\n\t\t\t\t<a href='https:\/\/radioprincesa2010.com.br\/fm\/escola-anibal-magni-participa-do-programa-radio-escola-2\/22a-oficina-4\/'><img loading=\"lazy\" decoding=\"async\" width=\"150\" height=\"150\" src=\"https:\/\/radioprincesa2010.com.br\/fm\/wp-content\/uploads\/2018\/07\/22\u00aa-OFICINA-4-150x150.jpeg\" class=\"attachment-thumbnail size-thumbnail\" alt=\"\" srcset=\"https:\/\/radioprincesa2010.com.br\/fm\/wp-content\/uploads\/2018\/07\/22\u00aa-OFICINA-4-150x150.jpeg 150w, https:\/\/radioprincesa2010.com.br\/fm\/wp-content\/uploads\/2018\/07\/22\u00aa-OFICINA-4-100x100.jpeg 100w\" sizes=\"auto, (max-width: 150px) 100vw, 150px\" \/><\/a>\n\t\t\t<\/div><\/figure><figure class='gallery-item'>\n\t\t\t<div class='gallery-icon portrait'>\n\t\t\t\t<a href='https:\/\/radioprincesa2010.com.br\/fm\/escola-anibal-magni-participa-do-programa-radio-escola-2\/22a-oficina-5\/'><img loading=\"lazy\" decoding=\"async\" width=\"150\" height=\"150\" src=\"https:\/\/radioprincesa2010.com.br\/fm\/wp-content\/uploads\/2018\/07\/22\u00aa-OFICINA-5-150x150.jpeg\" class=\"attachment-thumbnail size-thumbnail\" alt=\"\" srcset=\"https:\/\/radioprincesa2010.com.br\/fm\/wp-content\/uploads\/2018\/07\/22\u00aa-OFICINA-5-150x150.jpeg 150w, https:\/\/radioprincesa2010.com.br\/fm\/wp-content\/uploads\/2018\/07\/22\u00aa-OFICINA-5-100x100.jpeg 100w\" sizes=\"auto, (max-width: 150px) 100vw, 150px\" \/><\/a>\n\t\t\t<\/div><\/figure><figure class='gallery-item'>\n\t\t\t<div class='gallery-icon portrait'>\n\t\t\t\t<a href='https:\/\/radioprincesa2010.com.br\/fm\/escola-anibal-magni-participa-do-programa-radio-escola-2\/22a-oficina-6\/'><img loading=\"lazy\" decoding=\"async\" width=\"150\" height=\"150\" src=\"https:\/\/radioprincesa2010.com.br\/fm\/wp-content\/uploads\/2018\/07\/22\u00aa-OFICINA-6-150x150.jpeg\" class=\"attachment-thumbnail size-thumbnail\" alt=\"\" srcset=\"https:\/\/radioprincesa2010.com.br\/fm\/wp-content\/uploads\/2018\/07\/22\u00aa-OFICINA-6-150x150.jpeg 150w, https:\/\/radioprincesa2010.com.br\/fm\/wp-content\/uploads\/2018\/07\/22\u00aa-OFICINA-6-100x100.jpeg 100w\" sizes=\"auto, (max-width: 150px) 100vw, 150px\" \/><\/a>\n\t\t\t<\/div><\/figure><figure class='gallery-item'>\n\t\t\t<div class='gallery-icon portrait'>\n\t\t\t\t<a href='https:\/\/radioprincesa2010.com.br\/fm\/escola-anibal-magni-participa-do-programa-radio-escola-2\/22a-oficina\/'><img loading=\"lazy\" decoding=\"async\" width=\"150\" height=\"150\" src=\"https:\/\/radioprincesa2010.com.br\/fm\/wp-content\/uploads\/2018\/07\/22\u00aa-OFICINA-150x150.jpeg\" class=\"attachment-thumbnail size-thumbnail\" alt=\"\" srcset=\"https:\/\/radioprincesa2010.com.br\/fm\/wp-content\/uploads\/2018\/07\/22\u00aa-OFICINA-150x150.jpeg 150w, https:\/\/radioprincesa2010.com.br\/fm\/wp-content\/uploads\/2018\/07\/22\u00aa-OFICINA-100x100.jpeg 100w\" sizes=\"auto, (max-width: 150px) 100vw, 150px\" \/><\/a>\n\t\t\t<\/div><\/figure>\n\t\t<\/div>\n\n","protected":false},"excerpt":{"rendered":"<p>Na manh\u00e3 do dia 04 de julho, quarta-feira, o Programa R\u00e1dio Escola contou com a participa\u00e7\u00e3o da Escola An\u00edbal Magni, que esteve representada pelos alunos do 9\u00ba ano, acompanhados pela Coordenadora S\u00edlvia Schwaab e pela Diretora \u00c2ngela Fiorese. Os alunos apresentaram cr\u00f4nicas desenvolvidas nas aulas de L\u00edngua Portuguesa com a professora Justina Ubessi. Tamb\u00e9m contaram &hellip; <\/p>\n","protected":false},"author":2,"featured_media":702,"comment_status":"open","ping_status":"open","sticky":false,"template":"","format":"standard","meta":{"footnotes":""},"categories":[1],"tags":[],"class_list":["post-699","post","type-post","status-publish","format-standard","has-post-thumbnail","hentry","category-geral"],"yoast_head":"<!-- This site is optimized with the Yoast SEO plugin v16.1.1 - https:\/\/yoast.com\/wordpress\/plugins\/seo\/ -->\n<title>Escola An\u00edbal Magni participa do Programa R\u00e1dio Escola - R\u00e1dio Princesa FM 104.9 Mhz<\/title>\n<link rel=\"canonical\" href=\"https:\/\/radioprincesa2010.com.br\/fm\/escola-anibal-magni-participa-do-programa-radio-escola-2\/\" \/>\n<meta property=\"og:locale\" content=\"pt_BR\" \/>\n<meta property=\"og:type\" content=\"article\" \/>\n<meta property=\"og:title\" content=\"Escola An\u00edbal Magni participa do Programa R\u00e1dio Escola - R\u00e1dio Princesa FM 104.9 Mhz\" \/>\n<meta property=\"og:description\" content=\"Na manh\u00e3 do dia 04 de julho, quarta-feira, o Programa R\u00e1dio Escola contou com a participa\u00e7\u00e3o da Escola An\u00edbal Magni, que esteve representada pelos alunos do 9\u00ba ano, acompanhados pela Coordenadora S\u00edlvia Schwaab e pela Diretora \u00c2ngela Fiorese. Os alunos apresentaram cr\u00f4nicas desenvolvidas nas aulas de L\u00edngua Portuguesa com a professora Justina Ubessi. Tamb\u00e9m contaram &hellip;\" \/>\n<meta property=\"og:url\" content=\"https:\/\/radioprincesa2010.com.br\/fm\/escola-anibal-magni-participa-do-programa-radio-escola-2\/\" \/>\n<meta property=\"og:site_name\" content=\"R\u00e1dio Princesa FM 104.9 Mhz\" \/>\n<meta property=\"article:published_time\" content=\"2018-07-04T12:42:04+00:00\" \/>\n<meta property=\"og:image\" content=\"https:\/\/radioprincesa2010.com.br\/fm\/wp-content\/uploads\/2018\/07\/22\u00aa-OFICINA-3.jpeg\" \/>\n\t<meta property=\"og:image:width\" content=\"1280\" \/>\n\t<meta property=\"og:image:height\" content=\"960\" \/>\n<meta name=\"twitter:card\" content=\"summary_large_image\" \/>\n<meta name=\"twitter:label1\" content=\"Est. tempo de leitura\">\n\t<meta name=\"twitter:data1\" content=\"1 minuto\">\n<script type=\"application\/ld+json\" class=\"yoast-schema-graph\">{\"@context\":\"https:\/\/schema.org\",\"@graph\":[{\"@type\":\"WebSite\",\"@id\":\"https:\/\/radioprincesa2010.com.br\/fm\/#website\",\"url\":\"https:\/\/radioprincesa2010.com.br\/fm\/\",\"name\":\"R\\u00e1dio Princesa FM 104.9 Mhz\",\"description\":\"Com voc\\u00ea o tempo todo\",\"potentialAction\":[{\"@type\":\"SearchAction\",\"target\":\"https:\/\/radioprincesa2010.com.br\/fm\/?s={search_term_string}\",\"query-input\":\"required name=search_term_string\"}],\"inLanguage\":\"pt-BR\"},{\"@type\":\"ImageObject\",\"@id\":\"https:\/\/radioprincesa2010.com.br\/fm\/escola-anibal-magni-participa-do-programa-radio-escola-2\/#primaryimage\",\"inLanguage\":\"pt-BR\",\"url\":\"https:\/\/radioprincesa2010.com.br\/fm\/wp-content\/uploads\/2018\/07\/22\\u00aa-OFICINA-3.jpeg\",\"contentUrl\":\"https:\/\/radioprincesa2010.com.br\/fm\/wp-content\/uploads\/2018\/07\/22\\u00aa-OFICINA-3.jpeg\",\"width\":1280,\"height\":960},{\"@type\":\"WebPage\",\"@id\":\"https:\/\/radioprincesa2010.com.br\/fm\/escola-anibal-magni-participa-do-programa-radio-escola-2\/#webpage\",\"url\":\"https:\/\/radioprincesa2010.com.br\/fm\/escola-anibal-magni-participa-do-programa-radio-escola-2\/\",\"name\":\"Escola An\\u00edbal Magni participa do Programa R\\u00e1dio Escola - R\\u00e1dio Princesa FM 104.9 Mhz\",\"isPartOf\":{\"@id\":\"https:\/\/radioprincesa2010.com.br\/fm\/#website\"},\"primaryImageOfPage\":{\"@id\":\"https:\/\/radioprincesa2010.com.br\/fm\/escola-anibal-magni-participa-do-programa-radio-escola-2\/#primaryimage\"},\"datePublished\":\"2018-07-04T12:42:04+00:00\",\"dateModified\":\"2018-07-04T12:42:04+00:00\",\"author\":{\"@id\":\"https:\/\/radioprincesa2010.com.br\/fm\/#\/schema\/person\/2671cea07bd207fdbf7f094a7ab77c1c\"},\"breadcrumb\":{\"@id\":\"https:\/\/radioprincesa2010.com.br\/fm\/escola-anibal-magni-participa-do-programa-radio-escola-2\/#breadcrumb\"},\"inLanguage\":\"pt-BR\",\"potentialAction\":[{\"@type\":\"ReadAction\",\"target\":[\"https:\/\/radioprincesa2010.com.br\/fm\/escola-anibal-magni-participa-do-programa-radio-escola-2\/\"]}]},{\"@type\":\"BreadcrumbList\",\"@id\":\"https:\/\/radioprincesa2010.com.br\/fm\/escola-anibal-magni-participa-do-programa-radio-escola-2\/#breadcrumb\",\"itemListElement\":[{\"@type\":\"ListItem\",\"position\":1,\"item\":{\"@type\":\"WebPage\",\"@id\":\"https:\/\/radioprincesa2010.com.br\/fm\/\",\"url\":\"https:\/\/radioprincesa2010.com.br\/fm\/\",\"name\":\"In\\u00edcio\"}},{\"@type\":\"ListItem\",\"position\":2,\"item\":{\"@type\":\"WebPage\",\"@id\":\"https:\/\/radioprincesa2010.com.br\/fm\/escola-anibal-magni-participa-do-programa-radio-escola-2\/\",\"url\":\"https:\/\/radioprincesa2010.com.br\/fm\/escola-anibal-magni-participa-do-programa-radio-escola-2\/\",\"name\":\"Escola An\\u00edbal Magni participa do Programa R\\u00e1dio Escola\"}}]},{\"@type\":\"Person\",\"@id\":\"https:\/\/radioprincesa2010.com.br\/fm\/#\/schema\/person\/2671cea07bd207fdbf7f094a7ab77c1c\",\"name\":\"Radialistas Princesa FM\",\"image\":{\"@type\":\"ImageObject\",\"@id\":\"https:\/\/radioprincesa2010.com.br\/fm\/#personlogo\",\"inLanguage\":\"pt-BR\",\"url\":\"https:\/\/secure.gravatar.com\/avatar\/1e60f2ae894518c7afac50daca716e5d?s=96&d=mm&r=g\",\"contentUrl\":\"https:\/\/secure.gravatar.com\/avatar\/1e60f2ae894518c7afac50daca716e5d?s=96&d=mm&r=g\",\"caption\":\"Radialistas Princesa FM\"}}]}<\/script>\n<!-- \/ Yoast SEO plugin. -->","_links":{"self":[{"href":"https:\/\/radioprincesa2010.com.br\/fm\/wp-json\/wp\/v2\/posts\/699","targetHints":{"allow":["GET"]}}],"collection":[{"href":"https:\/\/radioprincesa2010.com.br\/fm\/wp-json\/wp\/v2\/posts"}],"about":[{"href":"https:\/\/radioprincesa2010.com.br\/fm\/wp-json\/wp\/v2\/types\/post"}],"author":[{"embeddable":true,"href":"https:\/\/radioprincesa2010.com.br\/fm\/wp-json\/wp\/v2\/users\/2"}],"replies":[{"embeddable":true,"href":"https:\/\/radioprincesa2010.com.br\/fm\/wp-json\/wp\/v2\/comments?post=699"}],"version-history":[{"count":1,"href":"https:\/\/radioprincesa2010.com.br\/fm\/wp-json\/wp\/v2\/posts\/699\/revisions"}],"predecessor-version":[{"id":707,"href":"https:\/\/radioprincesa2010.com.br\/fm\/wp-json\/wp\/v2\/posts\/699\/revisions\/707"}],"wp:featuredmedia":[{"embeddable":true,"href":"https:\/\/radioprincesa2010.com.br\/fm\/wp-json\/wp\/v2\/media\/702"}],"wp:attachment":[{"href":"https:\/\/radioprincesa2010.com.br\/fm\/wp-json\/wp\/v2\/media?parent=699"}],"wp:term":[{"taxonomy":"category","embeddable":true,"href":"https:\/\/radioprincesa2010.com.br\/fm\/wp-json\/wp\/v2\/categories?post=699"},{"taxonomy":"post_tag","embeddable":true,"href":"https:\/\/radioprincesa2010.com.br\/fm\/wp-json\/wp\/v2\/tags?post=699"}],"curies":[{"name":"wp","href":"https:\/\/api.w.org\/{rel}","templated":true}]}}