{"id":6823,"date":"2023-01-29T19:09:04","date_gmt":"2023-01-29T19:09:04","guid":{"rendered":"https:\/\/radioprincesa2010.com.br\/fm\/?p=6823"},"modified":"2023-01-29T19:14:40","modified_gmt":"2023-01-29T19:14:40","slug":"historiador-e-biografo-arlindo-rosa-fala-com-a-princesa-fm","status":"publish","type":"post","link":"https:\/\/radioprincesa2010.com.br\/fm\/historiador-e-biografo-arlindo-rosa-fala-com-a-princesa-fm\/","title":{"rendered":"Historiador e bi\u00f3grafo Arlindo Rosa fala com a r\u00e1dio Princesa FM"},"content":{"rendered":"<div id=\"fb-root\"><\/div>\n\n<figure class=\"wp-block-audio\"><audio controls src=\"https:\/\/radioprincesa2010.com.br\/fm\/wp-content\/uploads\/2023\/01\/1-1.mp3\"><\/audio><\/figure>\n\n\n\n<p><\/p>\n\n\n\n<figure class=\"wp-block-audio\"><audio controls src=\"https:\/\/radioprincesa2010.com.br\/fm\/wp-content\/uploads\/2023\/01\/2-1.mp3\"><\/audio><\/figure>\n\n\n\n<figure class=\"wp-block-audio\"><audio controls src=\"https:\/\/radioprincesa2010.com.br\/fm\/wp-content\/uploads\/2023\/01\/3-1.mp3\"><\/audio><\/figure>\n\n\n\n<figure class=\"wp-block-audio\"><audio controls src=\"https:\/\/radioprincesa2010.com.br\/fm\/wp-content\/uploads\/2023\/01\/4hist.mp3\"><\/audio><\/figure>\n\n\n\n<figure class=\"wp-block-audio\"><audio controls src=\"https:\/\/radioprincesa2010.com.br\/fm\/wp-content\/uploads\/2023\/01\/5.mp3\"><\/audio><\/figure>\n\n\n\n<figure class=\"wp-block-audio\"><audio controls src=\"https:\/\/radioprincesa2010.com.br\/fm\/wp-content\/uploads\/2023\/01\/6.mp3\"><\/audio><\/figure>\n\n\n\n<div class=\"wp-block-envira-envira-gallery\"><div id=\"envira-gallery-wrap-6834\" class=\"envira-gallery-wrap envira-gallery-theme-base envira-lightbox-theme-base\" itemscope itemtype=\"https:\/\/schema.org\/ImageGallery\"><div style=\"opacity: 0.0\"  data-row-height=\"150\" data-gallery-theme=\"normal\" id=\"envira-gallery-6834\" class=\"envira-gallery-public envira-gallery-justified-public envira-gallery-0-columns envira-clear enviratope envira-gallery-css-animations\" data-envira-columns=\"0\"><div id=\"envira-gallery-item-6832\" class=\"envira-gallery-item enviratope-item envira-gallery-item-1 envira-lazy-load\" style=\"padding-left: 1px; padding-bottom: 1px; padding-right: 1px;\"  itemscope itemtype=\"https:\/\/schema.org\/ImageObject\"><div class=\"envira-gallery-item-inner\"><div class=\"envira-gallery-position-overlay  envira-gallery-top-left\"><\/div><div class=\"envira-gallery-position-overlay  envira-gallery-top-right\"><\/div><div class=\"envira-gallery-position-overlay  envira-gallery-bottom-left\"><\/div><div class=\"envira-gallery-position-overlay  envira-gallery-bottom-right\"><\/div><a href=\"https:\/\/radioprincesa2010.com.br\/fm\/wp-content\/uploads\/2023\/01\/1A-1.jpeg\" class=\"envira-gallery-6834 envira-gallery-link\" rel=\"enviragallery6834\" title=\"1A\" data-envira-caption=\"1A\" data-envira-retina=\"\" data-thumbnail=\"\"  itemprop=\"contentUrl\"><img decoding=\"async\" id=\"envira-gallery-image-6832\" class=\"envira-gallery-image envira-gallery-image-1 envira-normal envira-lazy\" data-envira-index=\"1\" src=\"https:\/\/radioprincesa2010.com.br\/fm\/wp-content\/uploads\/2023\/01\/1A-1-1024x834-640x480.jpeg\" data-envira-src=\"https:\/\/radioprincesa2010.com.br\/fm\/wp-content\/uploads\/2023\/01\/1A-1-1024x834-640x480.jpeg\" data-envira-gallery-id=\"6834\" data-envira-item-id=\"6832\" data-envira-caption=\"1A\" alt=\"\" title=\"1A\"  itemprop=\"thumbnailUrl\" data-envira-srcset=\"https:\/\/radioprincesa2010.com.br\/fm\/wp-content\/uploads\/2023\/01\/1A-1-1024x834-640x480.jpeg 400w,https:\/\/radioprincesa2010.com.br\/fm\/wp-content\/uploads\/2023\/01\/1A-1-1024x834-640x480.jpeg 2x\" data-envira-width=\"300\" data-envira-height=\"244\" srcset=\"data:image\/gif;base64,R0lGODlhAQABAIAAAP\/\/\/\/\/\/\/yH5BAEKAAEALAAAAAABAAEAAAICTAEAOw==\" data-safe-src=\"data:image\/gif;base64,R0lGODlhAQABAIAAAP\/\/\/\/\/\/\/yH5BAEKAAEALAAAAAABAAEAAAICTAEAOw==\" \/><\/a><\/div><\/div><div id=\"envira-gallery-item-6831\" class=\"envira-gallery-item enviratope-item envira-gallery-item-2 envira-lazy-load\" style=\"padding-left: 1px; padding-bottom: 1px; padding-right: 1px;\"  itemscope itemtype=\"https:\/\/schema.org\/ImageObject\"><div class=\"envira-gallery-item-inner\"><div class=\"envira-gallery-position-overlay  envira-gallery-top-left\"><\/div><div class=\"envira-gallery-position-overlay  envira-gallery-top-right\"><\/div><div class=\"envira-gallery-position-overlay  envira-gallery-bottom-left\"><\/div><div class=\"envira-gallery-position-overlay  envira-gallery-bottom-right\"><\/div><a href=\"https:\/\/radioprincesa2010.com.br\/fm\/wp-content\/uploads\/2023\/01\/1-2.jpeg\" class=\"envira-gallery-6834 envira-gallery-link\" rel=\"enviragallery6834\" title=\"1\" data-envira-caption=\"1\" data-envira-retina=\"\" data-thumbnail=\"\"  itemprop=\"contentUrl\"><img decoding=\"async\" id=\"envira-gallery-image-6831\" class=\"envira-gallery-image envira-gallery-image-2 envira-normal envira-lazy\" data-envira-index=\"2\" src=\"https:\/\/radioprincesa2010.com.br\/fm\/wp-content\/uploads\/2023\/01\/1-2-693x1024-640x480.jpeg\" data-envira-src=\"https:\/\/radioprincesa2010.com.br\/fm\/wp-content\/uploads\/2023\/01\/1-2-693x1024-640x480.jpeg\" data-envira-gallery-id=\"6834\" data-envira-item-id=\"6831\" data-envira-caption=\"1\" alt=\"\" title=\"1\"  itemprop=\"thumbnailUrl\" data-envira-srcset=\"https:\/\/radioprincesa2010.com.br\/fm\/wp-content\/uploads\/2023\/01\/1-2-693x1024-640x480.jpeg 400w,https:\/\/radioprincesa2010.com.br\/fm\/wp-content\/uploads\/2023\/01\/1-2-693x1024-640x480.jpeg 2x\" data-envira-width=\"203\" data-envira-height=\"300\" srcset=\"data:image\/gif;base64,R0lGODlhAQABAIAAAP\/\/\/\/\/\/\/yH5BAEKAAEALAAAAAABAAEAAAICTAEAOw==\" data-safe-src=\"data:image\/gif;base64,R0lGODlhAQABAIAAAP\/\/\/\/\/\/\/yH5BAEKAAEALAAAAAABAAEAAAICTAEAOw==\" \/><\/a><\/div><\/div><\/div><\/div><noscript><img decoding=\"async\" src=\"https:\/\/radioprincesa2010.com.br\/fm\/wp-content\/uploads\/2023\/01\/1A-1.jpeg\" alt=\"\" \/><img decoding=\"async\" src=\"https:\/\/radioprincesa2010.com.br\/fm\/wp-content\/uploads\/2023\/01\/1-2.jpeg\" alt=\"\" \/><\/noscript><\/div>\n\n\n\n<h2 class=\"wp-block-heading\">TALVEZ TAMB\u00c9M INTERESSE A VOC\u00ca<\/h2>\n\n\n\n<figure class=\"wp-block-embed is-type-video is-provider-youtube wp-block-embed-youtube wp-embed-aspect-16-9 wp-has-aspect-ratio\"><div class=\"wp-block-embed__wrapper\">\n<iframe loading=\"lazy\" title=\"#SUPLEMENTOS de vitamina #D podem ser menos #EFICAZES em pessoas com #SOBREPESO\" width=\"925\" height=\"520\" src=\"https:\/\/www.youtube.com\/embed\/eBwfBJ6hYow?start=2&#038;feature=oembed\" frameborder=\"0\" allow=\"accelerometer; autoplay; clipboard-write; encrypted-media; gyroscope; picture-in-picture; web-share\" allowfullscreen><\/iframe>\n<\/div><figcaption><a href=\"https:\/\/www.youtube.com\/watch?v=eBwfBJ6hYow&amp;t=2s\" target=\"_blank\" rel=\"noreferrer noopener\">OU VEJA AQUI<\/a><\/figcaption><\/figure>\n\n\n\n<figure class=\"wp-block-embed is-type-video is-provider-youtube wp-block-embed-youtube wp-embed-aspect-16-9 wp-has-aspect-ratio\"><div class=\"wp-block-embed__wrapper\">\n<iframe loading=\"lazy\" title=\"Voc\u00ea parece ser mais #NOVO ou VELHO? Apar\u00eancia #LIGADA ao risco de #DOEN\u00c7AS\" width=\"925\" height=\"520\" src=\"https:\/\/www.youtube.com\/embed\/6JasVoIAP0o?start=110&#038;feature=oembed\" frameborder=\"0\" allow=\"accelerometer; autoplay; clipboard-write; encrypted-media; gyroscope; picture-in-picture; web-share\" allowfullscreen><\/iframe>\n<\/div><figcaption><a href=\"https:\/\/www.youtube.com\/watch?v=6JasVoIAP0o&amp;t=110s\" target=\"_blank\" rel=\"noreferrer noopener\">OU VEJA AQUI<\/a><\/figcaption><\/figure>\n\n\n\n<h2 class=\"wp-block-heading\">GOSTA DE CINEMA?<\/h2>\n\n\n\n<figure class=\"wp-block-embed is-type-video is-provider-youtube wp-block-embed-youtube wp-embed-aspect-16-9 wp-has-aspect-ratio\"><div class=\"wp-block-embed__wrapper\">\n<iframe loading=\"lazy\" title=\"224 - Avatar - O caminho da \u00c1gua - 2022 (Avatar: The Way of Water) CR\u00cdTICAS DE CINEMA BY ARIEL N\u00ba224\" width=\"925\" height=\"520\" src=\"https:\/\/www.youtube.com\/embed\/k1uUPI6W-4A?start=9&#038;feature=oembed\" frameborder=\"0\" allow=\"accelerometer; autoplay; clipboard-write; encrypted-media; gyroscope; picture-in-picture; web-share\" allowfullscreen><\/iframe>\n<\/div><figcaption><a href=\"https:\/\/www.youtube.com\/watch?v=k1uUPI6W-4A&amp;t=9s\" target=\"_blank\" rel=\"noreferrer noopener\">OU VEJA AQUI<\/a><\/figcaption><\/figure>\n\n\n\n<h2 class=\"wp-block-heading\">GOSTA DE ESPORTES?<\/h2>\n\n\n\n<figure class=\"wp-block-embed is-type-video is-provider-youtube wp-block-embed-youtube wp-embed-aspect-16-9 wp-has-aspect-ratio\"><div class=\"wp-block-embed__wrapper\">\n<iframe loading=\"lazy\" title=\"#CORTES #F1: Toto #WOLF coloca #FERRARI F40 rara \u00e0 #VENDA\" width=\"925\" height=\"520\" src=\"https:\/\/www.youtube.com\/embed\/6pCN_OahStA?feature=oembed\" frameborder=\"0\" allow=\"accelerometer; autoplay; clipboard-write; encrypted-media; gyroscope; picture-in-picture; web-share\" allowfullscreen><\/iframe>\n<\/div><figcaption><a href=\"https:\/\/www.youtube.com\/watch?v=6pCN_OahStA\" target=\"_blank\" rel=\"noreferrer noopener\">OU VEJA AQUI<\/a><\/figcaption><\/figure>\n\n\n\n<figure class=\"wp-block-embed is-type-video is-provider-youtube wp-block-embed-youtube wp-embed-aspect-16-9 wp-has-aspect-ratio\"><div class=\"wp-block-embed__wrapper\">\n<iframe loading=\"lazy\" title=\"#CORTES #MOTOGP: GP do #CAZAQUIST\u00c3O - Venha dar uma #VOLTA\" width=\"925\" height=\"520\" src=\"https:\/\/www.youtube.com\/embed\/U9G4GTBh8R4?feature=oembed\" frameborder=\"0\" allow=\"accelerometer; autoplay; clipboard-write; encrypted-media; gyroscope; picture-in-picture; web-share\" allowfullscreen><\/iframe>\n<\/div><figcaption><a href=\"https:\/\/www.youtube.com\/watch?v=U9G4GTBh8R4\" target=\"_blank\" rel=\"noreferrer noopener\">OU VEJA AQUI<\/a><\/figcaption><\/figure>\n\n\n\n<p><\/p>\n","protected":false},"excerpt":{"rendered":"<p>TALVEZ TAMB\u00c9M INTERESSE A VOC\u00ca GOSTA DE CINEMA? GOSTA DE ESPORTES?<\/p>\n","protected":false},"author":1,"featured_media":6833,"comment_status":"open","ping_status":"open","sticky":false,"template":"","format":"standard","meta":{"footnotes":""},"categories":[1],"tags":[447,449,448,12],"class_list":["post-6823","post","type-post","status-publish","format-standard","has-post-thumbnail","hentry","category-geral","tag-arlindo-rosa","tag-biografo","tag-historiador","tag-radio-princesa"],"yoast_head":"<!-- This site is optimized with the Yoast SEO plugin v16.1.1 - https:\/\/yoast.com\/wordpress\/plugins\/seo\/ -->\n<title>Historiador e bi\u00f3grafo Arlindo Rosa fala com a r\u00e1dio Princesa FM - R\u00e1dio Princesa FM 104.9 Mhz<\/title>\n<link rel=\"canonical\" href=\"https:\/\/radioprincesa2010.com.br\/fm\/historiador-e-biografo-arlindo-rosa-fala-com-a-princesa-fm\/\" \/>\n<meta property=\"og:locale\" content=\"pt_BR\" \/>\n<meta property=\"og:type\" content=\"article\" \/>\n<meta property=\"og:title\" content=\"Historiador e bi\u00f3grafo Arlindo Rosa fala com a r\u00e1dio Princesa FM - R\u00e1dio Princesa FM 104.9 Mhz\" \/>\n<meta property=\"og:description\" content=\"TALVEZ TAMB\u00c9M INTERESSE A VOC\u00ca GOSTA DE CINEMA? GOSTA DE ESPORTES?\" \/>\n<meta property=\"og:url\" content=\"https:\/\/radioprincesa2010.com.br\/fm\/historiador-e-biografo-arlindo-rosa-fala-com-a-princesa-fm\/\" \/>\n<meta property=\"og:site_name\" content=\"R\u00e1dio Princesa FM 104.9 Mhz\" \/>\n<meta property=\"article:published_time\" content=\"2023-01-29T19:09:04+00:00\" \/>\n<meta property=\"article:modified_time\" content=\"2023-01-29T19:14:40+00:00\" \/>\n<meta property=\"og:image\" content=\"https:\/\/radioprincesa2010.com.br\/fm\/wp-content\/uploads\/2023\/01\/1-3.jpeg\" \/>\n\t<meta property=\"og:image:width\" content=\"866\" \/>\n\t<meta property=\"og:image:height\" content=\"671\" \/>\n<meta name=\"twitter:card\" content=\"summary_large_image\" \/>\n<meta name=\"twitter:label1\" content=\"Est. tempo de leitura\">\n\t<meta name=\"twitter:data1\" content=\"1 minuto\">\n<script type=\"application\/ld+json\" class=\"yoast-schema-graph\">{\"@context\":\"https:\/\/schema.org\",\"@graph\":[{\"@type\":\"WebSite\",\"@id\":\"https:\/\/radioprincesa2010.com.br\/fm\/#website\",\"url\":\"https:\/\/radioprincesa2010.com.br\/fm\/\",\"name\":\"R\\u00e1dio Princesa FM 104.9 Mhz\",\"description\":\"Com voc\\u00ea o tempo todo\",\"potentialAction\":[{\"@type\":\"SearchAction\",\"target\":\"https:\/\/radioprincesa2010.com.br\/fm\/?s={search_term_string}\",\"query-input\":\"required name=search_term_string\"}],\"inLanguage\":\"pt-BR\"},{\"@type\":\"ImageObject\",\"@id\":\"https:\/\/radioprincesa2010.com.br\/fm\/historiador-e-biografo-arlindo-rosa-fala-com-a-princesa-fm\/#primaryimage\",\"inLanguage\":\"pt-BR\",\"url\":\"https:\/\/radioprincesa2010.com.br\/fm\/wp-content\/uploads\/2023\/01\/1-3.jpeg\",\"contentUrl\":\"https:\/\/radioprincesa2010.com.br\/fm\/wp-content\/uploads\/2023\/01\/1-3.jpeg\",\"width\":866,\"height\":671},{\"@type\":\"WebPage\",\"@id\":\"https:\/\/radioprincesa2010.com.br\/fm\/historiador-e-biografo-arlindo-rosa-fala-com-a-princesa-fm\/#webpage\",\"url\":\"https:\/\/radioprincesa2010.com.br\/fm\/historiador-e-biografo-arlindo-rosa-fala-com-a-princesa-fm\/\",\"name\":\"Historiador e bi\\u00f3grafo Arlindo Rosa fala com a r\\u00e1dio Princesa FM - R\\u00e1dio Princesa FM 104.9 Mhz\",\"isPartOf\":{\"@id\":\"https:\/\/radioprincesa2010.com.br\/fm\/#website\"},\"primaryImageOfPage\":{\"@id\":\"https:\/\/radioprincesa2010.com.br\/fm\/historiador-e-biografo-arlindo-rosa-fala-com-a-princesa-fm\/#primaryimage\"},\"datePublished\":\"2023-01-29T19:09:04+00:00\",\"dateModified\":\"2023-01-29T19:14:40+00:00\",\"author\":{\"@id\":\"https:\/\/radioprincesa2010.com.br\/fm\/#\/schema\/person\/7387850c16b3f47de42a1accfc7045c8\"},\"breadcrumb\":{\"@id\":\"https:\/\/radioprincesa2010.com.br\/fm\/historiador-e-biografo-arlindo-rosa-fala-com-a-princesa-fm\/#breadcrumb\"},\"inLanguage\":\"pt-BR\",\"potentialAction\":[{\"@type\":\"ReadAction\",\"target\":[\"https:\/\/radioprincesa2010.com.br\/fm\/historiador-e-biografo-arlindo-rosa-fala-com-a-princesa-fm\/\"]}]},{\"@type\":\"BreadcrumbList\",\"@id\":\"https:\/\/radioprincesa2010.com.br\/fm\/historiador-e-biografo-arlindo-rosa-fala-com-a-princesa-fm\/#breadcrumb\",\"itemListElement\":[{\"@type\":\"ListItem\",\"position\":1,\"item\":{\"@type\":\"WebPage\",\"@id\":\"https:\/\/radioprincesa2010.com.br\/fm\/\",\"url\":\"https:\/\/radioprincesa2010.com.br\/fm\/\",\"name\":\"In\\u00edcio\"}},{\"@type\":\"ListItem\",\"position\":2,\"item\":{\"@type\":\"WebPage\",\"@id\":\"https:\/\/radioprincesa2010.com.br\/fm\/historiador-e-biografo-arlindo-rosa-fala-com-a-princesa-fm\/\",\"url\":\"https:\/\/radioprincesa2010.com.br\/fm\/historiador-e-biografo-arlindo-rosa-fala-com-a-princesa-fm\/\",\"name\":\"Historiador e bi\\u00f3grafo Arlindo Rosa fala com a r\\u00e1dio Princesa FM\"}}]},{\"@type\":\"Person\",\"@id\":\"https:\/\/radioprincesa2010.com.br\/fm\/#\/schema\/person\/7387850c16b3f47de42a1accfc7045c8\",\"name\":\"Princesa ADM\",\"image\":{\"@type\":\"ImageObject\",\"@id\":\"https:\/\/radioprincesa2010.com.br\/fm\/#personlogo\",\"inLanguage\":\"pt-BR\",\"url\":\"https:\/\/secure.gravatar.com\/avatar\/f30936cf78b511d12d0dda9d77461df5?s=96&d=mm&r=g\",\"contentUrl\":\"https:\/\/secure.gravatar.com\/avatar\/f30936cf78b511d12d0dda9d77461df5?s=96&d=mm&r=g\",\"caption\":\"Princesa ADM\"}}]}<\/script>\n<!-- \/ Yoast SEO plugin. -->","_links":{"self":[{"href":"https:\/\/radioprincesa2010.com.br\/fm\/wp-json\/wp\/v2\/posts\/6823","targetHints":{"allow":["GET"]}}],"collection":[{"href":"https:\/\/radioprincesa2010.com.br\/fm\/wp-json\/wp\/v2\/posts"}],"about":[{"href":"https:\/\/radioprincesa2010.com.br\/fm\/wp-json\/wp\/v2\/types\/post"}],"author":[{"embeddable":true,"href":"https:\/\/radioprincesa2010.com.br\/fm\/wp-json\/wp\/v2\/users\/1"}],"replies":[{"embeddable":true,"href":"https:\/\/radioprincesa2010.com.br\/fm\/wp-json\/wp\/v2\/comments?post=6823"}],"version-history":[{"count":4,"href":"https:\/\/radioprincesa2010.com.br\/fm\/wp-json\/wp\/v2\/posts\/6823\/revisions"}],"predecessor-version":[{"id":6837,"href":"https:\/\/radioprincesa2010.com.br\/fm\/wp-json\/wp\/v2\/posts\/6823\/revisions\/6837"}],"wp:featuredmedia":[{"embeddable":true,"href":"https:\/\/radioprincesa2010.com.br\/fm\/wp-json\/wp\/v2\/media\/6833"}],"wp:attachment":[{"href":"https:\/\/radioprincesa2010.com.br\/fm\/wp-json\/wp\/v2\/media?parent=6823"}],"wp:term":[{"taxonomy":"category","embeddable":true,"href":"https:\/\/radioprincesa2010.com.br\/fm\/wp-json\/wp\/v2\/categories?post=6823"},{"taxonomy":"post_tag","embeddable":true,"href":"https:\/\/radioprincesa2010.com.br\/fm\/wp-json\/wp\/v2\/tags?post=6823"}],"curies":[{"name":"wp","href":"https:\/\/api.w.org\/{rel}","templated":true}]}}