{"id":6689,"date":"2022-12-22T15:58:45","date_gmt":"2022-12-22T15:58:45","guid":{"rendered":"https:\/\/radioprincesa2010.com.br\/fm\/?p=6689"},"modified":"2022-12-22T15:58:47","modified_gmt":"2022-12-22T15:58:47","slug":"agronomo-analisa-a-atual-situacao-climatica-referente-as-lavouras","status":"publish","type":"post","link":"https:\/\/radioprincesa2010.com.br\/fm\/agronomo-analisa-a-atual-situacao-climatica-referente-as-lavouras\/","title":{"rendered":"Agr\u00f4nomo analisa a atual situa\u00e7\u00e3o clim\u00e1tica referente as lavouras"},"content":{"rendered":"<div id=\"fb-root\"><\/div>\n\n<h2 class=\"wp-block-heading\">Marcelo Marangon, agr\u00f4nomo e gerente da Cotrisoja, unidade de Selbach, destaca os efeitos da falta de chuva nas lavouras.<\/h2>\n\n\n\n<figure class=\"wp-block-audio\"><audio controls src=\"https:\/\/radioprincesa2010.com.br\/fm\/wp-content\/uploads\/2022\/12\/4-6.mp3\"><\/audio><\/figure>\n\n\n\n<figure class=\"wp-block-image size-large\"><img loading=\"lazy\" decoding=\"async\" width=\"1024\" height=\"690\" src=\"https:\/\/radioprincesa2010.com.br\/fm\/wp-content\/uploads\/2022\/12\/4-7-1024x690.jpeg\" alt=\"\" class=\"wp-image-6690\" srcset=\"https:\/\/radioprincesa2010.com.br\/fm\/wp-content\/uploads\/2022\/12\/4-7-1024x690.jpeg 1024w, https:\/\/radioprincesa2010.com.br\/fm\/wp-content\/uploads\/2022\/12\/4-7-300x202.jpeg 300w, https:\/\/radioprincesa2010.com.br\/fm\/wp-content\/uploads\/2022\/12\/4-7-768x517.jpeg 768w, https:\/\/radioprincesa2010.com.br\/fm\/wp-content\/uploads\/2022\/12\/4-7-1536x1035.jpeg 1536w, https:\/\/radioprincesa2010.com.br\/fm\/wp-content\/uploads\/2022\/12\/4-7-89x60.jpeg 89w, https:\/\/radioprincesa2010.com.br\/fm\/wp-content\/uploads\/2022\/12\/4-7.jpeg 1599w\" sizes=\"auto, (max-width: 1024px) 100vw, 1024px\" \/><\/figure>\n\n\n\n<h2 class=\"wp-block-heading\">TALVEZ TAMB\u00c9M INTERESSE A VOC\u00ca<\/h2>\n\n\n\n<figure class=\"wp-block-embed is-type-video is-provider-youtube wp-block-embed-youtube wp-embed-aspect-16-9 wp-has-aspect-ratio\"><div class=\"wp-block-embed__wrapper\">\n<iframe loading=\"lazy\" title=\"#CAIU do navio de #CRUZEIRO e sobreviveu\" width=\"925\" height=\"520\" src=\"https:\/\/www.youtube.com\/embed\/SJnX_ayFWck?start=3&#038;feature=oembed\" frameborder=\"0\" allow=\"accelerometer; autoplay; clipboard-write; encrypted-media; gyroscope; picture-in-picture\" allowfullscreen><\/iframe>\n<\/div><figcaption><a href=\"https:\/\/www.youtube.com\/watch?v=SJnX_ayFWck&amp;t=3s\" target=\"_blank\" rel=\"noreferrer noopener\">OU VEJA AQUI<\/a><\/figcaption><\/figure>\n\n\n\n<figure class=\"wp-block-embed is-type-video is-provider-youtube wp-block-embed-youtube wp-embed-aspect-16-9 wp-has-aspect-ratio\"><div class=\"wp-block-embed__wrapper\">\n<iframe loading=\"lazy\" title=\"#BICHINHOS virtuais #TAMAGOTCHIS substitui os smartphones na m\u00e3o de #CRIAN\u00c7AS\" width=\"925\" height=\"520\" src=\"https:\/\/www.youtube.com\/embed\/09A6pvHT7kw?feature=oembed\" frameborder=\"0\" allow=\"accelerometer; autoplay; clipboard-write; encrypted-media; gyroscope; picture-in-picture\" allowfullscreen><\/iframe>\n<\/div><figcaption><a href=\"https:\/\/www.youtube.com\/watch?v=09A6pvHT7kw\" target=\"_blank\" rel=\"noreferrer noopener\">OU VEJA AQUI<\/a><\/figcaption><\/figure>\n\n\n\n<h2 class=\"wp-block-heading\">GOSTA DE CINEMA?<\/h2>\n\n\n\n<figure class=\"wp-block-embed is-type-video is-provider-youtube wp-block-embed-youtube wp-embed-aspect-4-3 wp-has-aspect-ratio\"><div class=\"wp-block-embed__wrapper\">\n<iframe loading=\"lazy\" title=\"FILME COMPLETO: Viagem a Pr\u00e9-Hist\u00f3ria - 1955\" width=\"925\" height=\"694\" src=\"https:\/\/www.youtube.com\/embed\/ZCa0k3UmLjQ?list=UULFITw0ynEQDL5wUBZvD4gS_Q\" frameborder=\"0\" allow=\"accelerometer; autoplay; clipboard-write; encrypted-media; gyroscope; picture-in-picture\" allowfullscreen><\/iframe>\n<\/div><figcaption><a href=\"https:\/\/youtu.be\/ZCa0k3UmLjQ?list=UULFITw0ynEQDL5wUBZvD4gS_Q\" target=\"_blank\" rel=\"noreferrer noopener\">OU VEJA AQUI<\/a><\/figcaption><\/figure>\n\n\n\n<figure class=\"wp-block-embed is-type-video is-provider-youtube wp-block-embed-youtube wp-embed-aspect-16-9 wp-has-aspect-ratio\"><div class=\"wp-block-embed__wrapper\">\n<iframe loading=\"lazy\" title=\"223 - O \u00faltimo Dinossauro - 1977 (The Last Dinosaur) - CR\u00cdTICAS DE CINEMA BY ARIEL N\u00ba 223\" width=\"925\" height=\"520\" src=\"https:\/\/www.youtube.com\/embed\/veCPnBzmZ2I?feature=oembed\" frameborder=\"0\" allow=\"accelerometer; autoplay; clipboard-write; encrypted-media; gyroscope; picture-in-picture\" allowfullscreen><\/iframe>\n<\/div><figcaption><a href=\"https:\/\/youtu.be\/veCPnBzmZ2I\" target=\"_blank\" rel=\"noreferrer noopener\">OU VEJA AQUI<\/a><\/figcaption><\/figure>\n\n\n\n<h2 class=\"wp-block-heading\">GOSTA DE ESPORTES?<\/h2>\n\n\n\n<figure class=\"wp-block-embed is-type-video is-provider-youtube wp-block-embed-youtube wp-embed-aspect-16-9 wp-has-aspect-ratio\"><div class=\"wp-block-embed__wrapper\">\n<iframe loading=\"lazy\" title=\"#F1: F\u00f3rmula1 est\u00e1 #SEGUINDO o #PERIGOSO caminho da #FIFA\" width=\"925\" height=\"520\" src=\"https:\/\/www.youtube.com\/embed\/pz_1c5J5KxQ?feature=oembed\" frameborder=\"0\" allow=\"accelerometer; autoplay; clipboard-write; encrypted-media; gyroscope; picture-in-picture\" allowfullscreen><\/iframe>\n<\/div><figcaption><a href=\"https:\/\/www.youtube.com\/watch?v=pz_1c5J5KxQ\" target=\"_blank\" rel=\"noreferrer noopener\">OU VEJA AQUI<\/a><\/figcaption><\/figure>\n\n\n\n<p><\/p>\n\n\n\n<figure class=\"wp-block-embed is-type-video is-provider-youtube wp-block-embed-youtube wp-embed-aspect-16-9 wp-has-aspect-ratio\"><div class=\"wp-block-embed__wrapper\">\n<iframe loading=\"lazy\" title=\"MOTOGP:  \u00danica vez que #GIGI Dall\u2019Igna #GRITOU - BOLETIM\" width=\"925\" height=\"520\" src=\"https:\/\/www.youtube.com\/embed\/JHNGCwKl7cg?feature=oembed\" frameborder=\"0\" allow=\"accelerometer; autoplay; clipboard-write; encrypted-media; gyroscope; picture-in-picture\" allowfullscreen><\/iframe>\n<\/div><figcaption><a href=\"https:\/\/www.youtube.com\/watch?v=JHNGCwKl7cg\" target=\"_blank\" rel=\"noreferrer noopener\">OU VEJA AQUI<\/a><\/figcaption><\/figure>\n\n\n\n<p><\/p>\n","protected":false},"excerpt":{"rendered":"<p>Marcelo Marangon, agr\u00f4nomo e gerente da Cotrisoja, unidade de Selbach, destaca os efeitos da falta de chuva nas lavouras. TALVEZ TAMB\u00c9M INTERESSE A VOC\u00ca GOSTA DE CINEMA? GOSTA DE ESPORTES?<\/p>\n","protected":false},"author":1,"featured_media":6692,"comment_status":"open","ping_status":"open","sticky":false,"template":"","format":"standard","meta":{"footnotes":""},"categories":[1],"tags":[434,112,113,64,12,92,435],"class_list":["post-6689","post","type-post","status-publish","format-standard","has-post-thumbnail","hentry","category-geral","tag-chuvas","tag-cotrisoja","tag-marcelo-marangon","tag-princesa-fm","tag-radio-princesa","tag-radio-selbach","tag-situacao-climatica"],"yoast_head":"<!-- This site is optimized with the Yoast SEO plugin v16.1.1 - https:\/\/yoast.com\/wordpress\/plugins\/seo\/ -->\n<title>Agr\u00f4nomo analisa a atual situa\u00e7\u00e3o clim\u00e1tica referente as lavouras - R\u00e1dio Princesa FM 104.9 Mhz<\/title>\n<link rel=\"canonical\" href=\"https:\/\/radioprincesa2010.com.br\/fm\/agronomo-analisa-a-atual-situacao-climatica-referente-as-lavouras\/\" \/>\n<meta property=\"og:locale\" content=\"pt_BR\" \/>\n<meta property=\"og:type\" content=\"article\" \/>\n<meta property=\"og:title\" content=\"Agr\u00f4nomo analisa a atual situa\u00e7\u00e3o clim\u00e1tica referente as lavouras - R\u00e1dio Princesa FM 104.9 Mhz\" \/>\n<meta property=\"og:description\" content=\"Marcelo Marangon, agr\u00f4nomo e gerente da Cotrisoja, unidade de Selbach, destaca os efeitos da falta de chuva nas lavouras. TALVEZ TAMB\u00c9M INTERESSE A VOC\u00ca GOSTA DE CINEMA? GOSTA DE ESPORTES?\" \/>\n<meta property=\"og:url\" content=\"https:\/\/radioprincesa2010.com.br\/fm\/agronomo-analisa-a-atual-situacao-climatica-referente-as-lavouras\/\" \/>\n<meta property=\"og:site_name\" content=\"R\u00e1dio Princesa FM 104.9 Mhz\" \/>\n<meta property=\"article:published_time\" content=\"2022-12-22T15:58:45+00:00\" \/>\n<meta property=\"article:modified_time\" content=\"2022-12-22T15:58:47+00:00\" \/>\n<meta property=\"og:image\" content=\"https:\/\/radioprincesa2010.com.br\/fm\/wp-content\/uploads\/2022\/12\/4-8.jpeg\" \/>\n\t<meta property=\"og:image:width\" content=\"906\" \/>\n\t<meta property=\"og:image:height\" content=\"580\" \/>\n<meta name=\"twitter:card\" content=\"summary_large_image\" \/>\n<meta name=\"twitter:label1\" content=\"Est. tempo de leitura\">\n\t<meta name=\"twitter:data1\" content=\"1 minuto\">\n<script type=\"application\/ld+json\" class=\"yoast-schema-graph\">{\"@context\":\"https:\/\/schema.org\",\"@graph\":[{\"@type\":\"WebSite\",\"@id\":\"https:\/\/radioprincesa2010.com.br\/fm\/#website\",\"url\":\"https:\/\/radioprincesa2010.com.br\/fm\/\",\"name\":\"R\\u00e1dio Princesa FM 104.9 Mhz\",\"description\":\"Com voc\\u00ea o tempo todo\",\"potentialAction\":[{\"@type\":\"SearchAction\",\"target\":\"https:\/\/radioprincesa2010.com.br\/fm\/?s={search_term_string}\",\"query-input\":\"required name=search_term_string\"}],\"inLanguage\":\"pt-BR\"},{\"@type\":\"ImageObject\",\"@id\":\"https:\/\/radioprincesa2010.com.br\/fm\/agronomo-analisa-a-atual-situacao-climatica-referente-as-lavouras\/#primaryimage\",\"inLanguage\":\"pt-BR\",\"url\":\"https:\/\/radioprincesa2010.com.br\/fm\/wp-content\/uploads\/2022\/12\/4-8.jpeg\",\"contentUrl\":\"https:\/\/radioprincesa2010.com.br\/fm\/wp-content\/uploads\/2022\/12\/4-8.jpeg\",\"width\":906,\"height\":580},{\"@type\":\"WebPage\",\"@id\":\"https:\/\/radioprincesa2010.com.br\/fm\/agronomo-analisa-a-atual-situacao-climatica-referente-as-lavouras\/#webpage\",\"url\":\"https:\/\/radioprincesa2010.com.br\/fm\/agronomo-analisa-a-atual-situacao-climatica-referente-as-lavouras\/\",\"name\":\"Agr\\u00f4nomo analisa a atual situa\\u00e7\\u00e3o clim\\u00e1tica referente as lavouras - R\\u00e1dio Princesa FM 104.9 Mhz\",\"isPartOf\":{\"@id\":\"https:\/\/radioprincesa2010.com.br\/fm\/#website\"},\"primaryImageOfPage\":{\"@id\":\"https:\/\/radioprincesa2010.com.br\/fm\/agronomo-analisa-a-atual-situacao-climatica-referente-as-lavouras\/#primaryimage\"},\"datePublished\":\"2022-12-22T15:58:45+00:00\",\"dateModified\":\"2022-12-22T15:58:47+00:00\",\"author\":{\"@id\":\"https:\/\/radioprincesa2010.com.br\/fm\/#\/schema\/person\/7387850c16b3f47de42a1accfc7045c8\"},\"breadcrumb\":{\"@id\":\"https:\/\/radioprincesa2010.com.br\/fm\/agronomo-analisa-a-atual-situacao-climatica-referente-as-lavouras\/#breadcrumb\"},\"inLanguage\":\"pt-BR\",\"potentialAction\":[{\"@type\":\"ReadAction\",\"target\":[\"https:\/\/radioprincesa2010.com.br\/fm\/agronomo-analisa-a-atual-situacao-climatica-referente-as-lavouras\/\"]}]},{\"@type\":\"BreadcrumbList\",\"@id\":\"https:\/\/radioprincesa2010.com.br\/fm\/agronomo-analisa-a-atual-situacao-climatica-referente-as-lavouras\/#breadcrumb\",\"itemListElement\":[{\"@type\":\"ListItem\",\"position\":1,\"item\":{\"@type\":\"WebPage\",\"@id\":\"https:\/\/radioprincesa2010.com.br\/fm\/\",\"url\":\"https:\/\/radioprincesa2010.com.br\/fm\/\",\"name\":\"In\\u00edcio\"}},{\"@type\":\"ListItem\",\"position\":2,\"item\":{\"@type\":\"WebPage\",\"@id\":\"https:\/\/radioprincesa2010.com.br\/fm\/agronomo-analisa-a-atual-situacao-climatica-referente-as-lavouras\/\",\"url\":\"https:\/\/radioprincesa2010.com.br\/fm\/agronomo-analisa-a-atual-situacao-climatica-referente-as-lavouras\/\",\"name\":\"Agr\\u00f4nomo analisa a atual situa\\u00e7\\u00e3o clim\\u00e1tica referente as lavouras\"}}]},{\"@type\":\"Person\",\"@id\":\"https:\/\/radioprincesa2010.com.br\/fm\/#\/schema\/person\/7387850c16b3f47de42a1accfc7045c8\",\"name\":\"Princesa ADM\",\"image\":{\"@type\":\"ImageObject\",\"@id\":\"https:\/\/radioprincesa2010.com.br\/fm\/#personlogo\",\"inLanguage\":\"pt-BR\",\"url\":\"https:\/\/secure.gravatar.com\/avatar\/f30936cf78b511d12d0dda9d77461df5?s=96&d=mm&r=g\",\"contentUrl\":\"https:\/\/secure.gravatar.com\/avatar\/f30936cf78b511d12d0dda9d77461df5?s=96&d=mm&r=g\",\"caption\":\"Princesa ADM\"}}]}<\/script>\n<!-- \/ Yoast SEO plugin. -->","_links":{"self":[{"href":"https:\/\/radioprincesa2010.com.br\/fm\/wp-json\/wp\/v2\/posts\/6689","targetHints":{"allow":["GET"]}}],"collection":[{"href":"https:\/\/radioprincesa2010.com.br\/fm\/wp-json\/wp\/v2\/posts"}],"about":[{"href":"https:\/\/radioprincesa2010.com.br\/fm\/wp-json\/wp\/v2\/types\/post"}],"author":[{"embeddable":true,"href":"https:\/\/radioprincesa2010.com.br\/fm\/wp-json\/wp\/v2\/users\/1"}],"replies":[{"embeddable":true,"href":"https:\/\/radioprincesa2010.com.br\/fm\/wp-json\/wp\/v2\/comments?post=6689"}],"version-history":[{"count":1,"href":"https:\/\/radioprincesa2010.com.br\/fm\/wp-json\/wp\/v2\/posts\/6689\/revisions"}],"predecessor-version":[{"id":6694,"href":"https:\/\/radioprincesa2010.com.br\/fm\/wp-json\/wp\/v2\/posts\/6689\/revisions\/6694"}],"wp:featuredmedia":[{"embeddable":true,"href":"https:\/\/radioprincesa2010.com.br\/fm\/wp-json\/wp\/v2\/media\/6692"}],"wp:attachment":[{"href":"https:\/\/radioprincesa2010.com.br\/fm\/wp-json\/wp\/v2\/media?parent=6689"}],"wp:term":[{"taxonomy":"category","embeddable":true,"href":"https:\/\/radioprincesa2010.com.br\/fm\/wp-json\/wp\/v2\/categories?post=6689"},{"taxonomy":"post_tag","embeddable":true,"href":"https:\/\/radioprincesa2010.com.br\/fm\/wp-json\/wp\/v2\/tags?post=6689"}],"curies":[{"name":"wp","href":"https:\/\/api.w.org\/{rel}","templated":true}]}}