{"id":5897,"date":"2022-10-06T15:49:16","date_gmt":"2022-10-06T15:49:16","guid":{"rendered":"https:\/\/radioprincesa2010.com.br\/fm\/?p=5897"},"modified":"2022-10-06T15:49:18","modified_gmt":"2022-10-06T15:49:18","slug":"selbach-esta-no-estadual-dos-jergs-pelo-atletismo","status":"publish","type":"post","link":"https:\/\/radioprincesa2010.com.br\/fm\/selbach-esta-no-estadual-dos-jergs-pelo-atletismo\/","title":{"rendered":"Selbach est\u00e1 no estadual dos Jergs pelo atletismo"},"content":{"rendered":"<div id=\"fb-root\"><\/div>\n\n<h2 class=\"wp-block-heading\"><br>Professor Diego Sigolini da Escola Estadual Ad\u00e3o Seger, e as fases dos jogos at\u00e9 agora. Destaque pra Gabriel Ferri<\/h2>\n\n\n\n<figure class=\"wp-block-audio\"><audio controls src=\"https:\/\/radioprincesa2010.com.br\/fm\/wp-content\/uploads\/2022\/10\/3-1.mp3\"><\/audio><\/figure>\n\n\n\n<figure class=\"wp-block-image size-large\"><img loading=\"lazy\" decoding=\"async\" width=\"576\" height=\"1024\" src=\"https:\/\/radioprincesa2010.com.br\/fm\/wp-content\/uploads\/2022\/10\/3-1-576x1024.jpeg\" alt=\"\" class=\"wp-image-5898\" srcset=\"https:\/\/radioprincesa2010.com.br\/fm\/wp-content\/uploads\/2022\/10\/3-1-576x1024.jpeg 576w, https:\/\/radioprincesa2010.com.br\/fm\/wp-content\/uploads\/2022\/10\/3-1-169x300.jpeg 169w, https:\/\/radioprincesa2010.com.br\/fm\/wp-content\/uploads\/2022\/10\/3-1-34x60.jpeg 34w, https:\/\/radioprincesa2010.com.br\/fm\/wp-content\/uploads\/2022\/10\/3-1.jpeg 720w\" sizes=\"auto, (max-width: 576px) 100vw, 576px\" \/><\/figure>\n\n\n\n<h2 class=\"wp-block-heading\">TALV\u00caZ TAMB\u00c9M INTERESSE A VOC\u00ca:<\/h2>\n\n\n\n<figure class=\"wp-block-embed is-type-video is-provider-youtube wp-block-embed-youtube wp-embed-aspect-16-9 wp-has-aspect-ratio\"><div class=\"wp-block-embed__wrapper\">\n<iframe loading=\"lazy\" title=\"#APLICATIVOS de #NAMORO bombam na #CHINA, mas n\u00e3o s\u00f3 para romance\" width=\"925\" height=\"520\" src=\"https:\/\/www.youtube.com\/embed\/A5n5fQd4thI?feature=oembed\" frameborder=\"0\" allow=\"accelerometer; autoplay; clipboard-write; encrypted-media; gyroscope; picture-in-picture\" allowfullscreen><\/iframe>\n<\/div><figcaption><a href=\"https:\/\/www.youtube.com\/watch?v=A5n5fQd4thI\" target=\"_blank\" rel=\"noreferrer noopener\">OU VEJA AQUI<\/a><\/figcaption><\/figure>\n\n\n\n<figure class=\"wp-block-embed is-type-video is-provider-youtube wp-block-embed-youtube wp-embed-aspect-16-9 wp-has-aspect-ratio\"><div class=\"wp-block-embed__wrapper\">\n<iframe loading=\"lazy\" title=\"Em tempos de #FAKE NEWS, Bruce #WILLIS e a #DEEPFAKE\" width=\"925\" height=\"520\" src=\"https:\/\/www.youtube.com\/embed\/zEjYg-bJumQ?feature=oembed\" frameborder=\"0\" allow=\"accelerometer; autoplay; clipboard-write; encrypted-media; gyroscope; picture-in-picture\" allowfullscreen><\/iframe>\n<\/div><figcaption><a href=\"https:\/\/www.youtube.com\/watch?v=zEjYg-bJumQ\" target=\"_blank\" rel=\"noreferrer noopener\">OU VEJA AQUI<\/a><\/figcaption><\/figure>\n\n\n\n<h2 class=\"wp-block-heading\">GOSTA DE ESPORTES?<\/h2>\n\n\n\n<figure class=\"wp-block-embed is-type-video is-provider-youtube wp-block-embed-youtube wp-embed-aspect-16-9 wp-has-aspect-ratio\"><div class=\"wp-block-embed__wrapper\">\n<iframe loading=\"lazy\" title=\"F1: Emerson #FITTIPALDI tentou um cargo nas #ELEI\u00c7\u00d5ES #ITALIANAS. Foi #ELEITO?\" width=\"925\" height=\"520\" src=\"https:\/\/www.youtube.com\/embed\/XUCT9qEEwa0?feature=oembed\" frameborder=\"0\" allow=\"accelerometer; autoplay; clipboard-write; encrypted-media; gyroscope; picture-in-picture\" allowfullscreen><\/iframe>\n<\/div><figcaption><a href=\"https:\/\/www.youtube.com\/watch?v=XUCT9qEEwa0\" target=\"_blank\" rel=\"noreferrer noopener\">OU VEJA AQUI<\/a><\/figcaption><\/figure>\n\n\n\n<figure class=\"wp-block-embed is-type-video is-provider-youtube wp-block-embed-youtube wp-embed-aspect-16-9 wp-has-aspect-ratio\"><div class=\"wp-block-embed__wrapper\">\n<iframe loading=\"lazy\" title=\"UFC 61: Mackenzie #DERN divulga comunicado ap\u00f3s #DERROTA; Mark #ZUCKERBERG no evento; #TRETA\" width=\"925\" height=\"520\" src=\"https:\/\/www.youtube.com\/embed\/9DPMWS4suvk?feature=oembed\" frameborder=\"0\" allow=\"accelerometer; autoplay; clipboard-write; encrypted-media; gyroscope; picture-in-picture\" allowfullscreen><\/iframe>\n<\/div><figcaption><a href=\"https:\/\/www.youtube.com\/watch?v=9DPMWS4suvk\" target=\"_blank\" rel=\"noreferrer noopener\">OU VEJA AQUI<\/a><\/figcaption><\/figure>\n\n\n\n<figure class=\"wp-block-embed is-type-video is-provider-youtube wp-block-embed-youtube wp-embed-aspect-16-9 wp-has-aspect-ratio\"><div class=\"wp-block-embed__wrapper\">\n<iframe loading=\"lazy\" title=\"MOTOGP: Um #RESUMO com alguns dos principais #PONTOS do GP da #TAIL\u00c2NDIA\" width=\"925\" height=\"520\" src=\"https:\/\/www.youtube.com\/embed\/XLx2Ym9CxIg?feature=oembed\" frameborder=\"0\" allow=\"accelerometer; autoplay; clipboard-write; encrypted-media; gyroscope; picture-in-picture\" allowfullscreen><\/iframe>\n<\/div><figcaption><a href=\"https:\/\/www.youtube.com\/watch?v=XLx2Ym9CxIg\" target=\"_blank\" rel=\"noreferrer noopener\">OU VEJA AQUI<\/a><\/figcaption><\/figure>\n\n\n\n<p><\/p>\n","protected":false},"excerpt":{"rendered":"<p>Professor Diego Sigolini da Escola Estadual Ad\u00e3o Seger, e as fases dos jogos at\u00e9 agora. Destaque pra Gabriel Ferri TALV\u00caZ TAMB\u00c9M INTERESSE A VOC\u00ca: GOSTA DE ESPORTES?<\/p>\n","protected":false},"author":1,"featured_media":5900,"comment_status":"open","ping_status":"open","sticky":false,"template":"","format":"standard","meta":{"footnotes":""},"categories":[1],"tags":[323,324,183,23,64,12,92,8],"class_list":["post-5897","post","type-post","status-publish","format-standard","has-post-thumbnail","hentry","category-geral","tag-diego-sigolini","tag-gabriel-ferri","tag-jergs","tag-princesa","tag-princesa-fm","tag-radio-princesa","tag-radio-selbach","tag-selbach"],"yoast_head":"<!-- This site is optimized with the Yoast SEO plugin v16.1.1 - https:\/\/yoast.com\/wordpress\/plugins\/seo\/ -->\n<title>Selbach est\u00e1 no estadual dos Jergs pelo atletismo - R\u00e1dio Princesa FM 104.9 Mhz<\/title>\n<link rel=\"canonical\" href=\"https:\/\/radioprincesa2010.com.br\/fm\/selbach-esta-no-estadual-dos-jergs-pelo-atletismo\/\" \/>\n<meta property=\"og:locale\" content=\"pt_BR\" \/>\n<meta property=\"og:type\" content=\"article\" \/>\n<meta property=\"og:title\" content=\"Selbach est\u00e1 no estadual dos Jergs pelo atletismo - R\u00e1dio Princesa FM 104.9 Mhz\" \/>\n<meta property=\"og:description\" content=\"Professor Diego Sigolini da Escola Estadual Ad\u00e3o Seger, e as fases dos jogos at\u00e9 agora. Destaque pra Gabriel Ferri TALV\u00caZ TAMB\u00c9M INTERESSE A VOC\u00ca: GOSTA DE ESPORTES?\" \/>\n<meta property=\"og:url\" content=\"https:\/\/radioprincesa2010.com.br\/fm\/selbach-esta-no-estadual-dos-jergs-pelo-atletismo\/\" \/>\n<meta property=\"og:site_name\" content=\"R\u00e1dio Princesa FM 104.9 Mhz\" \/>\n<meta property=\"article:published_time\" content=\"2022-10-06T15:49:16+00:00\" \/>\n<meta property=\"article:modified_time\" content=\"2022-10-06T15:49:18+00:00\" \/>\n<meta property=\"og:image\" content=\"https:\/\/radioprincesa2010.com.br\/fm\/wp-content\/uploads\/2022\/10\/3-2.jpeg\" \/>\n\t<meta property=\"og:image:width\" content=\"355\" \/>\n\t<meta property=\"og:image:height\" content=\"417\" \/>\n<meta name=\"twitter:card\" content=\"summary_large_image\" \/>\n<meta name=\"twitter:label1\" content=\"Est. tempo de leitura\">\n\t<meta name=\"twitter:data1\" content=\"1 minuto\">\n<script type=\"application\/ld+json\" class=\"yoast-schema-graph\">{\"@context\":\"https:\/\/schema.org\",\"@graph\":[{\"@type\":\"WebSite\",\"@id\":\"https:\/\/radioprincesa2010.com.br\/fm\/#website\",\"url\":\"https:\/\/radioprincesa2010.com.br\/fm\/\",\"name\":\"R\\u00e1dio Princesa FM 104.9 Mhz\",\"description\":\"Com voc\\u00ea o tempo todo\",\"potentialAction\":[{\"@type\":\"SearchAction\",\"target\":\"https:\/\/radioprincesa2010.com.br\/fm\/?s={search_term_string}\",\"query-input\":\"required name=search_term_string\"}],\"inLanguage\":\"pt-BR\"},{\"@type\":\"ImageObject\",\"@id\":\"https:\/\/radioprincesa2010.com.br\/fm\/selbach-esta-no-estadual-dos-jergs-pelo-atletismo\/#primaryimage\",\"inLanguage\":\"pt-BR\",\"url\":\"https:\/\/radioprincesa2010.com.br\/fm\/wp-content\/uploads\/2022\/10\/3-2.jpeg\",\"contentUrl\":\"https:\/\/radioprincesa2010.com.br\/fm\/wp-content\/uploads\/2022\/10\/3-2.jpeg\",\"width\":355,\"height\":417},{\"@type\":\"WebPage\",\"@id\":\"https:\/\/radioprincesa2010.com.br\/fm\/selbach-esta-no-estadual-dos-jergs-pelo-atletismo\/#webpage\",\"url\":\"https:\/\/radioprincesa2010.com.br\/fm\/selbach-esta-no-estadual-dos-jergs-pelo-atletismo\/\",\"name\":\"Selbach est\\u00e1 no estadual dos Jergs pelo atletismo - R\\u00e1dio Princesa FM 104.9 Mhz\",\"isPartOf\":{\"@id\":\"https:\/\/radioprincesa2010.com.br\/fm\/#website\"},\"primaryImageOfPage\":{\"@id\":\"https:\/\/radioprincesa2010.com.br\/fm\/selbach-esta-no-estadual-dos-jergs-pelo-atletismo\/#primaryimage\"},\"datePublished\":\"2022-10-06T15:49:16+00:00\",\"dateModified\":\"2022-10-06T15:49:18+00:00\",\"author\":{\"@id\":\"https:\/\/radioprincesa2010.com.br\/fm\/#\/schema\/person\/7387850c16b3f47de42a1accfc7045c8\"},\"breadcrumb\":{\"@id\":\"https:\/\/radioprincesa2010.com.br\/fm\/selbach-esta-no-estadual-dos-jergs-pelo-atletismo\/#breadcrumb\"},\"inLanguage\":\"pt-BR\",\"potentialAction\":[{\"@type\":\"ReadAction\",\"target\":[\"https:\/\/radioprincesa2010.com.br\/fm\/selbach-esta-no-estadual-dos-jergs-pelo-atletismo\/\"]}]},{\"@type\":\"BreadcrumbList\",\"@id\":\"https:\/\/radioprincesa2010.com.br\/fm\/selbach-esta-no-estadual-dos-jergs-pelo-atletismo\/#breadcrumb\",\"itemListElement\":[{\"@type\":\"ListItem\",\"position\":1,\"item\":{\"@type\":\"WebPage\",\"@id\":\"https:\/\/radioprincesa2010.com.br\/fm\/\",\"url\":\"https:\/\/radioprincesa2010.com.br\/fm\/\",\"name\":\"In\\u00edcio\"}},{\"@type\":\"ListItem\",\"position\":2,\"item\":{\"@type\":\"WebPage\",\"@id\":\"https:\/\/radioprincesa2010.com.br\/fm\/selbach-esta-no-estadual-dos-jergs-pelo-atletismo\/\",\"url\":\"https:\/\/radioprincesa2010.com.br\/fm\/selbach-esta-no-estadual-dos-jergs-pelo-atletismo\/\",\"name\":\"Selbach est\\u00e1 no estadual dos Jergs pelo atletismo\"}}]},{\"@type\":\"Person\",\"@id\":\"https:\/\/radioprincesa2010.com.br\/fm\/#\/schema\/person\/7387850c16b3f47de42a1accfc7045c8\",\"name\":\"Princesa ADM\",\"image\":{\"@type\":\"ImageObject\",\"@id\":\"https:\/\/radioprincesa2010.com.br\/fm\/#personlogo\",\"inLanguage\":\"pt-BR\",\"url\":\"https:\/\/secure.gravatar.com\/avatar\/f30936cf78b511d12d0dda9d77461df5?s=96&d=mm&r=g\",\"contentUrl\":\"https:\/\/secure.gravatar.com\/avatar\/f30936cf78b511d12d0dda9d77461df5?s=96&d=mm&r=g\",\"caption\":\"Princesa ADM\"}}]}<\/script>\n<!-- \/ Yoast SEO plugin. -->","_links":{"self":[{"href":"https:\/\/radioprincesa2010.com.br\/fm\/wp-json\/wp\/v2\/posts\/5897","targetHints":{"allow":["GET"]}}],"collection":[{"href":"https:\/\/radioprincesa2010.com.br\/fm\/wp-json\/wp\/v2\/posts"}],"about":[{"href":"https:\/\/radioprincesa2010.com.br\/fm\/wp-json\/wp\/v2\/types\/post"}],"author":[{"embeddable":true,"href":"https:\/\/radioprincesa2010.com.br\/fm\/wp-json\/wp\/v2\/users\/1"}],"replies":[{"embeddable":true,"href":"https:\/\/radioprincesa2010.com.br\/fm\/wp-json\/wp\/v2\/comments?post=5897"}],"version-history":[{"count":1,"href":"https:\/\/radioprincesa2010.com.br\/fm\/wp-json\/wp\/v2\/posts\/5897\/revisions"}],"predecessor-version":[{"id":5901,"href":"https:\/\/radioprincesa2010.com.br\/fm\/wp-json\/wp\/v2\/posts\/5897\/revisions\/5901"}],"wp:featuredmedia":[{"embeddable":true,"href":"https:\/\/radioprincesa2010.com.br\/fm\/wp-json\/wp\/v2\/media\/5900"}],"wp:attachment":[{"href":"https:\/\/radioprincesa2010.com.br\/fm\/wp-json\/wp\/v2\/media?parent=5897"}],"wp:term":[{"taxonomy":"category","embeddable":true,"href":"https:\/\/radioprincesa2010.com.br\/fm\/wp-json\/wp\/v2\/categories?post=5897"},{"taxonomy":"post_tag","embeddable":true,"href":"https:\/\/radioprincesa2010.com.br\/fm\/wp-json\/wp\/v2\/tags?post=5897"}],"curies":[{"name":"wp","href":"https:\/\/api.w.org\/{rel}","templated":true}]}}