{"id":555,"date":"2018-05-25T14:24:22","date_gmt":"2018-05-25T14:24:22","guid":{"rendered":"https:\/\/radioprincesa2010.com.br\/fm\/?p=555"},"modified":"2018-05-25T14:38:37","modified_gmt":"2018-05-25T14:38:37","slug":"manifestacoes-no-trevo-de-selbach","status":"publish","type":"post","link":"https:\/\/radioprincesa2010.com.br\/fm\/manifestacoes-no-trevo-de-selbach\/","title":{"rendered":"Manifesta\u00e7\u00f5es no Trevo de Selbach"},"content":{"rendered":"<div id=\"fb-root\"><\/div>\n<p>Com\u00e9rcio e comunidade Selbachense, incentivados pela Associa\u00e7\u00e3o Comercial de Selbach (ACIS), apoiando \u00e0 manifesta\u00e7\u00e3o dos caminheiros, trabalhadores e classes produtivos diante dos constantes aumentos do valor dos combust\u00edveis e da pesada carga tribut\u00e1ria brasileira. Manifesta\u00e7\u00f5es est\u00e3o acontecendo no trevo da Cidade de Selbach, nesta manh\u00e3 de sexta feira (25). O Com\u00e9rcio vinculado a ACIS permanece fechado, hoje, das 10h ao meio dia, em virtude da paralisa\u00e7\u00e3o. A R\u00e1dio Princesa est\u00e1 presente para fazer a cobertura da manifesta\u00e7\u00e3o e demonstrar apoio \u00e0 mesma.<\/p>\n<p style=\"text-align: center;\">Fotos: via grupo Whatsapp<\/p>\n<div id='gallery-1' class='gallery galleryid-555 gallery-columns-3 gallery-size-thumbnail'><figure class='gallery-item'>\n\t\t\t<div class='gallery-icon landscape'>\n\t\t\t\t<a href='https:\/\/radioprincesa2010.com.br\/fm\/manifestacoes-no-trevo-de-selbach\/whatsapp-image-2018-05-25-at-11-06-58\/'><img loading=\"lazy\" decoding=\"async\" width=\"150\" height=\"150\" src=\"https:\/\/radioprincesa2010.com.br\/fm\/wp-content\/uploads\/2018\/05\/WhatsApp-Image-2018-05-25-at-11.06.58-150x150.jpeg\" class=\"attachment-thumbnail size-thumbnail\" alt=\"\" srcset=\"https:\/\/radioprincesa2010.com.br\/fm\/wp-content\/uploads\/2018\/05\/WhatsApp-Image-2018-05-25-at-11.06.58-150x150.jpeg 150w, https:\/\/radioprincesa2010.com.br\/fm\/wp-content\/uploads\/2018\/05\/WhatsApp-Image-2018-05-25-at-11.06.58-100x100.jpeg 100w\" sizes=\"auto, (max-width: 150px) 100vw, 150px\" \/><\/a>\n\t\t\t<\/div><\/figure><figure class='gallery-item'>\n\t\t\t<div class='gallery-icon landscape'>\n\t\t\t\t<a href='https:\/\/radioprincesa2010.com.br\/fm\/manifestacoes-no-trevo-de-selbach\/whatsapp-image-2018-05-25-at-10-51-31\/'><img loading=\"lazy\" decoding=\"async\" width=\"150\" height=\"150\" src=\"https:\/\/radioprincesa2010.com.br\/fm\/wp-content\/uploads\/2018\/05\/WhatsApp-Image-2018-05-25-at-10.51.31-150x150.jpeg\" class=\"attachment-thumbnail size-thumbnail\" alt=\"\" srcset=\"https:\/\/radioprincesa2010.com.br\/fm\/wp-content\/uploads\/2018\/05\/WhatsApp-Image-2018-05-25-at-10.51.31-150x150.jpeg 150w, https:\/\/radioprincesa2010.com.br\/fm\/wp-content\/uploads\/2018\/05\/WhatsApp-Image-2018-05-25-at-10.51.31-100x100.jpeg 100w\" sizes=\"auto, (max-width: 150px) 100vw, 150px\" \/><\/a>\n\t\t\t<\/div><\/figure><figure class='gallery-item'>\n\t\t\t<div class='gallery-icon landscape'>\n\t\t\t\t<a href='https:\/\/radioprincesa2010.com.br\/fm\/manifestacoes-no-trevo-de-selbach\/a04cad49-e6cf-4343-8a5b-0d1081a62fcf\/'><img loading=\"lazy\" decoding=\"async\" width=\"150\" height=\"150\" src=\"https:\/\/radioprincesa2010.com.br\/fm\/wp-content\/uploads\/2018\/05\/a04cad49-e6cf-4343-8a5b-0d1081a62fcf-150x150.jpg\" class=\"attachment-thumbnail size-thumbnail\" alt=\"\" srcset=\"https:\/\/radioprincesa2010.com.br\/fm\/wp-content\/uploads\/2018\/05\/a04cad49-e6cf-4343-8a5b-0d1081a62fcf-150x150.jpg 150w, https:\/\/radioprincesa2010.com.br\/fm\/wp-content\/uploads\/2018\/05\/a04cad49-e6cf-4343-8a5b-0d1081a62fcf-100x100.jpg 100w\" sizes=\"auto, (max-width: 150px) 100vw, 150px\" \/><\/a>\n\t\t\t<\/div><\/figure>\n\t\t<\/div>\n\n<div id='gallery-2' class='gallery galleryid-555 gallery-columns-3 gallery-size-thumbnail'><figure class='gallery-item'>\n\t\t\t<div class='gallery-icon landscape'>\n\t\t\t\t<a href='https:\/\/radioprincesa2010.com.br\/fm\/manifestacoes-no-trevo-de-selbach\/whatsapp-image-2018-05-25-at-11-35-31\/'><img loading=\"lazy\" decoding=\"async\" width=\"150\" height=\"150\" src=\"https:\/\/radioprincesa2010.com.br\/fm\/wp-content\/uploads\/2018\/05\/WhatsApp-Image-2018-05-25-at-11.35.31-150x150.jpeg\" class=\"attachment-thumbnail size-thumbnail\" alt=\"\" srcset=\"https:\/\/radioprincesa2010.com.br\/fm\/wp-content\/uploads\/2018\/05\/WhatsApp-Image-2018-05-25-at-11.35.31-150x150.jpeg 150w, https:\/\/radioprincesa2010.com.br\/fm\/wp-content\/uploads\/2018\/05\/WhatsApp-Image-2018-05-25-at-11.35.31-100x100.jpeg 100w\" sizes=\"auto, (max-width: 150px) 100vw, 150px\" \/><\/a>\n\t\t\t<\/div><\/figure><figure class='gallery-item'>\n\t\t\t<div class='gallery-icon landscape'>\n\t\t\t\t<a href='https:\/\/radioprincesa2010.com.br\/fm\/manifestacoes-no-trevo-de-selbach\/whatsapp-image-2018-05-25-at-11-35-31-1\/'><img loading=\"lazy\" decoding=\"async\" width=\"150\" height=\"150\" src=\"https:\/\/radioprincesa2010.com.br\/fm\/wp-content\/uploads\/2018\/05\/WhatsApp-Image-2018-05-25-at-11.35.31-1-150x150.jpeg\" class=\"attachment-thumbnail size-thumbnail\" alt=\"\" srcset=\"https:\/\/radioprincesa2010.com.br\/fm\/wp-content\/uploads\/2018\/05\/WhatsApp-Image-2018-05-25-at-11.35.31-1-150x150.jpeg 150w, https:\/\/radioprincesa2010.com.br\/fm\/wp-content\/uploads\/2018\/05\/WhatsApp-Image-2018-05-25-at-11.35.31-1-100x100.jpeg 100w\" sizes=\"auto, (max-width: 150px) 100vw, 150px\" \/><\/a>\n\t\t\t<\/div><\/figure><figure class='gallery-item'>\n\t\t\t<div class='gallery-icon landscape'>\n\t\t\t\t<a href='https:\/\/radioprincesa2010.com.br\/fm\/manifestacoes-no-trevo-de-selbach\/whatsapp-image-2018-05-25-at-11-35-29\/'><img loading=\"lazy\" decoding=\"async\" width=\"150\" height=\"150\" src=\"https:\/\/radioprincesa2010.com.br\/fm\/wp-content\/uploads\/2018\/05\/WhatsApp-Image-2018-05-25-at-11.35.29-150x150.jpeg\" class=\"attachment-thumbnail size-thumbnail\" alt=\"\" srcset=\"https:\/\/radioprincesa2010.com.br\/fm\/wp-content\/uploads\/2018\/05\/WhatsApp-Image-2018-05-25-at-11.35.29-150x150.jpeg 150w, https:\/\/radioprincesa2010.com.br\/fm\/wp-content\/uploads\/2018\/05\/WhatsApp-Image-2018-05-25-at-11.35.29-100x100.jpeg 100w\" sizes=\"auto, (max-width: 150px) 100vw, 150px\" \/><\/a>\n\t\t\t<\/div><\/figure>\n\t\t<\/div>\n\n","protected":false},"excerpt":{"rendered":"<p>Com\u00e9rcio e comunidade Selbachense, incentivados pela Associa\u00e7\u00e3o Comercial de Selbach (ACIS), apoiando \u00e0 manifesta\u00e7\u00e3o dos caminheiros, trabalhadores e classes produtivos diante dos constantes aumentos do valor dos combust\u00edveis e da pesada carga tribut\u00e1ria brasileira. Manifesta\u00e7\u00f5es est\u00e3o acontecendo no trevo da Cidade de Selbach, nesta manh\u00e3 de sexta feira (25). O Com\u00e9rcio vinculado a ACIS permanece &hellip; <\/p>\n","protected":false},"author":2,"featured_media":558,"comment_status":"open","ping_status":"open","sticky":false,"template":"","format":"standard","meta":{"footnotes":""},"categories":[1],"tags":[],"class_list":["post-555","post","type-post","status-publish","format-standard","has-post-thumbnail","hentry","category-geral"],"yoast_head":"<!-- This site is optimized with the Yoast SEO plugin v16.1.1 - https:\/\/yoast.com\/wordpress\/plugins\/seo\/ -->\n<title>Manifesta\u00e7\u00f5es no Trevo de Selbach - R\u00e1dio Princesa FM 104.9 Mhz<\/title>\n<link rel=\"canonical\" href=\"https:\/\/radioprincesa2010.com.br\/fm\/manifestacoes-no-trevo-de-selbach\/\" \/>\n<meta property=\"og:locale\" content=\"pt_BR\" \/>\n<meta property=\"og:type\" content=\"article\" \/>\n<meta property=\"og:title\" content=\"Manifesta\u00e7\u00f5es no Trevo de Selbach - R\u00e1dio Princesa FM 104.9 Mhz\" \/>\n<meta property=\"og:description\" content=\"Com\u00e9rcio e comunidade Selbachense, incentivados pela Associa\u00e7\u00e3o Comercial de Selbach (ACIS), apoiando \u00e0 manifesta\u00e7\u00e3o dos caminheiros, trabalhadores e classes produtivos diante dos constantes aumentos do valor dos combust\u00edveis e da pesada carga tribut\u00e1ria brasileira. Manifesta\u00e7\u00f5es est\u00e3o acontecendo no trevo da Cidade de Selbach, nesta manh\u00e3 de sexta feira (25). O Com\u00e9rcio vinculado a ACIS permanece &hellip;\" \/>\n<meta property=\"og:url\" content=\"https:\/\/radioprincesa2010.com.br\/fm\/manifestacoes-no-trevo-de-selbach\/\" \/>\n<meta property=\"og:site_name\" content=\"R\u00e1dio Princesa FM 104.9 Mhz\" \/>\n<meta property=\"article:published_time\" content=\"2018-05-25T14:24:22+00:00\" \/>\n<meta property=\"article:modified_time\" content=\"2018-05-25T14:38:37+00:00\" \/>\n<meta property=\"og:image\" content=\"https:\/\/radioprincesa2010.com.br\/fm\/wp-content\/uploads\/2018\/05\/WhatsApp-Image-2018-05-25-at-11.06.58.jpeg\" \/>\n\t<meta property=\"og:image:width\" content=\"1280\" \/>\n\t<meta property=\"og:image:height\" content=\"960\" \/>\n<meta name=\"twitter:card\" content=\"summary_large_image\" \/>\n<script type=\"application\/ld+json\" class=\"yoast-schema-graph\">{\"@context\":\"https:\/\/schema.org\",\"@graph\":[{\"@type\":\"WebSite\",\"@id\":\"https:\/\/radioprincesa2010.com.br\/fm\/#website\",\"url\":\"https:\/\/radioprincesa2010.com.br\/fm\/\",\"name\":\"R\\u00e1dio Princesa FM 104.9 Mhz\",\"description\":\"Com voc\\u00ea o tempo todo\",\"potentialAction\":[{\"@type\":\"SearchAction\",\"target\":\"https:\/\/radioprincesa2010.com.br\/fm\/?s={search_term_string}\",\"query-input\":\"required name=search_term_string\"}],\"inLanguage\":\"pt-BR\"},{\"@type\":\"ImageObject\",\"@id\":\"https:\/\/radioprincesa2010.com.br\/fm\/manifestacoes-no-trevo-de-selbach\/#primaryimage\",\"inLanguage\":\"pt-BR\",\"url\":\"https:\/\/radioprincesa2010.com.br\/fm\/wp-content\/uploads\/2018\/05\/WhatsApp-Image-2018-05-25-at-11.06.58.jpeg\",\"contentUrl\":\"https:\/\/radioprincesa2010.com.br\/fm\/wp-content\/uploads\/2018\/05\/WhatsApp-Image-2018-05-25-at-11.06.58.jpeg\",\"width\":1280,\"height\":960},{\"@type\":\"WebPage\",\"@id\":\"https:\/\/radioprincesa2010.com.br\/fm\/manifestacoes-no-trevo-de-selbach\/#webpage\",\"url\":\"https:\/\/radioprincesa2010.com.br\/fm\/manifestacoes-no-trevo-de-selbach\/\",\"name\":\"Manifesta\\u00e7\\u00f5es no Trevo de Selbach - R\\u00e1dio Princesa FM 104.9 Mhz\",\"isPartOf\":{\"@id\":\"https:\/\/radioprincesa2010.com.br\/fm\/#website\"},\"primaryImageOfPage\":{\"@id\":\"https:\/\/radioprincesa2010.com.br\/fm\/manifestacoes-no-trevo-de-selbach\/#primaryimage\"},\"datePublished\":\"2018-05-25T14:24:22+00:00\",\"dateModified\":\"2018-05-25T14:38:37+00:00\",\"author\":{\"@id\":\"https:\/\/radioprincesa2010.com.br\/fm\/#\/schema\/person\/2671cea07bd207fdbf7f094a7ab77c1c\"},\"breadcrumb\":{\"@id\":\"https:\/\/radioprincesa2010.com.br\/fm\/manifestacoes-no-trevo-de-selbach\/#breadcrumb\"},\"inLanguage\":\"pt-BR\",\"potentialAction\":[{\"@type\":\"ReadAction\",\"target\":[\"https:\/\/radioprincesa2010.com.br\/fm\/manifestacoes-no-trevo-de-selbach\/\"]}]},{\"@type\":\"BreadcrumbList\",\"@id\":\"https:\/\/radioprincesa2010.com.br\/fm\/manifestacoes-no-trevo-de-selbach\/#breadcrumb\",\"itemListElement\":[{\"@type\":\"ListItem\",\"position\":1,\"item\":{\"@type\":\"WebPage\",\"@id\":\"https:\/\/radioprincesa2010.com.br\/fm\/\",\"url\":\"https:\/\/radioprincesa2010.com.br\/fm\/\",\"name\":\"In\\u00edcio\"}},{\"@type\":\"ListItem\",\"position\":2,\"item\":{\"@type\":\"WebPage\",\"@id\":\"https:\/\/radioprincesa2010.com.br\/fm\/manifestacoes-no-trevo-de-selbach\/\",\"url\":\"https:\/\/radioprincesa2010.com.br\/fm\/manifestacoes-no-trevo-de-selbach\/\",\"name\":\"Manifesta\\u00e7\\u00f5es no Trevo de Selbach\"}}]},{\"@type\":\"Person\",\"@id\":\"https:\/\/radioprincesa2010.com.br\/fm\/#\/schema\/person\/2671cea07bd207fdbf7f094a7ab77c1c\",\"name\":\"Radialistas Princesa FM\",\"image\":{\"@type\":\"ImageObject\",\"@id\":\"https:\/\/radioprincesa2010.com.br\/fm\/#personlogo\",\"inLanguage\":\"pt-BR\",\"url\":\"https:\/\/secure.gravatar.com\/avatar\/1e60f2ae894518c7afac50daca716e5d?s=96&d=mm&r=g\",\"contentUrl\":\"https:\/\/secure.gravatar.com\/avatar\/1e60f2ae894518c7afac50daca716e5d?s=96&d=mm&r=g\",\"caption\":\"Radialistas Princesa FM\"}}]}<\/script>\n<!-- \/ Yoast SEO plugin. -->","_links":{"self":[{"href":"https:\/\/radioprincesa2010.com.br\/fm\/wp-json\/wp\/v2\/posts\/555","targetHints":{"allow":["GET"]}}],"collection":[{"href":"https:\/\/radioprincesa2010.com.br\/fm\/wp-json\/wp\/v2\/posts"}],"about":[{"href":"https:\/\/radioprincesa2010.com.br\/fm\/wp-json\/wp\/v2\/types\/post"}],"author":[{"embeddable":true,"href":"https:\/\/radioprincesa2010.com.br\/fm\/wp-json\/wp\/v2\/users\/2"}],"replies":[{"embeddable":true,"href":"https:\/\/radioprincesa2010.com.br\/fm\/wp-json\/wp\/v2\/comments?post=555"}],"version-history":[{"count":4,"href":"https:\/\/radioprincesa2010.com.br\/fm\/wp-json\/wp\/v2\/posts\/555\/revisions"}],"predecessor-version":[{"id":566,"href":"https:\/\/radioprincesa2010.com.br\/fm\/wp-json\/wp\/v2\/posts\/555\/revisions\/566"}],"wp:featuredmedia":[{"embeddable":true,"href":"https:\/\/radioprincesa2010.com.br\/fm\/wp-json\/wp\/v2\/media\/558"}],"wp:attachment":[{"href":"https:\/\/radioprincesa2010.com.br\/fm\/wp-json\/wp\/v2\/media?parent=555"}],"wp:term":[{"taxonomy":"category","embeddable":true,"href":"https:\/\/radioprincesa2010.com.br\/fm\/wp-json\/wp\/v2\/categories?post=555"},{"taxonomy":"post_tag","embeddable":true,"href":"https:\/\/radioprincesa2010.com.br\/fm\/wp-json\/wp\/v2\/tags?post=555"}],"curies":[{"name":"wp","href":"https:\/\/api.w.org\/{rel}","templated":true}]}}