{"id":5199,"date":"2022-07-20T14:30:52","date_gmt":"2022-07-20T14:30:52","guid":{"rendered":"https:\/\/radioprincesa2010.com.br\/fm\/?p=5199"},"modified":"2022-07-20T17:33:05","modified_gmt":"2022-07-20T17:33:05","slug":"congregacao-de-irmas-de-n-s-de-notredame-em-selbach","status":"publish","type":"post","link":"https:\/\/radioprincesa2010.com.br\/fm\/congregacao-de-irmas-de-n-s-de-notredame-em-selbach\/","title":{"rendered":"Congrega\u00e7\u00e3o de Irm\u00e3s de N.S. de Notredame em Selbach"},"content":{"rendered":"<div id=\"fb-root\"><\/div>\n\n<p><br>Elas est\u00e3o h\u00e1 muitas d\u00e9cadas no munic\u00edpio e receberam a reportagem da R\u00e1dio Princesa FM, para falar do trabalho e como chegaram aqui. Ou\u00e7a Irm\u00e3 C\u00edria Maria Strehel.<\/p>\n\n\n\n<figure class=\"wp-block-audio\"><audio controls src=\"https:\/\/radioprincesa2010.com.br\/fm\/wp-content\/uploads\/2022\/07\/9.mp3\"><\/audio><\/figure>\n\n\n\n<h2 class=\"wp-block-heading\">TALVEZ TAMB\u00c9M INTERESSE A VOC\u00ca:<\/h2>\n\n\n\n<ul class=\"wp-block-list\"><li>LIVE 20-07-2022 &#8211; CORRESPONDENTE ARIEL SELBACH COM AS INFORMA\u00c7\u00d5ES DE PASSO FUNDO\/RS E REGI\u00c3O &#8211; Acompanhe as principais not\u00edcias desta QUARTA-FEIRA<br>INFORMA\u00c7\u00d5ES DE HOJE:<br>1) Casal \u00e9 preso acusado de desviar R$ 1,5 milh\u00e3o de empresa<br>2) Caso Talis: autor de homic\u00eddio \u00e9 condenado a mais de 14 anos de pris\u00e3o<br>3) Decretada a pris\u00e3o do homem que causou grave acidente com tr\u00eas mortes em Tapera<br>4) Homem perde mais de R$ 2 mil ao depositar dinheiro para golpista que prometeu enviar cofre com 500 mil dol\u00e1res<br>5) Ladr\u00e3o rouba cantando diante das v\u00edtimas<br>6) Homem dorme em trilho e morre atropelado por trem<br>7) Homem \u00e9 morto com tiro na cabe\u00e7a ap\u00f3s agredir mulher<br>8) Iniciam as obras de terceira pista no trecho Passo Fundo a Tio Hugo<br><\/li><\/ul>\n\n\n\n<figure class=\"wp-block-embed is-type-wp-embed is-provider-informa-tudo wp-block-embed-informa-tudo\"><div class=\"wp-block-embed__wrapper\">\n<blockquote class=\"wp-embedded-content\" data-secret=\"WZfVGxmLia\"><a href=\"https:\/\/informatudo.com.br\/live-20-07-2022-correspondente-ariel-selbach-com-as-informacoes-de-passo-fundo-rs-e-regiao-acompanhe-as-principais-noticias-desta-quarta-feira\/\">LIVE 20-07-2022 &#8211; CORRESPONDENTE ARIEL SELBACH COM AS INFORMA\u00c7\u00d5ES DE PASSO FUNDO\/RS E REGI\u00c3O &#8211; Acompanhe as principais not\u00edcias desta QUARTA-FEIRA<\/a><\/blockquote><iframe loading=\"lazy\" class=\"wp-embedded-content\" sandbox=\"allow-scripts\" security=\"restricted\" style=\"position: absolute; clip: rect(1px, 1px, 1px, 1px);\" title=\"&#8220;LIVE 20-07-2022 &#8211; CORRESPONDENTE ARIEL SELBACH COM AS INFORMA\u00c7\u00d5ES DE PASSO FUNDO\/RS E REGI\u00c3O &#8211; Acompanhe as principais not\u00edcias desta QUARTA-FEIRA&#8221; &#8212; Informa Tudo!\" src=\"https:\/\/informatudo.com.br\/live-20-07-2022-correspondente-ariel-selbach-com-as-informacoes-de-passo-fundo-rs-e-regiao-acompanhe-as-principais-noticias-desta-quarta-feira\/embed\/#?secret=QGwPirNfdg#?secret=WZfVGxmLia\" data-secret=\"WZfVGxmLia\" width=\"600\" height=\"338\" frameborder=\"0\" marginwidth=\"0\" marginheight=\"0\" scrolling=\"no\"><\/iframe>\n<\/div><figcaption><a href=\"https:\/\/informatudo.com.br\/live-20-07-2022-correspondente-ariel-selbach-com-as-informacoes-de-passo-fundo-rs-e-regiao-acompanhe-as-principais-noticias-desta-quarta-feira\/\" target=\"_blank\" rel=\"noreferrer noopener\">OU VEJA AQUI<\/a><\/figcaption><\/figure>\n\n\n\n<figure class=\"wp-block-embed is-type-video is-provider-youtube wp-block-embed-youtube wp-embed-aspect-16-9 wp-has-aspect-ratio\"><div class=\"wp-block-embed__wrapper\">\n<iframe loading=\"lazy\" title=\"INFONEWS: Nova vers\u00e3o do Sistema operacional da #MICROSOFT, o Windows #12, pode chegar em #2024\" width=\"925\" height=\"520\" src=\"https:\/\/www.youtube.com\/embed\/1yhEBO2ulws?feature=oembed\" frameborder=\"0\" allow=\"accelerometer; autoplay; clipboard-write; encrypted-media; gyroscope; picture-in-picture\" allowfullscreen><\/iframe>\n<\/div><figcaption><a href=\"https:\/\/www.youtube.com\/watch?v=1yhEBO2ulws\" target=\"_blank\" rel=\"noreferrer noopener\">OU VEJA AQUI<\/a><\/figcaption><\/figure>\n\n\n\n<figure class=\"wp-block-embed is-type-video is-provider-youtube wp-block-embed-youtube wp-embed-aspect-16-9 wp-has-aspect-ratio\"><div class=\"wp-block-embed__wrapper\">\n<iframe loading=\"lazy\" title=\"#MULHER acorda ap\u00f3s dois anos em #COMA e indica #IRM\u00c3O como #AGRESSOR\" width=\"925\" height=\"520\" src=\"https:\/\/www.youtube.com\/embed\/2mfyUi-VteQ?feature=oembed\" frameborder=\"0\" allow=\"accelerometer; autoplay; clipboard-write; encrypted-media; gyroscope; picture-in-picture\" allowfullscreen><\/iframe>\n<\/div><figcaption><a href=\"https:\/\/www.youtube.com\/watch?v=2mfyUi-VteQ\" target=\"_blank\" rel=\"noreferrer noopener\">OU VEJA AQUI<\/a><\/figcaption><\/figure>\n\n\n\n<h2 class=\"wp-block-heading\">GOSTA DE ESPORTES?<\/h2>\n\n\n\n<figure class=\"wp-block-embed is-type-video is-provider-youtube wp-block-embed-youtube wp-embed-aspect-16-9 wp-has-aspect-ratio\"><div class=\"wp-block-embed__wrapper\">\n<iframe loading=\"lazy\" title=\"F1: Boletim #24: poeira do #FREIO problema na #F1; Nelson #PIQUET R$ 10 #MILH\u00d5ES;\" width=\"925\" height=\"520\" src=\"https:\/\/www.youtube.com\/embed\/NZAkqDvz7Dc?feature=oembed\" frameborder=\"0\" allow=\"accelerometer; autoplay; clipboard-write; encrypted-media; gyroscope; picture-in-picture\" allowfullscreen><\/iframe>\n<\/div><figcaption><a href=\"https:\/\/www.youtube.com\/watch?v=NZAkqDvz7Dc\">OU VEJA AQUI<\/a><\/figcaption><\/figure>\n\n\n\n<figure class=\"wp-block-embed is-type-video is-provider-youtube wp-block-embed-youtube wp-embed-aspect-16-9 wp-has-aspect-ratio\"><div class=\"wp-block-embed__wrapper\">\n<iframe loading=\"lazy\" title=\"Toprak #RAZGATLIOGLU divulga #TEMPOS feitos com a #M1 da #MOTOGP\" width=\"925\" height=\"520\" src=\"https:\/\/www.youtube.com\/embed\/b9Wqno0DiOU?start=1&#038;feature=oembed\" frameborder=\"0\" allow=\"accelerometer; autoplay; clipboard-write; encrypted-media; gyroscope; picture-in-picture\" allowfullscreen><\/iframe>\n<\/div><figcaption><a href=\"https:\/\/www.youtube.com\/watch?v=b9Wqno0DiOU&amp;t=1s\" target=\"_blank\" rel=\"noreferrer noopener\">OU VEJA AQUI<\/a><\/figcaption><\/figure>\n\n\n\n<p><\/p>\n","protected":false},"excerpt":{"rendered":"<p>Elas est\u00e3o h\u00e1 muitas d\u00e9cadas no munic\u00edpio e receberam a reportagem da R\u00e1dio Princesa FM, para falar do trabalho e como chegaram aqui. Ou\u00e7a Irm\u00e3 C\u00edria Maria Strehel. TALVEZ TAMB\u00c9M INTERESSE A VOC\u00ca: LIVE 20-07-2022 &#8211; CORRESPONDENTE ARIEL SELBACH COM AS INFORMA\u00c7\u00d5ES DE PASSO FUNDO\/RS E REGI\u00c3O &#8211; Acompanhe as principais not\u00edcias desta QUARTA-FEIRAINFORMA\u00c7\u00d5ES DE &hellip; <\/p>\n","protected":false},"author":1,"featured_media":5201,"comment_status":"open","ping_status":"open","sticky":false,"template":"","format":"standard","meta":{"footnotes":""},"categories":[1],"tags":[211,212,213,23,64,12,92],"class_list":["post-5199","post","type-post","status-publish","format-standard","has-post-thumbnail","hentry","category-geral","tag-ciria-maria-strehel","tag-congregacao","tag-notre-dame","tag-princesa","tag-princesa-fm","tag-radio-princesa","tag-radio-selbach"],"yoast_head":"<!-- This site is optimized with the Yoast SEO plugin v16.1.1 - https:\/\/yoast.com\/wordpress\/plugins\/seo\/ -->\n<title>Congrega\u00e7\u00e3o de Irm\u00e3s de N.S. de Notredame em Selbach - R\u00e1dio Princesa FM 104.9 Mhz<\/title>\n<link rel=\"canonical\" href=\"https:\/\/radioprincesa2010.com.br\/fm\/congregacao-de-irmas-de-n-s-de-notredame-em-selbach\/\" \/>\n<meta property=\"og:locale\" content=\"pt_BR\" \/>\n<meta property=\"og:type\" content=\"article\" \/>\n<meta property=\"og:title\" content=\"Congrega\u00e7\u00e3o de Irm\u00e3s de N.S. de Notredame em Selbach - R\u00e1dio Princesa FM 104.9 Mhz\" \/>\n<meta property=\"og:description\" content=\"Elas est\u00e3o h\u00e1 muitas d\u00e9cadas no munic\u00edpio e receberam a reportagem da R\u00e1dio Princesa FM, para falar do trabalho e como chegaram aqui. Ou\u00e7a Irm\u00e3 C\u00edria Maria Strehel. TALVEZ TAMB\u00c9M INTERESSE A VOC\u00ca: LIVE 20-07-2022 &#8211; CORRESPONDENTE ARIEL SELBACH COM AS INFORMA\u00c7\u00d5ES DE PASSO FUNDO\/RS E REGI\u00c3O &#8211; Acompanhe as principais not\u00edcias desta QUARTA-FEIRAINFORMA\u00c7\u00d5ES DE &hellip;\" \/>\n<meta property=\"og:url\" content=\"https:\/\/radioprincesa2010.com.br\/fm\/congregacao-de-irmas-de-n-s-de-notredame-em-selbach\/\" \/>\n<meta property=\"og:site_name\" content=\"R\u00e1dio Princesa FM 104.9 Mhz\" \/>\n<meta property=\"article:published_time\" content=\"2022-07-20T14:30:52+00:00\" \/>\n<meta property=\"article:modified_time\" content=\"2022-07-20T17:33:05+00:00\" \/>\n<meta property=\"og:image\" content=\"https:\/\/radioprincesa2010.com.br\/fm\/wp-content\/uploads\/2022\/07\/9a.jpg\" \/>\n\t<meta property=\"og:image:width\" content=\"631\" \/>\n\t<meta property=\"og:image:height\" content=\"519\" \/>\n<meta name=\"twitter:card\" content=\"summary_large_image\" \/>\n<meta name=\"twitter:label1\" content=\"Est. tempo de leitura\">\n\t<meta name=\"twitter:data1\" content=\"1 minuto\">\n<script type=\"application\/ld+json\" class=\"yoast-schema-graph\">{\"@context\":\"https:\/\/schema.org\",\"@graph\":[{\"@type\":\"WebSite\",\"@id\":\"https:\/\/radioprincesa2010.com.br\/fm\/#website\",\"url\":\"https:\/\/radioprincesa2010.com.br\/fm\/\",\"name\":\"R\\u00e1dio Princesa FM 104.9 Mhz\",\"description\":\"Com voc\\u00ea o tempo todo\",\"potentialAction\":[{\"@type\":\"SearchAction\",\"target\":\"https:\/\/radioprincesa2010.com.br\/fm\/?s={search_term_string}\",\"query-input\":\"required name=search_term_string\"}],\"inLanguage\":\"pt-BR\"},{\"@type\":\"ImageObject\",\"@id\":\"https:\/\/radioprincesa2010.com.br\/fm\/congregacao-de-irmas-de-n-s-de-notredame-em-selbach\/#primaryimage\",\"inLanguage\":\"pt-BR\",\"url\":\"https:\/\/radioprincesa2010.com.br\/fm\/wp-content\/uploads\/2022\/07\/9a.jpg\",\"contentUrl\":\"https:\/\/radioprincesa2010.com.br\/fm\/wp-content\/uploads\/2022\/07\/9a.jpg\",\"width\":631,\"height\":519},{\"@type\":\"WebPage\",\"@id\":\"https:\/\/radioprincesa2010.com.br\/fm\/congregacao-de-irmas-de-n-s-de-notredame-em-selbach\/#webpage\",\"url\":\"https:\/\/radioprincesa2010.com.br\/fm\/congregacao-de-irmas-de-n-s-de-notredame-em-selbach\/\",\"name\":\"Congrega\\u00e7\\u00e3o de Irm\\u00e3s de N.S. de Notredame em Selbach - R\\u00e1dio Princesa FM 104.9 Mhz\",\"isPartOf\":{\"@id\":\"https:\/\/radioprincesa2010.com.br\/fm\/#website\"},\"primaryImageOfPage\":{\"@id\":\"https:\/\/radioprincesa2010.com.br\/fm\/congregacao-de-irmas-de-n-s-de-notredame-em-selbach\/#primaryimage\"},\"datePublished\":\"2022-07-20T14:30:52+00:00\",\"dateModified\":\"2022-07-20T17:33:05+00:00\",\"author\":{\"@id\":\"https:\/\/radioprincesa2010.com.br\/fm\/#\/schema\/person\/7387850c16b3f47de42a1accfc7045c8\"},\"breadcrumb\":{\"@id\":\"https:\/\/radioprincesa2010.com.br\/fm\/congregacao-de-irmas-de-n-s-de-notredame-em-selbach\/#breadcrumb\"},\"inLanguage\":\"pt-BR\",\"potentialAction\":[{\"@type\":\"ReadAction\",\"target\":[\"https:\/\/radioprincesa2010.com.br\/fm\/congregacao-de-irmas-de-n-s-de-notredame-em-selbach\/\"]}]},{\"@type\":\"BreadcrumbList\",\"@id\":\"https:\/\/radioprincesa2010.com.br\/fm\/congregacao-de-irmas-de-n-s-de-notredame-em-selbach\/#breadcrumb\",\"itemListElement\":[{\"@type\":\"ListItem\",\"position\":1,\"item\":{\"@type\":\"WebPage\",\"@id\":\"https:\/\/radioprincesa2010.com.br\/fm\/\",\"url\":\"https:\/\/radioprincesa2010.com.br\/fm\/\",\"name\":\"In\\u00edcio\"}},{\"@type\":\"ListItem\",\"position\":2,\"item\":{\"@type\":\"WebPage\",\"@id\":\"https:\/\/radioprincesa2010.com.br\/fm\/congregacao-de-irmas-de-n-s-de-notredame-em-selbach\/\",\"url\":\"https:\/\/radioprincesa2010.com.br\/fm\/congregacao-de-irmas-de-n-s-de-notredame-em-selbach\/\",\"name\":\"Congrega\\u00e7\\u00e3o de Irm\\u00e3s de N.S. de Notredame em Selbach\"}}]},{\"@type\":\"Person\",\"@id\":\"https:\/\/radioprincesa2010.com.br\/fm\/#\/schema\/person\/7387850c16b3f47de42a1accfc7045c8\",\"name\":\"Princesa ADM\",\"image\":{\"@type\":\"ImageObject\",\"@id\":\"https:\/\/radioprincesa2010.com.br\/fm\/#personlogo\",\"inLanguage\":\"pt-BR\",\"url\":\"https:\/\/secure.gravatar.com\/avatar\/f30936cf78b511d12d0dda9d77461df5?s=96&d=mm&r=g\",\"contentUrl\":\"https:\/\/secure.gravatar.com\/avatar\/f30936cf78b511d12d0dda9d77461df5?s=96&d=mm&r=g\",\"caption\":\"Princesa ADM\"}}]}<\/script>\n<!-- \/ Yoast SEO plugin. -->","_links":{"self":[{"href":"https:\/\/radioprincesa2010.com.br\/fm\/wp-json\/wp\/v2\/posts\/5199","targetHints":{"allow":["GET"]}}],"collection":[{"href":"https:\/\/radioprincesa2010.com.br\/fm\/wp-json\/wp\/v2\/posts"}],"about":[{"href":"https:\/\/radioprincesa2010.com.br\/fm\/wp-json\/wp\/v2\/types\/post"}],"author":[{"embeddable":true,"href":"https:\/\/radioprincesa2010.com.br\/fm\/wp-json\/wp\/v2\/users\/1"}],"replies":[{"embeddable":true,"href":"https:\/\/radioprincesa2010.com.br\/fm\/wp-json\/wp\/v2\/comments?post=5199"}],"version-history":[{"count":3,"href":"https:\/\/radioprincesa2010.com.br\/fm\/wp-json\/wp\/v2\/posts\/5199\/revisions"}],"predecessor-version":[{"id":5210,"href":"https:\/\/radioprincesa2010.com.br\/fm\/wp-json\/wp\/v2\/posts\/5199\/revisions\/5210"}],"wp:featuredmedia":[{"embeddable":true,"href":"https:\/\/radioprincesa2010.com.br\/fm\/wp-json\/wp\/v2\/media\/5201"}],"wp:attachment":[{"href":"https:\/\/radioprincesa2010.com.br\/fm\/wp-json\/wp\/v2\/media?parent=5199"}],"wp:term":[{"taxonomy":"category","embeddable":true,"href":"https:\/\/radioprincesa2010.com.br\/fm\/wp-json\/wp\/v2\/categories?post=5199"},{"taxonomy":"post_tag","embeddable":true,"href":"https:\/\/radioprincesa2010.com.br\/fm\/wp-json\/wp\/v2\/tags?post=5199"}],"curies":[{"name":"wp","href":"https:\/\/api.w.org\/{rel}","templated":true}]}}