{"id":508,"date":"2018-05-23T18:00:19","date_gmt":"2018-05-23T18:00:19","guid":{"rendered":"https:\/\/radioprincesa2010.com.br\/fm\/?p=508"},"modified":"2018-05-23T18:11:01","modified_gmt":"2018-05-23T18:11:01","slug":"radio-escola-com-o-6o-ano-da-escola-anibal-magni","status":"publish","type":"post","link":"https:\/\/radioprincesa2010.com.br\/fm\/radio-escola-com-o-6o-ano-da-escola-anibal-magni\/","title":{"rendered":"R\u00e1dio Escola com o 6\u00ba ano da Escola An\u00edbal Magni"},"content":{"rendered":"<div id=\"fb-root\"><\/div>\n<p>6\u00ba ano da escola An\u00edbal Magni, acompanhados da Coordenadora Pedag\u00f3gica S\u00edlvia Schwaab, Professora Debora Dendena e da estudante de Engenharia Ambiental da UPF, Dalvana St\u00f6hlirck, participaram nesta manh\u00e3 (23) do Programa R\u00e1dio Escola. Trazendo informa\u00e7\u00f5es sobre o projeto de pesquisa da estudante de Engenharia Ambiental, Dalvana, sobre o desenvolvimento de a\u00e7\u00f5es pra o desenvolvimento sustent\u00e1vel. Os locutores mirins, Henrique, Gabriela e Lucas tamb\u00e9m falaram sobre os alunos classificados para fase regional dos Jergs e fizeram o convite para o Jantar da Fam\u00edlia, Galinhada de Tacho, que ser\u00e1 realizada sexta feira (25) no Sal\u00e3o das Tr\u00eas Comunidades em Arroio Grande.<\/p>\n<!--[if lt IE 9]><script>document.createElement('audio');<\/script><![endif]-->\n\t<div class=\"wp-playlist wp-audio-playlist wp-playlist-light\">\n\t\t\t<div class=\"wp-playlist-current-item\"><\/div>\n\t\t<audio controls=\"controls\" preload=\"none\" width=\"903\"\n\t\t\t><\/audio>\n\t<div class=\"wp-playlist-next\"><\/div>\n\t<div class=\"wp-playlist-prev\"><\/div>\n\t<noscript>\n\t<ol>\n\t\t<li><a href='https:\/\/radioprincesa2010.com.br\/fm\/wp-content\/uploads\/2018\/05\/R\u00e1dio-Ecola-23-de-maio-2018.mp3'>R\u00e1dio Ecola 23 de maio 2018<\/a><\/li>\t<\/ol>\n\t<\/noscript>\n\t<script type=\"application\/json\" class=\"wp-playlist-script\">{\"type\":\"audio\",\"tracklist\":true,\"tracknumbers\":true,\"images\":true,\"artists\":true,\"tracks\":[{\"src\":\"https:\\\/\\\/radioprincesa2010.com.br\\\/fm\\\/wp-content\\\/uploads\\\/2018\\\/05\\\/R\\u00e1dio-Ecola-23-de-maio-2018.mp3\",\"type\":\"audio\\\/mpeg\",\"title\":\"R\\u00e1dio Ecola 23 de maio 2018\",\"caption\":\"\",\"description\":\"\\\"R\\u00e1dio Ecola 23 de maio 2018\\\". G\\u00eanero: Other.\",\"meta\":{\"genre\":\"Other\",\"length_formatted\":\"27:49\"},\"image\":{\"src\":\"https:\\\/\\\/radioprincesa2010.com.br\\\/fm\\\/wp-includes\\\/images\\\/media\\\/audio.svg\",\"width\":48,\"height\":64},\"thumb\":{\"src\":\"https:\\\/\\\/radioprincesa2010.com.br\\\/fm\\\/wp-includes\\\/images\\\/media\\\/audio.svg\",\"width\":48,\"height\":64}}]}<\/script>\n<\/div>\n\t\n<p><img loading=\"lazy\" decoding=\"async\" class=\"alignnone size-medium wp-image-509\" src=\"https:\/\/radioprincesa2010.com.br\/fm\/wp-content\/uploads\/2018\/05\/WhatsApp-Image-2018-05-23-at-09.41.26-225x300.jpeg\" alt=\"\" width=\"225\" height=\"300\" srcset=\"https:\/\/radioprincesa2010.com.br\/fm\/wp-content\/uploads\/2018\/05\/WhatsApp-Image-2018-05-23-at-09.41.26-225x300.jpeg 225w, https:\/\/radioprincesa2010.com.br\/fm\/wp-content\/uploads\/2018\/05\/WhatsApp-Image-2018-05-23-at-09.41.26-768x1024.jpeg 768w, https:\/\/radioprincesa2010.com.br\/fm\/wp-content\/uploads\/2018\/05\/WhatsApp-Image-2018-05-23-at-09.41.26.jpeg 960w\" sizes=\"auto, (max-width: 225px) 100vw, 225px\" \/><\/p>\n<p><img loading=\"lazy\" decoding=\"async\" class=\"alignnone size-medium wp-image-510\" src=\"https:\/\/radioprincesa2010.com.br\/fm\/wp-content\/uploads\/2018\/05\/WhatsApp-Image-2018-05-23-at-09.41.31-225x300.jpeg\" alt=\"\" width=\"225\" height=\"300\" srcset=\"https:\/\/radioprincesa2010.com.br\/fm\/wp-content\/uploads\/2018\/05\/WhatsApp-Image-2018-05-23-at-09.41.31-225x300.jpeg 225w, https:\/\/radioprincesa2010.com.br\/fm\/wp-content\/uploads\/2018\/05\/WhatsApp-Image-2018-05-23-at-09.41.31-768x1024.jpeg 768w, https:\/\/radioprincesa2010.com.br\/fm\/wp-content\/uploads\/2018\/05\/WhatsApp-Image-2018-05-23-at-09.41.31.jpeg 960w\" sizes=\"auto, (max-width: 225px) 100vw, 225px\" \/><\/p>\n<p><img loading=\"lazy\" decoding=\"async\" class=\"alignnone size-medium wp-image-511\" src=\"https:\/\/radioprincesa2010.com.br\/fm\/wp-content\/uploads\/2018\/05\/WhatsApp-Image-2018-05-23-at-09.42.24-225x300.jpeg\" alt=\"\" width=\"225\" height=\"300\" srcset=\"https:\/\/radioprincesa2010.com.br\/fm\/wp-content\/uploads\/2018\/05\/WhatsApp-Image-2018-05-23-at-09.42.24-225x300.jpeg 225w, https:\/\/radioprincesa2010.com.br\/fm\/wp-content\/uploads\/2018\/05\/WhatsApp-Image-2018-05-23-at-09.42.24-768x1024.jpeg 768w, https:\/\/radioprincesa2010.com.br\/fm\/wp-content\/uploads\/2018\/05\/WhatsApp-Image-2018-05-23-at-09.42.24.jpeg 960w\" sizes=\"auto, (max-width: 225px) 100vw, 225px\" \/><\/p>\n<p><img loading=\"lazy\" decoding=\"async\" class=\"alignnone size-medium wp-image-512\" src=\"https:\/\/radioprincesa2010.com.br\/fm\/wp-content\/uploads\/2018\/05\/WhatsApp-Image-2018-05-23-at-09.41.32-300x225.jpeg\" alt=\"\" width=\"300\" height=\"225\" srcset=\"https:\/\/radioprincesa2010.com.br\/fm\/wp-content\/uploads\/2018\/05\/WhatsApp-Image-2018-05-23-at-09.41.32-300x225.jpeg 300w, https:\/\/radioprincesa2010.com.br\/fm\/wp-content\/uploads\/2018\/05\/WhatsApp-Image-2018-05-23-at-09.41.32-768x576.jpeg 768w, https:\/\/radioprincesa2010.com.br\/fm\/wp-content\/uploads\/2018\/05\/WhatsApp-Image-2018-05-23-at-09.41.32-1024x768.jpeg 1024w, https:\/\/radioprincesa2010.com.br\/fm\/wp-content\/uploads\/2018\/05\/WhatsApp-Image-2018-05-23-at-09.41.32.jpeg 1280w\" sizes=\"auto, (max-width: 300px) 100vw, 300px\" \/><\/p>\n","protected":false},"excerpt":{"rendered":"<p>6\u00ba ano da escola An\u00edbal Magni, acompanhados da Coordenadora Pedag\u00f3gica S\u00edlvia Schwaab, Professora Debora Dendena e da estudante de Engenharia Ambiental da UPF, Dalvana St\u00f6hlirck, participaram nesta manh\u00e3 (23) do Programa R\u00e1dio Escola. Trazendo informa\u00e7\u00f5es sobre o projeto de pesquisa da estudante de Engenharia Ambiental, Dalvana, sobre o desenvolvimento de a\u00e7\u00f5es pra o desenvolvimento sustent\u00e1vel. &hellip; <\/p>\n","protected":false},"author":1,"featured_media":512,"comment_status":"open","ping_status":"open","sticky":false,"template":"","format":"standard","meta":{"footnotes":""},"categories":[1],"tags":[],"class_list":["post-508","post","type-post","status-publish","format-standard","has-post-thumbnail","hentry","category-geral"],"yoast_head":"<!-- This site is optimized with the Yoast SEO plugin v16.1.1 - https:\/\/yoast.com\/wordpress\/plugins\/seo\/ -->\n<title>R\u00e1dio Escola com o 6\u00ba ano da Escola An\u00edbal Magni - R\u00e1dio Princesa FM 104.9 Mhz<\/title>\n<link rel=\"canonical\" href=\"https:\/\/radioprincesa2010.com.br\/fm\/radio-escola-com-o-6o-ano-da-escola-anibal-magni\/\" \/>\n<meta property=\"og:locale\" content=\"pt_BR\" \/>\n<meta property=\"og:type\" content=\"article\" \/>\n<meta property=\"og:title\" content=\"R\u00e1dio Escola com o 6\u00ba ano da Escola An\u00edbal Magni - R\u00e1dio Princesa FM 104.9 Mhz\" \/>\n<meta property=\"og:description\" content=\"6\u00ba ano da escola An\u00edbal Magni, acompanhados da Coordenadora Pedag\u00f3gica S\u00edlvia Schwaab, Professora Debora Dendena e da estudante de Engenharia Ambiental da UPF, Dalvana St\u00f6hlirck, participaram nesta manh\u00e3 (23) do Programa R\u00e1dio Escola. Trazendo informa\u00e7\u00f5es sobre o projeto de pesquisa da estudante de Engenharia Ambiental, Dalvana, sobre o desenvolvimento de a\u00e7\u00f5es pra o desenvolvimento sustent\u00e1vel. &hellip;\" \/>\n<meta property=\"og:url\" content=\"https:\/\/radioprincesa2010.com.br\/fm\/radio-escola-com-o-6o-ano-da-escola-anibal-magni\/\" \/>\n<meta property=\"og:site_name\" content=\"R\u00e1dio Princesa FM 104.9 Mhz\" \/>\n<meta property=\"article:published_time\" content=\"2018-05-23T18:00:19+00:00\" \/>\n<meta property=\"article:modified_time\" content=\"2018-05-23T18:11:01+00:00\" \/>\n<meta property=\"og:image\" content=\"https:\/\/radioprincesa2010.com.br\/fm\/wp-content\/uploads\/2018\/05\/WhatsApp-Image-2018-05-23-at-09.41.32.jpeg\" \/>\n\t<meta property=\"og:image:width\" content=\"1280\" \/>\n\t<meta property=\"og:image:height\" content=\"960\" \/>\n<meta name=\"twitter:card\" content=\"summary_large_image\" \/>\n<meta name=\"twitter:label1\" content=\"Est. tempo de leitura\">\n\t<meta name=\"twitter:data1\" content=\"1 minuto\">\n<script type=\"application\/ld+json\" class=\"yoast-schema-graph\">{\"@context\":\"https:\/\/schema.org\",\"@graph\":[{\"@type\":\"WebSite\",\"@id\":\"https:\/\/radioprincesa2010.com.br\/fm\/#website\",\"url\":\"https:\/\/radioprincesa2010.com.br\/fm\/\",\"name\":\"R\\u00e1dio Princesa FM 104.9 Mhz\",\"description\":\"Com voc\\u00ea o tempo todo\",\"potentialAction\":[{\"@type\":\"SearchAction\",\"target\":\"https:\/\/radioprincesa2010.com.br\/fm\/?s={search_term_string}\",\"query-input\":\"required name=search_term_string\"}],\"inLanguage\":\"pt-BR\"},{\"@type\":\"ImageObject\",\"@id\":\"https:\/\/radioprincesa2010.com.br\/fm\/radio-escola-com-o-6o-ano-da-escola-anibal-magni\/#primaryimage\",\"inLanguage\":\"pt-BR\",\"url\":\"https:\/\/radioprincesa2010.com.br\/fm\/wp-content\/uploads\/2018\/05\/WhatsApp-Image-2018-05-23-at-09.41.32.jpeg\",\"contentUrl\":\"https:\/\/radioprincesa2010.com.br\/fm\/wp-content\/uploads\/2018\/05\/WhatsApp-Image-2018-05-23-at-09.41.32.jpeg\",\"width\":1280,\"height\":960},{\"@type\":\"WebPage\",\"@id\":\"https:\/\/radioprincesa2010.com.br\/fm\/radio-escola-com-o-6o-ano-da-escola-anibal-magni\/#webpage\",\"url\":\"https:\/\/radioprincesa2010.com.br\/fm\/radio-escola-com-o-6o-ano-da-escola-anibal-magni\/\",\"name\":\"R\\u00e1dio Escola com o 6\\u00ba ano da Escola An\\u00edbal Magni - R\\u00e1dio Princesa FM 104.9 Mhz\",\"isPartOf\":{\"@id\":\"https:\/\/radioprincesa2010.com.br\/fm\/#website\"},\"primaryImageOfPage\":{\"@id\":\"https:\/\/radioprincesa2010.com.br\/fm\/radio-escola-com-o-6o-ano-da-escola-anibal-magni\/#primaryimage\"},\"datePublished\":\"2018-05-23T18:00:19+00:00\",\"dateModified\":\"2018-05-23T18:11:01+00:00\",\"author\":{\"@id\":\"https:\/\/radioprincesa2010.com.br\/fm\/#\/schema\/person\/7387850c16b3f47de42a1accfc7045c8\"},\"breadcrumb\":{\"@id\":\"https:\/\/radioprincesa2010.com.br\/fm\/radio-escola-com-o-6o-ano-da-escola-anibal-magni\/#breadcrumb\"},\"inLanguage\":\"pt-BR\",\"potentialAction\":[{\"@type\":\"ReadAction\",\"target\":[\"https:\/\/radioprincesa2010.com.br\/fm\/radio-escola-com-o-6o-ano-da-escola-anibal-magni\/\"]}]},{\"@type\":\"BreadcrumbList\",\"@id\":\"https:\/\/radioprincesa2010.com.br\/fm\/radio-escola-com-o-6o-ano-da-escola-anibal-magni\/#breadcrumb\",\"itemListElement\":[{\"@type\":\"ListItem\",\"position\":1,\"item\":{\"@type\":\"WebPage\",\"@id\":\"https:\/\/radioprincesa2010.com.br\/fm\/\",\"url\":\"https:\/\/radioprincesa2010.com.br\/fm\/\",\"name\":\"In\\u00edcio\"}},{\"@type\":\"ListItem\",\"position\":2,\"item\":{\"@type\":\"WebPage\",\"@id\":\"https:\/\/radioprincesa2010.com.br\/fm\/radio-escola-com-o-6o-ano-da-escola-anibal-magni\/\",\"url\":\"https:\/\/radioprincesa2010.com.br\/fm\/radio-escola-com-o-6o-ano-da-escola-anibal-magni\/\",\"name\":\"R\\u00e1dio Escola com o 6\\u00ba ano da Escola An\\u00edbal Magni\"}}]},{\"@type\":\"Person\",\"@id\":\"https:\/\/radioprincesa2010.com.br\/fm\/#\/schema\/person\/7387850c16b3f47de42a1accfc7045c8\",\"name\":\"Princesa ADM\",\"image\":{\"@type\":\"ImageObject\",\"@id\":\"https:\/\/radioprincesa2010.com.br\/fm\/#personlogo\",\"inLanguage\":\"pt-BR\",\"url\":\"https:\/\/secure.gravatar.com\/avatar\/f30936cf78b511d12d0dda9d77461df5?s=96&d=mm&r=g\",\"contentUrl\":\"https:\/\/secure.gravatar.com\/avatar\/f30936cf78b511d12d0dda9d77461df5?s=96&d=mm&r=g\",\"caption\":\"Princesa ADM\"}}]}<\/script>\n<!-- \/ Yoast SEO plugin. -->","_links":{"self":[{"href":"https:\/\/radioprincesa2010.com.br\/fm\/wp-json\/wp\/v2\/posts\/508","targetHints":{"allow":["GET"]}}],"collection":[{"href":"https:\/\/radioprincesa2010.com.br\/fm\/wp-json\/wp\/v2\/posts"}],"about":[{"href":"https:\/\/radioprincesa2010.com.br\/fm\/wp-json\/wp\/v2\/types\/post"}],"author":[{"embeddable":true,"href":"https:\/\/radioprincesa2010.com.br\/fm\/wp-json\/wp\/v2\/users\/1"}],"replies":[{"embeddable":true,"href":"https:\/\/radioprincesa2010.com.br\/fm\/wp-json\/wp\/v2\/comments?post=508"}],"version-history":[{"count":3,"href":"https:\/\/radioprincesa2010.com.br\/fm\/wp-json\/wp\/v2\/posts\/508\/revisions"}],"predecessor-version":[{"id":516,"href":"https:\/\/radioprincesa2010.com.br\/fm\/wp-json\/wp\/v2\/posts\/508\/revisions\/516"}],"wp:featuredmedia":[{"embeddable":true,"href":"https:\/\/radioprincesa2010.com.br\/fm\/wp-json\/wp\/v2\/media\/512"}],"wp:attachment":[{"href":"https:\/\/radioprincesa2010.com.br\/fm\/wp-json\/wp\/v2\/media?parent=508"}],"wp:term":[{"taxonomy":"category","embeddable":true,"href":"https:\/\/radioprincesa2010.com.br\/fm\/wp-json\/wp\/v2\/categories?post=508"},{"taxonomy":"post_tag","embeddable":true,"href":"https:\/\/radioprincesa2010.com.br\/fm\/wp-json\/wp\/v2\/tags?post=508"}],"curies":[{"name":"wp","href":"https:\/\/api.w.org\/{rel}","templated":true}]}}