{"id":4655,"date":"2022-06-01T01:36:35","date_gmt":"2022-06-01T01:36:35","guid":{"rendered":"https:\/\/radioprincesa2010.com.br\/fm\/?p=4655"},"modified":"2022-06-01T01:36:38","modified_gmt":"2022-06-01T01:36:38","slug":"ames-no-regional-de-base","status":"publish","type":"post","link":"https:\/\/radioprincesa2010.com.br\/fm\/ames-no-regional-de-base\/","title":{"rendered":"AMES no regional de base"},"content":{"rendered":"<div id=\"fb-root\"><\/div>\n\n<p><br>Volmir Gilberto Fritzen, presidente da associa\u00e7\u00e3o AMES &#8211; Associa\u00e7\u00e3o Multi Esportiva Selbachense, fala sobre a Copa Regional Categorias de Base 2022.<\/p>\n\n\n\n<figure class=\"wp-block-audio\"><audio controls src=\"https:\/\/radioprincesa2010.com.br\/fm\/wp-content\/uploads\/2022\/06\/1.mp3\"><\/audio><\/figure>\n\n\n\n<h2 class=\"wp-block-heading\">MAIS INFORMA\u00c7\u00d5ES QUE TALVEZ TAMB\u00c9M INTERESSE A VOC\u00ca:<br><\/h2>\n\n\n\n<p>\u2615LIVE 31-05-2022 &#8211; CORRESPONDENTE ARIEL SELBACH COM AS INFORMA\u00c7\u00d5ES DE PASSO FUNDO\/RS E REGI\u00c3O &#8211; Acompanhe as principais not\u00edcias desta TER\u00c7A-FEIRA<br>1) Pol\u00edcia localiza beb\u00ea abandonado dentro de resid\u00eancia em Passo Fundo<br>2) Colis\u00e3o entre caminhonete e carreta resulta em uma v\u00edtima fatal no trecho Coxilha\/Tapejara<br>3) PRF prende casal com mais de 150 quilos de maconha em Passo Fundo<br>4) Carazinho: criminosos que mataram homem e atearam fogo em resid\u00eancia invadiram casa vestidos de policiais, diz delegada<br>5) Vereador de Victor Graeff morre ap\u00f3s acidente na BR 386<br>6) Brigada Militar prende dupla por tr\u00e1fico de drogas em Tapera<br>7) Nonoai: homem encontrado morto dentro de churrasqueira estava com as m\u00e3os amarradas e morda\u00e7a na boca<br>8) PRF e PC prendem traficantes com meia tonelada de maconha em Frederico Westphalen<br>9) PRF prende cinco traficantes e apreende mais de 400 quilos de maconha em duas a\u00e7\u00f5es na BR 386<br>10) Coprel vence leil\u00e3o nacional de energia<br>11) HSVP de Passo Fundo \u00e9 certificado pelo uso de energia renov\u00e1vel<br><\/p>\n\n\n\n<figure class=\"wp-block-embed is-type-wp-embed is-provider-informa-tudo wp-block-embed-informa-tudo\"><div class=\"wp-block-embed__wrapper\">\n<blockquote class=\"wp-embedded-content\" data-secret=\"E1hyRe94uq\"><a href=\"https:\/\/informatudo.com.br\/live-31-05-2022-correspondente-ariel-selbach-com-as-informacoes-de-passo-fundo-rs-e-regiao-acompanhe-as-principais-noticias-desta-terca-feira\/\">LIVE 31-05-2022 &#8211; CORRESPONDENTE ARIEL SELBACH COM AS INFORMA\u00c7\u00d5ES DE PASSO FUNDO\/RS E REGI\u00c3O &#8211; Acompanhe as principais not\u00edcias desta TER\u00c7A-FEIRA<\/a><\/blockquote><iframe loading=\"lazy\" class=\"wp-embedded-content\" sandbox=\"allow-scripts\" security=\"restricted\" style=\"position: absolute; clip: rect(1px, 1px, 1px, 1px);\" title=\"&#8220;LIVE 31-05-2022 &#8211; CORRESPONDENTE ARIEL SELBACH COM AS INFORMA\u00c7\u00d5ES DE PASSO FUNDO\/RS E REGI\u00c3O &#8211; Acompanhe as principais not\u00edcias desta TER\u00c7A-FEIRA&#8221; &#8212; Informa Tudo!\" src=\"https:\/\/informatudo.com.br\/live-31-05-2022-correspondente-ariel-selbach-com-as-informacoes-de-passo-fundo-rs-e-regiao-acompanhe-as-principais-noticias-desta-terca-feira\/embed\/#?secret=k0bTi9Zp6z#?secret=E1hyRe94uq\" data-secret=\"E1hyRe94uq\" width=\"600\" height=\"338\" frameborder=\"0\" marginwidth=\"0\" marginheight=\"0\" scrolling=\"no\"><\/iframe>\n<\/div><figcaption><a href=\"https:\/\/informatudo.com.br\/live-31-05-2022-correspondente-ariel-selbach-com-as-informacoes-de-passo-fundo-rs-e-regiao-acompanhe-as-principais-noticias-desta-terca-feira\/\" target=\"_blank\" rel=\"noreferrer noopener\">OU VEJA AQUI<\/a><\/figcaption><\/figure>\n\n\n\n<figure class=\"wp-block-embed is-type-video is-provider-youtube wp-block-embed-youtube wp-embed-aspect-16-9 wp-has-aspect-ratio\"><div class=\"wp-block-embed__wrapper\">\n<iframe loading=\"lazy\" title=\"INFONEWS: Conhe\u00e7a o #MENOR #ROB\u00d4 ambulante de todos os tempos\" width=\"925\" height=\"520\" src=\"https:\/\/www.youtube.com\/embed\/ziB4uKVPd8s?feature=oembed\" frameborder=\"0\" allow=\"accelerometer; autoplay; clipboard-write; encrypted-media; gyroscope; picture-in-picture\" allowfullscreen><\/iframe>\n<\/div><figcaption><a href=\"https:\/\/www.youtube.com\/watch?v=ziB4uKVPd8s\" target=\"_blank\" rel=\"noreferrer noopener\">OU VEJA AQUI<\/a><\/figcaption><\/figure>\n\n\n\n<p><\/p>\n\n\n\n<h2 class=\"wp-block-heading\">GOSTA DE ESPORTES?<\/h2>\n\n\n\n<figure class=\"wp-block-embed is-type-video is-provider-youtube wp-block-embed-youtube wp-embed-aspect-16-9 wp-has-aspect-ratio\"><div class=\"wp-block-embed__wrapper\">\n<iframe loading=\"lazy\" title=\"MOTO #20 Novo #RECORDE Mugello Toprak s\u00f3 2024; Pedro #ACOSTA bate recorde #BIAGGI lenda; MM93 cirurg\" width=\"925\" height=\"520\" src=\"https:\/\/www.youtube.com\/embed\/SNQpLKPI1Ls?feature=oembed\" frameborder=\"0\" allow=\"accelerometer; autoplay; clipboard-write; encrypted-media; gyroscope; picture-in-picture\" allowfullscreen><\/iframe>\n<\/div><figcaption><a href=\"https:\/\/www.youtube.com\/watch?v=SNQpLKPI1Ls\" target=\"_blank\" rel=\"noreferrer noopener\">OU VEJA AQUI<\/a><\/figcaption><\/figure>\n\n\n\n<figure class=\"wp-block-embed is-type-video is-provider-youtube wp-block-embed-youtube wp-embed-aspect-16-9 wp-has-aspect-ratio\"><div class=\"wp-block-embed__wrapper\">\n<iframe loading=\"lazy\" title=\"#F1 2022 #M\u00d4NACO CORRIDA AO VIVO\" width=\"925\" height=\"520\" src=\"https:\/\/www.youtube.com\/embed\/p4Ell4cDQZc?feature=oembed\" frameborder=\"0\" allow=\"accelerometer; autoplay; clipboard-write; encrypted-media; gyroscope; picture-in-picture\" allowfullscreen><\/iframe>\n<\/div><figcaption><a href=\"https:\/\/www.youtube.com\/watch?v=p4Ell4cDQZc\" target=\"_blank\" rel=\"noreferrer noopener\">OU VEJA AQUI<\/a><\/figcaption><\/figure>\n","protected":false},"excerpt":{"rendered":"<p>Volmir Gilberto Fritzen, presidente da associa\u00e7\u00e3o AMES &#8211; Associa\u00e7\u00e3o Multi Esportiva Selbachense, fala sobre a Copa Regional Categorias de Base 2022. MAIS INFORMA\u00c7\u00d5ES QUE TALVEZ TAMB\u00c9M INTERESSE A VOC\u00ca: \u2615LIVE 31-05-2022 &#8211; CORRESPONDENTE ARIEL SELBACH COM AS INFORMA\u00c7\u00d5ES DE PASSO FUNDO\/RS E REGI\u00c3O &#8211; Acompanhe as principais not\u00edcias desta TER\u00c7A-FEIRA1) Pol\u00edcia localiza beb\u00ea abandonado dentro &hellip; <\/p>\n","protected":false},"author":1,"featured_media":4656,"comment_status":"open","ping_status":"open","sticky":false,"template":"","format":"standard","meta":{"footnotes":""},"categories":[1],"tags":[116,23,64,12,92,8],"class_list":["post-4655","post","type-post","status-publish","format-standard","has-post-thumbnail","hentry","category-geral","tag-ames","tag-princesa","tag-princesa-fm","tag-radio-princesa","tag-radio-selbach","tag-selbach"],"yoast_head":"<!-- This site is optimized with the Yoast SEO plugin v16.1.1 - https:\/\/yoast.com\/wordpress\/plugins\/seo\/ -->\n<title>AMES no regional de base - R\u00e1dio Princesa FM 104.9 Mhz<\/title>\n<link rel=\"canonical\" href=\"https:\/\/radioprincesa2010.com.br\/fm\/ames-no-regional-de-base\/\" \/>\n<meta property=\"og:locale\" content=\"pt_BR\" \/>\n<meta property=\"og:type\" content=\"article\" \/>\n<meta property=\"og:title\" content=\"AMES no regional de base - R\u00e1dio Princesa FM 104.9 Mhz\" \/>\n<meta property=\"og:description\" content=\"Volmir Gilberto Fritzen, presidente da associa\u00e7\u00e3o AMES &#8211; Associa\u00e7\u00e3o Multi Esportiva Selbachense, fala sobre a Copa Regional Categorias de Base 2022. MAIS INFORMA\u00c7\u00d5ES QUE TALVEZ TAMB\u00c9M INTERESSE A VOC\u00ca: \u2615LIVE 31-05-2022 &#8211; CORRESPONDENTE ARIEL SELBACH COM AS INFORMA\u00c7\u00d5ES DE PASSO FUNDO\/RS E REGI\u00c3O &#8211; Acompanhe as principais not\u00edcias desta TER\u00c7A-FEIRA1) Pol\u00edcia localiza beb\u00ea abandonado dentro &hellip;\" \/>\n<meta property=\"og:url\" content=\"https:\/\/radioprincesa2010.com.br\/fm\/ames-no-regional-de-base\/\" \/>\n<meta property=\"og:site_name\" content=\"R\u00e1dio Princesa FM 104.9 Mhz\" \/>\n<meta property=\"article:published_time\" content=\"2022-06-01T01:36:35+00:00\" \/>\n<meta property=\"article:modified_time\" content=\"2022-06-01T01:36:38+00:00\" \/>\n<meta property=\"og:image\" content=\"https:\/\/radioprincesa2010.com.br\/fm\/wp-content\/uploads\/2022\/06\/1.jpg\" \/>\n\t<meta property=\"og:image:width\" content=\"640\" \/>\n\t<meta property=\"og:image:height\" content=\"640\" \/>\n<meta name=\"twitter:card\" content=\"summary_large_image\" \/>\n<meta name=\"twitter:label1\" content=\"Est. tempo de leitura\">\n\t<meta name=\"twitter:data1\" content=\"1 minuto\">\n<script type=\"application\/ld+json\" class=\"yoast-schema-graph\">{\"@context\":\"https:\/\/schema.org\",\"@graph\":[{\"@type\":\"WebSite\",\"@id\":\"https:\/\/radioprincesa2010.com.br\/fm\/#website\",\"url\":\"https:\/\/radioprincesa2010.com.br\/fm\/\",\"name\":\"R\\u00e1dio Princesa FM 104.9 Mhz\",\"description\":\"Com voc\\u00ea o tempo todo\",\"potentialAction\":[{\"@type\":\"SearchAction\",\"target\":\"https:\/\/radioprincesa2010.com.br\/fm\/?s={search_term_string}\",\"query-input\":\"required name=search_term_string\"}],\"inLanguage\":\"pt-BR\"},{\"@type\":\"ImageObject\",\"@id\":\"https:\/\/radioprincesa2010.com.br\/fm\/ames-no-regional-de-base\/#primaryimage\",\"inLanguage\":\"pt-BR\",\"url\":\"https:\/\/radioprincesa2010.com.br\/fm\/wp-content\/uploads\/2022\/06\/1.jpg\",\"contentUrl\":\"https:\/\/radioprincesa2010.com.br\/fm\/wp-content\/uploads\/2022\/06\/1.jpg\",\"width\":640,\"height\":640},{\"@type\":\"WebPage\",\"@id\":\"https:\/\/radioprincesa2010.com.br\/fm\/ames-no-regional-de-base\/#webpage\",\"url\":\"https:\/\/radioprincesa2010.com.br\/fm\/ames-no-regional-de-base\/\",\"name\":\"AMES no regional de base - R\\u00e1dio Princesa FM 104.9 Mhz\",\"isPartOf\":{\"@id\":\"https:\/\/radioprincesa2010.com.br\/fm\/#website\"},\"primaryImageOfPage\":{\"@id\":\"https:\/\/radioprincesa2010.com.br\/fm\/ames-no-regional-de-base\/#primaryimage\"},\"datePublished\":\"2022-06-01T01:36:35+00:00\",\"dateModified\":\"2022-06-01T01:36:38+00:00\",\"author\":{\"@id\":\"https:\/\/radioprincesa2010.com.br\/fm\/#\/schema\/person\/7387850c16b3f47de42a1accfc7045c8\"},\"breadcrumb\":{\"@id\":\"https:\/\/radioprincesa2010.com.br\/fm\/ames-no-regional-de-base\/#breadcrumb\"},\"inLanguage\":\"pt-BR\",\"potentialAction\":[{\"@type\":\"ReadAction\",\"target\":[\"https:\/\/radioprincesa2010.com.br\/fm\/ames-no-regional-de-base\/\"]}]},{\"@type\":\"BreadcrumbList\",\"@id\":\"https:\/\/radioprincesa2010.com.br\/fm\/ames-no-regional-de-base\/#breadcrumb\",\"itemListElement\":[{\"@type\":\"ListItem\",\"position\":1,\"item\":{\"@type\":\"WebPage\",\"@id\":\"https:\/\/radioprincesa2010.com.br\/fm\/\",\"url\":\"https:\/\/radioprincesa2010.com.br\/fm\/\",\"name\":\"In\\u00edcio\"}},{\"@type\":\"ListItem\",\"position\":2,\"item\":{\"@type\":\"WebPage\",\"@id\":\"https:\/\/radioprincesa2010.com.br\/fm\/ames-no-regional-de-base\/\",\"url\":\"https:\/\/radioprincesa2010.com.br\/fm\/ames-no-regional-de-base\/\",\"name\":\"AMES no regional de base\"}}]},{\"@type\":\"Person\",\"@id\":\"https:\/\/radioprincesa2010.com.br\/fm\/#\/schema\/person\/7387850c16b3f47de42a1accfc7045c8\",\"name\":\"Princesa ADM\",\"image\":{\"@type\":\"ImageObject\",\"@id\":\"https:\/\/radioprincesa2010.com.br\/fm\/#personlogo\",\"inLanguage\":\"pt-BR\",\"url\":\"https:\/\/secure.gravatar.com\/avatar\/f30936cf78b511d12d0dda9d77461df5?s=96&d=mm&r=g\",\"contentUrl\":\"https:\/\/secure.gravatar.com\/avatar\/f30936cf78b511d12d0dda9d77461df5?s=96&d=mm&r=g\",\"caption\":\"Princesa ADM\"}}]}<\/script>\n<!-- \/ Yoast SEO plugin. -->","_links":{"self":[{"href":"https:\/\/radioprincesa2010.com.br\/fm\/wp-json\/wp\/v2\/posts\/4655","targetHints":{"allow":["GET"]}}],"collection":[{"href":"https:\/\/radioprincesa2010.com.br\/fm\/wp-json\/wp\/v2\/posts"}],"about":[{"href":"https:\/\/radioprincesa2010.com.br\/fm\/wp-json\/wp\/v2\/types\/post"}],"author":[{"embeddable":true,"href":"https:\/\/radioprincesa2010.com.br\/fm\/wp-json\/wp\/v2\/users\/1"}],"replies":[{"embeddable":true,"href":"https:\/\/radioprincesa2010.com.br\/fm\/wp-json\/wp\/v2\/comments?post=4655"}],"version-history":[{"count":1,"href":"https:\/\/radioprincesa2010.com.br\/fm\/wp-json\/wp\/v2\/posts\/4655\/revisions"}],"predecessor-version":[{"id":4658,"href":"https:\/\/radioprincesa2010.com.br\/fm\/wp-json\/wp\/v2\/posts\/4655\/revisions\/4658"}],"wp:featuredmedia":[{"embeddable":true,"href":"https:\/\/radioprincesa2010.com.br\/fm\/wp-json\/wp\/v2\/media\/4656"}],"wp:attachment":[{"href":"https:\/\/radioprincesa2010.com.br\/fm\/wp-json\/wp\/v2\/media?parent=4655"}],"wp:term":[{"taxonomy":"category","embeddable":true,"href":"https:\/\/radioprincesa2010.com.br\/fm\/wp-json\/wp\/v2\/categories?post=4655"},{"taxonomy":"post_tag","embeddable":true,"href":"https:\/\/radioprincesa2010.com.br\/fm\/wp-json\/wp\/v2\/tags?post=4655"}],"curies":[{"name":"wp","href":"https:\/\/api.w.org\/{rel}","templated":true}]}}