{"id":4361,"date":"2022-05-06T01:42:40","date_gmt":"2022-05-06T01:42:40","guid":{"rendered":"https:\/\/radioprincesa2010.com.br\/fm\/?p=4361"},"modified":"2022-05-06T01:48:10","modified_gmt":"2022-05-06T01:48:10","slug":"vereador-fala-da-viagem-a-brasilia-e-trabalhos-legislativos","status":"publish","type":"post","link":"https:\/\/radioprincesa2010.com.br\/fm\/vereador-fala-da-viagem-a-brasilia-e-trabalhos-legislativos\/","title":{"rendered":"Vereador fala da viagem a Bras\u00edlia e trabalhos legislativos"},"content":{"rendered":"<div id=\"fb-root\"><\/div>\n\n<p><br>Os vereadores Doris Schneider e Arlei Willig, bancada do MDB selbachense, estiveram na Marcha dos Vereadores 2002 em abril no DF. Willig falou ao Bom dia Princesa sobre a viagem e trabalho no legislativo.<\/p>\n\n\n\n<figure class=\"wp-block-audio\"><audio controls src=\"https:\/\/radioprincesa2010.com.br\/fm\/wp-content\/uploads\/2022\/05\/1-2.mp3\"><\/audio><\/figure>\n\n\n\n<figure class=\"wp-block-image size-large\"><img loading=\"lazy\" decoding=\"async\" width=\"1024\" height=\"690\" src=\"https:\/\/radioprincesa2010.com.br\/fm\/wp-content\/uploads\/2022\/05\/1-2-1024x690.jpeg\" alt=\"\" class=\"wp-image-4366\" srcset=\"https:\/\/radioprincesa2010.com.br\/fm\/wp-content\/uploads\/2022\/05\/1-2-1024x690.jpeg 1024w, https:\/\/radioprincesa2010.com.br\/fm\/wp-content\/uploads\/2022\/05\/1-2-300x202.jpeg 300w, https:\/\/radioprincesa2010.com.br\/fm\/wp-content\/uploads\/2022\/05\/1-2-768x517.jpeg 768w, https:\/\/radioprincesa2010.com.br\/fm\/wp-content\/uploads\/2022\/05\/1-2-89x60.jpeg 89w, https:\/\/radioprincesa2010.com.br\/fm\/wp-content\/uploads\/2022\/05\/1-2.jpeg 1280w\" sizes=\"auto, (max-width: 1024px) 100vw, 1024px\" \/><\/figure>\n\n\n\n<h2 class=\"wp-block-heading\">MAIS INFORMA\u00c7\u00d5ES QUE TALVEZ TAMB\u00c9M INTERESSE A VOC\u00ca:<\/h2>\n\n\n\n<figure class=\"wp-block-embed is-type-video is-provider-youtube wp-block-embed-youtube wp-embed-aspect-16-9 wp-has-aspect-ratio\"><div class=\"wp-block-embed__wrapper\">\n<iframe loading=\"lazy\" title=\"#CIENTISTAS desenvolvem #MALETA que tira o sal da \u00e1gua e a deixa pronta para beber\" width=\"925\" height=\"520\" src=\"https:\/\/www.youtube.com\/embed\/Wm2sXaL8loA?feature=oembed\" frameborder=\"0\" allow=\"accelerometer; autoplay; clipboard-write; encrypted-media; gyroscope; picture-in-picture\" allowfullscreen><\/iframe>\n<\/div><figcaption><a href=\"https:\/\/www.youtube.com\/watch?v=Wm2sXaL8loA\" target=\"_blank\" rel=\"noreferrer noopener\">OU VEJA AQUI<\/a><\/figcaption><\/figure>\n\n\n\n<ul class=\"wp-block-list\"><li><em>LIVE<\/em> 05-05-2022 &#8211; CORRESPONDENTE ARIEL SELBACH COM AS INFORMA\u00c7\u00d5ES DE PASSO FUNDO\/RS E REGI\u00c3O &#8211; Acompanhe as principais not\u00edcias desta QUINTA-FEIRA<br>INFORMA\u00c7\u00d5ES DE HOJE:<br>1) Mulher acusada de praticar mais de 30 furtos em Entre Rios do Sul \u00e9 presa pela Pol\u00edcia Civil<br>2) Homem \u00e9 preso em flagrante em Constantina por agredir fisicamente a pr\u00f3pria m\u00e3e<br>3) Acidente entre carro e moto el\u00e9trica \u00e9 registrado em Passo Fundo<br>4) DRACO prende homem condenado pelo crime de moeda falsa<br>5) Homem que plantava maconha em sua propriedade \u00e9 preso no interior de Il\u00f3polis<br>6) Avi\u00e3o do GEIV faz novas avalia\u00e7\u00f5es dos PAPIs no Aeroporto Lauro Kortz<br><\/li><\/ul>\n\n\n\n<figure class=\"wp-block-embed is-type-wp-embed is-provider-informa-tudo wp-block-embed-informa-tudo\"><div class=\"wp-block-embed__wrapper\">\n<blockquote class=\"wp-embedded-content\" data-secret=\"H4qRBB2yNs\"><a href=\"https:\/\/informatudo.com.br\/live-05-05-2022-correspondente-ariel-selbach-com-as-informacoes-de-passo-fundo-rs-e-regiao-acompanhe-as-principais-noticias-desta-quinta-feira\/\">*LIVE* 05-05-2022 &#8211; CORRESPONDENTE ARIEL SELBACH COM AS INFORMA\u00c7\u00d5ES DE PASSO FUNDO\/RS E REGI\u00c3O &#8211; Acompanhe as principais not\u00edcias desta QUINTA-FEIRA<\/a><\/blockquote><iframe loading=\"lazy\" class=\"wp-embedded-content\" sandbox=\"allow-scripts\" security=\"restricted\" style=\"position: absolute; clip: rect(1px, 1px, 1px, 1px);\" title=\"&#8220;*LIVE* 05-05-2022 &#8211; CORRESPONDENTE ARIEL SELBACH COM AS INFORMA\u00c7\u00d5ES DE PASSO FUNDO\/RS E REGI\u00c3O &#8211; Acompanhe as principais not\u00edcias desta QUINTA-FEIRA&#8221; &#8212; Informa Tudo!\" src=\"https:\/\/informatudo.com.br\/live-05-05-2022-correspondente-ariel-selbach-com-as-informacoes-de-passo-fundo-rs-e-regiao-acompanhe-as-principais-noticias-desta-quinta-feira\/embed\/#?secret=o6dY4F2XCf#?secret=H4qRBB2yNs\" data-secret=\"H4qRBB2yNs\" width=\"600\" height=\"338\" frameborder=\"0\" marginwidth=\"0\" marginheight=\"0\" scrolling=\"no\"><\/iframe>\n<\/div><figcaption><a href=\"https:\/\/informatudo.com.br\/live-05-05-2022-correspondente-ariel-selbach-com-as-informacoes-de-passo-fundo-rs-e-regiao-acompanhe-as-principais-noticias-desta-quinta-feira\/\" target=\"_blank\" rel=\"noreferrer noopener\">OU VEJA AQUI<\/a><\/figcaption><\/figure>\n\n\n\n<h2 class=\"wp-block-heading\">GOSTA DE ESPORTES?<\/h2>\n\n\n\n<figure class=\"wp-block-embed is-type-video is-provider-youtube wp-block-embed-youtube wp-embed-aspect-16-9 wp-has-aspect-ratio\"><div class=\"wp-block-embed__wrapper\">\n<iframe loading=\"lazy\" title=\"#F1 13: Miami Show de #ULTRAPASSAGENS; Audi e Porshe #VEM ai; #DRS; Verstappen mais #POTENTE\" width=\"925\" height=\"520\" src=\"https:\/\/www.youtube.com\/embed\/XPlhhPRVb4E?start=3&#038;feature=oembed\" frameborder=\"0\" allow=\"accelerometer; autoplay; clipboard-write; encrypted-media; gyroscope; picture-in-picture\" allowfullscreen><\/iframe>\n<\/div><figcaption><a href=\"https:\/\/www.youtube.com\/watch?v=XPlhhPRVb4E&amp;t=3s\" target=\"_blank\" rel=\"noreferrer noopener\">OU VEJA AQUI<\/a><\/figcaption><\/figure>\n\n\n\n<figure class=\"wp-block-embed is-type-video is-provider-youtube wp-block-embed-youtube wp-embed-aspect-16-9 wp-has-aspect-ratio\"><div class=\"wp-block-embed__wrapper\">\n<iframe loading=\"lazy\" title=\"MOTOGP WSBK #15 Peco acelera V4 #PANIGALE #DORNA #SUZUKI e cen\u00e1rios poss\u00edveis 2023 #MM93 prot\u00f3tipos\" width=\"925\" height=\"520\" src=\"https:\/\/www.youtube.com\/embed\/E8GYpehqtTA?feature=oembed\" frameborder=\"0\" allow=\"accelerometer; autoplay; clipboard-write; encrypted-media; gyroscope; picture-in-picture\" allowfullscreen><\/iframe>\n<\/div><figcaption><a href=\"https:\/\/www.youtube.com\/watch?v=E8GYpehqtTA\" target=\"_blank\" rel=\"noreferrer noopener\">OU VEJA AQUI<\/a><\/figcaption><\/figure>\n\n\n\n<figure class=\"wp-block-embed is-type-video is-provider-youtube wp-block-embed-youtube wp-embed-aspect-16-9 wp-has-aspect-ratio\"><div class=\"wp-block-embed__wrapper\">\n<iframe loading=\"lazy\" title=\"UFC #9: #274 lut\u00f5es #BRONX #GAETHJE #KHAMZAT X Diaz? Gaethje X #CHANDLER #TIBAU X #NURMAGOMEDOV\" width=\"925\" height=\"520\" src=\"https:\/\/www.youtube.com\/embed\/S7IPq7nAMOk?feature=oembed\" frameborder=\"0\" allow=\"accelerometer; autoplay; clipboard-write; encrypted-media; gyroscope; picture-in-picture\" allowfullscreen><\/iframe>\n<\/div><figcaption><a href=\"https:\/\/www.youtube.com\/watch?v=S7IPq7nAMOk\" target=\"_blank\" rel=\"noreferrer noopener\">OU VEJA AQUI<\/a><\/figcaption><\/figure>\n\n\n\n<p><\/p>\n","protected":false},"excerpt":{"rendered":"<p>Os vereadores Doris Schneider e Arlei Willig, bancada do MDB selbachense, estiveram na Marcha dos Vereadores 2002 em abril no DF. Willig falou ao Bom dia Princesa sobre a viagem e trabalho no legislativo. MAIS INFORMA\u00c7\u00d5ES QUE TALVEZ TAMB\u00c9M INTERESSE A VOC\u00ca: LIVE 05-05-2022 &#8211; CORRESPONDENTE ARIEL SELBACH COM AS INFORMA\u00c7\u00d5ES DE PASSO FUNDO\/RS E &hellip; <\/p>\n","protected":false},"author":1,"featured_media":4364,"comment_status":"open","ping_status":"open","sticky":false,"template":"","format":"standard","meta":{"footnotes":""},"categories":[1],"tags":[40,23,12,8,41],"class_list":["post-4361","post","type-post","status-publish","format-standard","has-post-thumbnail","hentry","category-geral","tag-arlei-willig","tag-princesa","tag-radio-princesa","tag-selbach","tag-vereador"],"yoast_head":"<!-- This site is optimized with the Yoast SEO plugin v16.1.1 - https:\/\/yoast.com\/wordpress\/plugins\/seo\/ -->\n<title>Vereador fala da viagem a Bras\u00edlia e trabalhos legislativos - R\u00e1dio Princesa FM 104.9 Mhz<\/title>\n<link rel=\"canonical\" href=\"https:\/\/radioprincesa2010.com.br\/fm\/vereador-fala-da-viagem-a-brasilia-e-trabalhos-legislativos\/\" \/>\n<meta property=\"og:locale\" content=\"pt_BR\" \/>\n<meta property=\"og:type\" content=\"article\" \/>\n<meta property=\"og:title\" content=\"Vereador fala da viagem a Bras\u00edlia e trabalhos legislativos - R\u00e1dio Princesa FM 104.9 Mhz\" \/>\n<meta property=\"og:description\" content=\"Os vereadores Doris Schneider e Arlei Willig, bancada do MDB selbachense, estiveram na Marcha dos Vereadores 2002 em abril no DF. Willig falou ao Bom dia Princesa sobre a viagem e trabalho no legislativo. MAIS INFORMA\u00c7\u00d5ES QUE TALVEZ TAMB\u00c9M INTERESSE A VOC\u00ca: LIVE 05-05-2022 &#8211; CORRESPONDENTE ARIEL SELBACH COM AS INFORMA\u00c7\u00d5ES DE PASSO FUNDO\/RS E &hellip;\" \/>\n<meta property=\"og:url\" content=\"https:\/\/radioprincesa2010.com.br\/fm\/vereador-fala-da-viagem-a-brasilia-e-trabalhos-legislativos\/\" \/>\n<meta property=\"og:site_name\" content=\"R\u00e1dio Princesa FM 104.9 Mhz\" \/>\n<meta property=\"article:published_time\" content=\"2022-05-06T01:42:40+00:00\" \/>\n<meta property=\"article:modified_time\" content=\"2022-05-06T01:48:10+00:00\" \/>\n<meta property=\"og:image\" content=\"https:\/\/radioprincesa2010.com.br\/fm\/wp-content\/uploads\/2022\/05\/1a-2.jpg\" \/>\n\t<meta property=\"og:image:width\" content=\"704\" \/>\n\t<meta property=\"og:image:height\" content=\"515\" \/>\n<meta name=\"twitter:card\" content=\"summary_large_image\" \/>\n<meta name=\"twitter:label1\" content=\"Est. tempo de leitura\">\n\t<meta name=\"twitter:data1\" content=\"1 minuto\">\n<script type=\"application\/ld+json\" class=\"yoast-schema-graph\">{\"@context\":\"https:\/\/schema.org\",\"@graph\":[{\"@type\":\"WebSite\",\"@id\":\"https:\/\/radioprincesa2010.com.br\/fm\/#website\",\"url\":\"https:\/\/radioprincesa2010.com.br\/fm\/\",\"name\":\"R\\u00e1dio Princesa FM 104.9 Mhz\",\"description\":\"Com voc\\u00ea o tempo todo\",\"potentialAction\":[{\"@type\":\"SearchAction\",\"target\":\"https:\/\/radioprincesa2010.com.br\/fm\/?s={search_term_string}\",\"query-input\":\"required name=search_term_string\"}],\"inLanguage\":\"pt-BR\"},{\"@type\":\"ImageObject\",\"@id\":\"https:\/\/radioprincesa2010.com.br\/fm\/vereador-fala-da-viagem-a-brasilia-e-trabalhos-legislativos\/#primaryimage\",\"inLanguage\":\"pt-BR\",\"url\":\"https:\/\/radioprincesa2010.com.br\/fm\/wp-content\/uploads\/2022\/05\/1a-2.jpg\",\"contentUrl\":\"https:\/\/radioprincesa2010.com.br\/fm\/wp-content\/uploads\/2022\/05\/1a-2.jpg\",\"width\":704,\"height\":515},{\"@type\":\"WebPage\",\"@id\":\"https:\/\/radioprincesa2010.com.br\/fm\/vereador-fala-da-viagem-a-brasilia-e-trabalhos-legislativos\/#webpage\",\"url\":\"https:\/\/radioprincesa2010.com.br\/fm\/vereador-fala-da-viagem-a-brasilia-e-trabalhos-legislativos\/\",\"name\":\"Vereador fala da viagem a Bras\\u00edlia e trabalhos legislativos - R\\u00e1dio Princesa FM 104.9 Mhz\",\"isPartOf\":{\"@id\":\"https:\/\/radioprincesa2010.com.br\/fm\/#website\"},\"primaryImageOfPage\":{\"@id\":\"https:\/\/radioprincesa2010.com.br\/fm\/vereador-fala-da-viagem-a-brasilia-e-trabalhos-legislativos\/#primaryimage\"},\"datePublished\":\"2022-05-06T01:42:40+00:00\",\"dateModified\":\"2022-05-06T01:48:10+00:00\",\"author\":{\"@id\":\"https:\/\/radioprincesa2010.com.br\/fm\/#\/schema\/person\/7387850c16b3f47de42a1accfc7045c8\"},\"breadcrumb\":{\"@id\":\"https:\/\/radioprincesa2010.com.br\/fm\/vereador-fala-da-viagem-a-brasilia-e-trabalhos-legislativos\/#breadcrumb\"},\"inLanguage\":\"pt-BR\",\"potentialAction\":[{\"@type\":\"ReadAction\",\"target\":[\"https:\/\/radioprincesa2010.com.br\/fm\/vereador-fala-da-viagem-a-brasilia-e-trabalhos-legislativos\/\"]}]},{\"@type\":\"BreadcrumbList\",\"@id\":\"https:\/\/radioprincesa2010.com.br\/fm\/vereador-fala-da-viagem-a-brasilia-e-trabalhos-legislativos\/#breadcrumb\",\"itemListElement\":[{\"@type\":\"ListItem\",\"position\":1,\"item\":{\"@type\":\"WebPage\",\"@id\":\"https:\/\/radioprincesa2010.com.br\/fm\/\",\"url\":\"https:\/\/radioprincesa2010.com.br\/fm\/\",\"name\":\"In\\u00edcio\"}},{\"@type\":\"ListItem\",\"position\":2,\"item\":{\"@type\":\"WebPage\",\"@id\":\"https:\/\/radioprincesa2010.com.br\/fm\/vereador-fala-da-viagem-a-brasilia-e-trabalhos-legislativos\/\",\"url\":\"https:\/\/radioprincesa2010.com.br\/fm\/vereador-fala-da-viagem-a-brasilia-e-trabalhos-legislativos\/\",\"name\":\"Vereador fala da viagem a Bras\\u00edlia e trabalhos legislativos\"}}]},{\"@type\":\"Person\",\"@id\":\"https:\/\/radioprincesa2010.com.br\/fm\/#\/schema\/person\/7387850c16b3f47de42a1accfc7045c8\",\"name\":\"Princesa ADM\",\"image\":{\"@type\":\"ImageObject\",\"@id\":\"https:\/\/radioprincesa2010.com.br\/fm\/#personlogo\",\"inLanguage\":\"pt-BR\",\"url\":\"https:\/\/secure.gravatar.com\/avatar\/f30936cf78b511d12d0dda9d77461df5?s=96&d=mm&r=g\",\"contentUrl\":\"https:\/\/secure.gravatar.com\/avatar\/f30936cf78b511d12d0dda9d77461df5?s=96&d=mm&r=g\",\"caption\":\"Princesa ADM\"}}]}<\/script>\n<!-- \/ Yoast SEO plugin. -->","_links":{"self":[{"href":"https:\/\/radioprincesa2010.com.br\/fm\/wp-json\/wp\/v2\/posts\/4361","targetHints":{"allow":["GET"]}}],"collection":[{"href":"https:\/\/radioprincesa2010.com.br\/fm\/wp-json\/wp\/v2\/posts"}],"about":[{"href":"https:\/\/radioprincesa2010.com.br\/fm\/wp-json\/wp\/v2\/types\/post"}],"author":[{"embeddable":true,"href":"https:\/\/radioprincesa2010.com.br\/fm\/wp-json\/wp\/v2\/users\/1"}],"replies":[{"embeddable":true,"href":"https:\/\/radioprincesa2010.com.br\/fm\/wp-json\/wp\/v2\/comments?post=4361"}],"version-history":[{"count":3,"href":"https:\/\/radioprincesa2010.com.br\/fm\/wp-json\/wp\/v2\/posts\/4361\/revisions"}],"predecessor-version":[{"id":4370,"href":"https:\/\/radioprincesa2010.com.br\/fm\/wp-json\/wp\/v2\/posts\/4361\/revisions\/4370"}],"wp:featuredmedia":[{"embeddable":true,"href":"https:\/\/radioprincesa2010.com.br\/fm\/wp-json\/wp\/v2\/media\/4364"}],"wp:attachment":[{"href":"https:\/\/radioprincesa2010.com.br\/fm\/wp-json\/wp\/v2\/media?parent=4361"}],"wp:term":[{"taxonomy":"category","embeddable":true,"href":"https:\/\/radioprincesa2010.com.br\/fm\/wp-json\/wp\/v2\/categories?post=4361"},{"taxonomy":"post_tag","embeddable":true,"href":"https:\/\/radioprincesa2010.com.br\/fm\/wp-json\/wp\/v2\/tags?post=4361"}],"curies":[{"name":"wp","href":"https:\/\/api.w.org\/{rel}","templated":true}]}}