{"id":4200,"date":"2022-04-06T16:38:42","date_gmt":"2022-04-06T16:38:42","guid":{"rendered":"https:\/\/radioprincesa2010.com.br\/fm\/?p=4200"},"modified":"2022-04-06T16:40:07","modified_gmt":"2022-04-06T16:40:07","slug":"selbach-na-semifinal-do-campeonato-regional-de-campo","status":"publish","type":"post","link":"https:\/\/radioprincesa2010.com.br\/fm\/selbach-na-semifinal-do-campeonato-regional-de-campo\/","title":{"rendered":"Selbach na semifinal do campeonato regional de campo"},"content":{"rendered":"<div id=\"fb-root\"><\/div>\n\n<p><br>O selecionado de Selbach, e mais cinco equipes, disputam este campeonato na regi\u00e3o e est\u00e3o afunilando para a final.<br>Quatro equipes est\u00e3o na reta de chegada. O jogador selbachense, Jardel, fala disso.<\/p>\n\n\n\n<figure class=\"wp-block-audio\"><audio controls src=\"https:\/\/radioprincesa2010.com.br\/fm\/wp-content\/uploads\/2022\/04\/1-2.mp3\"><\/audio><\/figure>\n\n\n\n<figure class=\"wp-block-image size-large\"><img loading=\"lazy\" decoding=\"async\" width=\"1024\" height=\"671\" src=\"https:\/\/radioprincesa2010.com.br\/fm\/wp-content\/uploads\/2022\/04\/1-3-1024x671.jpeg\" alt=\"\" class=\"wp-image-4202\" srcset=\"https:\/\/radioprincesa2010.com.br\/fm\/wp-content\/uploads\/2022\/04\/1-3-1024x671.jpeg 1024w, https:\/\/radioprincesa2010.com.br\/fm\/wp-content\/uploads\/2022\/04\/1-3-300x197.jpeg 300w, https:\/\/radioprincesa2010.com.br\/fm\/wp-content\/uploads\/2022\/04\/1-3-768x504.jpeg 768w, https:\/\/radioprincesa2010.com.br\/fm\/wp-content\/uploads\/2022\/04\/1-3-92x60.jpeg 92w, https:\/\/radioprincesa2010.com.br\/fm\/wp-content\/uploads\/2022\/04\/1-3.jpeg 1098w\" sizes=\"auto, (max-width: 1024px) 100vw, 1024px\" \/><\/figure>\n\n\n\n<h2 class=\"wp-block-heading\">MAIS INFORMA\u00c7\u00d5ES QUE TALVEZ TAMB\u00c9M INTERESSE A VOC\u00ca:<\/h2>\n\n\n\n<figure class=\"wp-block-embed is-type-video is-provider-youtube wp-block-embed-youtube wp-embed-aspect-16-9 wp-has-aspect-ratio\"><div class=\"wp-block-embed__wrapper\">\n<iframe loading=\"lazy\" title=\"#ALEM\u00c3O vacinou #COVID 87 vezes\" width=\"925\" height=\"520\" src=\"https:\/\/www.youtube.com\/embed\/8g2AT0MDpKo?feature=oembed\" frameborder=\"0\" allow=\"accelerometer; autoplay; clipboard-write; encrypted-media; gyroscope; picture-in-picture\" allowfullscreen><\/iframe>\n<\/div><figcaption><a href=\"https:\/\/www.youtube.com\/watch?v=8g2AT0MDpKo\" target=\"_blank\" rel=\"noreferrer noopener\">OU VEJA AQUI<\/a><\/figcaption><\/figure>\n\n\n\n<ul class=\"wp-block-list\"><li><em>LIVE<\/em> 06-04-2022 &#8211; CORRESPONDENTE ARIEL SELBACH COM AS INFORMA\u00c7\u00d5ES DE PASSO FUNDO\/RS E REGI\u00c3O &#8211; Acompanhe as principais not\u00edcias desta QUARTA-FEIRA<br>INFORMA\u00c7\u00d5ES DE HOJE:<br>1) Pol\u00edcia segue investigando motiva\u00e7\u00e3o de agress\u00f5es ap\u00f3s atropelamento no final de semana<br>2) Identificado motociclista que morreu em acidente na BR 285; jovem deixa mulher e um filho rec\u00e9m-nascido<br>3) Tio Hugo: PRF prende traficantes com R$ 9 milh\u00f5es em coca\u00edna<br>4) PRF prende tr\u00eas homens com armas e grande quantia de dinheiro na BR 386 em Fontoura Xavier<br>5) Boletim Covid a partir de agora ser\u00e1 semanal<br>6) Equipe de seguran\u00e7a e comunica\u00e7\u00e3o de Bolsonaro chega a Passo Fundo<br>7) Passo-fundense Guilherme Kurtz conquista medalha de ouro em competi\u00e7\u00e3o na Argentina<br><\/li><\/ul>\n\n\n\n<figure class=\"wp-block-embed is-type-wp-embed is-provider-informa-tudo wp-block-embed-informa-tudo\"><div class=\"wp-block-embed__wrapper\">\n<blockquote class=\"wp-embedded-content\" data-secret=\"rg0AgxHwRB\"><a href=\"https:\/\/informatudo.com.br\/live-06-04-2022-correspondente-ariel-selbach-com-as-informacoes-de-passo-fundo-rs-e-regiao-acompanhe-as-principais-noticias-desta-quarta-feira\/\">*LIVE* 06-04-2022 &#8211; CORRESPONDENTE ARIEL SELBACH COM AS INFORMA\u00c7\u00d5ES DE PASSO FUNDO\/RS E REGI\u00c3O &#8211; Acompanhe as principais not\u00edcias desta QUARTA-FEIRA<\/a><\/blockquote><iframe loading=\"lazy\" class=\"wp-embedded-content\" sandbox=\"allow-scripts\" security=\"restricted\" style=\"position: absolute; clip: rect(1px, 1px, 1px, 1px);\" title=\"&#8220;*LIVE* 06-04-2022 &#8211; CORRESPONDENTE ARIEL SELBACH COM AS INFORMA\u00c7\u00d5ES DE PASSO FUNDO\/RS E REGI\u00c3O &#8211; Acompanhe as principais not\u00edcias desta QUARTA-FEIRA&#8221; &#8212; Informa Tudo!\" src=\"https:\/\/informatudo.com.br\/live-06-04-2022-correspondente-ariel-selbach-com-as-informacoes-de-passo-fundo-rs-e-regiao-acompanhe-as-principais-noticias-desta-quarta-feira\/embed\/#?secret=nU8GwQdfKZ#?secret=rg0AgxHwRB\" data-secret=\"rg0AgxHwRB\" width=\"600\" height=\"338\" frameborder=\"0\" marginwidth=\"0\" marginheight=\"0\" scrolling=\"no\"><\/iframe>\n<\/div><figcaption><a href=\"https:\/\/informatudo.com.br\/live-06-04-2022-correspondente-ariel-selbach-com-as-informacoes-de-passo-fundo-rs-e-regiao-acompanhe-as-principais-noticias-desta-quarta-feira\/\" target=\"_blank\" rel=\"noreferrer noopener\">OU VEJA AQUI<\/a><\/figcaption><\/figure>\n\n\n\n<h2 class=\"wp-block-heading\">GOSTA DE ESPORTES?<\/h2>\n\n\n\n<figure class=\"wp-block-embed is-type-wp-embed is-provider-informa-tudo wp-block-embed-informa-tudo\"><div class=\"wp-block-embed__wrapper\">\n<blockquote class=\"wp-embedded-content\" data-secret=\"cHpx9Y0pt6\"><a href=\"https:\/\/informatudo.com.br\/automobilismo-news-boletim-f1-no-4-mercedes-vem-para-o-gp-da-australia-com-atualizacoes-gp-da-australia-tera-pontos-de-drs-sem-precedentes-pirelli-explica-indicacao-incomum-de-pneus-para-o-gp-da\/\">AUTOMOBILISMO NEWS &#8211; BOLETIM F1 N\u00ba 4: Mercedes vem para o GP da Austr\u00e1lia com atualiza\u00e7\u00f5es; GP da Austr\u00e1lia ter\u00e1 pontos de DRS sem precedentes; Pirelli explica indica\u00e7\u00e3o incomum de pneus para o GP da Austr\u00e1lia<\/a><\/blockquote><iframe loading=\"lazy\" class=\"wp-embedded-content\" sandbox=\"allow-scripts\" security=\"restricted\" style=\"position: absolute; clip: rect(1px, 1px, 1px, 1px);\" title=\"&#8220;AUTOMOBILISMO NEWS &#8211; BOLETIM F1 N\u00ba 4: Mercedes vem para o GP da Austr\u00e1lia com atualiza\u00e7\u00f5es; GP da Austr\u00e1lia ter\u00e1 pontos de DRS sem precedentes; Pirelli explica indica\u00e7\u00e3o incomum de pneus para o GP da Austr\u00e1lia&#8221; &#8212; Informa Tudo!\" src=\"https:\/\/informatudo.com.br\/automobilismo-news-boletim-f1-no-4-mercedes-vem-para-o-gp-da-australia-com-atualizacoes-gp-da-australia-tera-pontos-de-drs-sem-precedentes-pirelli-explica-indicacao-incomum-de-pneus-para-o-gp-da\/embed\/#?secret=nqjiwIQTqU#?secret=cHpx9Y0pt6\" data-secret=\"cHpx9Y0pt6\" width=\"600\" height=\"338\" frameborder=\"0\" marginwidth=\"0\" marginheight=\"0\" scrolling=\"no\"><\/iframe>\n<\/div><figcaption><a href=\"https:\/\/informatudo.com.br\/automobilismo-news-boletim-f1-no-4-mercedes-vem-para-o-gp-da-australia-com-atualizacoes-gp-da-australia-tera-pontos-de-drs-sem-precedentes-pirelli-explica-indicacao-incomum-de-pneus-para-o-gp-da\/\" target=\"_blank\" rel=\"noreferrer noopener\">OU VEJA AQUI<\/a><\/figcaption><\/figure>\n\n\n\n<figure class=\"wp-block-embed is-type-video is-provider-youtube wp-block-embed-youtube wp-embed-aspect-16-9 wp-has-aspect-ratio\"><div class=\"wp-block-embed__wrapper\">\n<iframe loading=\"lazy\" title=\"BOLETIM 1 UFC: Chimaev #DERROTAR Durinho tortura #PSICOL\u00d3GICA; Pena #CRITICANDO Rousey;\" width=\"925\" height=\"520\" src=\"https:\/\/www.youtube.com\/embed\/Ylg-jEbUc1k?feature=oembed\" frameborder=\"0\" allow=\"accelerometer; autoplay; clipboard-write; encrypted-media; gyroscope; picture-in-picture\" allowfullscreen><\/iframe>\n<\/div><figcaption><a href=\"https:\/\/www.youtube.com\/watch?v=Ylg-jEbUc1k\" target=\"_blank\" rel=\"noreferrer noopener\">OU VEJA AQUI<\/a><\/figcaption><\/figure>\n\n\n\n<figure class=\"wp-block-embed is-type-wp-embed is-provider-informa-tudo wp-block-embed-informa-tudo\"><div class=\"wp-block-embed__wrapper\">\n<blockquote class=\"wp-embedded-content\" data-secret=\"k16ALC5uHM\"><a href=\"https:\/\/informatudo.com.br\/motociclismo-news-boletim-motogp-5-palavras-pos-termas-de-martin-quartararo-morbidelli-bastianini-e-bagnaia-marc-marquez-ja-esta-pilotando\/\">MOTOCICLISMO NEWS &#8211; BOLETIM MOTOGP 5: Palavras p\u00f3s Termas de #MART\u00cdN, Quartararo, #MORBIDELLI, Bastianini e #BAGNAIA; Marc M\u00e1rquez estar\u00e1 em #AUSTIN<\/a><\/blockquote><iframe loading=\"lazy\" class=\"wp-embedded-content\" sandbox=\"allow-scripts\" security=\"restricted\" style=\"position: absolute; clip: rect(1px, 1px, 1px, 1px);\" title=\"&#8220;MOTOCICLISMO NEWS &#8211; BOLETIM MOTOGP 5: Palavras p\u00f3s Termas de #MART\u00cdN, Quartararo, #MORBIDELLI, Bastianini e #BAGNAIA; Marc M\u00e1rquez estar\u00e1 em #AUSTIN&#8221; &#8212; Informa Tudo!\" src=\"https:\/\/informatudo.com.br\/motociclismo-news-boletim-motogp-5-palavras-pos-termas-de-martin-quartararo-morbidelli-bastianini-e-bagnaia-marc-marquez-ja-esta-pilotando\/embed\/#?secret=Lo7nObl8ak#?secret=k16ALC5uHM\" data-secret=\"k16ALC5uHM\" width=\"600\" height=\"338\" frameborder=\"0\" marginwidth=\"0\" marginheight=\"0\" scrolling=\"no\"><\/iframe>\n<\/div><figcaption><a href=\"https:\/\/informatudo.com.br\/motociclismo-news-boletim-motogp-5-palavras-pos-termas-de-martin-quartararo-morbidelli-bastianini-e-bagnaia-marc-marquez-ja-esta-pilotando\/\" target=\"_blank\" rel=\"noreferrer noopener\">OU VEJA AQUI<\/a><\/figcaption><\/figure>\n\n\n\n<p><\/p>\n","protected":false},"excerpt":{"rendered":"<p>O selecionado de Selbach, e mais cinco equipes, disputam este campeonato na regi\u00e3o e est\u00e3o afunilando para a final.Quatro equipes est\u00e3o na reta de chegada. O jogador selbachense, Jardel, fala disso. MAIS INFORMA\u00c7\u00d5ES QUE TALVEZ TAMB\u00c9M INTERESSE A VOC\u00ca: LIVE 06-04-2022 &#8211; CORRESPONDENTE ARIEL SELBACH COM AS INFORMA\u00c7\u00d5ES DE PASSO FUNDO\/RS E REGI\u00c3O &#8211; Acompanhe &hellip; <\/p>\n","protected":false},"author":1,"featured_media":4203,"comment_status":"open","ping_status":"open","sticky":false,"template":"","format":"standard","meta":{"footnotes":""},"categories":[1],"tags":[],"class_list":["post-4200","post","type-post","status-publish","format-standard","has-post-thumbnail","hentry","category-geral"],"yoast_head":"<!-- This site is optimized with the Yoast SEO plugin v16.1.1 - https:\/\/yoast.com\/wordpress\/plugins\/seo\/ -->\n<title>Selbach na semifinal do campeonato regional de campo - R\u00e1dio Princesa FM 104.9 Mhz<\/title>\n<link rel=\"canonical\" href=\"https:\/\/radioprincesa2010.com.br\/fm\/selbach-na-semifinal-do-campeonato-regional-de-campo\/\" \/>\n<meta property=\"og:locale\" content=\"pt_BR\" \/>\n<meta property=\"og:type\" content=\"article\" \/>\n<meta property=\"og:title\" content=\"Selbach na semifinal do campeonato regional de campo - R\u00e1dio Princesa FM 104.9 Mhz\" \/>\n<meta property=\"og:description\" content=\"O selecionado de Selbach, e mais cinco equipes, disputam este campeonato na regi\u00e3o e est\u00e3o afunilando para a final.Quatro equipes est\u00e3o na reta de chegada. O jogador selbachense, Jardel, fala disso. MAIS INFORMA\u00c7\u00d5ES QUE TALVEZ TAMB\u00c9M INTERESSE A VOC\u00ca: LIVE 06-04-2022 &#8211; CORRESPONDENTE ARIEL SELBACH COM AS INFORMA\u00c7\u00d5ES DE PASSO FUNDO\/RS E REGI\u00c3O &#8211; Acompanhe &hellip;\" \/>\n<meta property=\"og:url\" content=\"https:\/\/radioprincesa2010.com.br\/fm\/selbach-na-semifinal-do-campeonato-regional-de-campo\/\" \/>\n<meta property=\"og:site_name\" content=\"R\u00e1dio Princesa FM 104.9 Mhz\" \/>\n<meta property=\"article:published_time\" content=\"2022-04-06T16:38:42+00:00\" \/>\n<meta property=\"article:modified_time\" content=\"2022-04-06T16:40:07+00:00\" \/>\n<meta property=\"og:image\" content=\"https:\/\/radioprincesa2010.com.br\/fm\/wp-content\/uploads\/2022\/04\/1A-3.jpg\" \/>\n\t<meta property=\"og:image:width\" content=\"450\" \/>\n\t<meta property=\"og:image:height\" content=\"420\" \/>\n<meta name=\"twitter:card\" content=\"summary_large_image\" \/>\n<meta name=\"twitter:label1\" content=\"Est. tempo de leitura\">\n\t<meta name=\"twitter:data1\" content=\"1 minuto\">\n<script type=\"application\/ld+json\" class=\"yoast-schema-graph\">{\"@context\":\"https:\/\/schema.org\",\"@graph\":[{\"@type\":\"WebSite\",\"@id\":\"https:\/\/radioprincesa2010.com.br\/fm\/#website\",\"url\":\"https:\/\/radioprincesa2010.com.br\/fm\/\",\"name\":\"R\\u00e1dio Princesa FM 104.9 Mhz\",\"description\":\"Com voc\\u00ea o tempo todo\",\"potentialAction\":[{\"@type\":\"SearchAction\",\"target\":\"https:\/\/radioprincesa2010.com.br\/fm\/?s={search_term_string}\",\"query-input\":\"required name=search_term_string\"}],\"inLanguage\":\"pt-BR\"},{\"@type\":\"ImageObject\",\"@id\":\"https:\/\/radioprincesa2010.com.br\/fm\/selbach-na-semifinal-do-campeonato-regional-de-campo\/#primaryimage\",\"inLanguage\":\"pt-BR\",\"url\":\"https:\/\/radioprincesa2010.com.br\/fm\/wp-content\/uploads\/2022\/04\/1A-3.jpg\",\"contentUrl\":\"https:\/\/radioprincesa2010.com.br\/fm\/wp-content\/uploads\/2022\/04\/1A-3.jpg\",\"width\":450,\"height\":420},{\"@type\":\"WebPage\",\"@id\":\"https:\/\/radioprincesa2010.com.br\/fm\/selbach-na-semifinal-do-campeonato-regional-de-campo\/#webpage\",\"url\":\"https:\/\/radioprincesa2010.com.br\/fm\/selbach-na-semifinal-do-campeonato-regional-de-campo\/\",\"name\":\"Selbach na semifinal do campeonato regional de campo - R\\u00e1dio Princesa FM 104.9 Mhz\",\"isPartOf\":{\"@id\":\"https:\/\/radioprincesa2010.com.br\/fm\/#website\"},\"primaryImageOfPage\":{\"@id\":\"https:\/\/radioprincesa2010.com.br\/fm\/selbach-na-semifinal-do-campeonato-regional-de-campo\/#primaryimage\"},\"datePublished\":\"2022-04-06T16:38:42+00:00\",\"dateModified\":\"2022-04-06T16:40:07+00:00\",\"author\":{\"@id\":\"https:\/\/radioprincesa2010.com.br\/fm\/#\/schema\/person\/7387850c16b3f47de42a1accfc7045c8\"},\"breadcrumb\":{\"@id\":\"https:\/\/radioprincesa2010.com.br\/fm\/selbach-na-semifinal-do-campeonato-regional-de-campo\/#breadcrumb\"},\"inLanguage\":\"pt-BR\",\"potentialAction\":[{\"@type\":\"ReadAction\",\"target\":[\"https:\/\/radioprincesa2010.com.br\/fm\/selbach-na-semifinal-do-campeonato-regional-de-campo\/\"]}]},{\"@type\":\"BreadcrumbList\",\"@id\":\"https:\/\/radioprincesa2010.com.br\/fm\/selbach-na-semifinal-do-campeonato-regional-de-campo\/#breadcrumb\",\"itemListElement\":[{\"@type\":\"ListItem\",\"position\":1,\"item\":{\"@type\":\"WebPage\",\"@id\":\"https:\/\/radioprincesa2010.com.br\/fm\/\",\"url\":\"https:\/\/radioprincesa2010.com.br\/fm\/\",\"name\":\"In\\u00edcio\"}},{\"@type\":\"ListItem\",\"position\":2,\"item\":{\"@type\":\"WebPage\",\"@id\":\"https:\/\/radioprincesa2010.com.br\/fm\/selbach-na-semifinal-do-campeonato-regional-de-campo\/\",\"url\":\"https:\/\/radioprincesa2010.com.br\/fm\/selbach-na-semifinal-do-campeonato-regional-de-campo\/\",\"name\":\"Selbach na semifinal do campeonato regional de campo\"}}]},{\"@type\":\"Person\",\"@id\":\"https:\/\/radioprincesa2010.com.br\/fm\/#\/schema\/person\/7387850c16b3f47de42a1accfc7045c8\",\"name\":\"Princesa ADM\",\"image\":{\"@type\":\"ImageObject\",\"@id\":\"https:\/\/radioprincesa2010.com.br\/fm\/#personlogo\",\"inLanguage\":\"pt-BR\",\"url\":\"https:\/\/secure.gravatar.com\/avatar\/f30936cf78b511d12d0dda9d77461df5?s=96&d=mm&r=g\",\"contentUrl\":\"https:\/\/secure.gravatar.com\/avatar\/f30936cf78b511d12d0dda9d77461df5?s=96&d=mm&r=g\",\"caption\":\"Princesa ADM\"}}]}<\/script>\n<!-- \/ Yoast SEO plugin. -->","_links":{"self":[{"href":"https:\/\/radioprincesa2010.com.br\/fm\/wp-json\/wp\/v2\/posts\/4200","targetHints":{"allow":["GET"]}}],"collection":[{"href":"https:\/\/radioprincesa2010.com.br\/fm\/wp-json\/wp\/v2\/posts"}],"about":[{"href":"https:\/\/radioprincesa2010.com.br\/fm\/wp-json\/wp\/v2\/types\/post"}],"author":[{"embeddable":true,"href":"https:\/\/radioprincesa2010.com.br\/fm\/wp-json\/wp\/v2\/users\/1"}],"replies":[{"embeddable":true,"href":"https:\/\/radioprincesa2010.com.br\/fm\/wp-json\/wp\/v2\/comments?post=4200"}],"version-history":[{"count":2,"href":"https:\/\/radioprincesa2010.com.br\/fm\/wp-json\/wp\/v2\/posts\/4200\/revisions"}],"predecessor-version":[{"id":4205,"href":"https:\/\/radioprincesa2010.com.br\/fm\/wp-json\/wp\/v2\/posts\/4200\/revisions\/4205"}],"wp:featuredmedia":[{"embeddable":true,"href":"https:\/\/radioprincesa2010.com.br\/fm\/wp-json\/wp\/v2\/media\/4203"}],"wp:attachment":[{"href":"https:\/\/radioprincesa2010.com.br\/fm\/wp-json\/wp\/v2\/media?parent=4200"}],"wp:term":[{"taxonomy":"category","embeddable":true,"href":"https:\/\/radioprincesa2010.com.br\/fm\/wp-json\/wp\/v2\/categories?post=4200"},{"taxonomy":"post_tag","embeddable":true,"href":"https:\/\/radioprincesa2010.com.br\/fm\/wp-json\/wp\/v2\/tags?post=4200"}],"curies":[{"name":"wp","href":"https:\/\/api.w.org\/{rel}","templated":true}]}}