{"id":4182,"date":"2022-04-05T21:11:37","date_gmt":"2022-04-05T21:11:37","guid":{"rendered":"https:\/\/radioprincesa2010.com.br\/fm\/?p=4182"},"modified":"2022-04-05T21:11:41","modified_gmt":"2022-04-05T21:11:41","slug":"novo-presidente-da-acis","status":"publish","type":"post","link":"https:\/\/radioprincesa2010.com.br\/fm\/novo-presidente-da-acis\/","title":{"rendered":"Novo presidente da ACIS"},"content":{"rendered":"<div id=\"fb-root\"><\/div>\n\n<p><br>O nome do empres\u00e1rio que assume a Acis \u00e9 Ren\u00ea Juliano. Em entrevista a Princesa FM de Selbach, falou de como pretende atuar junto aos associados.<\/p>\n\n\n\n<figure class=\"wp-block-audio\"><audio controls src=\"https:\/\/radioprincesa2010.com.br\/fm\/wp-content\/uploads\/2022\/04\/1-1.mp3\"><\/audio><\/figure>\n\n\n\n<figure class=\"wp-block-image size-large\"><img loading=\"lazy\" decoding=\"async\" width=\"1024\" height=\"570\" src=\"https:\/\/radioprincesa2010.com.br\/fm\/wp-content\/uploads\/2022\/04\/1-2-1024x570.jpeg\" alt=\"\" class=\"wp-image-4184\" srcset=\"https:\/\/radioprincesa2010.com.br\/fm\/wp-content\/uploads\/2022\/04\/1-2-1024x570.jpeg 1024w, https:\/\/radioprincesa2010.com.br\/fm\/wp-content\/uploads\/2022\/04\/1-2-300x167.jpeg 300w, https:\/\/radioprincesa2010.com.br\/fm\/wp-content\/uploads\/2022\/04\/1-2-768x428.jpeg 768w, https:\/\/radioprincesa2010.com.br\/fm\/wp-content\/uploads\/2022\/04\/1-2-108x60.jpeg 108w, https:\/\/radioprincesa2010.com.br\/fm\/wp-content\/uploads\/2022\/04\/1-2.jpeg 1280w\" sizes=\"auto, (max-width: 1024px) 100vw, 1024px\" \/><\/figure>\n\n\n\n<h2 class=\"wp-block-heading\">MAIS INFORMA\u00c7\u00d5ES QUE TALVEZ TAMB\u00c9M INTERESSE A VOC\u00ca:<\/h2>\n\n\n\n<p><em>LIVE<\/em> 05-04-2022 &#8211; CORRESPONDENTE ARIEL SELBACH COM AS INFORMA\u00c7\u00d5ES DE PASSO FUNDO\/RS E REGI\u00c3O &#8211; Acompanhe as principais not\u00edcias desta TER\u00c7A-FEIRA<br>INFORMA\u00c7\u00d5ES DE HOJE:<br>1) Homem atropelado na Avenida Brasil diz que fazia corrida matinal quando foi atingido e agredido<br>2) Detento \u00e9 encontrado morto no Pres\u00eddio Estadual de Carazinho<br>3) Persegui\u00e7\u00e3o policial resulta em apreens\u00e3o de 60 kg de maconha em Passo Fundo<br>4) Deputado Capoani pede investiga\u00e7\u00e3o diante de altos pre\u00e7os nas passagens a\u00e9reas para AL<br>5) Casos ativos de Covid seguem caindo em Passo Fundo<br>6) Presidente Bolsonaro deve inaugurar Aeroporto de Passo Fundo na sexta-feira<br><\/p>\n\n\n\n<figure class=\"wp-block-embed is-type-wp-embed is-provider-informa-tudo wp-block-embed-informa-tudo\"><div class=\"wp-block-embed__wrapper\">\n<blockquote class=\"wp-embedded-content\" data-secret=\"knUyLq27zk\"><a href=\"https:\/\/informatudo.com.br\/live-05-04-2022-correspondente-ariel-selbach-com-as-informacoes-de-passo-fundo-rs-e-regiao-acompanhe-as-principais-noticias-desta-terca-feira\/\">*LIVE* 05-04-2022 &#8211; CORRESPONDENTE ARIEL SELBACH COM AS INFORMA\u00c7\u00d5ES DE PASSO FUNDO\/RS E REGI\u00c3O &#8211; Acompanhe as principais not\u00edcias desta TER\u00c7A-FEIRA<\/a><\/blockquote><iframe loading=\"lazy\" class=\"wp-embedded-content\" sandbox=\"allow-scripts\" security=\"restricted\" style=\"position: absolute; clip: rect(1px, 1px, 1px, 1px);\" title=\"&#8220;*LIVE* 05-04-2022 &#8211; CORRESPONDENTE ARIEL SELBACH COM AS INFORMA\u00c7\u00d5ES DE PASSO FUNDO\/RS E REGI\u00c3O &#8211; Acompanhe as principais not\u00edcias desta TER\u00c7A-FEIRA&#8221; &#8212; Informa Tudo!\" src=\"https:\/\/informatudo.com.br\/live-05-04-2022-correspondente-ariel-selbach-com-as-informacoes-de-passo-fundo-rs-e-regiao-acompanhe-as-principais-noticias-desta-terca-feira\/embed\/#?secret=hsJceBIdEr#?secret=knUyLq27zk\" data-secret=\"knUyLq27zk\" width=\"600\" height=\"338\" frameborder=\"0\" marginwidth=\"0\" marginheight=\"0\" scrolling=\"no\"><\/iframe>\n<\/div><figcaption><a href=\"https:\/\/informatudo.com.br\/live-05-04-2022-correspondente-ariel-selbach-com-as-informacoes-de-passo-fundo-rs-e-regiao-acompanhe-as-principais-noticias-desta-terca-feira\/\" target=\"_blank\" rel=\"noreferrer noopener\">OU VEJA AQUI<\/a><\/figcaption><\/figure>\n\n\n\n<figure class=\"wp-block-embed is-type-video is-provider-youtube wp-block-embed-youtube wp-embed-aspect-16-9 wp-has-aspect-ratio\"><div class=\"wp-block-embed__wrapper\">\n<iframe loading=\"lazy\" title=\"Relatado primeiro caso de ass\u00e9dio sexual no metaverso\" width=\"925\" height=\"520\" src=\"https:\/\/www.youtube.com\/embed\/V9O18CRGLb8?feature=oembed\" frameborder=\"0\" allow=\"accelerometer; autoplay; clipboard-write; encrypted-media; gyroscope; picture-in-picture\" allowfullscreen><\/iframe>\n<\/div><figcaption><a href=\"https:\/\/www.youtube.com\/watch?v=V9O18CRGLb8\" target=\"_blank\" rel=\"noreferrer noopener\">OU VEJA AQUI<\/a><\/figcaption><\/figure>\n\n\n\n<h2 class=\"wp-block-heading\">GOSTA DE ESPORTES?<\/h2>\n\n\n\n<figure class=\"wp-block-embed is-type-video is-provider-youtube wp-block-embed-youtube wp-embed-aspect-16-9 wp-has-aspect-ratio\"><div class=\"wp-block-embed__wrapper\">\n<iframe loading=\"lazy\" title=\"BOLETIM F1 4: Mercedes #ATUALIZA\u00c7\u00d5ES; Austr\u00e1lia #DRS; Pirelli #PNEUS\" width=\"925\" height=\"520\" src=\"https:\/\/www.youtube.com\/embed\/uMuxiEGgZe0?feature=oembed\" frameborder=\"0\" allow=\"accelerometer; autoplay; clipboard-write; encrypted-media; gyroscope; picture-in-picture\" allowfullscreen><\/iframe>\n<\/div><figcaption><a href=\"https:\/\/www.youtube.com\/watch?v=uMuxiEGgZe0\" target=\"_blank\" rel=\"noreferrer noopener\">OU VEJA AQUI<\/a><\/figcaption><\/figure>\n\n\n\n<figure class=\"wp-block-embed is-type-video is-provider-youtube wp-block-embed-youtube wp-embed-aspect-16-9 wp-has-aspect-ratio\"><div class=\"wp-block-embed__wrapper\">\n<iframe loading=\"lazy\" title=\"UFC: tortura #PSICOL\u00d3GICA; Pena #CRITICANDO Rousey; Chimaev #DERROTAR Durinho\" width=\"925\" height=\"520\" src=\"https:\/\/www.youtube.com\/embed\/Ylg-jEbUc1k?feature=oembed\" frameborder=\"0\" allow=\"accelerometer; autoplay; clipboard-write; encrypted-media; gyroscope; picture-in-picture\" allowfullscreen><\/iframe>\n<\/div><figcaption><a href=\"https:\/\/www.youtube.com\/watch?v=Ylg-jEbUc1k\" target=\"_blank\" rel=\"noreferrer noopener\">OU VEJA AQUI<\/a><\/figcaption><\/figure>\n\n\n\n<figure class=\"wp-block-embed is-type-video is-provider-youtube wp-block-embed-youtube wp-embed-aspect-16-9 wp-has-aspect-ratio\"><div class=\"wp-block-embed__wrapper\">\n<iframe loading=\"lazy\" title=\"MOTOGP: M\u00e1rquez #AUSTIN #QUARTARARO #DOVI Diogo #MOREIRA #WSBK #ROSSI\" width=\"925\" height=\"520\" src=\"https:\/\/www.youtube.com\/embed\/zA-6vZ7ylQ0?start=136&#038;feature=oembed\" frameborder=\"0\" allow=\"accelerometer; autoplay; clipboard-write; encrypted-media; gyroscope; picture-in-picture\" allowfullscreen><\/iframe>\n<\/div><figcaption><a href=\"https:\/\/www.youtube.com\/watch?v=zA-6vZ7ylQ0&amp;t=136s\" target=\"_blank\" rel=\"noreferrer noopener\">OU VEJA AQUI<\/a><\/figcaption><\/figure>\n","protected":false},"excerpt":{"rendered":"<p>O nome do empres\u00e1rio que assume a Acis \u00e9 Ren\u00ea Juliano. Em entrevista a Princesa FM de Selbach, falou de como pretende atuar junto aos associados. MAIS INFORMA\u00c7\u00d5ES QUE TALVEZ TAMB\u00c9M INTERESSE A VOC\u00ca: LIVE 05-04-2022 &#8211; CORRESPONDENTE ARIEL SELBACH COM AS INFORMA\u00c7\u00d5ES DE PASSO FUNDO\/RS E REGI\u00c3O &#8211; Acompanhe as principais not\u00edcias desta TER\u00c7A-FEIRAINFORMA\u00c7\u00d5ES &hellip; <\/p>\n","protected":false},"author":1,"featured_media":4185,"comment_status":"open","ping_status":"open","sticky":false,"template":"","format":"standard","meta":{"footnotes":""},"categories":[1],"tags":[],"class_list":["post-4182","post","type-post","status-publish","format-standard","has-post-thumbnail","hentry","category-geral"],"yoast_head":"<!-- This site is optimized with the Yoast SEO plugin v16.1.1 - https:\/\/yoast.com\/wordpress\/plugins\/seo\/ -->\n<title>Novo presidente da ACIS - R\u00e1dio Princesa FM 104.9 Mhz<\/title>\n<link rel=\"canonical\" href=\"https:\/\/radioprincesa2010.com.br\/fm\/novo-presidente-da-acis\/\" \/>\n<meta property=\"og:locale\" content=\"pt_BR\" \/>\n<meta property=\"og:type\" content=\"article\" \/>\n<meta property=\"og:title\" content=\"Novo presidente da ACIS - R\u00e1dio Princesa FM 104.9 Mhz\" \/>\n<meta property=\"og:description\" content=\"O nome do empres\u00e1rio que assume a Acis \u00e9 Ren\u00ea Juliano. Em entrevista a Princesa FM de Selbach, falou de como pretende atuar junto aos associados. MAIS INFORMA\u00c7\u00d5ES QUE TALVEZ TAMB\u00c9M INTERESSE A VOC\u00ca: LIVE 05-04-2022 &#8211; CORRESPONDENTE ARIEL SELBACH COM AS INFORMA\u00c7\u00d5ES DE PASSO FUNDO\/RS E REGI\u00c3O &#8211; Acompanhe as principais not\u00edcias desta TER\u00c7A-FEIRAINFORMA\u00c7\u00d5ES &hellip;\" \/>\n<meta property=\"og:url\" content=\"https:\/\/radioprincesa2010.com.br\/fm\/novo-presidente-da-acis\/\" \/>\n<meta property=\"og:site_name\" content=\"R\u00e1dio Princesa FM 104.9 Mhz\" \/>\n<meta property=\"article:published_time\" content=\"2022-04-05T21:11:37+00:00\" \/>\n<meta property=\"article:modified_time\" content=\"2022-04-05T21:11:41+00:00\" \/>\n<meta property=\"og:image\" content=\"https:\/\/radioprincesa2010.com.br\/fm\/wp-content\/uploads\/2022\/04\/1a-2.jpg\" \/>\n\t<meta property=\"og:image:width\" content=\"450\" \/>\n\t<meta property=\"og:image:height\" content=\"370\" \/>\n<meta name=\"twitter:card\" content=\"summary_large_image\" \/>\n<meta name=\"twitter:label1\" content=\"Est. tempo de leitura\">\n\t<meta name=\"twitter:data1\" content=\"1 minuto\">\n<script type=\"application\/ld+json\" class=\"yoast-schema-graph\">{\"@context\":\"https:\/\/schema.org\",\"@graph\":[{\"@type\":\"WebSite\",\"@id\":\"https:\/\/radioprincesa2010.com.br\/fm\/#website\",\"url\":\"https:\/\/radioprincesa2010.com.br\/fm\/\",\"name\":\"R\\u00e1dio Princesa FM 104.9 Mhz\",\"description\":\"Com voc\\u00ea o tempo todo\",\"potentialAction\":[{\"@type\":\"SearchAction\",\"target\":\"https:\/\/radioprincesa2010.com.br\/fm\/?s={search_term_string}\",\"query-input\":\"required name=search_term_string\"}],\"inLanguage\":\"pt-BR\"},{\"@type\":\"ImageObject\",\"@id\":\"https:\/\/radioprincesa2010.com.br\/fm\/novo-presidente-da-acis\/#primaryimage\",\"inLanguage\":\"pt-BR\",\"url\":\"https:\/\/radioprincesa2010.com.br\/fm\/wp-content\/uploads\/2022\/04\/1a-2.jpg\",\"contentUrl\":\"https:\/\/radioprincesa2010.com.br\/fm\/wp-content\/uploads\/2022\/04\/1a-2.jpg\",\"width\":450,\"height\":370},{\"@type\":\"WebPage\",\"@id\":\"https:\/\/radioprincesa2010.com.br\/fm\/novo-presidente-da-acis\/#webpage\",\"url\":\"https:\/\/radioprincesa2010.com.br\/fm\/novo-presidente-da-acis\/\",\"name\":\"Novo presidente da ACIS - R\\u00e1dio Princesa FM 104.9 Mhz\",\"isPartOf\":{\"@id\":\"https:\/\/radioprincesa2010.com.br\/fm\/#website\"},\"primaryImageOfPage\":{\"@id\":\"https:\/\/radioprincesa2010.com.br\/fm\/novo-presidente-da-acis\/#primaryimage\"},\"datePublished\":\"2022-04-05T21:11:37+00:00\",\"dateModified\":\"2022-04-05T21:11:41+00:00\",\"author\":{\"@id\":\"https:\/\/radioprincesa2010.com.br\/fm\/#\/schema\/person\/7387850c16b3f47de42a1accfc7045c8\"},\"breadcrumb\":{\"@id\":\"https:\/\/radioprincesa2010.com.br\/fm\/novo-presidente-da-acis\/#breadcrumb\"},\"inLanguage\":\"pt-BR\",\"potentialAction\":[{\"@type\":\"ReadAction\",\"target\":[\"https:\/\/radioprincesa2010.com.br\/fm\/novo-presidente-da-acis\/\"]}]},{\"@type\":\"BreadcrumbList\",\"@id\":\"https:\/\/radioprincesa2010.com.br\/fm\/novo-presidente-da-acis\/#breadcrumb\",\"itemListElement\":[{\"@type\":\"ListItem\",\"position\":1,\"item\":{\"@type\":\"WebPage\",\"@id\":\"https:\/\/radioprincesa2010.com.br\/fm\/\",\"url\":\"https:\/\/radioprincesa2010.com.br\/fm\/\",\"name\":\"In\\u00edcio\"}},{\"@type\":\"ListItem\",\"position\":2,\"item\":{\"@type\":\"WebPage\",\"@id\":\"https:\/\/radioprincesa2010.com.br\/fm\/novo-presidente-da-acis\/\",\"url\":\"https:\/\/radioprincesa2010.com.br\/fm\/novo-presidente-da-acis\/\",\"name\":\"Novo presidente da ACIS\"}}]},{\"@type\":\"Person\",\"@id\":\"https:\/\/radioprincesa2010.com.br\/fm\/#\/schema\/person\/7387850c16b3f47de42a1accfc7045c8\",\"name\":\"Princesa ADM\",\"image\":{\"@type\":\"ImageObject\",\"@id\":\"https:\/\/radioprincesa2010.com.br\/fm\/#personlogo\",\"inLanguage\":\"pt-BR\",\"url\":\"https:\/\/secure.gravatar.com\/avatar\/f30936cf78b511d12d0dda9d77461df5?s=96&d=mm&r=g\",\"contentUrl\":\"https:\/\/secure.gravatar.com\/avatar\/f30936cf78b511d12d0dda9d77461df5?s=96&d=mm&r=g\",\"caption\":\"Princesa ADM\"}}]}<\/script>\n<!-- \/ Yoast SEO plugin. -->","_links":{"self":[{"href":"https:\/\/radioprincesa2010.com.br\/fm\/wp-json\/wp\/v2\/posts\/4182","targetHints":{"allow":["GET"]}}],"collection":[{"href":"https:\/\/radioprincesa2010.com.br\/fm\/wp-json\/wp\/v2\/posts"}],"about":[{"href":"https:\/\/radioprincesa2010.com.br\/fm\/wp-json\/wp\/v2\/types\/post"}],"author":[{"embeddable":true,"href":"https:\/\/radioprincesa2010.com.br\/fm\/wp-json\/wp\/v2\/users\/1"}],"replies":[{"embeddable":true,"href":"https:\/\/radioprincesa2010.com.br\/fm\/wp-json\/wp\/v2\/comments?post=4182"}],"version-history":[{"count":2,"href":"https:\/\/radioprincesa2010.com.br\/fm\/wp-json\/wp\/v2\/posts\/4182\/revisions"}],"predecessor-version":[{"id":4188,"href":"https:\/\/radioprincesa2010.com.br\/fm\/wp-json\/wp\/v2\/posts\/4182\/revisions\/4188"}],"wp:featuredmedia":[{"embeddable":true,"href":"https:\/\/radioprincesa2010.com.br\/fm\/wp-json\/wp\/v2\/media\/4185"}],"wp:attachment":[{"href":"https:\/\/radioprincesa2010.com.br\/fm\/wp-json\/wp\/v2\/media?parent=4182"}],"wp:term":[{"taxonomy":"category","embeddable":true,"href":"https:\/\/radioprincesa2010.com.br\/fm\/wp-json\/wp\/v2\/categories?post=4182"},{"taxonomy":"post_tag","embeddable":true,"href":"https:\/\/radioprincesa2010.com.br\/fm\/wp-json\/wp\/v2\/tags?post=4182"}],"curies":[{"name":"wp","href":"https:\/\/api.w.org\/{rel}","templated":true}]}}