{"id":4177,"date":"2022-04-05T10:43:36","date_gmt":"2022-04-05T10:43:36","guid":{"rendered":"https:\/\/radioprincesa2010.com.br\/fm\/?p=4177"},"modified":"2022-04-05T10:43:38","modified_gmt":"2022-04-05T10:43:38","slug":"assistente-social-marcia-kurz-fala-sobre-os-trabalhos-do-cras","status":"publish","type":"post","link":"https:\/\/radioprincesa2010.com.br\/fm\/assistente-social-marcia-kurz-fala-sobre-os-trabalhos-do-cras\/","title":{"rendered":"Assistente Social M\u00e1rcia Kurz fala sobre os trabalhos do CRAS"},"content":{"rendered":"<div id=\"fb-root\"><\/div>\n\n<figure class=\"wp-block-audio\"><audio controls src=\"https:\/\/radioprincesa2010.com.br\/fm\/wp-content\/uploads\/2022\/04\/2-1.mp3\"><\/audio><\/figure>\n\n\n\n<figure class=\"wp-block-image size-large\"><img loading=\"lazy\" decoding=\"async\" width=\"1024\" height=\"665\" src=\"https:\/\/radioprincesa2010.com.br\/fm\/wp-content\/uploads\/2022\/04\/2-1-1024x665.jpeg\" alt=\"\" class=\"wp-image-4178\" srcset=\"https:\/\/radioprincesa2010.com.br\/fm\/wp-content\/uploads\/2022\/04\/2-1-1024x665.jpeg 1024w, https:\/\/radioprincesa2010.com.br\/fm\/wp-content\/uploads\/2022\/04\/2-1-300x195.jpeg 300w, https:\/\/radioprincesa2010.com.br\/fm\/wp-content\/uploads\/2022\/04\/2-1-768x499.jpeg 768w, https:\/\/radioprincesa2010.com.br\/fm\/wp-content\/uploads\/2022\/04\/2-1-1536x997.jpeg 1536w, https:\/\/radioprincesa2010.com.br\/fm\/wp-content\/uploads\/2022\/04\/2-1-92x60.jpeg 92w, https:\/\/radioprincesa2010.com.br\/fm\/wp-content\/uploads\/2022\/04\/2-1.jpeg 1600w\" sizes=\"auto, (max-width: 1024px) 100vw, 1024px\" \/><\/figure>\n\n\n\n<h2 class=\"wp-block-heading\">MAIS INFORMA\u00c7\u00d5ES QUE TALVEZ TAMB\u00c9M INTERESSE A VOC\u00ca:<\/h2>\n\n\n\n<p>\u2615 LIVE 04-04-2022 &#8211; CORRESPONDENTE ARIEL SELBACH COM AS INFORMA\u00c7\u00d5ES DE PASSO FUNDO\/RS E REGI\u00c3O &#8211; Acompanhe as principais not\u00edcias desta SEGUNDA-FEIRA<br>INFORMA\u00c7\u00d5ES DE HOJE:<br>1) Erechinense morre ap\u00f3s carro capotar e cair dentro de rio em SC<br>2) PRF prende traficantes argentinos com mais de mil comprimidos de \u201cBoa Noite Cinderela\u201d<br>3) Preso em Carazinho homem que fabricava armas artesanais e com ve\u00edculo furtado em Passo Fundo<br>4) Piloto de Frederico Westphalen e mais tr\u00eas morrem em acidente de avi\u00e3o no Mato Grosso<br>5) Caso Rafael: ju\u00edza multa em mais de R$ 100 mil advogado que abandonou julgamento<br>6) Risco extra: Estudo do IGP aponta que coca\u00edna apreendida no RS pode ter at\u00e9 100% de impureza<br>7) Boletim Covid mostra que casos ativos seguem est\u00e1veis<br>8) Ap\u00f3s retirada de interdi\u00e7\u00e3o, aeroporto Lauro Kortz deve ser inaugurado em breve, afirma Wesp<br>9) Marcos Cavalheiro J\u00fanior \u00e9 heptacampe\u00e3o do World Series &#8211; WAKO<br><\/p>\n\n\n\n<figure class=\"wp-block-embed is-type-wp-embed is-provider-informa-tudo wp-block-embed-informa-tudo\"><div class=\"wp-block-embed__wrapper\">\n<blockquote class=\"wp-embedded-content\" data-secret=\"qOLwSSCOF0\"><a href=\"https:\/\/informatudo.com.br\/live-04-04-2022-correspondente-ariel-selbach-com-as-informacoes-de-passo-fundo-rs-e-regiao-acompanhe-as-principais-noticias-desta-segunda-feira\/\">*LIVE* 04-04-2022 &#8211; CORRESPONDENTE ARIEL SELBACH COM AS INFORMA\u00c7\u00d5ES DE PASSO FUNDO\/RS E REGI\u00c3O &#8211; Acompanhe as principais not\u00edcias desta SEGUNDA-FEIRA<\/a><\/blockquote><iframe loading=\"lazy\" class=\"wp-embedded-content\" sandbox=\"allow-scripts\" security=\"restricted\" style=\"position: absolute; clip: rect(1px, 1px, 1px, 1px);\" title=\"&#8220;*LIVE* 04-04-2022 &#8211; CORRESPONDENTE ARIEL SELBACH COM AS INFORMA\u00c7\u00d5ES DE PASSO FUNDO\/RS E REGI\u00c3O &#8211; Acompanhe as principais not\u00edcias desta SEGUNDA-FEIRA&#8221; &#8212; Informa Tudo!\" src=\"https:\/\/informatudo.com.br\/live-04-04-2022-correspondente-ariel-selbach-com-as-informacoes-de-passo-fundo-rs-e-regiao-acompanhe-as-principais-noticias-desta-segunda-feira\/embed\/#?secret=BorSVmAJyB#?secret=qOLwSSCOF0\" data-secret=\"qOLwSSCOF0\" width=\"600\" height=\"338\" frameborder=\"0\" marginwidth=\"0\" marginheight=\"0\" scrolling=\"no\"><\/iframe>\n<\/div><figcaption><a href=\"https:\/\/informatudo.com.br\/live-04-04-2022-correspondente-ariel-selbach-com-as-informacoes-de-passo-fundo-rs-e-regiao-acompanhe-as-principais-noticias-desta-segunda-feira\/\" target=\"_blank\" rel=\"noreferrer noopener\">OU VEJA AQUI<\/a><\/figcaption><\/figure>\n\n\n\n<figure class=\"wp-block-embed is-type-video is-provider-youtube wp-block-embed-youtube wp-embed-aspect-16-9 wp-has-aspect-ratio\"><div class=\"wp-block-embed__wrapper\">\n<iframe loading=\"lazy\" title=\"#WHATSAPP 6 novas FUN\u00c7\u00d5ES mensagens #\u00c1UDIO\" width=\"925\" height=\"520\" src=\"https:\/\/www.youtube.com\/embed\/iY8SuxbERp0?feature=oembed\" frameborder=\"0\" allow=\"accelerometer; autoplay; clipboard-write; encrypted-media; gyroscope; picture-in-picture\" allowfullscreen><\/iframe>\n<\/div><figcaption><a href=\"https:\/\/www.youtube.com\/watch?v=iY8SuxbERp0\" target=\"_blank\" rel=\"noreferrer noopener\">OU VEJA AQUI<\/a><\/figcaption><\/figure>\n\n\n\n<h2 class=\"wp-block-heading\">GOSTA DE ESPORTES?<\/h2>\n\n\n\n<figure class=\"wp-block-embed is-type-video is-provider-youtube wp-block-embed-youtube wp-embed-aspect-16-9 wp-has-aspect-ratio\"><div class=\"wp-block-embed__wrapper\">\n<iframe loading=\"lazy\" title=\"F1: 3 GPs, 2 #AMEA\u00c7ADOS #AUSTR\u00c1LIA; #M\u00d4NACO #MAL\u00c1SIA\" width=\"925\" height=\"520\" src=\"https:\/\/www.youtube.com\/embed\/JVk5_3lJh8o?feature=oembed\" frameborder=\"0\" allow=\"accelerometer; autoplay; clipboard-write; encrypted-media; gyroscope; picture-in-picture\" allowfullscreen><\/iframe>\n<\/div><figcaption><a href=\"https:\/\/www.youtube.com\/watch?v=JVk5_3lJh8o\" target=\"_blank\" rel=\"noreferrer noopener\">OU VEJA AQUI<\/a><\/figcaption><\/figure>\n\n\n\n<figure class=\"wp-block-embed is-type-video is-provider-youtube wp-block-embed-youtube wp-embed-aspect-16-9 wp-has-aspect-ratio\"><div class=\"wp-block-embed__wrapper\">\n<iframe loading=\"lazy\" title=\"MOTOGP: M\u00e1rquez #AUSTIN #QUARTARARO #DOVI Diogo #MOREIRA #WSBK #ROSSI\" width=\"925\" height=\"520\" src=\"https:\/\/www.youtube.com\/embed\/zA-6vZ7ylQ0?start=136&#038;feature=oembed\" frameborder=\"0\" allow=\"accelerometer; autoplay; clipboard-write; encrypted-media; gyroscope; picture-in-picture\" allowfullscreen><\/iframe>\n<\/div><figcaption><a href=\"https:\/\/www.youtube.com\/watch?v=zA-6vZ7ylQ0&amp;t=136s\" target=\"_blank\" rel=\"noreferrer noopener\">OU VEJA AQUI<\/a><\/figcaption><\/figure>\n\n\n\n<p><\/p>\n","protected":false},"excerpt":{"rendered":"<p>MAIS INFORMA\u00c7\u00d5ES QUE TALVEZ TAMB\u00c9M INTERESSE A VOC\u00ca: \u2615 LIVE 04-04-2022 &#8211; CORRESPONDENTE ARIEL SELBACH COM AS INFORMA\u00c7\u00d5ES DE PASSO FUNDO\/RS E REGI\u00c3O &#8211; Acompanhe as principais not\u00edcias desta SEGUNDA-FEIRAINFORMA\u00c7\u00d5ES DE HOJE:1) Erechinense morre ap\u00f3s carro capotar e cair dentro de rio em SC2) PRF prende traficantes argentinos com mais de mil comprimidos de \u201cBoa &hellip; <\/p>\n","protected":false},"author":1,"featured_media":4180,"comment_status":"open","ping_status":"open","sticky":false,"template":"","format":"standard","meta":{"footnotes":""},"categories":[1],"tags":[],"class_list":["post-4177","post","type-post","status-publish","format-standard","has-post-thumbnail","hentry","category-geral"],"yoast_head":"<!-- This site is optimized with the Yoast SEO plugin v16.1.1 - https:\/\/yoast.com\/wordpress\/plugins\/seo\/ -->\n<title>Assistente Social M\u00e1rcia Kurz fala sobre os trabalhos do CRAS - R\u00e1dio Princesa FM 104.9 Mhz<\/title>\n<link rel=\"canonical\" href=\"https:\/\/radioprincesa2010.com.br\/fm\/assistente-social-marcia-kurz-fala-sobre-os-trabalhos-do-cras\/\" \/>\n<meta property=\"og:locale\" content=\"pt_BR\" \/>\n<meta property=\"og:type\" content=\"article\" \/>\n<meta property=\"og:title\" content=\"Assistente Social M\u00e1rcia Kurz fala sobre os trabalhos do CRAS - R\u00e1dio Princesa FM 104.9 Mhz\" \/>\n<meta property=\"og:description\" content=\"MAIS INFORMA\u00c7\u00d5ES QUE TALVEZ TAMB\u00c9M INTERESSE A VOC\u00ca: \u2615 LIVE 04-04-2022 &#8211; CORRESPONDENTE ARIEL SELBACH COM AS INFORMA\u00c7\u00d5ES DE PASSO FUNDO\/RS E REGI\u00c3O &#8211; Acompanhe as principais not\u00edcias desta SEGUNDA-FEIRAINFORMA\u00c7\u00d5ES DE HOJE:1) Erechinense morre ap\u00f3s carro capotar e cair dentro de rio em SC2) PRF prende traficantes argentinos com mais de mil comprimidos de \u201cBoa &hellip;\" \/>\n<meta property=\"og:url\" content=\"https:\/\/radioprincesa2010.com.br\/fm\/assistente-social-marcia-kurz-fala-sobre-os-trabalhos-do-cras\/\" \/>\n<meta property=\"og:site_name\" content=\"R\u00e1dio Princesa FM 104.9 Mhz\" \/>\n<meta property=\"article:published_time\" content=\"2022-04-05T10:43:36+00:00\" \/>\n<meta property=\"article:modified_time\" content=\"2022-04-05T10:43:38+00:00\" \/>\n<meta property=\"og:image\" content=\"https:\/\/radioprincesa2010.com.br\/fm\/wp-content\/uploads\/2022\/04\/2a.jpg\" \/>\n\t<meta property=\"og:image:width\" content=\"450\" \/>\n\t<meta property=\"og:image:height\" content=\"212\" \/>\n<meta name=\"twitter:card\" content=\"summary_large_image\" \/>\n<meta name=\"twitter:label1\" content=\"Est. tempo de leitura\">\n\t<meta name=\"twitter:data1\" content=\"1 minuto\">\n<script type=\"application\/ld+json\" class=\"yoast-schema-graph\">{\"@context\":\"https:\/\/schema.org\",\"@graph\":[{\"@type\":\"WebSite\",\"@id\":\"https:\/\/radioprincesa2010.com.br\/fm\/#website\",\"url\":\"https:\/\/radioprincesa2010.com.br\/fm\/\",\"name\":\"R\\u00e1dio Princesa FM 104.9 Mhz\",\"description\":\"Com voc\\u00ea o tempo todo\",\"potentialAction\":[{\"@type\":\"SearchAction\",\"target\":\"https:\/\/radioprincesa2010.com.br\/fm\/?s={search_term_string}\",\"query-input\":\"required name=search_term_string\"}],\"inLanguage\":\"pt-BR\"},{\"@type\":\"ImageObject\",\"@id\":\"https:\/\/radioprincesa2010.com.br\/fm\/assistente-social-marcia-kurz-fala-sobre-os-trabalhos-do-cras\/#primaryimage\",\"inLanguage\":\"pt-BR\",\"url\":\"https:\/\/radioprincesa2010.com.br\/fm\/wp-content\/uploads\/2022\/04\/2a.jpg\",\"contentUrl\":\"https:\/\/radioprincesa2010.com.br\/fm\/wp-content\/uploads\/2022\/04\/2a.jpg\",\"width\":450,\"height\":212},{\"@type\":\"WebPage\",\"@id\":\"https:\/\/radioprincesa2010.com.br\/fm\/assistente-social-marcia-kurz-fala-sobre-os-trabalhos-do-cras\/#webpage\",\"url\":\"https:\/\/radioprincesa2010.com.br\/fm\/assistente-social-marcia-kurz-fala-sobre-os-trabalhos-do-cras\/\",\"name\":\"Assistente Social M\\u00e1rcia Kurz fala sobre os trabalhos do CRAS - R\\u00e1dio Princesa FM 104.9 Mhz\",\"isPartOf\":{\"@id\":\"https:\/\/radioprincesa2010.com.br\/fm\/#website\"},\"primaryImageOfPage\":{\"@id\":\"https:\/\/radioprincesa2010.com.br\/fm\/assistente-social-marcia-kurz-fala-sobre-os-trabalhos-do-cras\/#primaryimage\"},\"datePublished\":\"2022-04-05T10:43:36+00:00\",\"dateModified\":\"2022-04-05T10:43:38+00:00\",\"author\":{\"@id\":\"https:\/\/radioprincesa2010.com.br\/fm\/#\/schema\/person\/7387850c16b3f47de42a1accfc7045c8\"},\"breadcrumb\":{\"@id\":\"https:\/\/radioprincesa2010.com.br\/fm\/assistente-social-marcia-kurz-fala-sobre-os-trabalhos-do-cras\/#breadcrumb\"},\"inLanguage\":\"pt-BR\",\"potentialAction\":[{\"@type\":\"ReadAction\",\"target\":[\"https:\/\/radioprincesa2010.com.br\/fm\/assistente-social-marcia-kurz-fala-sobre-os-trabalhos-do-cras\/\"]}]},{\"@type\":\"BreadcrumbList\",\"@id\":\"https:\/\/radioprincesa2010.com.br\/fm\/assistente-social-marcia-kurz-fala-sobre-os-trabalhos-do-cras\/#breadcrumb\",\"itemListElement\":[{\"@type\":\"ListItem\",\"position\":1,\"item\":{\"@type\":\"WebPage\",\"@id\":\"https:\/\/radioprincesa2010.com.br\/fm\/\",\"url\":\"https:\/\/radioprincesa2010.com.br\/fm\/\",\"name\":\"In\\u00edcio\"}},{\"@type\":\"ListItem\",\"position\":2,\"item\":{\"@type\":\"WebPage\",\"@id\":\"https:\/\/radioprincesa2010.com.br\/fm\/assistente-social-marcia-kurz-fala-sobre-os-trabalhos-do-cras\/\",\"url\":\"https:\/\/radioprincesa2010.com.br\/fm\/assistente-social-marcia-kurz-fala-sobre-os-trabalhos-do-cras\/\",\"name\":\"Assistente Social M\\u00e1rcia Kurz fala sobre os trabalhos do CRAS\"}}]},{\"@type\":\"Person\",\"@id\":\"https:\/\/radioprincesa2010.com.br\/fm\/#\/schema\/person\/7387850c16b3f47de42a1accfc7045c8\",\"name\":\"Princesa ADM\",\"image\":{\"@type\":\"ImageObject\",\"@id\":\"https:\/\/radioprincesa2010.com.br\/fm\/#personlogo\",\"inLanguage\":\"pt-BR\",\"url\":\"https:\/\/secure.gravatar.com\/avatar\/f30936cf78b511d12d0dda9d77461df5?s=96&d=mm&r=g\",\"contentUrl\":\"https:\/\/secure.gravatar.com\/avatar\/f30936cf78b511d12d0dda9d77461df5?s=96&d=mm&r=g\",\"caption\":\"Princesa ADM\"}}]}<\/script>\n<!-- \/ Yoast SEO plugin. -->","_links":{"self":[{"href":"https:\/\/radioprincesa2010.com.br\/fm\/wp-json\/wp\/v2\/posts\/4177","targetHints":{"allow":["GET"]}}],"collection":[{"href":"https:\/\/radioprincesa2010.com.br\/fm\/wp-json\/wp\/v2\/posts"}],"about":[{"href":"https:\/\/radioprincesa2010.com.br\/fm\/wp-json\/wp\/v2\/types\/post"}],"author":[{"embeddable":true,"href":"https:\/\/radioprincesa2010.com.br\/fm\/wp-json\/wp\/v2\/users\/1"}],"replies":[{"embeddable":true,"href":"https:\/\/radioprincesa2010.com.br\/fm\/wp-json\/wp\/v2\/comments?post=4177"}],"version-history":[{"count":2,"href":"https:\/\/radioprincesa2010.com.br\/fm\/wp-json\/wp\/v2\/posts\/4177\/revisions"}],"predecessor-version":[{"id":4186,"href":"https:\/\/radioprincesa2010.com.br\/fm\/wp-json\/wp\/v2\/posts\/4177\/revisions\/4186"}],"wp:featuredmedia":[{"embeddable":true,"href":"https:\/\/radioprincesa2010.com.br\/fm\/wp-json\/wp\/v2\/media\/4180"}],"wp:attachment":[{"href":"https:\/\/radioprincesa2010.com.br\/fm\/wp-json\/wp\/v2\/media?parent=4177"}],"wp:term":[{"taxonomy":"category","embeddable":true,"href":"https:\/\/radioprincesa2010.com.br\/fm\/wp-json\/wp\/v2\/categories?post=4177"},{"taxonomy":"post_tag","embeddable":true,"href":"https:\/\/radioprincesa2010.com.br\/fm\/wp-json\/wp\/v2\/tags?post=4177"}],"curies":[{"name":"wp","href":"https:\/\/api.w.org\/{rel}","templated":true}]}}