{"id":4093,"date":"2022-03-29T02:02:09","date_gmt":"2022-03-29T02:02:09","guid":{"rendered":"https:\/\/radioprincesa2010.com.br\/fm\/?p=4093"},"modified":"2022-03-29T02:26:16","modified_gmt":"2022-03-29T02:26:16","slug":"queridos-amigos-e-amigas-tradicionalistas2","status":"publish","type":"post","link":"https:\/\/radioprincesa2010.com.br\/fm\/queridos-amigos-e-amigas-tradicionalistas2\/","title":{"rendered":"Queridos amigos e amigas tradicionalistas!"},"content":{"rendered":"<div id=\"fb-root\"><\/div>\n\n<p>Convidamos para a homenagem ao cavalariano e tradicionalista Beto Pinno, nesta quinta-feira, dia 31 de mar\u00e7o, no CTG Est\u00e2ncia do Imigrante de Selbach. A Medalha da 55\u00b0 Legislatura \u00e9 concedida pela Assembleia Legislativa do Estado, e foi proposta pelo deputado Clair Kuhn. Ap\u00f3s a homenagem ser\u00e1 servido jantar por ades\u00e3o (churrasco e saladas diversas) ao valor de R$ 50,00. Reservas devem ser feitas com o vereador Roberto Guareschi pelo telefone (54) 992629534<\/p>\n\n\n\n<figure class=\"wp-block-image size-large\"><img loading=\"lazy\" decoding=\"async\" width=\"383\" height=\"517\" src=\"https:\/\/radioprincesa2010.com.br\/fm\/wp-content\/uploads\/2022\/03\/2a-13.jpg\" alt=\"\" class=\"wp-image-4096\" srcset=\"https:\/\/radioprincesa2010.com.br\/fm\/wp-content\/uploads\/2022\/03\/2a-13.jpg 383w, https:\/\/radioprincesa2010.com.br\/fm\/wp-content\/uploads\/2022\/03\/2a-13-222x300.jpg 222w, https:\/\/radioprincesa2010.com.br\/fm\/wp-content\/uploads\/2022\/03\/2a-13-44x60.jpg 44w\" sizes=\"auto, (max-width: 383px) 100vw, 383px\" \/><\/figure>\n\n\n\n<h2 class=\"wp-block-heading\">TALVEZ INTERESSE A VOC\u00ca:<\/h2>\n\n\n\n<figure class=\"wp-block-embed is-type-video is-provider-youtube wp-block-embed-youtube wp-embed-aspect-16-9 wp-has-aspect-ratio\"><div class=\"wp-block-embed__wrapper\">\n<iframe loading=\"lazy\" title=\"WhatsApp GB - cuidado com a vers\u00e3o pirata do aplicativo\" width=\"925\" height=\"520\" src=\"https:\/\/www.youtube.com\/embed\/QV47oD7XztE?feature=oembed\" frameborder=\"0\" allow=\"accelerometer; autoplay; clipboard-write; encrypted-media; gyroscope; picture-in-picture\" allowfullscreen><\/iframe>\n<\/div><figcaption><a href=\"https:\/\/www.youtube.com\/watch?v=QV47oD7XztE\" target=\"_blank\" rel=\"noreferrer noopener\">OU VEJA AQUI<\/a><\/figcaption><\/figure>\n\n\n\n<figure class=\"wp-block-embed is-type-video is-provider-youtube wp-block-embed-youtube wp-embed-aspect-16-9 wp-has-aspect-ratio\"><div class=\"wp-block-embed__wrapper\">\n<iframe loading=\"lazy\" title=\"Crian\u00e7a morre ao cair de brinquedo nos EUA\" width=\"925\" height=\"520\" src=\"https:\/\/www.youtube.com\/embed\/kR0R81ChprA?feature=oembed\" frameborder=\"0\" allow=\"accelerometer; autoplay; clipboard-write; encrypted-media; gyroscope; picture-in-picture\" allowfullscreen><\/iframe>\n<\/div><figcaption><a href=\"https:\/\/www.youtube.com\/watch?v=kR0R81ChprA\" target=\"_blank\" rel=\"noreferrer noopener\">OU VEJA AQUI<\/a><\/figcaption><\/figure>\n\n\n\n<p>Acompanhe as principais not\u00edcias desta SEGUNDA-FEIRA<br>INFORMA\u00c7\u00d5ES DE HOJE:<br>1) Dois acidentes deixam nove mortos no interior do Rio Grande do Sul<br>2) Brigada Militar prende traficante com drogas em Marau<br>3) Bandidos assaltam resid\u00eancia no Bairro Lucas Ara\u00fajo em Passo Fundo<br>4) Homem ateia fogo na casa ap\u00f3s brigar com a m\u00e3e em Passo Fundo<br>5) PRF prende em Sarandi homem com eletr\u00f4nicos e 600 selos falsificados da Anatel<br>6) Casos de Covid seguem est\u00e1veis<br>7) Mulher estende faixa para pedir desculpas ao marido<\/p>\n\n\n\n<figure class=\"wp-block-embed is-type-video is-provider-youtube wp-block-embed-youtube wp-embed-aspect-16-9 wp-has-aspect-ratio\"><div class=\"wp-block-embed__wrapper\">\n<iframe loading=\"lazy\" title=\"*LIVE: #PASSO_FUNDO\/RS e REGI\u00c3O: #28-03-2022 - Not\u00edcias\" width=\"925\" height=\"520\" src=\"https:\/\/www.youtube.com\/embed\/--lLhVaR3JU?feature=oembed\" frameborder=\"0\" allow=\"accelerometer; autoplay; clipboard-write; encrypted-media; gyroscope; picture-in-picture\" allowfullscreen><\/iframe>\n<\/div><figcaption><a href=\"https:\/\/www.youtube.com\/watch?v=--lLhVaR3JU\" target=\"_blank\" rel=\"noreferrer noopener\">OU VEJA AQUI<\/a><\/figcaption><\/figure>\n\n\n\n<h2 class=\"wp-block-heading\">GOSTA DE ESPORTES?<\/h2>\n\n\n\n<figure class=\"wp-block-embed is-type-video is-provider-youtube wp-block-embed-youtube wp-embed-aspect-16-9 wp-has-aspect-ratio\"><div class=\"wp-block-embed__wrapper\">\n<iframe loading=\"lazy\" title=\"UFC: Will Smith #TAPA Oscar #MMA reperticutiu\" width=\"925\" height=\"520\" src=\"https:\/\/www.youtube.com\/embed\/GckLsLG7t-g?feature=oembed\" frameborder=\"0\" allow=\"accelerometer; autoplay; clipboard-write; encrypted-media; gyroscope; picture-in-picture\" allowfullscreen><\/iframe>\n<\/div><figcaption><a href=\"https:\/\/www.youtube.com\/watch?v=GckLsLG7t-g\" target=\"_blank\" rel=\"noreferrer noopener\">OU VEJA AQUI<\/a><\/figcaption><\/figure>\n\n\n\n<figure class=\"wp-block-embed is-type-video is-provider-youtube wp-block-embed-youtube wp-embed-aspect-16-9 wp-has-aspect-ratio\"><div class=\"wp-block-embed__wrapper\">\n<iframe loading=\"lazy\" title=\"F2: #BRASILEIRO conquista #VIT\u00d3RIA na #F\u00d3RMULA2\" width=\"925\" height=\"520\" src=\"https:\/\/www.youtube.com\/embed\/mK2vDAeFgFg?feature=oembed\" frameborder=\"0\" allow=\"accelerometer; autoplay; clipboard-write; encrypted-media; gyroscope; picture-in-picture\" allowfullscreen><\/iframe>\n<\/div><figcaption><a href=\"https:\/\/www.youtube.com\/watch?v=mK2vDAeFgFg\" target=\"_blank\" rel=\"noreferrer noopener\">OU VEJA AQUI<\/a><\/figcaption><\/figure>\n\n\n\n<figure class=\"wp-block-embed is-type-video is-provider-youtube wp-block-embed-youtube wp-embed-aspect-16-9 wp-has-aspect-ratio\"><div class=\"wp-block-embed__wrapper\">\n<iframe loading=\"lazy\" title=\"MOTOGP: Ader\u00eancia pneus - #ROSSI, Miller e #M\u00c1RQUEZ\" width=\"925\" height=\"520\" src=\"https:\/\/www.youtube.com\/embed\/wP9qZQieYMU?feature=oembed\" frameborder=\"0\" allow=\"accelerometer; autoplay; clipboard-write; encrypted-media; gyroscope; picture-in-picture\" allowfullscreen><\/iframe>\n<\/div><figcaption><a href=\"https:\/\/www.youtube.com\/watch?v=wP9qZQieYMU\" target=\"_blank\" rel=\"noreferrer noopener\">OU VEJA AQUI<\/a><\/figcaption><\/figure>\n\n\n\n<p><\/p>\n","protected":false},"excerpt":{"rendered":"<p>Convidamos para a homenagem ao cavalariano e tradicionalista Beto Pinno, nesta quinta-feira, dia 31 de mar\u00e7o, no CTG Est\u00e2ncia do Imigrante de Selbach. A Medalha da 55\u00b0 Legislatura \u00e9 concedida pela Assembleia Legislativa do Estado, e foi proposta pelo deputado Clair Kuhn. Ap\u00f3s a homenagem ser\u00e1 servido jantar por ades\u00e3o (churrasco e saladas diversas) ao &hellip; <\/p>\n","protected":false},"author":1,"featured_media":4107,"comment_status":"open","ping_status":"open","sticky":false,"template":"","format":"standard","meta":{"footnotes":""},"categories":[1],"tags":[],"class_list":["post-4093","post","type-post","status-publish","format-standard","has-post-thumbnail","hentry","category-geral"],"yoast_head":"<!-- This site is optimized with the Yoast SEO plugin v16.1.1 - https:\/\/yoast.com\/wordpress\/plugins\/seo\/ -->\n<title>Queridos amigos e amigas tradicionalistas! - R\u00e1dio Princesa FM 104.9 Mhz<\/title>\n<link rel=\"canonical\" href=\"https:\/\/radioprincesa2010.com.br\/fm\/queridos-amigos-e-amigas-tradicionalistas2\/\" \/>\n<meta property=\"og:locale\" content=\"pt_BR\" \/>\n<meta property=\"og:type\" content=\"article\" \/>\n<meta property=\"og:title\" content=\"Queridos amigos e amigas tradicionalistas! - R\u00e1dio Princesa FM 104.9 Mhz\" \/>\n<meta property=\"og:description\" content=\"Convidamos para a homenagem ao cavalariano e tradicionalista Beto Pinno, nesta quinta-feira, dia 31 de mar\u00e7o, no CTG Est\u00e2ncia do Imigrante de Selbach. A Medalha da 55\u00b0 Legislatura \u00e9 concedida pela Assembleia Legislativa do Estado, e foi proposta pelo deputado Clair Kuhn. Ap\u00f3s a homenagem ser\u00e1 servido jantar por ades\u00e3o (churrasco e saladas diversas) ao &hellip;\" \/>\n<meta property=\"og:url\" content=\"https:\/\/radioprincesa2010.com.br\/fm\/queridos-amigos-e-amigas-tradicionalistas2\/\" \/>\n<meta property=\"og:site_name\" content=\"R\u00e1dio Princesa FM 104.9 Mhz\" \/>\n<meta property=\"article:published_time\" content=\"2022-03-29T02:02:09+00:00\" \/>\n<meta property=\"article:modified_time\" content=\"2022-03-29T02:26:16+00:00\" \/>\n<meta property=\"og:image\" content=\"https:\/\/radioprincesa2010.com.br\/fm\/wp-content\/uploads\/2022\/03\/2.jpg\" \/>\n\t<meta property=\"og:image:width\" content=\"375\" \/>\n\t<meta property=\"og:image:height\" content=\"450\" \/>\n<meta name=\"twitter:card\" content=\"summary_large_image\" \/>\n<meta name=\"twitter:label1\" content=\"Est. tempo de leitura\">\n\t<meta name=\"twitter:data1\" content=\"2 minutos\">\n<script type=\"application\/ld+json\" class=\"yoast-schema-graph\">{\"@context\":\"https:\/\/schema.org\",\"@graph\":[{\"@type\":\"WebSite\",\"@id\":\"https:\/\/radioprincesa2010.com.br\/fm\/#website\",\"url\":\"https:\/\/radioprincesa2010.com.br\/fm\/\",\"name\":\"R\\u00e1dio Princesa FM 104.9 Mhz\",\"description\":\"Com voc\\u00ea o tempo todo\",\"potentialAction\":[{\"@type\":\"SearchAction\",\"target\":\"https:\/\/radioprincesa2010.com.br\/fm\/?s={search_term_string}\",\"query-input\":\"required name=search_term_string\"}],\"inLanguage\":\"pt-BR\"},{\"@type\":\"ImageObject\",\"@id\":\"https:\/\/radioprincesa2010.com.br\/fm\/queridos-amigos-e-amigas-tradicionalistas2\/#primaryimage\",\"inLanguage\":\"pt-BR\",\"url\":\"https:\/\/radioprincesa2010.com.br\/fm\/wp-content\/uploads\/2022\/03\/2.jpg\",\"contentUrl\":\"https:\/\/radioprincesa2010.com.br\/fm\/wp-content\/uploads\/2022\/03\/2.jpg\",\"width\":375,\"height\":450},{\"@type\":\"WebPage\",\"@id\":\"https:\/\/radioprincesa2010.com.br\/fm\/queridos-amigos-e-amigas-tradicionalistas2\/#webpage\",\"url\":\"https:\/\/radioprincesa2010.com.br\/fm\/queridos-amigos-e-amigas-tradicionalistas2\/\",\"name\":\"Queridos amigos e amigas tradicionalistas! - R\\u00e1dio Princesa FM 104.9 Mhz\",\"isPartOf\":{\"@id\":\"https:\/\/radioprincesa2010.com.br\/fm\/#website\"},\"primaryImageOfPage\":{\"@id\":\"https:\/\/radioprincesa2010.com.br\/fm\/queridos-amigos-e-amigas-tradicionalistas2\/#primaryimage\"},\"datePublished\":\"2022-03-29T02:02:09+00:00\",\"dateModified\":\"2022-03-29T02:26:16+00:00\",\"author\":{\"@id\":\"https:\/\/radioprincesa2010.com.br\/fm\/#\/schema\/person\/7387850c16b3f47de42a1accfc7045c8\"},\"breadcrumb\":{\"@id\":\"https:\/\/radioprincesa2010.com.br\/fm\/queridos-amigos-e-amigas-tradicionalistas2\/#breadcrumb\"},\"inLanguage\":\"pt-BR\",\"potentialAction\":[{\"@type\":\"ReadAction\",\"target\":[\"https:\/\/radioprincesa2010.com.br\/fm\/queridos-amigos-e-amigas-tradicionalistas2\/\"]}]},{\"@type\":\"BreadcrumbList\",\"@id\":\"https:\/\/radioprincesa2010.com.br\/fm\/queridos-amigos-e-amigas-tradicionalistas2\/#breadcrumb\",\"itemListElement\":[{\"@type\":\"ListItem\",\"position\":1,\"item\":{\"@type\":\"WebPage\",\"@id\":\"https:\/\/radioprincesa2010.com.br\/fm\/\",\"url\":\"https:\/\/radioprincesa2010.com.br\/fm\/\",\"name\":\"In\\u00edcio\"}},{\"@type\":\"ListItem\",\"position\":2,\"item\":{\"@type\":\"WebPage\",\"@id\":\"https:\/\/radioprincesa2010.com.br\/fm\/queridos-amigos-e-amigas-tradicionalistas2\/\",\"url\":\"https:\/\/radioprincesa2010.com.br\/fm\/queridos-amigos-e-amigas-tradicionalistas2\/\",\"name\":\"Queridos amigos e amigas tradicionalistas!\"}}]},{\"@type\":\"Person\",\"@id\":\"https:\/\/radioprincesa2010.com.br\/fm\/#\/schema\/person\/7387850c16b3f47de42a1accfc7045c8\",\"name\":\"Princesa ADM\",\"image\":{\"@type\":\"ImageObject\",\"@id\":\"https:\/\/radioprincesa2010.com.br\/fm\/#personlogo\",\"inLanguage\":\"pt-BR\",\"url\":\"https:\/\/secure.gravatar.com\/avatar\/f30936cf78b511d12d0dda9d77461df5?s=96&d=mm&r=g\",\"contentUrl\":\"https:\/\/secure.gravatar.com\/avatar\/f30936cf78b511d12d0dda9d77461df5?s=96&d=mm&r=g\",\"caption\":\"Princesa ADM\"}}]}<\/script>\n<!-- \/ Yoast SEO plugin. -->","_links":{"self":[{"href":"https:\/\/radioprincesa2010.com.br\/fm\/wp-json\/wp\/v2\/posts\/4093","targetHints":{"allow":["GET"]}}],"collection":[{"href":"https:\/\/radioprincesa2010.com.br\/fm\/wp-json\/wp\/v2\/posts"}],"about":[{"href":"https:\/\/radioprincesa2010.com.br\/fm\/wp-json\/wp\/v2\/types\/post"}],"author":[{"embeddable":true,"href":"https:\/\/radioprincesa2010.com.br\/fm\/wp-json\/wp\/v2\/users\/1"}],"replies":[{"embeddable":true,"href":"https:\/\/radioprincesa2010.com.br\/fm\/wp-json\/wp\/v2\/comments?post=4093"}],"version-history":[{"count":1,"href":"https:\/\/radioprincesa2010.com.br\/fm\/wp-json\/wp\/v2\/posts\/4093\/revisions"}],"predecessor-version":[{"id":4097,"href":"https:\/\/radioprincesa2010.com.br\/fm\/wp-json\/wp\/v2\/posts\/4093\/revisions\/4097"}],"wp:featuredmedia":[{"embeddable":true,"href":"https:\/\/radioprincesa2010.com.br\/fm\/wp-json\/wp\/v2\/media\/4107"}],"wp:attachment":[{"href":"https:\/\/radioprincesa2010.com.br\/fm\/wp-json\/wp\/v2\/media?parent=4093"}],"wp:term":[{"taxonomy":"category","embeddable":true,"href":"https:\/\/radioprincesa2010.com.br\/fm\/wp-json\/wp\/v2\/categories?post=4093"},{"taxonomy":"post_tag","embeddable":true,"href":"https:\/\/radioprincesa2010.com.br\/fm\/wp-json\/wp\/v2\/tags?post=4093"}],"curies":[{"name":"wp","href":"https:\/\/api.w.org\/{rel}","templated":true}]}}