{"id":4074,"date":"2022-03-25T21:55:57","date_gmt":"2022-03-25T21:55:57","guid":{"rendered":"https:\/\/radioprincesa2010.com.br\/fm\/?p=4074"},"modified":"2022-03-25T21:56:00","modified_gmt":"2022-03-25T21:56:00","slug":"como-anda-o-emocional-das-pessoas","status":"publish","type":"post","link":"https:\/\/radioprincesa2010.com.br\/fm\/como-anda-o-emocional-das-pessoas\/","title":{"rendered":"Como anda o emocional das pessoas"},"content":{"rendered":"<div id=\"fb-root\"><\/div>\n\n<p>Depress\u00e3o, ansiedade, angustias, medo. Coisas do dia a dia de muitos. A psic\u00f3loga Raquel Colombo Muller, analisa o momento e fala do que est\u00e1 levando a tantos casos, e a import\u00e2ncia de ter mais cuidado com a mente das pessoas.<\/p>\n\n\n\n<figure class=\"wp-block-audio\"><audio controls src=\"https:\/\/radioprincesa2010.com.br\/fm\/wp-content\/uploads\/2022\/03\/2-16.mp3\"><\/audio><\/figure>\n\n\n\n<figure class=\"wp-block-image size-large\"><img loading=\"lazy\" decoding=\"async\" width=\"1024\" height=\"498\" src=\"https:\/\/radioprincesa2010.com.br\/fm\/wp-content\/uploads\/2022\/03\/2-19-1024x498.jpeg\" alt=\"\" class=\"wp-image-4079\" srcset=\"https:\/\/radioprincesa2010.com.br\/fm\/wp-content\/uploads\/2022\/03\/2-19-1024x498.jpeg 1024w, https:\/\/radioprincesa2010.com.br\/fm\/wp-content\/uploads\/2022\/03\/2-19-300x146.jpeg 300w, https:\/\/radioprincesa2010.com.br\/fm\/wp-content\/uploads\/2022\/03\/2-19-768x373.jpeg 768w, https:\/\/radioprincesa2010.com.br\/fm\/wp-content\/uploads\/2022\/03\/2-19-123x60.jpeg 123w, https:\/\/radioprincesa2010.com.br\/fm\/wp-content\/uploads\/2022\/03\/2-19.jpeg 1280w\" sizes=\"auto, (max-width: 1024px) 100vw, 1024px\" \/><\/figure>\n\n\n\n<h2 class=\"wp-block-heading\">TALVEZ INTERESSE A VOC\u00ca:<\/h2>\n\n\n\n<figure class=\"wp-block-embed is-type-video is-provider-youtube wp-block-embed-youtube wp-embed-aspect-16-9 wp-has-aspect-ratio\"><div class=\"wp-block-embed__wrapper\">\n<iframe loading=\"lazy\" title=\"P\u00edlula anticoncepcional para homens \u00e9 99% eficaz na preven\u00e7\u00e3o da gravidez\" width=\"925\" height=\"520\" src=\"https:\/\/www.youtube.com\/embed\/ZBOQojhrFp0?feature=oembed\" frameborder=\"0\" allow=\"accelerometer; autoplay; clipboard-write; encrypted-media; gyroscope; picture-in-picture\" allowfullscreen><\/iframe>\n<\/div><figcaption><a href=\"https:\/\/www.youtube.com\/watch?v=ZBOQojhrFp0\" target=\"_blank\" rel=\"noreferrer noopener\">OU VEJA AQUI<\/a><\/figcaption><\/figure>\n\n\n\n<p>INFORMA\u00c7\u00d5ES DE HOJE:<br>1) Caminhoneiro de Passo Fundo morre ap\u00f3s acidente na ERS-324 em Tr\u00eas Palmeiras<br>2) 2\u00b0 Delegacia de Pol\u00edcia prende traficante com grande quantidade de drogas no Centro de PF<br>3) Morre passo-fundense que sofreu acidente em Trindade do Sul<br>4) Mais um \u00f3bito por Covid em Passo Fundo<br>5) Caso Dal Agnol: segunda rodada de leil\u00f5es arrecada mais de R$ 11 milh\u00f5es<br>6) Carazinhense \u00e9 convocado para as Surdolimp\u00edadas de Ver\u00e3o<\/p>\n\n\n\n<figure class=\"wp-block-embed is-type-video is-provider-youtube wp-block-embed-youtube wp-embed-aspect-16-9 wp-has-aspect-ratio\"><div class=\"wp-block-embed__wrapper\">\n<iframe loading=\"lazy\" title=\"*LIVE: #PASSO_FUNDO\/RS e REGI\u00c3O: #25-03-2022 - Not\u00edcias\" width=\"925\" height=\"520\" src=\"https:\/\/www.youtube.com\/embed\/kSx61AcwotY?feature=oembed\" frameborder=\"0\" allow=\"accelerometer; autoplay; clipboard-write; encrypted-media; gyroscope; picture-in-picture\" allowfullscreen><\/iframe>\n<\/div><figcaption><a href=\"https:\/\/www.youtube.com\/watch?v=kSx61AcwotY\" target=\"_blank\" rel=\"noreferrer noopener\">OU VEJA AQUI<\/a><\/figcaption><\/figure>\n\n\n\n<h2 class=\"wp-block-heading\">GOSTA DE ESPORTES?<\/h2>\n\n\n\n<figure class=\"wp-block-embed is-type-video is-provider-youtube wp-block-embed-youtube wp-embed-aspect-16-9 wp-has-aspect-ratio\"><div class=\"wp-block-embed__wrapper\">\n<iframe loading=\"lazy\" title=\"F1: resultados #TL1 e #TL2 GP da Ar\u00e1bia Saudita\" width=\"925\" height=\"520\" src=\"https:\/\/www.youtube.com\/embed\/lN2OkOLCuQI?feature=oembed\" frameborder=\"0\" allow=\"accelerometer; autoplay; clipboard-write; encrypted-media; gyroscope; picture-in-picture\" allowfullscreen><\/iframe>\n<\/div><figcaption><a href=\"https:\/\/www.youtube.com\/watch?v=lN2OkOLCuQI\" target=\"_blank\" rel=\"noreferrer noopener\">OU VEJA AQUI<\/a><\/figcaption><\/figure>\n\n\n\n<figure class=\"wp-block-embed is-type-video is-provider-youtube wp-block-embed-youtube wp-embed-aspect-16-9 wp-has-aspect-ratio\"><div class=\"wp-block-embed__wrapper\">\n<iframe loading=\"lazy\" title=\"WSBK: Kawasaki, #TOPRAK, MotoGP e Marc #M\u00c1RQUEZ (tudo relacionado)\" width=\"925\" height=\"520\" src=\"https:\/\/www.youtube.com\/embed\/ki13uu97xE4?feature=oembed\" frameborder=\"0\" allow=\"accelerometer; autoplay; clipboard-write; encrypted-media; gyroscope; picture-in-picture\" allowfullscreen><\/iframe>\n<\/div><figcaption><a href=\"https:\/\/www.youtube.com\/watch?v=ki13uu97xE4\" target=\"_blank\" rel=\"noreferrer noopener\">OU VEJA AQUI<\/a><\/figcaption><\/figure>\n\n\n\n<figure class=\"wp-block-embed is-type-video is-provider-youtube wp-block-embed-youtube wp-embed-aspect-16-9 wp-has-aspect-ratio\"><div class=\"wp-block-embed__wrapper\">\n<iframe loading=\"lazy\" title=\"Homem saca #ARMA em bar e \u00e9 acalmado por Mike #TYSON\" width=\"925\" height=\"520\" src=\"https:\/\/www.youtube.com\/embed\/lszDb8Zevik?feature=oembed\" frameborder=\"0\" allow=\"accelerometer; autoplay; clipboard-write; encrypted-media; gyroscope; picture-in-picture\" allowfullscreen><\/iframe>\n<\/div><figcaption><a href=\"https:\/\/www.youtube.com\/watch?v=lszDb8Zevik\" target=\"_blank\" rel=\"noreferrer noopener\">OU VEJA AQUI<\/a><\/figcaption><\/figure>\n\n\n\n<p><\/p>\n","protected":false},"excerpt":{"rendered":"<p>Depress\u00e3o, ansiedade, angustias, medo. Coisas do dia a dia de muitos. A psic\u00f3loga Raquel Colombo Muller, analisa o momento e fala do que est\u00e1 levando a tantos casos, e a import\u00e2ncia de ter mais cuidado com a mente das pessoas. TALVEZ INTERESSE A VOC\u00ca: INFORMA\u00c7\u00d5ES DE HOJE:1) Caminhoneiro de Passo Fundo morre ap\u00f3s acidente na &hellip; <\/p>\n","protected":false},"author":1,"featured_media":4077,"comment_status":"open","ping_status":"open","sticky":false,"template":"","format":"standard","meta":{"footnotes":""},"categories":[1],"tags":[],"class_list":["post-4074","post","type-post","status-publish","format-standard","has-post-thumbnail","hentry","category-geral"],"yoast_head":"<!-- This site is optimized with the Yoast SEO plugin v16.1.1 - https:\/\/yoast.com\/wordpress\/plugins\/seo\/ -->\n<title>Como anda o emocional das pessoas - R\u00e1dio Princesa FM 104.9 Mhz<\/title>\n<link rel=\"canonical\" href=\"https:\/\/radioprincesa2010.com.br\/fm\/como-anda-o-emocional-das-pessoas\/\" \/>\n<meta property=\"og:locale\" content=\"pt_BR\" \/>\n<meta property=\"og:type\" content=\"article\" \/>\n<meta property=\"og:title\" content=\"Como anda o emocional das pessoas - R\u00e1dio Princesa FM 104.9 Mhz\" \/>\n<meta property=\"og:description\" content=\"Depress\u00e3o, ansiedade, angustias, medo. Coisas do dia a dia de muitos. A psic\u00f3loga Raquel Colombo Muller, analisa o momento e fala do que est\u00e1 levando a tantos casos, e a import\u00e2ncia de ter mais cuidado com a mente das pessoas. TALVEZ INTERESSE A VOC\u00ca: INFORMA\u00c7\u00d5ES DE HOJE:1) Caminhoneiro de Passo Fundo morre ap\u00f3s acidente na &hellip;\" \/>\n<meta property=\"og:url\" content=\"https:\/\/radioprincesa2010.com.br\/fm\/como-anda-o-emocional-das-pessoas\/\" \/>\n<meta property=\"og:site_name\" content=\"R\u00e1dio Princesa FM 104.9 Mhz\" \/>\n<meta property=\"article:published_time\" content=\"2022-03-25T21:55:57+00:00\" \/>\n<meta property=\"article:modified_time\" content=\"2022-03-25T21:56:00+00:00\" \/>\n<meta property=\"og:image\" content=\"https:\/\/radioprincesa2010.com.br\/fm\/wp-content\/uploads\/2022\/03\/2A-12.jpg\" \/>\n\t<meta property=\"og:image:width\" content=\"450\" \/>\n\t<meta property=\"og:image:height\" content=\"372\" \/>\n<meta name=\"twitter:card\" content=\"summary_large_image\" \/>\n<meta name=\"twitter:label1\" content=\"Est. tempo de leitura\">\n\t<meta name=\"twitter:data1\" content=\"1 minuto\">\n<script type=\"application\/ld+json\" class=\"yoast-schema-graph\">{\"@context\":\"https:\/\/schema.org\",\"@graph\":[{\"@type\":\"WebSite\",\"@id\":\"https:\/\/radioprincesa2010.com.br\/fm\/#website\",\"url\":\"https:\/\/radioprincesa2010.com.br\/fm\/\",\"name\":\"R\\u00e1dio Princesa FM 104.9 Mhz\",\"description\":\"Com voc\\u00ea o tempo todo\",\"potentialAction\":[{\"@type\":\"SearchAction\",\"target\":\"https:\/\/radioprincesa2010.com.br\/fm\/?s={search_term_string}\",\"query-input\":\"required name=search_term_string\"}],\"inLanguage\":\"pt-BR\"},{\"@type\":\"ImageObject\",\"@id\":\"https:\/\/radioprincesa2010.com.br\/fm\/como-anda-o-emocional-das-pessoas\/#primaryimage\",\"inLanguage\":\"pt-BR\",\"url\":\"https:\/\/radioprincesa2010.com.br\/fm\/wp-content\/uploads\/2022\/03\/2A-12.jpg\",\"contentUrl\":\"https:\/\/radioprincesa2010.com.br\/fm\/wp-content\/uploads\/2022\/03\/2A-12.jpg\",\"width\":450,\"height\":372},{\"@type\":\"WebPage\",\"@id\":\"https:\/\/radioprincesa2010.com.br\/fm\/como-anda-o-emocional-das-pessoas\/#webpage\",\"url\":\"https:\/\/radioprincesa2010.com.br\/fm\/como-anda-o-emocional-das-pessoas\/\",\"name\":\"Como anda o emocional das pessoas - R\\u00e1dio Princesa FM 104.9 Mhz\",\"isPartOf\":{\"@id\":\"https:\/\/radioprincesa2010.com.br\/fm\/#website\"},\"primaryImageOfPage\":{\"@id\":\"https:\/\/radioprincesa2010.com.br\/fm\/como-anda-o-emocional-das-pessoas\/#primaryimage\"},\"datePublished\":\"2022-03-25T21:55:57+00:00\",\"dateModified\":\"2022-03-25T21:56:00+00:00\",\"author\":{\"@id\":\"https:\/\/radioprincesa2010.com.br\/fm\/#\/schema\/person\/7387850c16b3f47de42a1accfc7045c8\"},\"breadcrumb\":{\"@id\":\"https:\/\/radioprincesa2010.com.br\/fm\/como-anda-o-emocional-das-pessoas\/#breadcrumb\"},\"inLanguage\":\"pt-BR\",\"potentialAction\":[{\"@type\":\"ReadAction\",\"target\":[\"https:\/\/radioprincesa2010.com.br\/fm\/como-anda-o-emocional-das-pessoas\/\"]}]},{\"@type\":\"BreadcrumbList\",\"@id\":\"https:\/\/radioprincesa2010.com.br\/fm\/como-anda-o-emocional-das-pessoas\/#breadcrumb\",\"itemListElement\":[{\"@type\":\"ListItem\",\"position\":1,\"item\":{\"@type\":\"WebPage\",\"@id\":\"https:\/\/radioprincesa2010.com.br\/fm\/\",\"url\":\"https:\/\/radioprincesa2010.com.br\/fm\/\",\"name\":\"In\\u00edcio\"}},{\"@type\":\"ListItem\",\"position\":2,\"item\":{\"@type\":\"WebPage\",\"@id\":\"https:\/\/radioprincesa2010.com.br\/fm\/como-anda-o-emocional-das-pessoas\/\",\"url\":\"https:\/\/radioprincesa2010.com.br\/fm\/como-anda-o-emocional-das-pessoas\/\",\"name\":\"Como anda o emocional das pessoas\"}}]},{\"@type\":\"Person\",\"@id\":\"https:\/\/radioprincesa2010.com.br\/fm\/#\/schema\/person\/7387850c16b3f47de42a1accfc7045c8\",\"name\":\"Princesa ADM\",\"image\":{\"@type\":\"ImageObject\",\"@id\":\"https:\/\/radioprincesa2010.com.br\/fm\/#personlogo\",\"inLanguage\":\"pt-BR\",\"url\":\"https:\/\/secure.gravatar.com\/avatar\/f30936cf78b511d12d0dda9d77461df5?s=96&d=mm&r=g\",\"contentUrl\":\"https:\/\/secure.gravatar.com\/avatar\/f30936cf78b511d12d0dda9d77461df5?s=96&d=mm&r=g\",\"caption\":\"Princesa ADM\"}}]}<\/script>\n<!-- \/ Yoast SEO plugin. -->","_links":{"self":[{"href":"https:\/\/radioprincesa2010.com.br\/fm\/wp-json\/wp\/v2\/posts\/4074","targetHints":{"allow":["GET"]}}],"collection":[{"href":"https:\/\/radioprincesa2010.com.br\/fm\/wp-json\/wp\/v2\/posts"}],"about":[{"href":"https:\/\/radioprincesa2010.com.br\/fm\/wp-json\/wp\/v2\/types\/post"}],"author":[{"embeddable":true,"href":"https:\/\/radioprincesa2010.com.br\/fm\/wp-json\/wp\/v2\/users\/1"}],"replies":[{"embeddable":true,"href":"https:\/\/radioprincesa2010.com.br\/fm\/wp-json\/wp\/v2\/comments?post=4074"}],"version-history":[{"count":1,"href":"https:\/\/radioprincesa2010.com.br\/fm\/wp-json\/wp\/v2\/posts\/4074\/revisions"}],"predecessor-version":[{"id":4080,"href":"https:\/\/radioprincesa2010.com.br\/fm\/wp-json\/wp\/v2\/posts\/4074\/revisions\/4080"}],"wp:featuredmedia":[{"embeddable":true,"href":"https:\/\/radioprincesa2010.com.br\/fm\/wp-json\/wp\/v2\/media\/4077"}],"wp:attachment":[{"href":"https:\/\/radioprincesa2010.com.br\/fm\/wp-json\/wp\/v2\/media?parent=4074"}],"wp:term":[{"taxonomy":"category","embeddable":true,"href":"https:\/\/radioprincesa2010.com.br\/fm\/wp-json\/wp\/v2\/categories?post=4074"},{"taxonomy":"post_tag","embeddable":true,"href":"https:\/\/radioprincesa2010.com.br\/fm\/wp-json\/wp\/v2\/tags?post=4074"}],"curies":[{"name":"wp","href":"https:\/\/api.w.org\/{rel}","templated":true}]}}