{"id":4068,"date":"2022-03-25T21:50:19","date_gmt":"2022-03-25T21:50:19","guid":{"rendered":"https:\/\/radioprincesa2010.com.br\/fm\/?p=4068"},"modified":"2022-03-25T21:50:21","modified_gmt":"2022-03-25T21:50:21","slug":"a-volta-do-mosquito-da-dengue","status":"publish","type":"post","link":"https:\/\/radioprincesa2010.com.br\/fm\/a-volta-do-mosquito-da-dengue\/","title":{"rendered":"A volta do mosquito da dengue"},"content":{"rendered":"<div id=\"fb-root\"><\/div>\n\n<p><br>Com a volta das chuvas, eclodiram tamb\u00e9m os ovos do Aedes aegipti, o mosquito transmissor da dengue. Larvas e mosquitos foram encontrados em quantidades consider\u00e1veis, em locais na cidade de Selbach. Os ovos do mosquito sobrevivem at\u00e9 um ano no seco. Neida Hammes secret\u00e1ria municipal de Sa\u00fade alerta para os cuidados.<\/p>\n\n\n\n<figure class=\"wp-block-audio\"><audio controls src=\"https:\/\/radioprincesa2010.com.br\/fm\/wp-content\/uploads\/2022\/03\/1-16.mp3\"><\/audio><\/figure>\n\n\n\n<figure class=\"wp-block-image size-large\"><img loading=\"lazy\" decoding=\"async\" width=\"717\" height=\"438\" src=\"https:\/\/radioprincesa2010.com.br\/fm\/wp-content\/uploads\/2022\/03\/1-17.jpeg\" alt=\"\" class=\"wp-image-4070\" srcset=\"https:\/\/radioprincesa2010.com.br\/fm\/wp-content\/uploads\/2022\/03\/1-17.jpeg 717w, https:\/\/radioprincesa2010.com.br\/fm\/wp-content\/uploads\/2022\/03\/1-17-300x183.jpeg 300w, https:\/\/radioprincesa2010.com.br\/fm\/wp-content\/uploads\/2022\/03\/1-17-98x60.jpeg 98w\" sizes=\"auto, (max-width: 717px) 100vw, 717px\" \/><\/figure>\n\n\n\n<h2 class=\"wp-block-heading\">TALVEZ INTERESSE A VOC\u00ca:<\/h2>\n\n\n\n<figure class=\"wp-block-embed is-type-video is-provider-youtube wp-block-embed-youtube wp-embed-aspect-16-9 wp-has-aspect-ratio\"><div class=\"wp-block-embed__wrapper\">\n<iframe loading=\"lazy\" title=\"P\u00edlula anticoncepcional para homens \u00e9 99% eficaz na preven\u00e7\u00e3o da gravidez\" width=\"925\" height=\"520\" src=\"https:\/\/www.youtube.com\/embed\/ZBOQojhrFp0?feature=oembed\" frameborder=\"0\" allow=\"accelerometer; autoplay; clipboard-write; encrypted-media; gyroscope; picture-in-picture\" allowfullscreen><\/iframe>\n<\/div><figcaption><a href=\"https:\/\/www.youtube.com\/watch?v=ZBOQojhrFp0\" target=\"_blank\" rel=\"noreferrer noopener\">OU VEJA AQUI<\/a><\/figcaption><\/figure>\n\n\n\n<p>INFORMA\u00c7\u00d5ES DE HOJE:<br>1) Caminhoneiro de Passo Fundo morre ap\u00f3s acidente na ERS-324 em Tr\u00eas Palmeiras<br>2) 2\u00b0 Delegacia de Pol\u00edcia prende traficante com grande quantidade de drogas no Centro de PF<br>3) Morre passo-fundense que sofreu acidente em Trindade do Sul<br>4) Mais um \u00f3bito por Covid em Passo Fundo<br>5) Caso Dal Agnol: segunda rodada de leil\u00f5es arrecada mais de R$ 11 milh\u00f5es<br>6) Carazinhense \u00e9 convocado para as Surdolimp\u00edadas de Ver\u00e3o<\/p>\n\n\n\n<figure class=\"wp-block-embed is-type-video is-provider-youtube wp-block-embed-youtube wp-embed-aspect-16-9 wp-has-aspect-ratio\"><div class=\"wp-block-embed__wrapper\">\n<iframe loading=\"lazy\" title=\"*LIVE: #PASSO_FUNDO\/RS e REGI\u00c3O: #25-03-2022 - Not\u00edcias\" width=\"925\" height=\"520\" src=\"https:\/\/www.youtube.com\/embed\/kSx61AcwotY?feature=oembed\" frameborder=\"0\" allow=\"accelerometer; autoplay; clipboard-write; encrypted-media; gyroscope; picture-in-picture\" allowfullscreen><\/iframe>\n<\/div><figcaption><a href=\"https:\/\/www.youtube.com\/watch?v=kSx61AcwotY\" target=\"_blank\" rel=\"noreferrer noopener\">OU VEJA AQUI<\/a><\/figcaption><\/figure>\n\n\n\n<h2 class=\"wp-block-heading\">GOSTA DE ESPORTES?<\/h2>\n\n\n\n<figure class=\"wp-block-embed is-type-video is-provider-youtube wp-block-embed-youtube wp-embed-aspect-16-9 wp-has-aspect-ratio\"><div class=\"wp-block-embed__wrapper\">\n<iframe loading=\"lazy\" title=\"F1: resultados #TL1 e #TL2 GP da Ar\u00e1bia Saudita\" width=\"925\" height=\"520\" src=\"https:\/\/www.youtube.com\/embed\/lN2OkOLCuQI?feature=oembed\" frameborder=\"0\" allow=\"accelerometer; autoplay; clipboard-write; encrypted-media; gyroscope; picture-in-picture\" allowfullscreen><\/iframe>\n<\/div><figcaption><a href=\"https:\/\/www.youtube.com\/watch?v=lN2OkOLCuQI\" target=\"_blank\" rel=\"noreferrer noopener\">OU VEJA AQUI<\/a><\/figcaption><\/figure>\n\n\n\n<figure class=\"wp-block-embed is-type-video is-provider-youtube wp-block-embed-youtube wp-embed-aspect-16-9 wp-has-aspect-ratio\"><div class=\"wp-block-embed__wrapper\">\n<iframe loading=\"lazy\" title=\"WSBK: Kawasaki, #TOPRAK, MotoGP e Marc #M\u00c1RQUEZ (tudo relacionado)\" width=\"925\" height=\"520\" src=\"https:\/\/www.youtube.com\/embed\/ki13uu97xE4?feature=oembed\" frameborder=\"0\" allow=\"accelerometer; autoplay; clipboard-write; encrypted-media; gyroscope; picture-in-picture\" allowfullscreen><\/iframe>\n<\/div><figcaption><a href=\"https:\/\/www.youtube.com\/watch?v=ki13uu97xE4\" target=\"_blank\" rel=\"noreferrer noopener\">OU VEJA AQUI<\/a><\/figcaption><\/figure>\n\n\n\n<figure class=\"wp-block-embed is-type-video is-provider-youtube wp-block-embed-youtube wp-embed-aspect-16-9 wp-has-aspect-ratio\"><div class=\"wp-block-embed__wrapper\">\n<iframe loading=\"lazy\" title=\"Homem saca #ARMA em bar e \u00e9 acalmado por Mike #TYSON\" width=\"925\" height=\"520\" src=\"https:\/\/www.youtube.com\/embed\/lszDb8Zevik?feature=oembed\" frameborder=\"0\" allow=\"accelerometer; autoplay; clipboard-write; encrypted-media; gyroscope; picture-in-picture\" allowfullscreen><\/iframe>\n<\/div><figcaption><a href=\"https:\/\/www.youtube.com\/watch?v=lszDb8Zevik\" target=\"_blank\" rel=\"noreferrer noopener\">OU VEJA AQUI<\/a><\/figcaption><\/figure>\n","protected":false},"excerpt":{"rendered":"<p>Com a volta das chuvas, eclodiram tamb\u00e9m os ovos do Aedes aegipti, o mosquito transmissor da dengue. Larvas e mosquitos foram encontrados em quantidades consider\u00e1veis, em locais na cidade de Selbach. Os ovos do mosquito sobrevivem at\u00e9 um ano no seco. Neida Hammes secret\u00e1ria municipal de Sa\u00fade alerta para os cuidados. TALVEZ INTERESSE A VOC\u00ca: &hellip; <\/p>\n","protected":false},"author":1,"featured_media":4071,"comment_status":"open","ping_status":"open","sticky":false,"template":"","format":"standard","meta":{"footnotes":""},"categories":[1],"tags":[],"class_list":["post-4068","post","type-post","status-publish","format-standard","has-post-thumbnail","hentry","category-geral"],"yoast_head":"<!-- This site is optimized with the Yoast SEO plugin v16.1.1 - https:\/\/yoast.com\/wordpress\/plugins\/seo\/ -->\n<title>A volta do mosquito da dengue - R\u00e1dio Princesa FM 104.9 Mhz<\/title>\n<link rel=\"canonical\" href=\"https:\/\/radioprincesa2010.com.br\/fm\/a-volta-do-mosquito-da-dengue\/\" \/>\n<meta property=\"og:locale\" content=\"pt_BR\" \/>\n<meta property=\"og:type\" content=\"article\" \/>\n<meta property=\"og:title\" content=\"A volta do mosquito da dengue - R\u00e1dio Princesa FM 104.9 Mhz\" \/>\n<meta property=\"og:description\" content=\"Com a volta das chuvas, eclodiram tamb\u00e9m os ovos do Aedes aegipti, o mosquito transmissor da dengue. Larvas e mosquitos foram encontrados em quantidades consider\u00e1veis, em locais na cidade de Selbach. Os ovos do mosquito sobrevivem at\u00e9 um ano no seco. Neida Hammes secret\u00e1ria municipal de Sa\u00fade alerta para os cuidados. TALVEZ INTERESSE A VOC\u00ca: &hellip;\" \/>\n<meta property=\"og:url\" content=\"https:\/\/radioprincesa2010.com.br\/fm\/a-volta-do-mosquito-da-dengue\/\" \/>\n<meta property=\"og:site_name\" content=\"R\u00e1dio Princesa FM 104.9 Mhz\" \/>\n<meta property=\"article:published_time\" content=\"2022-03-25T21:50:19+00:00\" \/>\n<meta property=\"article:modified_time\" content=\"2022-03-25T21:50:21+00:00\" \/>\n<meta property=\"og:image\" content=\"https:\/\/radioprincesa2010.com.br\/fm\/wp-content\/uploads\/2022\/03\/1A-13.jpg\" \/>\n\t<meta property=\"og:image:width\" content=\"450\" \/>\n\t<meta property=\"og:image:height\" content=\"274\" \/>\n<meta name=\"twitter:card\" content=\"summary_large_image\" \/>\n<meta name=\"twitter:label1\" content=\"Est. tempo de leitura\">\n\t<meta name=\"twitter:data1\" content=\"1 minuto\">\n<script type=\"application\/ld+json\" class=\"yoast-schema-graph\">{\"@context\":\"https:\/\/schema.org\",\"@graph\":[{\"@type\":\"WebSite\",\"@id\":\"https:\/\/radioprincesa2010.com.br\/fm\/#website\",\"url\":\"https:\/\/radioprincesa2010.com.br\/fm\/\",\"name\":\"R\\u00e1dio Princesa FM 104.9 Mhz\",\"description\":\"Com voc\\u00ea o tempo todo\",\"potentialAction\":[{\"@type\":\"SearchAction\",\"target\":\"https:\/\/radioprincesa2010.com.br\/fm\/?s={search_term_string}\",\"query-input\":\"required name=search_term_string\"}],\"inLanguage\":\"pt-BR\"},{\"@type\":\"ImageObject\",\"@id\":\"https:\/\/radioprincesa2010.com.br\/fm\/a-volta-do-mosquito-da-dengue\/#primaryimage\",\"inLanguage\":\"pt-BR\",\"url\":\"https:\/\/radioprincesa2010.com.br\/fm\/wp-content\/uploads\/2022\/03\/1A-13.jpg\",\"contentUrl\":\"https:\/\/radioprincesa2010.com.br\/fm\/wp-content\/uploads\/2022\/03\/1A-13.jpg\",\"width\":450,\"height\":274},{\"@type\":\"WebPage\",\"@id\":\"https:\/\/radioprincesa2010.com.br\/fm\/a-volta-do-mosquito-da-dengue\/#webpage\",\"url\":\"https:\/\/radioprincesa2010.com.br\/fm\/a-volta-do-mosquito-da-dengue\/\",\"name\":\"A volta do mosquito da dengue - R\\u00e1dio Princesa FM 104.9 Mhz\",\"isPartOf\":{\"@id\":\"https:\/\/radioprincesa2010.com.br\/fm\/#website\"},\"primaryImageOfPage\":{\"@id\":\"https:\/\/radioprincesa2010.com.br\/fm\/a-volta-do-mosquito-da-dengue\/#primaryimage\"},\"datePublished\":\"2022-03-25T21:50:19+00:00\",\"dateModified\":\"2022-03-25T21:50:21+00:00\",\"author\":{\"@id\":\"https:\/\/radioprincesa2010.com.br\/fm\/#\/schema\/person\/7387850c16b3f47de42a1accfc7045c8\"},\"breadcrumb\":{\"@id\":\"https:\/\/radioprincesa2010.com.br\/fm\/a-volta-do-mosquito-da-dengue\/#breadcrumb\"},\"inLanguage\":\"pt-BR\",\"potentialAction\":[{\"@type\":\"ReadAction\",\"target\":[\"https:\/\/radioprincesa2010.com.br\/fm\/a-volta-do-mosquito-da-dengue\/\"]}]},{\"@type\":\"BreadcrumbList\",\"@id\":\"https:\/\/radioprincesa2010.com.br\/fm\/a-volta-do-mosquito-da-dengue\/#breadcrumb\",\"itemListElement\":[{\"@type\":\"ListItem\",\"position\":1,\"item\":{\"@type\":\"WebPage\",\"@id\":\"https:\/\/radioprincesa2010.com.br\/fm\/\",\"url\":\"https:\/\/radioprincesa2010.com.br\/fm\/\",\"name\":\"In\\u00edcio\"}},{\"@type\":\"ListItem\",\"position\":2,\"item\":{\"@type\":\"WebPage\",\"@id\":\"https:\/\/radioprincesa2010.com.br\/fm\/a-volta-do-mosquito-da-dengue\/\",\"url\":\"https:\/\/radioprincesa2010.com.br\/fm\/a-volta-do-mosquito-da-dengue\/\",\"name\":\"A volta do mosquito da dengue\"}}]},{\"@type\":\"Person\",\"@id\":\"https:\/\/radioprincesa2010.com.br\/fm\/#\/schema\/person\/7387850c16b3f47de42a1accfc7045c8\",\"name\":\"Princesa ADM\",\"image\":{\"@type\":\"ImageObject\",\"@id\":\"https:\/\/radioprincesa2010.com.br\/fm\/#personlogo\",\"inLanguage\":\"pt-BR\",\"url\":\"https:\/\/secure.gravatar.com\/avatar\/f30936cf78b511d12d0dda9d77461df5?s=96&d=mm&r=g\",\"contentUrl\":\"https:\/\/secure.gravatar.com\/avatar\/f30936cf78b511d12d0dda9d77461df5?s=96&d=mm&r=g\",\"caption\":\"Princesa ADM\"}}]}<\/script>\n<!-- \/ Yoast SEO plugin. -->","_links":{"self":[{"href":"https:\/\/radioprincesa2010.com.br\/fm\/wp-json\/wp\/v2\/posts\/4068","targetHints":{"allow":["GET"]}}],"collection":[{"href":"https:\/\/radioprincesa2010.com.br\/fm\/wp-json\/wp\/v2\/posts"}],"about":[{"href":"https:\/\/radioprincesa2010.com.br\/fm\/wp-json\/wp\/v2\/types\/post"}],"author":[{"embeddable":true,"href":"https:\/\/radioprincesa2010.com.br\/fm\/wp-json\/wp\/v2\/users\/1"}],"replies":[{"embeddable":true,"href":"https:\/\/radioprincesa2010.com.br\/fm\/wp-json\/wp\/v2\/comments?post=4068"}],"version-history":[{"count":2,"href":"https:\/\/radioprincesa2010.com.br\/fm\/wp-json\/wp\/v2\/posts\/4068\/revisions"}],"predecessor-version":[{"id":4073,"href":"https:\/\/radioprincesa2010.com.br\/fm\/wp-json\/wp\/v2\/posts\/4068\/revisions\/4073"}],"wp:featuredmedia":[{"embeddable":true,"href":"https:\/\/radioprincesa2010.com.br\/fm\/wp-json\/wp\/v2\/media\/4071"}],"wp:attachment":[{"href":"https:\/\/radioprincesa2010.com.br\/fm\/wp-json\/wp\/v2\/media?parent=4068"}],"wp:term":[{"taxonomy":"category","embeddable":true,"href":"https:\/\/radioprincesa2010.com.br\/fm\/wp-json\/wp\/v2\/categories?post=4068"},{"taxonomy":"post_tag","embeddable":true,"href":"https:\/\/radioprincesa2010.com.br\/fm\/wp-json\/wp\/v2\/tags?post=4068"}],"curies":[{"name":"wp","href":"https:\/\/api.w.org\/{rel}","templated":true}]}}