{"id":3836,"date":"2022-03-09T22:34:07","date_gmt":"2022-03-09T22:34:07","guid":{"rendered":"https:\/\/radioprincesa2010.com.br\/fm\/?p=3836"},"modified":"2022-03-09T22:34:10","modified_gmt":"2022-03-09T22:34:10","slug":"marlene-klassmann-fala-sobre-a-atuacao-das-mulheres-na-sociedade","status":"publish","type":"post","link":"https:\/\/radioprincesa2010.com.br\/fm\/marlene-klassmann-fala-sobre-a-atuacao-das-mulheres-na-sociedade\/","title":{"rendered":"Marlene Klassmann fala sobre a atua\u00e7\u00e3o das mulheres na sociedade"},"content":{"rendered":"<div id=\"fb-root\"><\/div>\n\n<figure class=\"wp-block-audio\"><audio controls src=\"https:\/\/radioprincesa2010.com.br\/fm\/wp-content\/uploads\/2022\/03\/3-2.mp3\"><\/audio><\/figure>\n\n\n\n<figure class=\"wp-block-image size-large\"><img loading=\"lazy\" decoding=\"async\" width=\"1024\" height=\"650\" src=\"https:\/\/radioprincesa2010.com.br\/fm\/wp-content\/uploads\/2022\/03\/3-4-1024x650.jpeg\" alt=\"\" class=\"wp-image-3838\" srcset=\"https:\/\/radioprincesa2010.com.br\/fm\/wp-content\/uploads\/2022\/03\/3-4-1024x650.jpeg 1024w, https:\/\/radioprincesa2010.com.br\/fm\/wp-content\/uploads\/2022\/03\/3-4-300x190.jpeg 300w, https:\/\/radioprincesa2010.com.br\/fm\/wp-content\/uploads\/2022\/03\/3-4-768x487.jpeg 768w, https:\/\/radioprincesa2010.com.br\/fm\/wp-content\/uploads\/2022\/03\/3-4-95x60.jpeg 95w, https:\/\/radioprincesa2010.com.br\/fm\/wp-content\/uploads\/2022\/03\/3-4.jpeg 1280w\" sizes=\"auto, (max-width: 1024px) 100vw, 1024px\" \/><\/figure>\n\n\n\n<h2 class=\"wp-block-heading\">VEJA TAMB\u00c9M: <\/h2>\n\n\n\n<h2 class=\"wp-block-heading\">Not\u00edcias de Passo Fundo e regi\u00e3o e assuntos gerais para o dia de hoje: 09-03-2022<\/h2>\n\n\n\n<p>INFORMA\u00c7\u00d5ES DE HOJE: 1) Delegacia de Homic\u00eddios identifica homem que matou amigo durante pescaria <\/p>\n\n\n\n<p>2) PRF e 1\u00b0BRBM prendem dois homens com mais de mil litros de agrot\u00f3xicos em Ronda Alta <\/p>\n\n\n\n<p>3) Mais um \u00f3bito por Covid <\/p>\n\n\n\n<p>4) Empresa de Passo Fundo apresenta fertilizante inteligente na Expodireto Cotrijal <\/p>\n\n\n\n<p>5) Drone que pulveriza lavouras \u00e9 destaque na Expodireto <\/p>\n\n\n\n<p>6) Nanotecnologia: a ci\u00eancia invadindo o agroneg\u00f3cio <\/p>\n\n\n\n<p>7) Movimento no Aeroclube de Carazinho praticamente dobra com a realiza\u00e7\u00e3o da Expodireto<\/p>\n\n\n\n<figure class=\"wp-block-embed is-type-video is-provider-youtube wp-block-embed-youtube wp-embed-aspect-16-9 wp-has-aspect-ratio\"><div class=\"wp-block-embed__wrapper\">\n<iframe loading=\"lazy\" title=\"*LIVE: #PASSO_FUNDO\/RS e REGI\u00c3O: #09-03-2022 - Not\u00edcias\" width=\"925\" height=\"520\" src=\"https:\/\/www.youtube.com\/embed\/XqPgvGum_3o?feature=oembed\" frameborder=\"0\" allow=\"accelerometer; autoplay; clipboard-write; encrypted-media; gyroscope; picture-in-picture\" allowfullscreen><\/iframe>\n<\/div><figcaption><a href=\"https:\/\/www.youtube.com\/watch?v=XqPgvGum_3o\" target=\"_blank\" rel=\"noreferrer noopener\">OU VEJA AQUI<\/a><\/figcaption><\/figure>\n\n\n\n<figure class=\"wp-block-embed is-type-video is-provider-youtube wp-block-embed-youtube wp-embed-aspect-16-9 wp-has-aspect-ratio\"><div class=\"wp-block-embed__wrapper\">\n<iframe loading=\"lazy\" title=\"Motoristas da Amazon reclamam das dancinhas que precisam fazer nas entregas\" width=\"925\" height=\"520\" src=\"https:\/\/www.youtube.com\/embed\/UOYBs1Q-R8Q?feature=oembed\" frameborder=\"0\" allow=\"accelerometer; autoplay; clipboard-write; encrypted-media; gyroscope; picture-in-picture\" allowfullscreen><\/iframe>\n<\/div><figcaption><a href=\"https:\/\/www.youtube.com\/watch?v=UOYBs1Q-R8Q\" target=\"_blank\" rel=\"noreferrer noopener\">OU VEJA AQUI<\/a><\/figcaption><\/figure>\n\n\n\n<figure class=\"wp-block-embed is-type-video is-provider-youtube wp-block-embed-youtube wp-embed-aspect-16-9 wp-has-aspect-ratio\"><div class=\"wp-block-embed__wrapper\">\n<iframe loading=\"lazy\" title=\"#LIXO humano espacial colidiU com a #LUA\" width=\"925\" height=\"520\" src=\"https:\/\/www.youtube.com\/embed\/spGmylT4BN0?feature=oembed\" frameborder=\"0\" allow=\"accelerometer; autoplay; clipboard-write; encrypted-media; gyroscope; picture-in-picture\" allowfullscreen><\/iframe>\n<\/div><figcaption><a href=\"https:\/\/www.youtube.com\/watch?v=spGmylT4BN0\" target=\"_blank\" rel=\"noreferrer noopener\">OU VEJA AQUI<\/a><\/figcaption><\/figure>\n\n\n\n<h2 class=\"wp-block-heading\">GOSTA DE ESPORTES? VEJA AS NOT\u00cdCIAS DE HOJE:<\/h2>\n\n\n\n<figure class=\"wp-block-embed is-type-video is-provider-youtube wp-block-embed-youtube wp-embed-aspect-16-9 wp-has-aspect-ratio\"><div class=\"wp-block-embed__wrapper\">\n<iframe loading=\"lazy\" title=\"F1 - Agora \u00e9 #OFICIAL: Haas anuncia seu #PILOTO para 2022\" width=\"925\" height=\"520\" src=\"https:\/\/www.youtube.com\/embed\/vooF326Czvw?feature=oembed\" frameborder=\"0\" allow=\"accelerometer; autoplay; clipboard-write; encrypted-media; gyroscope; picture-in-picture\" allowfullscreen><\/iframe>\n<\/div><figcaption><a href=\"https:\/\/www.youtube.com\/watch?v=vooF326Czvw\" target=\"_blank\" rel=\"noreferrer noopener\">OU VEJA AQUI<\/a><\/figcaption><\/figure>\n\n\n\n<figure class=\"wp-block-embed is-type-video is-provider-youtube wp-block-embed-youtube wp-embed-aspect-16-9 wp-has-aspect-ratio\"><div class=\"wp-block-embed__wrapper\">\n<iframe loading=\"lazy\" title=\"MOTOGP: Espargar\u00f3 sente tem #MOTO para ser #CAMPE\u00c3O\" width=\"925\" height=\"520\" src=\"https:\/\/www.youtube.com\/embed\/5MFqFP2XXbU?feature=oembed\" frameborder=\"0\" allow=\"accelerometer; autoplay; clipboard-write; encrypted-media; gyroscope; picture-in-picture\" allowfullscreen><\/iframe>\n<\/div><figcaption><a href=\"https:\/\/www.youtube.com\/watch?v=5MFqFP2XXbU\" target=\"_blank\" rel=\"noreferrer noopener\">OU VEJA AQUI<\/a><\/figcaption><\/figure>\n\n\n\n<p><\/p>\n","protected":false},"excerpt":{"rendered":"<p>VEJA TAMB\u00c9M: Not\u00edcias de Passo Fundo e regi\u00e3o e assuntos gerais para o dia de hoje: 09-03-2022 INFORMA\u00c7\u00d5ES DE HOJE: 1) Delegacia de Homic\u00eddios identifica homem que matou amigo durante pescaria 2) PRF e 1\u00b0BRBM prendem dois homens com mais de mil litros de agrot\u00f3xicos em Ronda Alta 3) Mais um \u00f3bito por Covid 4) &hellip; <\/p>\n","protected":false},"author":1,"featured_media":3838,"comment_status":"open","ping_status":"open","sticky":false,"template":"","format":"standard","meta":{"footnotes":""},"categories":[1],"tags":[],"class_list":["post-3836","post","type-post","status-publish","format-standard","has-post-thumbnail","hentry","category-geral"],"yoast_head":"<!-- This site is optimized with the Yoast SEO plugin v16.1.1 - https:\/\/yoast.com\/wordpress\/plugins\/seo\/ -->\n<title>Marlene Klassmann fala sobre a atua\u00e7\u00e3o das mulheres na sociedade - R\u00e1dio Princesa FM 104.9 Mhz<\/title>\n<link rel=\"canonical\" href=\"https:\/\/radioprincesa2010.com.br\/fm\/marlene-klassmann-fala-sobre-a-atuacao-das-mulheres-na-sociedade\/\" \/>\n<meta property=\"og:locale\" content=\"pt_BR\" \/>\n<meta property=\"og:type\" content=\"article\" \/>\n<meta property=\"og:title\" content=\"Marlene Klassmann fala sobre a atua\u00e7\u00e3o das mulheres na sociedade - R\u00e1dio Princesa FM 104.9 Mhz\" \/>\n<meta property=\"og:description\" content=\"VEJA TAMB\u00c9M: Not\u00edcias de Passo Fundo e regi\u00e3o e assuntos gerais para o dia de hoje: 09-03-2022 INFORMA\u00c7\u00d5ES DE HOJE: 1) Delegacia de Homic\u00eddios identifica homem que matou amigo durante pescaria 2) PRF e 1\u00b0BRBM prendem dois homens com mais de mil litros de agrot\u00f3xicos em Ronda Alta 3) Mais um \u00f3bito por Covid 4) &hellip;\" \/>\n<meta property=\"og:url\" content=\"https:\/\/radioprincesa2010.com.br\/fm\/marlene-klassmann-fala-sobre-a-atuacao-das-mulheres-na-sociedade\/\" \/>\n<meta property=\"og:site_name\" content=\"R\u00e1dio Princesa FM 104.9 Mhz\" \/>\n<meta property=\"article:published_time\" content=\"2022-03-09T22:34:07+00:00\" \/>\n<meta property=\"article:modified_time\" content=\"2022-03-09T22:34:10+00:00\" \/>\n<meta property=\"og:image\" content=\"https:\/\/radioprincesa2010.com.br\/fm\/wp-content\/uploads\/2022\/03\/3a-3.jpg\" \/>\n\t<meta property=\"og:image:width\" content=\"450\" \/>\n\t<meta property=\"og:image:height\" content=\"317\" \/>\n<meta name=\"twitter:card\" content=\"summary_large_image\" \/>\n<meta name=\"twitter:label1\" content=\"Est. tempo de leitura\">\n\t<meta name=\"twitter:data1\" content=\"1 minuto\">\n<script type=\"application\/ld+json\" class=\"yoast-schema-graph\">{\"@context\":\"https:\/\/schema.org\",\"@graph\":[{\"@type\":\"WebSite\",\"@id\":\"https:\/\/radioprincesa2010.com.br\/fm\/#website\",\"url\":\"https:\/\/radioprincesa2010.com.br\/fm\/\",\"name\":\"R\\u00e1dio Princesa FM 104.9 Mhz\",\"description\":\"Com voc\\u00ea o tempo todo\",\"potentialAction\":[{\"@type\":\"SearchAction\",\"target\":\"https:\/\/radioprincesa2010.com.br\/fm\/?s={search_term_string}\",\"query-input\":\"required name=search_term_string\"}],\"inLanguage\":\"pt-BR\"},{\"@type\":\"ImageObject\",\"@id\":\"https:\/\/radioprincesa2010.com.br\/fm\/marlene-klassmann-fala-sobre-a-atuacao-das-mulheres-na-sociedade\/#primaryimage\",\"inLanguage\":\"pt-BR\",\"url\":\"https:\/\/radioprincesa2010.com.br\/fm\/wp-content\/uploads\/2022\/03\/3a-3.jpg\",\"contentUrl\":\"https:\/\/radioprincesa2010.com.br\/fm\/wp-content\/uploads\/2022\/03\/3a-3.jpg\",\"width\":450,\"height\":317},{\"@type\":\"WebPage\",\"@id\":\"https:\/\/radioprincesa2010.com.br\/fm\/marlene-klassmann-fala-sobre-a-atuacao-das-mulheres-na-sociedade\/#webpage\",\"url\":\"https:\/\/radioprincesa2010.com.br\/fm\/marlene-klassmann-fala-sobre-a-atuacao-das-mulheres-na-sociedade\/\",\"name\":\"Marlene Klassmann fala sobre a atua\\u00e7\\u00e3o das mulheres na sociedade - R\\u00e1dio Princesa FM 104.9 Mhz\",\"isPartOf\":{\"@id\":\"https:\/\/radioprincesa2010.com.br\/fm\/#website\"},\"primaryImageOfPage\":{\"@id\":\"https:\/\/radioprincesa2010.com.br\/fm\/marlene-klassmann-fala-sobre-a-atuacao-das-mulheres-na-sociedade\/#primaryimage\"},\"datePublished\":\"2022-03-09T22:34:07+00:00\",\"dateModified\":\"2022-03-09T22:34:10+00:00\",\"author\":{\"@id\":\"https:\/\/radioprincesa2010.com.br\/fm\/#\/schema\/person\/7387850c16b3f47de42a1accfc7045c8\"},\"breadcrumb\":{\"@id\":\"https:\/\/radioprincesa2010.com.br\/fm\/marlene-klassmann-fala-sobre-a-atuacao-das-mulheres-na-sociedade\/#breadcrumb\"},\"inLanguage\":\"pt-BR\",\"potentialAction\":[{\"@type\":\"ReadAction\",\"target\":[\"https:\/\/radioprincesa2010.com.br\/fm\/marlene-klassmann-fala-sobre-a-atuacao-das-mulheres-na-sociedade\/\"]}]},{\"@type\":\"BreadcrumbList\",\"@id\":\"https:\/\/radioprincesa2010.com.br\/fm\/marlene-klassmann-fala-sobre-a-atuacao-das-mulheres-na-sociedade\/#breadcrumb\",\"itemListElement\":[{\"@type\":\"ListItem\",\"position\":1,\"item\":{\"@type\":\"WebPage\",\"@id\":\"https:\/\/radioprincesa2010.com.br\/fm\/\",\"url\":\"https:\/\/radioprincesa2010.com.br\/fm\/\",\"name\":\"In\\u00edcio\"}},{\"@type\":\"ListItem\",\"position\":2,\"item\":{\"@type\":\"WebPage\",\"@id\":\"https:\/\/radioprincesa2010.com.br\/fm\/marlene-klassmann-fala-sobre-a-atuacao-das-mulheres-na-sociedade\/\",\"url\":\"https:\/\/radioprincesa2010.com.br\/fm\/marlene-klassmann-fala-sobre-a-atuacao-das-mulheres-na-sociedade\/\",\"name\":\"Marlene Klassmann fala sobre a atua\\u00e7\\u00e3o das mulheres na sociedade\"}}]},{\"@type\":\"Person\",\"@id\":\"https:\/\/radioprincesa2010.com.br\/fm\/#\/schema\/person\/7387850c16b3f47de42a1accfc7045c8\",\"name\":\"Princesa ADM\",\"image\":{\"@type\":\"ImageObject\",\"@id\":\"https:\/\/radioprincesa2010.com.br\/fm\/#personlogo\",\"inLanguage\":\"pt-BR\",\"url\":\"https:\/\/secure.gravatar.com\/avatar\/f30936cf78b511d12d0dda9d77461df5?s=96&d=mm&r=g\",\"contentUrl\":\"https:\/\/secure.gravatar.com\/avatar\/f30936cf78b511d12d0dda9d77461df5?s=96&d=mm&r=g\",\"caption\":\"Princesa ADM\"}}]}<\/script>\n<!-- \/ Yoast SEO plugin. -->","_links":{"self":[{"href":"https:\/\/radioprincesa2010.com.br\/fm\/wp-json\/wp\/v2\/posts\/3836","targetHints":{"allow":["GET"]}}],"collection":[{"href":"https:\/\/radioprincesa2010.com.br\/fm\/wp-json\/wp\/v2\/posts"}],"about":[{"href":"https:\/\/radioprincesa2010.com.br\/fm\/wp-json\/wp\/v2\/types\/post"}],"author":[{"embeddable":true,"href":"https:\/\/radioprincesa2010.com.br\/fm\/wp-json\/wp\/v2\/users\/1"}],"replies":[{"embeddable":true,"href":"https:\/\/radioprincesa2010.com.br\/fm\/wp-json\/wp\/v2\/comments?post=3836"}],"version-history":[{"count":1,"href":"https:\/\/radioprincesa2010.com.br\/fm\/wp-json\/wp\/v2\/posts\/3836\/revisions"}],"predecessor-version":[{"id":3840,"href":"https:\/\/radioprincesa2010.com.br\/fm\/wp-json\/wp\/v2\/posts\/3836\/revisions\/3840"}],"wp:featuredmedia":[{"embeddable":true,"href":"https:\/\/radioprincesa2010.com.br\/fm\/wp-json\/wp\/v2\/media\/3838"}],"wp:attachment":[{"href":"https:\/\/radioprincesa2010.com.br\/fm\/wp-json\/wp\/v2\/media?parent=3836"}],"wp:term":[{"taxonomy":"category","embeddable":true,"href":"https:\/\/radioprincesa2010.com.br\/fm\/wp-json\/wp\/v2\/categories?post=3836"},{"taxonomy":"post_tag","embeddable":true,"href":"https:\/\/radioprincesa2010.com.br\/fm\/wp-json\/wp\/v2\/tags?post=3836"}],"curies":[{"name":"wp","href":"https:\/\/api.w.org\/{rel}","templated":true}]}}