{"id":3784,"date":"2022-03-03T20:36:00","date_gmt":"2022-03-03T20:36:00","guid":{"rendered":"https:\/\/radioprincesa2010.com.br\/fm\/?p=3784"},"modified":"2022-03-03T20:37:16","modified_gmt":"2022-03-03T20:37:16","slug":"a-psicologa-alice-philippsen-da-secretaria-municipal-de-saude-e-a-importancia-de-cuidar-da-mente2","status":"publish","type":"post","link":"https:\/\/radioprincesa2010.com.br\/fm\/a-psicologa-alice-philippsen-da-secretaria-municipal-de-saude-e-a-importancia-de-cuidar-da-mente2\/","title":{"rendered":"A psic\u00f3loga Alice Philippsen, da Secretaria Municipal de Sa\u00fade, e a import\u00e2ncia de cuidar da mente."},"content":{"rendered":"<div id=\"fb-root\"><\/div>\n\n<p>A 1\u00aa Confer\u00eancia Micro Regional de Sa\u00fade, em Selbach prepara as demandas para as Confer\u00eancias Regional, Estadual e Nacional, sobre as doen\u00e7as mentais. Elas ter\u00e3o aten\u00e7\u00e3o pelos governos a partir de agora.<\/p>\n\n\n\n<figure class=\"wp-block-audio\"><audio controls src=\"https:\/\/radioprincesa2010.com.br\/fm\/wp-content\/uploads\/2022\/03\/3.mp3\"><\/audio><\/figure>\n\n\n\n<figure class=\"wp-block-image size-large\"><img loading=\"lazy\" decoding=\"async\" width=\"1024\" height=\"768\" src=\"https:\/\/radioprincesa2010.com.br\/fm\/wp-content\/uploads\/2022\/03\/3-1024x768.jpeg\" alt=\"\" class=\"wp-image-3785\" srcset=\"https:\/\/radioprincesa2010.com.br\/fm\/wp-content\/uploads\/2022\/03\/3-1024x768.jpeg 1024w, https:\/\/radioprincesa2010.com.br\/fm\/wp-content\/uploads\/2022\/03\/3-300x225.jpeg 300w, https:\/\/radioprincesa2010.com.br\/fm\/wp-content\/uploads\/2022\/03\/3-768x576.jpeg 768w, https:\/\/radioprincesa2010.com.br\/fm\/wp-content\/uploads\/2022\/03\/3-80x60.jpeg 80w, https:\/\/radioprincesa2010.com.br\/fm\/wp-content\/uploads\/2022\/03\/3.jpeg 1280w\" sizes=\"auto, (max-width: 1024px) 100vw, 1024px\" \/><\/figure>\n\n\n\n<h2 class=\"wp-block-heading\">VEJA TAMB\u00c9M: <\/h2>\n\n\n\n<h2 class=\"wp-block-heading\">Not\u00edcias de Passo Fundo e regi\u00e3o e assuntos gerais<\/h2>\n\n\n\n<figure class=\"wp-block-embed is-type-video is-provider-youtube wp-block-embed-youtube wp-embed-aspect-16-9 wp-has-aspect-ratio\"><div class=\"wp-block-embed__wrapper\">\n<iframe loading=\"lazy\" title=\"*LIVE: #PASSO_FUNDO\/RS e REGI\u00c3O: #03-03-2022 - Not\u00edcias\" width=\"925\" height=\"520\" src=\"https:\/\/www.youtube.com\/embed\/2haMJUthVxU?start=706&#038;feature=oembed\" frameborder=\"0\" allow=\"accelerometer; autoplay; clipboard-write; encrypted-media; gyroscope; picture-in-picture\" allowfullscreen><\/iframe>\n<\/div><figcaption><a href=\"https:\/\/www.youtube.com\/watch?v=2haMJUthVxU&amp;t=706s\" target=\"_blank\" rel=\"noreferrer noopener\">OU VEJA AQUI<\/a><\/figcaption><\/figure>\n\n\n\n<figure class=\"wp-block-embed is-type-video is-provider-youtube wp-block-embed-youtube wp-embed-aspect-16-9 wp-has-aspect-ratio\"><div class=\"wp-block-embed__wrapper\">\n<iframe loading=\"lazy\" title=\"#DEPRESS\u00c3O e #ANSIEDADE aumentam #25% em todo mundo\" width=\"925\" height=\"520\" src=\"https:\/\/www.youtube.com\/embed\/7Mkabf_YVlg?feature=oembed\" frameborder=\"0\" allow=\"accelerometer; autoplay; clipboard-write; encrypted-media; gyroscope; picture-in-picture\" allowfullscreen><\/iframe>\n<\/div><figcaption><a href=\"https:\/\/www.youtube.com\/watch?v=7Mkabf_YVlg\" target=\"_blank\" rel=\"noreferrer noopener\">OU VEJA AQUI<\/a><\/figcaption><\/figure>\n\n\n\n<figure class=\"wp-block-embed is-type-video is-provider-youtube wp-block-embed-youtube wp-embed-aspect-16-9 wp-has-aspect-ratio\"><div class=\"wp-block-embed__wrapper\">\n<iframe loading=\"lazy\" title=\"#MENINO  #9_ANOS embarca s\u00f3 em #AVI\u00c3O 3.800 km\" width=\"925\" height=\"520\" src=\"https:\/\/www.youtube.com\/embed\/SMBXdHdMO1Q?feature=oembed\" frameborder=\"0\" allow=\"accelerometer; autoplay; clipboard-write; encrypted-media; gyroscope; picture-in-picture\" allowfullscreen><\/iframe>\n<\/div><figcaption><a href=\"https:\/\/www.youtube.com\/watch?v=SMBXdHdMO1Q\" target=\"_blank\" rel=\"noreferrer noopener\">OU VEJA AQUI<\/a><\/figcaption><\/figure>\n\n\n\n<h2 class=\"wp-block-heading\">GOSTA DE ESPORTES?<\/h2>\n\n\n\n<figure class=\"wp-block-embed is-type-video is-provider-youtube wp-block-embed-youtube wp-embed-aspect-16-9 wp-has-aspect-ratio\"><div class=\"wp-block-embed__wrapper\">\n<iframe loading=\"lazy\" title=\"F1: #VERSTAPPEN fecha #SAL\u00c1RIO com RED_BULL at\u00e9 2028\" width=\"925\" height=\"520\" src=\"https:\/\/www.youtube.com\/embed\/I0gIFIOV-rA?feature=oembed\" frameborder=\"0\" allow=\"accelerometer; autoplay; clipboard-write; encrypted-media; gyroscope; picture-in-picture\" allowfullscreen><\/iframe>\n<\/div><figcaption><a href=\"https:\/\/youtu.be\/I0gIFIOV-rA\" target=\"_blank\" rel=\"noreferrer noopener\">OU VEJA AQUI<\/a><\/figcaption><\/figure>\n\n\n\n<figure class=\"wp-block-embed is-type-video is-provider-youtube wp-block-embed-youtube wp-embed-aspect-16-9 wp-has-aspect-ratio\"><div class=\"wp-block-embed__wrapper\">\n<iframe loading=\"lazy\" title=\"MOTOGP: #CATAR #NOMES a serem #CAMPE\u00d5ES 2022\" width=\"925\" height=\"520\" src=\"https:\/\/www.youtube.com\/embed\/Bm8KF-_0dt4?feature=oembed\" frameborder=\"0\" allow=\"accelerometer; autoplay; clipboard-write; encrypted-media; gyroscope; picture-in-picture\" allowfullscreen><\/iframe>\n<\/div><figcaption><a href=\"https:\/\/youtu.be\/Bm8KF-_0dt4\" target=\"_blank\" rel=\"noreferrer noopener\">OU VEJA AQUI<\/a><\/figcaption><\/figure>\n\n\n\n<figure class=\"wp-block-embed is-type-video is-provider-youtube wp-block-embed-youtube wp-embed-aspect-16-9 wp-has-aspect-ratio\"><div class=\"wp-block-embed__wrapper\">\n<iframe loading=\"lazy\" title=\"UFC: #CAIN_VELASQUEZ tem #APOIO_POPULAR #PRESO\" width=\"925\" height=\"520\" src=\"https:\/\/www.youtube.com\/embed\/VwyAjkv1epk?feature=oembed\" frameborder=\"0\" allow=\"accelerometer; autoplay; clipboard-write; encrypted-media; gyroscope; picture-in-picture\" allowfullscreen><\/iframe>\n<\/div><figcaption><a href=\"https:\/\/youtu.be\/VwyAjkv1epk\" target=\"_blank\" rel=\"noreferrer noopener\">OU VEJA AQUI<\/a><\/figcaption><\/figure>\n\n\n\n<p><\/p>\n","protected":false},"excerpt":{"rendered":"<p>A 1\u00aa Confer\u00eancia Micro Regional de Sa\u00fade, em Selbach prepara as demandas para as Confer\u00eancias Regional, Estadual e Nacional, sobre as doen\u00e7as mentais. Elas ter\u00e3o aten\u00e7\u00e3o pelos governos a partir de agora. VEJA TAMB\u00c9M: Not\u00edcias de Passo Fundo e regi\u00e3o e assuntos gerais GOSTA DE ESPORTES?<\/p>\n","protected":false},"author":1,"featured_media":3787,"comment_status":"open","ping_status":"open","sticky":false,"template":"","format":"standard","meta":{"footnotes":""},"categories":[1],"tags":[],"class_list":["post-3784","post","type-post","status-publish","format-standard","has-post-thumbnail","hentry","category-geral"],"yoast_head":"<!-- This site is optimized with the Yoast SEO plugin v16.1.1 - https:\/\/yoast.com\/wordpress\/plugins\/seo\/ -->\n<title>A psic\u00f3loga Alice Philippsen, da Secretaria Municipal de Sa\u00fade, e a import\u00e2ncia de cuidar da mente. - R\u00e1dio Princesa FM 104.9 Mhz<\/title>\n<link rel=\"canonical\" href=\"https:\/\/radioprincesa2010.com.br\/fm\/a-psicologa-alice-philippsen-da-secretaria-municipal-de-saude-e-a-importancia-de-cuidar-da-mente2\/\" \/>\n<meta property=\"og:locale\" content=\"pt_BR\" \/>\n<meta property=\"og:type\" content=\"article\" \/>\n<meta property=\"og:title\" content=\"A psic\u00f3loga Alice Philippsen, da Secretaria Municipal de Sa\u00fade, e a import\u00e2ncia de cuidar da mente. - R\u00e1dio Princesa FM 104.9 Mhz\" \/>\n<meta property=\"og:description\" content=\"A 1\u00aa Confer\u00eancia Micro Regional de Sa\u00fade, em Selbach prepara as demandas para as Confer\u00eancias Regional, Estadual e Nacional, sobre as doen\u00e7as mentais. Elas ter\u00e3o aten\u00e7\u00e3o pelos governos a partir de agora. VEJA TAMB\u00c9M: Not\u00edcias de Passo Fundo e regi\u00e3o e assuntos gerais GOSTA DE ESPORTES?\" \/>\n<meta property=\"og:url\" content=\"https:\/\/radioprincesa2010.com.br\/fm\/a-psicologa-alice-philippsen-da-secretaria-municipal-de-saude-e-a-importancia-de-cuidar-da-mente2\/\" \/>\n<meta property=\"og:site_name\" content=\"R\u00e1dio Princesa FM 104.9 Mhz\" \/>\n<meta property=\"article:published_time\" content=\"2022-03-03T20:36:00+00:00\" \/>\n<meta property=\"article:modified_time\" content=\"2022-03-03T20:37:16+00:00\" \/>\n<meta property=\"og:image\" content=\"https:\/\/radioprincesa2010.com.br\/fm\/wp-content\/uploads\/2022\/03\/3A-1.jpg\" \/>\n\t<meta property=\"og:image:width\" content=\"450\" \/>\n\t<meta property=\"og:image:height\" content=\"432\" \/>\n<meta name=\"twitter:card\" content=\"summary_large_image\" \/>\n<meta name=\"twitter:label1\" content=\"Est. tempo de leitura\">\n\t<meta name=\"twitter:data1\" content=\"1 minuto\">\n<script type=\"application\/ld+json\" class=\"yoast-schema-graph\">{\"@context\":\"https:\/\/schema.org\",\"@graph\":[{\"@type\":\"WebSite\",\"@id\":\"https:\/\/radioprincesa2010.com.br\/fm\/#website\",\"url\":\"https:\/\/radioprincesa2010.com.br\/fm\/\",\"name\":\"R\\u00e1dio Princesa FM 104.9 Mhz\",\"description\":\"Com voc\\u00ea o tempo todo\",\"potentialAction\":[{\"@type\":\"SearchAction\",\"target\":\"https:\/\/radioprincesa2010.com.br\/fm\/?s={search_term_string}\",\"query-input\":\"required name=search_term_string\"}],\"inLanguage\":\"pt-BR\"},{\"@type\":\"ImageObject\",\"@id\":\"https:\/\/radioprincesa2010.com.br\/fm\/a-psicologa-alice-philippsen-da-secretaria-municipal-de-saude-e-a-importancia-de-cuidar-da-mente2\/#primaryimage\",\"inLanguage\":\"pt-BR\",\"url\":\"https:\/\/radioprincesa2010.com.br\/fm\/wp-content\/uploads\/2022\/03\/3A-1.jpg\",\"contentUrl\":\"https:\/\/radioprincesa2010.com.br\/fm\/wp-content\/uploads\/2022\/03\/3A-1.jpg\",\"width\":450,\"height\":432},{\"@type\":\"WebPage\",\"@id\":\"https:\/\/radioprincesa2010.com.br\/fm\/a-psicologa-alice-philippsen-da-secretaria-municipal-de-saude-e-a-importancia-de-cuidar-da-mente2\/#webpage\",\"url\":\"https:\/\/radioprincesa2010.com.br\/fm\/a-psicologa-alice-philippsen-da-secretaria-municipal-de-saude-e-a-importancia-de-cuidar-da-mente2\/\",\"name\":\"A psic\\u00f3loga Alice Philippsen, da Secretaria Municipal de Sa\\u00fade, e a import\\u00e2ncia de cuidar da mente. - R\\u00e1dio Princesa FM 104.9 Mhz\",\"isPartOf\":{\"@id\":\"https:\/\/radioprincesa2010.com.br\/fm\/#website\"},\"primaryImageOfPage\":{\"@id\":\"https:\/\/radioprincesa2010.com.br\/fm\/a-psicologa-alice-philippsen-da-secretaria-municipal-de-saude-e-a-importancia-de-cuidar-da-mente2\/#primaryimage\"},\"datePublished\":\"2022-03-03T20:36:00+00:00\",\"dateModified\":\"2022-03-03T20:37:16+00:00\",\"author\":{\"@id\":\"https:\/\/radioprincesa2010.com.br\/fm\/#\/schema\/person\/7387850c16b3f47de42a1accfc7045c8\"},\"breadcrumb\":{\"@id\":\"https:\/\/radioprincesa2010.com.br\/fm\/a-psicologa-alice-philippsen-da-secretaria-municipal-de-saude-e-a-importancia-de-cuidar-da-mente2\/#breadcrumb\"},\"inLanguage\":\"pt-BR\",\"potentialAction\":[{\"@type\":\"ReadAction\",\"target\":[\"https:\/\/radioprincesa2010.com.br\/fm\/a-psicologa-alice-philippsen-da-secretaria-municipal-de-saude-e-a-importancia-de-cuidar-da-mente2\/\"]}]},{\"@type\":\"BreadcrumbList\",\"@id\":\"https:\/\/radioprincesa2010.com.br\/fm\/a-psicologa-alice-philippsen-da-secretaria-municipal-de-saude-e-a-importancia-de-cuidar-da-mente2\/#breadcrumb\",\"itemListElement\":[{\"@type\":\"ListItem\",\"position\":1,\"item\":{\"@type\":\"WebPage\",\"@id\":\"https:\/\/radioprincesa2010.com.br\/fm\/\",\"url\":\"https:\/\/radioprincesa2010.com.br\/fm\/\",\"name\":\"In\\u00edcio\"}},{\"@type\":\"ListItem\",\"position\":2,\"item\":{\"@type\":\"WebPage\",\"@id\":\"https:\/\/radioprincesa2010.com.br\/fm\/a-psicologa-alice-philippsen-da-secretaria-municipal-de-saude-e-a-importancia-de-cuidar-da-mente2\/\",\"url\":\"https:\/\/radioprincesa2010.com.br\/fm\/a-psicologa-alice-philippsen-da-secretaria-municipal-de-saude-e-a-importancia-de-cuidar-da-mente2\/\",\"name\":\"A psic\\u00f3loga Alice Philippsen, da Secretaria Municipal de Sa\\u00fade, e a import\\u00e2ncia de cuidar da mente.\"}}]},{\"@type\":\"Person\",\"@id\":\"https:\/\/radioprincesa2010.com.br\/fm\/#\/schema\/person\/7387850c16b3f47de42a1accfc7045c8\",\"name\":\"Princesa ADM\",\"image\":{\"@type\":\"ImageObject\",\"@id\":\"https:\/\/radioprincesa2010.com.br\/fm\/#personlogo\",\"inLanguage\":\"pt-BR\",\"url\":\"https:\/\/secure.gravatar.com\/avatar\/f30936cf78b511d12d0dda9d77461df5?s=96&d=mm&r=g\",\"contentUrl\":\"https:\/\/secure.gravatar.com\/avatar\/f30936cf78b511d12d0dda9d77461df5?s=96&d=mm&r=g\",\"caption\":\"Princesa ADM\"}}]}<\/script>\n<!-- \/ Yoast SEO plugin. -->","_links":{"self":[{"href":"https:\/\/radioprincesa2010.com.br\/fm\/wp-json\/wp\/v2\/posts\/3784","targetHints":{"allow":["GET"]}}],"collection":[{"href":"https:\/\/radioprincesa2010.com.br\/fm\/wp-json\/wp\/v2\/posts"}],"about":[{"href":"https:\/\/radioprincesa2010.com.br\/fm\/wp-json\/wp\/v2\/types\/post"}],"author":[{"embeddable":true,"href":"https:\/\/radioprincesa2010.com.br\/fm\/wp-json\/wp\/v2\/users\/1"}],"replies":[{"embeddable":true,"href":"https:\/\/radioprincesa2010.com.br\/fm\/wp-json\/wp\/v2\/comments?post=3784"}],"version-history":[{"count":1,"href":"https:\/\/radioprincesa2010.com.br\/fm\/wp-json\/wp\/v2\/posts\/3784\/revisions"}],"predecessor-version":[{"id":3788,"href":"https:\/\/radioprincesa2010.com.br\/fm\/wp-json\/wp\/v2\/posts\/3784\/revisions\/3788"}],"wp:featuredmedia":[{"embeddable":true,"href":"https:\/\/radioprincesa2010.com.br\/fm\/wp-json\/wp\/v2\/media\/3787"}],"wp:attachment":[{"href":"https:\/\/radioprincesa2010.com.br\/fm\/wp-json\/wp\/v2\/media?parent=3784"}],"wp:term":[{"taxonomy":"category","embeddable":true,"href":"https:\/\/radioprincesa2010.com.br\/fm\/wp-json\/wp\/v2\/categories?post=3784"},{"taxonomy":"post_tag","embeddable":true,"href":"https:\/\/radioprincesa2010.com.br\/fm\/wp-json\/wp\/v2\/tags?post=3784"}],"curies":[{"name":"wp","href":"https:\/\/api.w.org\/{rel}","templated":true}]}}