{"id":3624,"date":"2022-02-18T16:22:12","date_gmt":"2022-02-18T16:22:12","guid":{"rendered":"https:\/\/radioprincesa2010.com.br\/fm\/?p=3624"},"modified":"2022-02-23T14:19:10","modified_gmt":"2022-02-23T14:19:10","slug":"hoje-tem-final-da-copa-categorias-de-base-em-selbach","status":"publish","type":"post","link":"https:\/\/radioprincesa2010.com.br\/fm\/hoje-tem-final-da-copa-categorias-de-base-em-selbach\/","title":{"rendered":"Hoje tem Final da Copa Categorias de Base em Selbach"},"content":{"rendered":"<div id=\"fb-root\"><\/div>\n\n<p>O jogo ter\u00e1 transmiss\u00e3o da R\u00e1dio Princesa <br>CATEGORIA SUB 13 DE SELBACH VAI EM BUSCA DO CANECO<\/p>\n\n\n\n<figure class=\"wp-block-audio\"><audio controls src=\"https:\/\/radioprincesa2010.com.br\/fm\/wp-content\/uploads\/2022\/02\/SASE_18-02-2022.mp3\"><\/audio><\/figure>\n\n\n\n<figure class=\"wp-block-image size-large\"><img loading=\"lazy\" decoding=\"async\" width=\"662\" height=\"1024\" src=\"https:\/\/radioprincesa2010.com.br\/fm\/wp-content\/uploads\/2022\/02\/1-22-662x1024.jpeg\" alt=\"\" class=\"wp-image-3625\" srcset=\"https:\/\/radioprincesa2010.com.br\/fm\/wp-content\/uploads\/2022\/02\/1-22-662x1024.jpeg 662w, https:\/\/radioprincesa2010.com.br\/fm\/wp-content\/uploads\/2022\/02\/1-22-194x300.jpeg 194w, https:\/\/radioprincesa2010.com.br\/fm\/wp-content\/uploads\/2022\/02\/1-22-768x1189.jpeg 768w, https:\/\/radioprincesa2010.com.br\/fm\/wp-content\/uploads\/2022\/02\/1-22-39x60.jpeg 39w, https:\/\/radioprincesa2010.com.br\/fm\/wp-content\/uploads\/2022\/02\/1-22.jpeg 827w\" sizes=\"auto, (max-width: 662px) 100vw, 662px\" \/><\/figure>\n\n\n\n<p>ACOMPANHE TAMB\u00c9M AS NOT\u00cdCIAS DE PASSO FUNDO E REGI\u00c3O:<\/p>\n\n\n\n<figure class=\"wp-block-embed is-type-video is-provider-youtube wp-block-embed-youtube wp-embed-aspect-16-9 wp-has-aspect-ratio\"><div class=\"wp-block-embed__wrapper\">\n<iframe loading=\"lazy\" title=\"*LIVE: PASSO FUNDO\/RS E REGI\u00c3O: 22-02-2022 - Not\u00edcias\" width=\"925\" height=\"520\" src=\"https:\/\/www.youtube.com\/embed\/qmjBab34AwM?feature=oembed\" frameborder=\"0\" allow=\"accelerometer; autoplay; clipboard-write; encrypted-media; gyroscope; picture-in-picture\" allowfullscreen><\/iframe>\n<\/div><figcaption><a href=\"https:\/\/youtu.be\/qmjBab34AwM\" target=\"_blank\" rel=\"noreferrer noopener\">OU VEJA AQUI<\/a><\/figcaption><\/figure>\n","protected":false},"excerpt":{"rendered":"<p>O jogo ter\u00e1 transmiss\u00e3o da R\u00e1dio Princesa CATEGORIA SUB 13 DE SELBACH VAI EM BUSCA DO CANECO ACOMPANHE TAMB\u00c9M AS NOT\u00cdCIAS DE PASSO FUNDO E REGI\u00c3O:<\/p>\n","protected":false},"author":1,"featured_media":3626,"comment_status":"open","ping_status":"open","sticky":false,"template":"","format":"standard","meta":{"footnotes":""},"categories":[1],"tags":[],"class_list":["post-3624","post","type-post","status-publish","format-standard","has-post-thumbnail","hentry","category-geral"],"yoast_head":"<!-- This site is optimized with the Yoast SEO plugin v16.1.1 - https:\/\/yoast.com\/wordpress\/plugins\/seo\/ -->\n<title>Hoje tem Final da Copa Categorias de Base em Selbach - R\u00e1dio Princesa FM 104.9 Mhz<\/title>\n<link rel=\"canonical\" href=\"https:\/\/radioprincesa2010.com.br\/fm\/hoje-tem-final-da-copa-categorias-de-base-em-selbach\/\" \/>\n<meta property=\"og:locale\" content=\"pt_BR\" \/>\n<meta property=\"og:type\" content=\"article\" \/>\n<meta property=\"og:title\" content=\"Hoje tem Final da Copa Categorias de Base em Selbach - R\u00e1dio Princesa FM 104.9 Mhz\" \/>\n<meta property=\"og:description\" content=\"O jogo ter\u00e1 transmiss\u00e3o da R\u00e1dio Princesa CATEGORIA SUB 13 DE SELBACH VAI EM BUSCA DO CANECO ACOMPANHE TAMB\u00c9M AS NOT\u00cdCIAS DE PASSO FUNDO E REGI\u00c3O:\" \/>\n<meta property=\"og:url\" content=\"https:\/\/radioprincesa2010.com.br\/fm\/hoje-tem-final-da-copa-categorias-de-base-em-selbach\/\" \/>\n<meta property=\"og:site_name\" content=\"R\u00e1dio Princesa FM 104.9 Mhz\" \/>\n<meta property=\"article:published_time\" content=\"2022-02-18T16:22:12+00:00\" \/>\n<meta property=\"article:modified_time\" content=\"2022-02-23T14:19:10+00:00\" \/>\n<meta property=\"og:image\" content=\"https:\/\/radioprincesa2010.com.br\/fm\/wp-content\/uploads\/2022\/02\/1-23.jpeg\" \/>\n\t<meta property=\"og:image:width\" content=\"450\" \/>\n\t<meta property=\"og:image:height\" content=\"311\" \/>\n<meta name=\"twitter:card\" content=\"summary_large_image\" \/>\n<meta name=\"twitter:label1\" content=\"Est. tempo de leitura\">\n\t<meta name=\"twitter:data1\" content=\"1 minuto\">\n<script type=\"application\/ld+json\" class=\"yoast-schema-graph\">{\"@context\":\"https:\/\/schema.org\",\"@graph\":[{\"@type\":\"WebSite\",\"@id\":\"https:\/\/radioprincesa2010.com.br\/fm\/#website\",\"url\":\"https:\/\/radioprincesa2010.com.br\/fm\/\",\"name\":\"R\\u00e1dio Princesa FM 104.9 Mhz\",\"description\":\"Com voc\\u00ea o tempo todo\",\"potentialAction\":[{\"@type\":\"SearchAction\",\"target\":\"https:\/\/radioprincesa2010.com.br\/fm\/?s={search_term_string}\",\"query-input\":\"required name=search_term_string\"}],\"inLanguage\":\"pt-BR\"},{\"@type\":\"ImageObject\",\"@id\":\"https:\/\/radioprincesa2010.com.br\/fm\/hoje-tem-final-da-copa-categorias-de-base-em-selbach\/#primaryimage\",\"inLanguage\":\"pt-BR\",\"url\":\"https:\/\/radioprincesa2010.com.br\/fm\/wp-content\/uploads\/2022\/02\/1-23.jpeg\",\"contentUrl\":\"https:\/\/radioprincesa2010.com.br\/fm\/wp-content\/uploads\/2022\/02\/1-23.jpeg\",\"width\":450,\"height\":311},{\"@type\":\"WebPage\",\"@id\":\"https:\/\/radioprincesa2010.com.br\/fm\/hoje-tem-final-da-copa-categorias-de-base-em-selbach\/#webpage\",\"url\":\"https:\/\/radioprincesa2010.com.br\/fm\/hoje-tem-final-da-copa-categorias-de-base-em-selbach\/\",\"name\":\"Hoje tem Final da Copa Categorias de Base em Selbach - R\\u00e1dio Princesa FM 104.9 Mhz\",\"isPartOf\":{\"@id\":\"https:\/\/radioprincesa2010.com.br\/fm\/#website\"},\"primaryImageOfPage\":{\"@id\":\"https:\/\/radioprincesa2010.com.br\/fm\/hoje-tem-final-da-copa-categorias-de-base-em-selbach\/#primaryimage\"},\"datePublished\":\"2022-02-18T16:22:12+00:00\",\"dateModified\":\"2022-02-23T14:19:10+00:00\",\"author\":{\"@id\":\"https:\/\/radioprincesa2010.com.br\/fm\/#\/schema\/person\/7387850c16b3f47de42a1accfc7045c8\"},\"breadcrumb\":{\"@id\":\"https:\/\/radioprincesa2010.com.br\/fm\/hoje-tem-final-da-copa-categorias-de-base-em-selbach\/#breadcrumb\"},\"inLanguage\":\"pt-BR\",\"potentialAction\":[{\"@type\":\"ReadAction\",\"target\":[\"https:\/\/radioprincesa2010.com.br\/fm\/hoje-tem-final-da-copa-categorias-de-base-em-selbach\/\"]}]},{\"@type\":\"BreadcrumbList\",\"@id\":\"https:\/\/radioprincesa2010.com.br\/fm\/hoje-tem-final-da-copa-categorias-de-base-em-selbach\/#breadcrumb\",\"itemListElement\":[{\"@type\":\"ListItem\",\"position\":1,\"item\":{\"@type\":\"WebPage\",\"@id\":\"https:\/\/radioprincesa2010.com.br\/fm\/\",\"url\":\"https:\/\/radioprincesa2010.com.br\/fm\/\",\"name\":\"In\\u00edcio\"}},{\"@type\":\"ListItem\",\"position\":2,\"item\":{\"@type\":\"WebPage\",\"@id\":\"https:\/\/radioprincesa2010.com.br\/fm\/hoje-tem-final-da-copa-categorias-de-base-em-selbach\/\",\"url\":\"https:\/\/radioprincesa2010.com.br\/fm\/hoje-tem-final-da-copa-categorias-de-base-em-selbach\/\",\"name\":\"Hoje tem Final da Copa Categorias de Base em Selbach\"}}]},{\"@type\":\"Person\",\"@id\":\"https:\/\/radioprincesa2010.com.br\/fm\/#\/schema\/person\/7387850c16b3f47de42a1accfc7045c8\",\"name\":\"Princesa ADM\",\"image\":{\"@type\":\"ImageObject\",\"@id\":\"https:\/\/radioprincesa2010.com.br\/fm\/#personlogo\",\"inLanguage\":\"pt-BR\",\"url\":\"https:\/\/secure.gravatar.com\/avatar\/f30936cf78b511d12d0dda9d77461df5?s=96&d=mm&r=g\",\"contentUrl\":\"https:\/\/secure.gravatar.com\/avatar\/f30936cf78b511d12d0dda9d77461df5?s=96&d=mm&r=g\",\"caption\":\"Princesa ADM\"}}]}<\/script>\n<!-- \/ Yoast SEO plugin. -->","_links":{"self":[{"href":"https:\/\/radioprincesa2010.com.br\/fm\/wp-json\/wp\/v2\/posts\/3624","targetHints":{"allow":["GET"]}}],"collection":[{"href":"https:\/\/radioprincesa2010.com.br\/fm\/wp-json\/wp\/v2\/posts"}],"about":[{"href":"https:\/\/radioprincesa2010.com.br\/fm\/wp-json\/wp\/v2\/types\/post"}],"author":[{"embeddable":true,"href":"https:\/\/radioprincesa2010.com.br\/fm\/wp-json\/wp\/v2\/users\/1"}],"replies":[{"embeddable":true,"href":"https:\/\/radioprincesa2010.com.br\/fm\/wp-json\/wp\/v2\/comments?post=3624"}],"version-history":[{"count":3,"href":"https:\/\/radioprincesa2010.com.br\/fm\/wp-json\/wp\/v2\/posts\/3624\/revisions"}],"predecessor-version":[{"id":3699,"href":"https:\/\/radioprincesa2010.com.br\/fm\/wp-json\/wp\/v2\/posts\/3624\/revisions\/3699"}],"wp:featuredmedia":[{"embeddable":true,"href":"https:\/\/radioprincesa2010.com.br\/fm\/wp-json\/wp\/v2\/media\/3626"}],"wp:attachment":[{"href":"https:\/\/radioprincesa2010.com.br\/fm\/wp-json\/wp\/v2\/media?parent=3624"}],"wp:term":[{"taxonomy":"category","embeddable":true,"href":"https:\/\/radioprincesa2010.com.br\/fm\/wp-json\/wp\/v2\/categories?post=3624"},{"taxonomy":"post_tag","embeddable":true,"href":"https:\/\/radioprincesa2010.com.br\/fm\/wp-json\/wp\/v2\/tags?post=3624"}],"curies":[{"name":"wp","href":"https:\/\/api.w.org\/{rel}","templated":true}]}}