{"id":2961,"date":"2021-02-05T20:39:57","date_gmt":"2021-02-05T20:39:57","guid":{"rendered":"https:\/\/radioprincesa2010.com.br\/fm\/?p=2961"},"modified":"2021-02-05T20:40:02","modified_gmt":"2021-02-05T20:40:02","slug":"sicredi-interacao-rota-das-terras-40-anos-de-historia","status":"publish","type":"post","link":"https:\/\/radioprincesa2010.com.br\/fm\/sicredi-interacao-rota-das-terras-40-anos-de-historia\/","title":{"rendered":"Sicredi Intera\u00e7\u00e3o Rota das Terras &#8211; 40 anos de Hist\u00f3ria"},"content":{"rendered":"<div id=\"fb-root\"><\/div>\n\n<p>\u201cA nossa hist\u00f3ria come\u00e7a com a sua. Uma folha de papel em branco, onde escrevemos<br>cap\u00edtulos de coopera\u00e7\u00e3o, trabalho e transforma\u00e7\u00e3o. Nessas quatro d\u00e9cadas,<br>trilhamos um caminho de grande aprendizado, evolu\u00e7\u00e3o e realiza\u00e7\u00e3o de sonhos.<br>Nossa gratid\u00e3o a voc\u00ea, que faz parte dessa hist\u00f3ria.<br>Sicredi Integra\u00e7\u00e3o Rota das Terras RS\/MG \u2013 40 Anos Fazendo Juntos.\u201d<\/p>\n","protected":false},"excerpt":{"rendered":"<p>\u201cA nossa hist\u00f3ria come\u00e7a com a sua. Uma folha de papel em branco, onde escrevemoscap\u00edtulos de coopera\u00e7\u00e3o, trabalho e transforma\u00e7\u00e3o. Nessas quatro d\u00e9cadas,trilhamos um caminho de grande aprendizado, evolu\u00e7\u00e3o e realiza\u00e7\u00e3o de sonhos.Nossa gratid\u00e3o a voc\u00ea, que faz parte dessa hist\u00f3ria.Sicredi Integra\u00e7\u00e3o Rota das Terras RS\/MG \u2013 40 Anos Fazendo Juntos.\u201d<\/p>\n","protected":false},"author":2,"featured_media":2962,"comment_status":"open","ping_status":"open","sticky":false,"template":"","format":"standard","meta":{"footnotes":""},"categories":[1],"tags":[],"class_list":["post-2961","post","type-post","status-publish","format-standard","has-post-thumbnail","hentry","category-geral"],"yoast_head":"<!-- This site is optimized with the Yoast SEO plugin v16.1.1 - https:\/\/yoast.com\/wordpress\/plugins\/seo\/ -->\n<title>Sicredi Intera\u00e7\u00e3o Rota das Terras - 40 anos de Hist\u00f3ria - R\u00e1dio Princesa FM 104.9 Mhz<\/title>\n<link rel=\"canonical\" href=\"https:\/\/radioprincesa2010.com.br\/fm\/sicredi-interacao-rota-das-terras-40-anos-de-historia\/\" \/>\n<meta property=\"og:locale\" content=\"pt_BR\" \/>\n<meta property=\"og:type\" content=\"article\" \/>\n<meta property=\"og:title\" content=\"Sicredi Intera\u00e7\u00e3o Rota das Terras - 40 anos de Hist\u00f3ria - R\u00e1dio Princesa FM 104.9 Mhz\" \/>\n<meta property=\"og:description\" content=\"\u201cA nossa hist\u00f3ria come\u00e7a com a sua. Uma folha de papel em branco, onde escrevemoscap\u00edtulos de coopera\u00e7\u00e3o, trabalho e transforma\u00e7\u00e3o. Nessas quatro d\u00e9cadas,trilhamos um caminho de grande aprendizado, evolu\u00e7\u00e3o e realiza\u00e7\u00e3o de sonhos.Nossa gratid\u00e3o a voc\u00ea, que faz parte dessa hist\u00f3ria.Sicredi Integra\u00e7\u00e3o Rota das Terras RS\/MG \u2013 40 Anos Fazendo Juntos.\u201d\" \/>\n<meta property=\"og:url\" content=\"https:\/\/radioprincesa2010.com.br\/fm\/sicredi-interacao-rota-das-terras-40-anos-de-historia\/\" \/>\n<meta property=\"og:site_name\" content=\"R\u00e1dio Princesa FM 104.9 Mhz\" \/>\n<meta property=\"article:published_time\" content=\"2021-02-05T20:39:57+00:00\" \/>\n<meta property=\"article:modified_time\" content=\"2021-02-05T20:40:02+00:00\" \/>\n<meta property=\"og:image\" content=\"https:\/\/radioprincesa2010.com.br\/fm\/wp-content\/uploads\/2021\/02\/1.jpg\" \/>\n\t<meta property=\"og:image:width\" content=\"600\" \/>\n\t<meta property=\"og:image:height\" content=\"450\" \/>\n<meta name=\"twitter:card\" content=\"summary_large_image\" \/>\n<script type=\"application\/ld+json\" class=\"yoast-schema-graph\">{\"@context\":\"https:\/\/schema.org\",\"@graph\":[{\"@type\":\"WebSite\",\"@id\":\"https:\/\/radioprincesa2010.com.br\/fm\/#website\",\"url\":\"https:\/\/radioprincesa2010.com.br\/fm\/\",\"name\":\"R\\u00e1dio Princesa FM 104.9 Mhz\",\"description\":\"Com voc\\u00ea o tempo todo\",\"potentialAction\":[{\"@type\":\"SearchAction\",\"target\":\"https:\/\/radioprincesa2010.com.br\/fm\/?s={search_term_string}\",\"query-input\":\"required name=search_term_string\"}],\"inLanguage\":\"pt-BR\"},{\"@type\":\"ImageObject\",\"@id\":\"https:\/\/radioprincesa2010.com.br\/fm\/sicredi-interacao-rota-das-terras-40-anos-de-historia\/#primaryimage\",\"inLanguage\":\"pt-BR\",\"url\":\"https:\/\/radioprincesa2010.com.br\/fm\/wp-content\/uploads\/2021\/02\/1.jpg\",\"contentUrl\":\"https:\/\/radioprincesa2010.com.br\/fm\/wp-content\/uploads\/2021\/02\/1.jpg\",\"width\":600,\"height\":450},{\"@type\":\"WebPage\",\"@id\":\"https:\/\/radioprincesa2010.com.br\/fm\/sicredi-interacao-rota-das-terras-40-anos-de-historia\/#webpage\",\"url\":\"https:\/\/radioprincesa2010.com.br\/fm\/sicredi-interacao-rota-das-terras-40-anos-de-historia\/\",\"name\":\"Sicredi Intera\\u00e7\\u00e3o Rota das Terras - 40 anos de Hist\\u00f3ria - R\\u00e1dio Princesa FM 104.9 Mhz\",\"isPartOf\":{\"@id\":\"https:\/\/radioprincesa2010.com.br\/fm\/#website\"},\"primaryImageOfPage\":{\"@id\":\"https:\/\/radioprincesa2010.com.br\/fm\/sicredi-interacao-rota-das-terras-40-anos-de-historia\/#primaryimage\"},\"datePublished\":\"2021-02-05T20:39:57+00:00\",\"dateModified\":\"2021-02-05T20:40:02+00:00\",\"author\":{\"@id\":\"https:\/\/radioprincesa2010.com.br\/fm\/#\/schema\/person\/2671cea07bd207fdbf7f094a7ab77c1c\"},\"breadcrumb\":{\"@id\":\"https:\/\/radioprincesa2010.com.br\/fm\/sicredi-interacao-rota-das-terras-40-anos-de-historia\/#breadcrumb\"},\"inLanguage\":\"pt-BR\",\"potentialAction\":[{\"@type\":\"ReadAction\",\"target\":[\"https:\/\/radioprincesa2010.com.br\/fm\/sicredi-interacao-rota-das-terras-40-anos-de-historia\/\"]}]},{\"@type\":\"BreadcrumbList\",\"@id\":\"https:\/\/radioprincesa2010.com.br\/fm\/sicredi-interacao-rota-das-terras-40-anos-de-historia\/#breadcrumb\",\"itemListElement\":[{\"@type\":\"ListItem\",\"position\":1,\"item\":{\"@type\":\"WebPage\",\"@id\":\"https:\/\/radioprincesa2010.com.br\/fm\/\",\"url\":\"https:\/\/radioprincesa2010.com.br\/fm\/\",\"name\":\"In\\u00edcio\"}},{\"@type\":\"ListItem\",\"position\":2,\"item\":{\"@type\":\"WebPage\",\"@id\":\"https:\/\/radioprincesa2010.com.br\/fm\/sicredi-interacao-rota-das-terras-40-anos-de-historia\/\",\"url\":\"https:\/\/radioprincesa2010.com.br\/fm\/sicredi-interacao-rota-das-terras-40-anos-de-historia\/\",\"name\":\"Sicredi Intera\\u00e7\\u00e3o Rota das Terras &#8211; 40 anos de Hist\\u00f3ria\"}}]},{\"@type\":\"Person\",\"@id\":\"https:\/\/radioprincesa2010.com.br\/fm\/#\/schema\/person\/2671cea07bd207fdbf7f094a7ab77c1c\",\"name\":\"Radialistas Princesa FM\",\"image\":{\"@type\":\"ImageObject\",\"@id\":\"https:\/\/radioprincesa2010.com.br\/fm\/#personlogo\",\"inLanguage\":\"pt-BR\",\"url\":\"https:\/\/secure.gravatar.com\/avatar\/1e60f2ae894518c7afac50daca716e5d?s=96&d=mm&r=g\",\"contentUrl\":\"https:\/\/secure.gravatar.com\/avatar\/1e60f2ae894518c7afac50daca716e5d?s=96&d=mm&r=g\",\"caption\":\"Radialistas Princesa FM\"}}]}<\/script>\n<!-- \/ Yoast SEO plugin. -->","_links":{"self":[{"href":"https:\/\/radioprincesa2010.com.br\/fm\/wp-json\/wp\/v2\/posts\/2961","targetHints":{"allow":["GET"]}}],"collection":[{"href":"https:\/\/radioprincesa2010.com.br\/fm\/wp-json\/wp\/v2\/posts"}],"about":[{"href":"https:\/\/radioprincesa2010.com.br\/fm\/wp-json\/wp\/v2\/types\/post"}],"author":[{"embeddable":true,"href":"https:\/\/radioprincesa2010.com.br\/fm\/wp-json\/wp\/v2\/users\/2"}],"replies":[{"embeddable":true,"href":"https:\/\/radioprincesa2010.com.br\/fm\/wp-json\/wp\/v2\/comments?post=2961"}],"version-history":[{"count":1,"href":"https:\/\/radioprincesa2010.com.br\/fm\/wp-json\/wp\/v2\/posts\/2961\/revisions"}],"predecessor-version":[{"id":2963,"href":"https:\/\/radioprincesa2010.com.br\/fm\/wp-json\/wp\/v2\/posts\/2961\/revisions\/2963"}],"wp:featuredmedia":[{"embeddable":true,"href":"https:\/\/radioprincesa2010.com.br\/fm\/wp-json\/wp\/v2\/media\/2962"}],"wp:attachment":[{"href":"https:\/\/radioprincesa2010.com.br\/fm\/wp-json\/wp\/v2\/media?parent=2961"}],"wp:term":[{"taxonomy":"category","embeddable":true,"href":"https:\/\/radioprincesa2010.com.br\/fm\/wp-json\/wp\/v2\/categories?post=2961"},{"taxonomy":"post_tag","embeddable":true,"href":"https:\/\/radioprincesa2010.com.br\/fm\/wp-json\/wp\/v2\/tags?post=2961"}],"curies":[{"name":"wp","href":"https:\/\/api.w.org\/{rel}","templated":true}]}}