{"id":2806,"date":"2020-10-16T18:47:37","date_gmt":"2020-10-16T18:47:37","guid":{"rendered":"https:\/\/radioprincesa2010.com.br\/fm\/?p=2806"},"modified":"2020-10-16T18:47:39","modified_gmt":"2020-10-16T18:47:39","slug":"live-oktober-rosa-beneficente-a-ascca-sera-nesta-sexta-feira","status":"publish","type":"post","link":"https:\/\/radioprincesa2010.com.br\/fm\/live-oktober-rosa-beneficente-a-ascca-sera-nesta-sexta-feira\/","title":{"rendered":"Live Oktober Rosa beneficente \u00e0 ASCCA ser\u00e1 nesta sexta-feira"},"content":{"rendered":"<div id=\"fb-root\"><\/div>\n\n<p>A banda Metais em Festa vai realizar a Live Oktober Rosa nesta sexta-feira, \u00e0s 20h, pelo Facebook. O evento ser\u00e1 beneficente \u00e0 Associa\u00e7\u00e3o\u00a0 Selbachense de Combate ao C\u00e2ncer (ASCCA).<\/p>\n\n\n\n<figure class=\"wp-block-image size-large\"><img loading=\"lazy\" decoding=\"async\" width=\"723\" height=\"1024\" src=\"https:\/\/radioprincesa2010.com.br\/fm\/wp-content\/uploads\/2020\/10\/SELBACH-\u2013-Live-Oktober-Rosa-beneficente-\u00e0-ASCCA-ser\u00e1-nesta-sexta-feira-16-1-723x1024.jpg\" alt=\"\" class=\"wp-image-2807\" srcset=\"https:\/\/radioprincesa2010.com.br\/fm\/wp-content\/uploads\/2020\/10\/SELBACH-\u2013-Live-Oktober-Rosa-beneficente-\u00e0-ASCCA-ser\u00e1-nesta-sexta-feira-16-1-723x1024.jpg 723w, https:\/\/radioprincesa2010.com.br\/fm\/wp-content\/uploads\/2020\/10\/SELBACH-\u2013-Live-Oktober-Rosa-beneficente-\u00e0-ASCCA-ser\u00e1-nesta-sexta-feira-16-1-212x300.jpg 212w, https:\/\/radioprincesa2010.com.br\/fm\/wp-content\/uploads\/2020\/10\/SELBACH-\u2013-Live-Oktober-Rosa-beneficente-\u00e0-ASCCA-ser\u00e1-nesta-sexta-feira-16-1-768x1087.jpg 768w, https:\/\/radioprincesa2010.com.br\/fm\/wp-content\/uploads\/2020\/10\/SELBACH-\u2013-Live-Oktober-Rosa-beneficente-\u00e0-ASCCA-ser\u00e1-nesta-sexta-feira-16-1-42x60.jpg 42w, https:\/\/radioprincesa2010.com.br\/fm\/wp-content\/uploads\/2020\/10\/SELBACH-\u2013-Live-Oktober-Rosa-beneficente-\u00e0-ASCCA-ser\u00e1-nesta-sexta-feira-16-1.jpg 904w\" sizes=\"auto, (max-width: 723px) 100vw, 723px\" \/><\/figure>\n","protected":false},"excerpt":{"rendered":"<p>A banda Metais em Festa vai realizar a Live Oktober Rosa nesta sexta-feira, \u00e0s 20h, pelo Facebook. O evento ser\u00e1 beneficente \u00e0 Associa\u00e7\u00e3o\u00a0 Selbachense de Combate ao C\u00e2ncer (ASCCA).<\/p>\n","protected":false},"author":2,"featured_media":0,"comment_status":"open","ping_status":"open","sticky":false,"template":"","format":"standard","meta":{"footnotes":""},"categories":[1],"tags":[],"class_list":["post-2806","post","type-post","status-publish","format-standard","hentry","category-geral"],"yoast_head":"<!-- This site is optimized with the Yoast SEO plugin v16.1.1 - https:\/\/yoast.com\/wordpress\/plugins\/seo\/ -->\n<title>Live Oktober Rosa beneficente \u00e0 ASCCA ser\u00e1 nesta sexta-feira - R\u00e1dio Princesa FM 104.9 Mhz<\/title>\n<link rel=\"canonical\" href=\"https:\/\/radioprincesa2010.com.br\/fm\/live-oktober-rosa-beneficente-a-ascca-sera-nesta-sexta-feira\/\" \/>\n<meta property=\"og:locale\" content=\"pt_BR\" \/>\n<meta property=\"og:type\" content=\"article\" \/>\n<meta property=\"og:title\" content=\"Live Oktober Rosa beneficente \u00e0 ASCCA ser\u00e1 nesta sexta-feira - R\u00e1dio Princesa FM 104.9 Mhz\" \/>\n<meta property=\"og:description\" content=\"A banda Metais em Festa vai realizar a Live Oktober Rosa nesta sexta-feira, \u00e0s 20h, pelo Facebook. O evento ser\u00e1 beneficente \u00e0 Associa\u00e7\u00e3o\u00a0 Selbachense de Combate ao C\u00e2ncer (ASCCA).\" \/>\n<meta property=\"og:url\" content=\"https:\/\/radioprincesa2010.com.br\/fm\/live-oktober-rosa-beneficente-a-ascca-sera-nesta-sexta-feira\/\" \/>\n<meta property=\"og:site_name\" content=\"R\u00e1dio Princesa FM 104.9 Mhz\" \/>\n<meta property=\"article:published_time\" content=\"2020-10-16T18:47:37+00:00\" \/>\n<meta property=\"article:modified_time\" content=\"2020-10-16T18:47:39+00:00\" \/>\n<meta property=\"og:image\" content=\"https:\/\/radioprincesa2010.com.br\/fm\/wp-content\/uploads\/2020\/10\/SELBACH-\u2013-Live-Oktober-Rosa-beneficente-\u00e0-ASCCA-ser\u00e1-nesta-sexta-feira-16-1-723x1024.jpg\" \/>\n<meta name=\"twitter:card\" content=\"summary_large_image\" \/>\n<script type=\"application\/ld+json\" class=\"yoast-schema-graph\">{\"@context\":\"https:\/\/schema.org\",\"@graph\":[{\"@type\":\"WebSite\",\"@id\":\"https:\/\/radioprincesa2010.com.br\/fm\/#website\",\"url\":\"https:\/\/radioprincesa2010.com.br\/fm\/\",\"name\":\"R\\u00e1dio Princesa FM 104.9 Mhz\",\"description\":\"Com voc\\u00ea o tempo todo\",\"potentialAction\":[{\"@type\":\"SearchAction\",\"target\":\"https:\/\/radioprincesa2010.com.br\/fm\/?s={search_term_string}\",\"query-input\":\"required name=search_term_string\"}],\"inLanguage\":\"pt-BR\"},{\"@type\":\"ImageObject\",\"@id\":\"https:\/\/radioprincesa2010.com.br\/fm\/live-oktober-rosa-beneficente-a-ascca-sera-nesta-sexta-feira\/#primaryimage\",\"inLanguage\":\"pt-BR\",\"url\":\"https:\/\/radioprincesa2010.com.br\/fm\/wp-content\/uploads\/2020\/10\/SELBACH-\\u2013-Live-Oktober-Rosa-beneficente-\\u00e0-ASCCA-ser\\u00e1-nesta-sexta-feira-16-1.jpg\",\"contentUrl\":\"https:\/\/radioprincesa2010.com.br\/fm\/wp-content\/uploads\/2020\/10\/SELBACH-\\u2013-Live-Oktober-Rosa-beneficente-\\u00e0-ASCCA-ser\\u00e1-nesta-sexta-feira-16-1.jpg\",\"width\":904,\"height\":1280},{\"@type\":\"WebPage\",\"@id\":\"https:\/\/radioprincesa2010.com.br\/fm\/live-oktober-rosa-beneficente-a-ascca-sera-nesta-sexta-feira\/#webpage\",\"url\":\"https:\/\/radioprincesa2010.com.br\/fm\/live-oktober-rosa-beneficente-a-ascca-sera-nesta-sexta-feira\/\",\"name\":\"Live Oktober Rosa beneficente \\u00e0 ASCCA ser\\u00e1 nesta sexta-feira - R\\u00e1dio Princesa FM 104.9 Mhz\",\"isPartOf\":{\"@id\":\"https:\/\/radioprincesa2010.com.br\/fm\/#website\"},\"primaryImageOfPage\":{\"@id\":\"https:\/\/radioprincesa2010.com.br\/fm\/live-oktober-rosa-beneficente-a-ascca-sera-nesta-sexta-feira\/#primaryimage\"},\"datePublished\":\"2020-10-16T18:47:37+00:00\",\"dateModified\":\"2020-10-16T18:47:39+00:00\",\"author\":{\"@id\":\"https:\/\/radioprincesa2010.com.br\/fm\/#\/schema\/person\/2671cea07bd207fdbf7f094a7ab77c1c\"},\"breadcrumb\":{\"@id\":\"https:\/\/radioprincesa2010.com.br\/fm\/live-oktober-rosa-beneficente-a-ascca-sera-nesta-sexta-feira\/#breadcrumb\"},\"inLanguage\":\"pt-BR\",\"potentialAction\":[{\"@type\":\"ReadAction\",\"target\":[\"https:\/\/radioprincesa2010.com.br\/fm\/live-oktober-rosa-beneficente-a-ascca-sera-nesta-sexta-feira\/\"]}]},{\"@type\":\"BreadcrumbList\",\"@id\":\"https:\/\/radioprincesa2010.com.br\/fm\/live-oktober-rosa-beneficente-a-ascca-sera-nesta-sexta-feira\/#breadcrumb\",\"itemListElement\":[{\"@type\":\"ListItem\",\"position\":1,\"item\":{\"@type\":\"WebPage\",\"@id\":\"https:\/\/radioprincesa2010.com.br\/fm\/\",\"url\":\"https:\/\/radioprincesa2010.com.br\/fm\/\",\"name\":\"In\\u00edcio\"}},{\"@type\":\"ListItem\",\"position\":2,\"item\":{\"@type\":\"WebPage\",\"@id\":\"https:\/\/radioprincesa2010.com.br\/fm\/live-oktober-rosa-beneficente-a-ascca-sera-nesta-sexta-feira\/\",\"url\":\"https:\/\/radioprincesa2010.com.br\/fm\/live-oktober-rosa-beneficente-a-ascca-sera-nesta-sexta-feira\/\",\"name\":\"Live Oktober Rosa beneficente \\u00e0 ASCCA ser\\u00e1 nesta sexta-feira\"}}]},{\"@type\":\"Person\",\"@id\":\"https:\/\/radioprincesa2010.com.br\/fm\/#\/schema\/person\/2671cea07bd207fdbf7f094a7ab77c1c\",\"name\":\"Radialistas Princesa FM\",\"image\":{\"@type\":\"ImageObject\",\"@id\":\"https:\/\/radioprincesa2010.com.br\/fm\/#personlogo\",\"inLanguage\":\"pt-BR\",\"url\":\"https:\/\/secure.gravatar.com\/avatar\/1e60f2ae894518c7afac50daca716e5d?s=96&d=mm&r=g\",\"contentUrl\":\"https:\/\/secure.gravatar.com\/avatar\/1e60f2ae894518c7afac50daca716e5d?s=96&d=mm&r=g\",\"caption\":\"Radialistas Princesa FM\"}}]}<\/script>\n<!-- \/ Yoast SEO plugin. -->","_links":{"self":[{"href":"https:\/\/radioprincesa2010.com.br\/fm\/wp-json\/wp\/v2\/posts\/2806","targetHints":{"allow":["GET"]}}],"collection":[{"href":"https:\/\/radioprincesa2010.com.br\/fm\/wp-json\/wp\/v2\/posts"}],"about":[{"href":"https:\/\/radioprincesa2010.com.br\/fm\/wp-json\/wp\/v2\/types\/post"}],"author":[{"embeddable":true,"href":"https:\/\/radioprincesa2010.com.br\/fm\/wp-json\/wp\/v2\/users\/2"}],"replies":[{"embeddable":true,"href":"https:\/\/radioprincesa2010.com.br\/fm\/wp-json\/wp\/v2\/comments?post=2806"}],"version-history":[{"count":1,"href":"https:\/\/radioprincesa2010.com.br\/fm\/wp-json\/wp\/v2\/posts\/2806\/revisions"}],"predecessor-version":[{"id":2808,"href":"https:\/\/radioprincesa2010.com.br\/fm\/wp-json\/wp\/v2\/posts\/2806\/revisions\/2808"}],"wp:attachment":[{"href":"https:\/\/radioprincesa2010.com.br\/fm\/wp-json\/wp\/v2\/media?parent=2806"}],"wp:term":[{"taxonomy":"category","embeddable":true,"href":"https:\/\/radioprincesa2010.com.br\/fm\/wp-json\/wp\/v2\/categories?post=2806"},{"taxonomy":"post_tag","embeddable":true,"href":"https:\/\/radioprincesa2010.com.br\/fm\/wp-json\/wp\/v2\/tags?post=2806"}],"curies":[{"name":"wp","href":"https:\/\/api.w.org\/{rel}","templated":true}]}}