{"id":2802,"date":"2020-10-16T13:01:50","date_gmt":"2020-10-16T13:01:50","guid":{"rendered":"https:\/\/radioprincesa2010.com.br\/fm\/?p=2802"},"modified":"2020-10-16T13:01:53","modified_gmt":"2020-10-16T13:01:53","slug":"campanha-nacional-de-vacinacao-2020","status":"publish","type":"post","link":"https:\/\/radioprincesa2010.com.br\/fm\/campanha-nacional-de-vacinacao-2020\/","title":{"rendered":"Campanha Nacional de Vacina\u00e7\u00e3o 2020"},"content":{"rendered":"<div id=\"fb-root\"><\/div>\n\n<div class=\"wp-block-image\"><figure class=\"alignleft size-large is-resized\"><img loading=\"lazy\" decoding=\"async\" src=\"https:\/\/radioprincesa2010.com.br\/fm\/wp-content\/uploads\/2020\/10\/SELBACH-\u2013-Campanha-Nacional-de-Vacina\u00e7\u00e3o-2020-1.jpg\" alt=\"\" class=\"wp-image-2803\" width=\"250\" height=\"158\" srcset=\"https:\/\/radioprincesa2010.com.br\/fm\/wp-content\/uploads\/2020\/10\/SELBACH-\u2013-Campanha-Nacional-de-Vacina\u00e7\u00e3o-2020-1.jpg 1000w, https:\/\/radioprincesa2010.com.br\/fm\/wp-content\/uploads\/2020\/10\/SELBACH-\u2013-Campanha-Nacional-de-Vacina\u00e7\u00e3o-2020-1-300x190.jpg 300w, https:\/\/radioprincesa2010.com.br\/fm\/wp-content\/uploads\/2020\/10\/SELBACH-\u2013-Campanha-Nacional-de-Vacina\u00e7\u00e3o-2020-1-768x485.jpg 768w, https:\/\/radioprincesa2010.com.br\/fm\/wp-content\/uploads\/2020\/10\/SELBACH-\u2013-Campanha-Nacional-de-Vacina\u00e7\u00e3o-2020-1-95x60.jpg 95w\" sizes=\"auto, (max-width: 250px) 100vw, 250px\" \/><\/figure><\/div>\n\n\n\n<p>De 05 a 30 de outubro de 2020 ser\u00e3o realizadas simultaneamente, a Campanha Nacional de Vacina\u00e7\u00e3o contra a Poliomielite e a Campanha Nacional de Multivacina\u00e7\u00e3o para Atualiza\u00e7\u00e3o da Caderneta de Vacina\u00e7\u00e3o das crian\u00e7as e adolescentes at\u00e9 15 anos de idade, sendo 17 de outubro, s\u00e1bado, o dia \u201cD\u201d de divulga\u00e7\u00e3o e mobiliza\u00e7\u00e3o nacional.&nbsp;<\/p>\n\n\n\n<p>O dia \u201cD\u201d da Vacina\u00e7\u00e3o, que ocorre no pr\u00f3ximo dia 17 de outubro (s\u00e1bado), ser\u00e1 realizado das 8h \u00e0s 17h, sem fechar ao meio dia, junto \u00e0 Unidade de sa\u00fade Dr. Gilberto Wiesel.<\/p>\n","protected":false},"excerpt":{"rendered":"<p>De 05 a 30 de outubro de 2020 ser\u00e3o realizadas simultaneamente, a Campanha Nacional de Vacina\u00e7\u00e3o contra a Poliomielite e a Campanha Nacional de Multivacina\u00e7\u00e3o para Atualiza\u00e7\u00e3o da Caderneta de Vacina\u00e7\u00e3o das crian\u00e7as e adolescentes at\u00e9 15 anos de idade, sendo 17 de outubro, s\u00e1bado, o dia \u201cD\u201d de divulga\u00e7\u00e3o e mobiliza\u00e7\u00e3o nacional.&nbsp; O dia &hellip; <\/p>\n","protected":false},"author":2,"featured_media":2803,"comment_status":"open","ping_status":"open","sticky":false,"template":"","format":"standard","meta":{"footnotes":""},"categories":[1],"tags":[],"class_list":["post-2802","post","type-post","status-publish","format-standard","has-post-thumbnail","hentry","category-geral"],"yoast_head":"<!-- This site is optimized with the Yoast SEO plugin v16.1.1 - https:\/\/yoast.com\/wordpress\/plugins\/seo\/ -->\n<title>Campanha Nacional de Vacina\u00e7\u00e3o 2020 - R\u00e1dio Princesa FM 104.9 Mhz<\/title>\n<link rel=\"canonical\" href=\"https:\/\/radioprincesa2010.com.br\/fm\/campanha-nacional-de-vacinacao-2020\/\" \/>\n<meta property=\"og:locale\" content=\"pt_BR\" \/>\n<meta property=\"og:type\" content=\"article\" \/>\n<meta property=\"og:title\" content=\"Campanha Nacional de Vacina\u00e7\u00e3o 2020 - R\u00e1dio Princesa FM 104.9 Mhz\" \/>\n<meta property=\"og:description\" content=\"De 05 a 30 de outubro de 2020 ser\u00e3o realizadas simultaneamente, a Campanha Nacional de Vacina\u00e7\u00e3o contra a Poliomielite e a Campanha Nacional de Multivacina\u00e7\u00e3o para Atualiza\u00e7\u00e3o da Caderneta de Vacina\u00e7\u00e3o das crian\u00e7as e adolescentes at\u00e9 15 anos de idade, sendo 17 de outubro, s\u00e1bado, o dia \u201cD\u201d de divulga\u00e7\u00e3o e mobiliza\u00e7\u00e3o nacional.&nbsp; O dia &hellip;\" \/>\n<meta property=\"og:url\" content=\"https:\/\/radioprincesa2010.com.br\/fm\/campanha-nacional-de-vacinacao-2020\/\" \/>\n<meta property=\"og:site_name\" content=\"R\u00e1dio Princesa FM 104.9 Mhz\" \/>\n<meta property=\"article:published_time\" content=\"2020-10-16T13:01:50+00:00\" \/>\n<meta property=\"article:modified_time\" content=\"2020-10-16T13:01:53+00:00\" \/>\n<meta property=\"og:image\" content=\"https:\/\/radioprincesa2010.com.br\/fm\/wp-content\/uploads\/2020\/10\/SELBACH-\u2013-Campanha-Nacional-de-Vacina\u00e7\u00e3o-2020-1.jpg\" \/>\n\t<meta property=\"og:image:width\" content=\"1000\" \/>\n\t<meta property=\"og:image:height\" content=\"632\" \/>\n<meta name=\"twitter:card\" content=\"summary_large_image\" \/>\n<script type=\"application\/ld+json\" class=\"yoast-schema-graph\">{\"@context\":\"https:\/\/schema.org\",\"@graph\":[{\"@type\":\"WebSite\",\"@id\":\"https:\/\/radioprincesa2010.com.br\/fm\/#website\",\"url\":\"https:\/\/radioprincesa2010.com.br\/fm\/\",\"name\":\"R\\u00e1dio Princesa FM 104.9 Mhz\",\"description\":\"Com voc\\u00ea o tempo todo\",\"potentialAction\":[{\"@type\":\"SearchAction\",\"target\":\"https:\/\/radioprincesa2010.com.br\/fm\/?s={search_term_string}\",\"query-input\":\"required name=search_term_string\"}],\"inLanguage\":\"pt-BR\"},{\"@type\":\"ImageObject\",\"@id\":\"https:\/\/radioprincesa2010.com.br\/fm\/campanha-nacional-de-vacinacao-2020\/#primaryimage\",\"inLanguage\":\"pt-BR\",\"url\":\"https:\/\/radioprincesa2010.com.br\/fm\/wp-content\/uploads\/2020\/10\/SELBACH-\\u2013-Campanha-Nacional-de-Vacina\\u00e7\\u00e3o-2020-1.jpg\",\"contentUrl\":\"https:\/\/radioprincesa2010.com.br\/fm\/wp-content\/uploads\/2020\/10\/SELBACH-\\u2013-Campanha-Nacional-de-Vacina\\u00e7\\u00e3o-2020-1.jpg\",\"width\":1000,\"height\":632},{\"@type\":\"WebPage\",\"@id\":\"https:\/\/radioprincesa2010.com.br\/fm\/campanha-nacional-de-vacinacao-2020\/#webpage\",\"url\":\"https:\/\/radioprincesa2010.com.br\/fm\/campanha-nacional-de-vacinacao-2020\/\",\"name\":\"Campanha Nacional de Vacina\\u00e7\\u00e3o 2020 - R\\u00e1dio Princesa FM 104.9 Mhz\",\"isPartOf\":{\"@id\":\"https:\/\/radioprincesa2010.com.br\/fm\/#website\"},\"primaryImageOfPage\":{\"@id\":\"https:\/\/radioprincesa2010.com.br\/fm\/campanha-nacional-de-vacinacao-2020\/#primaryimage\"},\"datePublished\":\"2020-10-16T13:01:50+00:00\",\"dateModified\":\"2020-10-16T13:01:53+00:00\",\"author\":{\"@id\":\"https:\/\/radioprincesa2010.com.br\/fm\/#\/schema\/person\/2671cea07bd207fdbf7f094a7ab77c1c\"},\"breadcrumb\":{\"@id\":\"https:\/\/radioprincesa2010.com.br\/fm\/campanha-nacional-de-vacinacao-2020\/#breadcrumb\"},\"inLanguage\":\"pt-BR\",\"potentialAction\":[{\"@type\":\"ReadAction\",\"target\":[\"https:\/\/radioprincesa2010.com.br\/fm\/campanha-nacional-de-vacinacao-2020\/\"]}]},{\"@type\":\"BreadcrumbList\",\"@id\":\"https:\/\/radioprincesa2010.com.br\/fm\/campanha-nacional-de-vacinacao-2020\/#breadcrumb\",\"itemListElement\":[{\"@type\":\"ListItem\",\"position\":1,\"item\":{\"@type\":\"WebPage\",\"@id\":\"https:\/\/radioprincesa2010.com.br\/fm\/\",\"url\":\"https:\/\/radioprincesa2010.com.br\/fm\/\",\"name\":\"In\\u00edcio\"}},{\"@type\":\"ListItem\",\"position\":2,\"item\":{\"@type\":\"WebPage\",\"@id\":\"https:\/\/radioprincesa2010.com.br\/fm\/campanha-nacional-de-vacinacao-2020\/\",\"url\":\"https:\/\/radioprincesa2010.com.br\/fm\/campanha-nacional-de-vacinacao-2020\/\",\"name\":\"Campanha Nacional de Vacina\\u00e7\\u00e3o 2020\"}}]},{\"@type\":\"Person\",\"@id\":\"https:\/\/radioprincesa2010.com.br\/fm\/#\/schema\/person\/2671cea07bd207fdbf7f094a7ab77c1c\",\"name\":\"Radialistas Princesa FM\",\"image\":{\"@type\":\"ImageObject\",\"@id\":\"https:\/\/radioprincesa2010.com.br\/fm\/#personlogo\",\"inLanguage\":\"pt-BR\",\"url\":\"https:\/\/secure.gravatar.com\/avatar\/1e60f2ae894518c7afac50daca716e5d?s=96&d=mm&r=g\",\"contentUrl\":\"https:\/\/secure.gravatar.com\/avatar\/1e60f2ae894518c7afac50daca716e5d?s=96&d=mm&r=g\",\"caption\":\"Radialistas Princesa FM\"}}]}<\/script>\n<!-- \/ Yoast SEO plugin. -->","_links":{"self":[{"href":"https:\/\/radioprincesa2010.com.br\/fm\/wp-json\/wp\/v2\/posts\/2802","targetHints":{"allow":["GET"]}}],"collection":[{"href":"https:\/\/radioprincesa2010.com.br\/fm\/wp-json\/wp\/v2\/posts"}],"about":[{"href":"https:\/\/radioprincesa2010.com.br\/fm\/wp-json\/wp\/v2\/types\/post"}],"author":[{"embeddable":true,"href":"https:\/\/radioprincesa2010.com.br\/fm\/wp-json\/wp\/v2\/users\/2"}],"replies":[{"embeddable":true,"href":"https:\/\/radioprincesa2010.com.br\/fm\/wp-json\/wp\/v2\/comments?post=2802"}],"version-history":[{"count":1,"href":"https:\/\/radioprincesa2010.com.br\/fm\/wp-json\/wp\/v2\/posts\/2802\/revisions"}],"predecessor-version":[{"id":2804,"href":"https:\/\/radioprincesa2010.com.br\/fm\/wp-json\/wp\/v2\/posts\/2802\/revisions\/2804"}],"wp:featuredmedia":[{"embeddable":true,"href":"https:\/\/radioprincesa2010.com.br\/fm\/wp-json\/wp\/v2\/media\/2803"}],"wp:attachment":[{"href":"https:\/\/radioprincesa2010.com.br\/fm\/wp-json\/wp\/v2\/media?parent=2802"}],"wp:term":[{"taxonomy":"category","embeddable":true,"href":"https:\/\/radioprincesa2010.com.br\/fm\/wp-json\/wp\/v2\/categories?post=2802"},{"taxonomy":"post_tag","embeddable":true,"href":"https:\/\/radioprincesa2010.com.br\/fm\/wp-json\/wp\/v2\/tags?post=2802"}],"curies":[{"name":"wp","href":"https:\/\/api.w.org\/{rel}","templated":true}]}}