{"id":2739,"date":"2020-09-17T11:56:06","date_gmt":"2020-09-17T11:56:06","guid":{"rendered":"https:\/\/radioprincesa2010.com.br\/fm\/?p=2739"},"modified":"2020-09-17T12:19:00","modified_gmt":"2020-09-17T12:19:00","slug":"assistente-social-marcia-kurtz-e-psicologa-grazieli-sattler-participam-da-programacao-da-radio-princesa-falando-sobre-o-setembro-amarelo","status":"publish","type":"post","link":"https:\/\/radioprincesa2010.com.br\/fm\/assistente-social-marcia-kurtz-e-psicologa-grazieli-sattler-participam-da-programacao-da-radio-princesa-falando-sobre-o-setembro-amarelo\/","title":{"rendered":"Assistente social M\u00e1rcia Kurz e psic\u00f3loga Grazieli Sattler participam da programa\u00e7\u00e3o da R\u00e1dio Princesa, falando sobre o Setembro Amarelo"},"content":{"rendered":"<div id=\"fb-root\"><\/div>\n\n<div class=\"wp-block-image\"><figure class=\"alignleft size-large is-resized\"><img loading=\"lazy\" decoding=\"async\" src=\"https:\/\/radioprincesa2010.com.br\/fm\/wp-content\/uploads\/2020\/09\/Assistente-social-M\u00e1rcia-Kurtz-e-psic\u00f3loga-Grazieli-Sattler-participam-da-programa\u00e7\u00e3o-da-R\u00e1dio-Princesa-falando-sobre-o-Setembro-Amarelo-1-1024x768.jpg\" alt=\"\" class=\"wp-image-2740\" width=\"256\" height=\"192\" srcset=\"https:\/\/radioprincesa2010.com.br\/fm\/wp-content\/uploads\/2020\/09\/Assistente-social-M\u00e1rcia-Kurtz-e-psic\u00f3loga-Grazieli-Sattler-participam-da-programa\u00e7\u00e3o-da-R\u00e1dio-Princesa-falando-sobre-o-Setembro-Amarelo-1-1024x768.jpg 1024w, https:\/\/radioprincesa2010.com.br\/fm\/wp-content\/uploads\/2020\/09\/Assistente-social-M\u00e1rcia-Kurtz-e-psic\u00f3loga-Grazieli-Sattler-participam-da-programa\u00e7\u00e3o-da-R\u00e1dio-Princesa-falando-sobre-o-Setembro-Amarelo-1-300x225.jpg 300w, https:\/\/radioprincesa2010.com.br\/fm\/wp-content\/uploads\/2020\/09\/Assistente-social-M\u00e1rcia-Kurtz-e-psic\u00f3loga-Grazieli-Sattler-participam-da-programa\u00e7\u00e3o-da-R\u00e1dio-Princesa-falando-sobre-o-Setembro-Amarelo-1-768x576.jpg 768w, https:\/\/radioprincesa2010.com.br\/fm\/wp-content\/uploads\/2020\/09\/Assistente-social-M\u00e1rcia-Kurtz-e-psic\u00f3loga-Grazieli-Sattler-participam-da-programa\u00e7\u00e3o-da-R\u00e1dio-Princesa-falando-sobre-o-Setembro-Amarelo-1-80x60.jpg 80w, https:\/\/radioprincesa2010.com.br\/fm\/wp-content\/uploads\/2020\/09\/Assistente-social-M\u00e1rcia-Kurtz-e-psic\u00f3loga-Grazieli-Sattler-participam-da-programa\u00e7\u00e3o-da-R\u00e1dio-Princesa-falando-sobre-o-Setembro-Amarelo-1.jpg 1280w\" sizes=\"auto, (max-width: 256px) 100vw, 256px\" \/><\/figure><\/div>\n\n\n\n<p>Na manh\u00e3 desta quarta-feira, estiveram participando da programa\u00e7\u00e3o da R\u00e1dio Princesa a assistente social Marcia Kurz e psic\u00f3loga Grazieli Sattler, estiveram falando sobre o Setembro Amarelo, destacaram que no dia 10 de setembro celebra-se o dia mundial de preven\u00e7\u00e3o ao suic\u00eddio, e este ano tem como tema: \u201cConectar, comunicar e cuidar\u201d, a data tem como objetivo prevenir o ato do suic\u00eddio atrav\u00e9s da ado\u00e7\u00e3o estrat\u00e9gias por governos de diferentes pa\u00edses. No Brasil, a celebra\u00e7\u00e3o integra a campanha #SetembroAmarelo, que \u00e9 realizada no pa\u00eds desde 2014 numa iniciativa do Centro de Valoriza\u00e7\u00e3o da Vida (CVV), Conselho Federal de Medicina (CFM) e Associa\u00e7\u00e3o Brasileira de Psiquiatria (ABP).<\/p>\n\n\n\n<p>Ao fim da participa\u00e7\u00e3o deixaram a disposi\u00e7\u00e3o de toda a comunidade a Unidade B\u00e1sica de Sa\u00fade e o CRAS para procura de ajuda, seja para a fam\u00edlia, para um amigo, vizinho ou conhecido.<\/p>\n","protected":false},"excerpt":{"rendered":"<p>Na manh\u00e3 desta quarta-feira, estiveram participando da programa\u00e7\u00e3o da R\u00e1dio Princesa a assistente social Marcia Kurz e psic\u00f3loga Grazieli Sattler, estiveram falando sobre o Setembro Amarelo, destacaram que no dia 10 de setembro celebra-se o dia mundial de preven\u00e7\u00e3o ao suic\u00eddio, e este ano tem como tema: \u201cConectar, comunicar e cuidar\u201d, a data tem como &hellip; <\/p>\n","protected":false},"author":2,"featured_media":0,"comment_status":"open","ping_status":"open","sticky":false,"template":"","format":"standard","meta":{"footnotes":""},"categories":[1],"tags":[],"class_list":["post-2739","post","type-post","status-publish","format-standard","hentry","category-geral"],"yoast_head":"<!-- This site is optimized with the Yoast SEO plugin v16.1.1 - https:\/\/yoast.com\/wordpress\/plugins\/seo\/ -->\n<title>Assistente social M\u00e1rcia Kurz e psic\u00f3loga Grazieli Sattler participam da programa\u00e7\u00e3o da R\u00e1dio Princesa, falando sobre o Setembro Amarelo - R\u00e1dio Princesa FM 104.9 Mhz<\/title>\n<link rel=\"canonical\" href=\"https:\/\/radioprincesa2010.com.br\/fm\/assistente-social-marcia-kurtz-e-psicologa-grazieli-sattler-participam-da-programacao-da-radio-princesa-falando-sobre-o-setembro-amarelo\/\" \/>\n<meta property=\"og:locale\" content=\"pt_BR\" \/>\n<meta property=\"og:type\" content=\"article\" \/>\n<meta property=\"og:title\" content=\"Assistente social M\u00e1rcia Kurz e psic\u00f3loga Grazieli Sattler participam da programa\u00e7\u00e3o da R\u00e1dio Princesa, falando sobre o Setembro Amarelo - R\u00e1dio Princesa FM 104.9 Mhz\" \/>\n<meta property=\"og:description\" content=\"Na manh\u00e3 desta quarta-feira, estiveram participando da programa\u00e7\u00e3o da R\u00e1dio Princesa a assistente social Marcia Kurz e psic\u00f3loga Grazieli Sattler, estiveram falando sobre o Setembro Amarelo, destacaram que no dia 10 de setembro celebra-se o dia mundial de preven\u00e7\u00e3o ao suic\u00eddio, e este ano tem como tema: \u201cConectar, comunicar e cuidar\u201d, a data tem como &hellip;\" \/>\n<meta property=\"og:url\" content=\"https:\/\/radioprincesa2010.com.br\/fm\/assistente-social-marcia-kurtz-e-psicologa-grazieli-sattler-participam-da-programacao-da-radio-princesa-falando-sobre-o-setembro-amarelo\/\" \/>\n<meta property=\"og:site_name\" content=\"R\u00e1dio Princesa FM 104.9 Mhz\" \/>\n<meta property=\"article:published_time\" content=\"2020-09-17T11:56:06+00:00\" \/>\n<meta property=\"article:modified_time\" content=\"2020-09-17T12:19:00+00:00\" \/>\n<meta property=\"og:image\" content=\"https:\/\/radioprincesa2010.com.br\/fm\/wp-content\/uploads\/2020\/09\/Assistente-social-M\u00e1rcia-Kurtz-e-psic\u00f3loga-Grazieli-Sattler-participam-da-programa\u00e7\u00e3o-da-R\u00e1dio-Princesa-falando-sobre-o-Setembro-Amarelo-1-1024x768.jpg\" \/>\n<meta name=\"twitter:card\" content=\"summary_large_image\" \/>\n<meta name=\"twitter:label1\" content=\"Est. tempo de leitura\">\n\t<meta name=\"twitter:data1\" content=\"1 minuto\">\n<script type=\"application\/ld+json\" class=\"yoast-schema-graph\">{\"@context\":\"https:\/\/schema.org\",\"@graph\":[{\"@type\":\"WebSite\",\"@id\":\"https:\/\/radioprincesa2010.com.br\/fm\/#website\",\"url\":\"https:\/\/radioprincesa2010.com.br\/fm\/\",\"name\":\"R\\u00e1dio Princesa FM 104.9 Mhz\",\"description\":\"Com voc\\u00ea o tempo todo\",\"potentialAction\":[{\"@type\":\"SearchAction\",\"target\":\"https:\/\/radioprincesa2010.com.br\/fm\/?s={search_term_string}\",\"query-input\":\"required name=search_term_string\"}],\"inLanguage\":\"pt-BR\"},{\"@type\":\"ImageObject\",\"@id\":\"https:\/\/radioprincesa2010.com.br\/fm\/assistente-social-marcia-kurtz-e-psicologa-grazieli-sattler-participam-da-programacao-da-radio-princesa-falando-sobre-o-setembro-amarelo\/#primaryimage\",\"inLanguage\":\"pt-BR\",\"url\":\"https:\/\/radioprincesa2010.com.br\/fm\/wp-content\/uploads\/2020\/09\/Assistente-social-M\\u00e1rcia-Kurtz-e-psic\\u00f3loga-Grazieli-Sattler-participam-da-programa\\u00e7\\u00e3o-da-R\\u00e1dio-Princesa-falando-sobre-o-Setembro-Amarelo-1.jpg\",\"contentUrl\":\"https:\/\/radioprincesa2010.com.br\/fm\/wp-content\/uploads\/2020\/09\/Assistente-social-M\\u00e1rcia-Kurtz-e-psic\\u00f3loga-Grazieli-Sattler-participam-da-programa\\u00e7\\u00e3o-da-R\\u00e1dio-Princesa-falando-sobre-o-Setembro-Amarelo-1.jpg\",\"width\":1280,\"height\":960},{\"@type\":\"WebPage\",\"@id\":\"https:\/\/radioprincesa2010.com.br\/fm\/assistente-social-marcia-kurtz-e-psicologa-grazieli-sattler-participam-da-programacao-da-radio-princesa-falando-sobre-o-setembro-amarelo\/#webpage\",\"url\":\"https:\/\/radioprincesa2010.com.br\/fm\/assistente-social-marcia-kurtz-e-psicologa-grazieli-sattler-participam-da-programacao-da-radio-princesa-falando-sobre-o-setembro-amarelo\/\",\"name\":\"Assistente social M\\u00e1rcia Kurz e psic\\u00f3loga Grazieli Sattler participam da programa\\u00e7\\u00e3o da R\\u00e1dio Princesa, falando sobre o Setembro Amarelo - R\\u00e1dio Princesa FM 104.9 Mhz\",\"isPartOf\":{\"@id\":\"https:\/\/radioprincesa2010.com.br\/fm\/#website\"},\"primaryImageOfPage\":{\"@id\":\"https:\/\/radioprincesa2010.com.br\/fm\/assistente-social-marcia-kurtz-e-psicologa-grazieli-sattler-participam-da-programacao-da-radio-princesa-falando-sobre-o-setembro-amarelo\/#primaryimage\"},\"datePublished\":\"2020-09-17T11:56:06+00:00\",\"dateModified\":\"2020-09-17T12:19:00+00:00\",\"author\":{\"@id\":\"https:\/\/radioprincesa2010.com.br\/fm\/#\/schema\/person\/2671cea07bd207fdbf7f094a7ab77c1c\"},\"breadcrumb\":{\"@id\":\"https:\/\/radioprincesa2010.com.br\/fm\/assistente-social-marcia-kurtz-e-psicologa-grazieli-sattler-participam-da-programacao-da-radio-princesa-falando-sobre-o-setembro-amarelo\/#breadcrumb\"},\"inLanguage\":\"pt-BR\",\"potentialAction\":[{\"@type\":\"ReadAction\",\"target\":[\"https:\/\/radioprincesa2010.com.br\/fm\/assistente-social-marcia-kurtz-e-psicologa-grazieli-sattler-participam-da-programacao-da-radio-princesa-falando-sobre-o-setembro-amarelo\/\"]}]},{\"@type\":\"BreadcrumbList\",\"@id\":\"https:\/\/radioprincesa2010.com.br\/fm\/assistente-social-marcia-kurtz-e-psicologa-grazieli-sattler-participam-da-programacao-da-radio-princesa-falando-sobre-o-setembro-amarelo\/#breadcrumb\",\"itemListElement\":[{\"@type\":\"ListItem\",\"position\":1,\"item\":{\"@type\":\"WebPage\",\"@id\":\"https:\/\/radioprincesa2010.com.br\/fm\/\",\"url\":\"https:\/\/radioprincesa2010.com.br\/fm\/\",\"name\":\"In\\u00edcio\"}},{\"@type\":\"ListItem\",\"position\":2,\"item\":{\"@type\":\"WebPage\",\"@id\":\"https:\/\/radioprincesa2010.com.br\/fm\/assistente-social-marcia-kurtz-e-psicologa-grazieli-sattler-participam-da-programacao-da-radio-princesa-falando-sobre-o-setembro-amarelo\/\",\"url\":\"https:\/\/radioprincesa2010.com.br\/fm\/assistente-social-marcia-kurtz-e-psicologa-grazieli-sattler-participam-da-programacao-da-radio-princesa-falando-sobre-o-setembro-amarelo\/\",\"name\":\"Assistente social M\\u00e1rcia Kurz e psic\\u00f3loga Grazieli Sattler participam da programa\\u00e7\\u00e3o da R\\u00e1dio Princesa, falando sobre o Setembro Amarelo\"}}]},{\"@type\":\"Person\",\"@id\":\"https:\/\/radioprincesa2010.com.br\/fm\/#\/schema\/person\/2671cea07bd207fdbf7f094a7ab77c1c\",\"name\":\"Radialistas Princesa FM\",\"image\":{\"@type\":\"ImageObject\",\"@id\":\"https:\/\/radioprincesa2010.com.br\/fm\/#personlogo\",\"inLanguage\":\"pt-BR\",\"url\":\"https:\/\/secure.gravatar.com\/avatar\/1e60f2ae894518c7afac50daca716e5d?s=96&d=mm&r=g\",\"contentUrl\":\"https:\/\/secure.gravatar.com\/avatar\/1e60f2ae894518c7afac50daca716e5d?s=96&d=mm&r=g\",\"caption\":\"Radialistas Princesa FM\"}}]}<\/script>\n<!-- \/ Yoast SEO plugin. -->","_links":{"self":[{"href":"https:\/\/radioprincesa2010.com.br\/fm\/wp-json\/wp\/v2\/posts\/2739","targetHints":{"allow":["GET"]}}],"collection":[{"href":"https:\/\/radioprincesa2010.com.br\/fm\/wp-json\/wp\/v2\/posts"}],"about":[{"href":"https:\/\/radioprincesa2010.com.br\/fm\/wp-json\/wp\/v2\/types\/post"}],"author":[{"embeddable":true,"href":"https:\/\/radioprincesa2010.com.br\/fm\/wp-json\/wp\/v2\/users\/2"}],"replies":[{"embeddable":true,"href":"https:\/\/radioprincesa2010.com.br\/fm\/wp-json\/wp\/v2\/comments?post=2739"}],"version-history":[{"count":2,"href":"https:\/\/radioprincesa2010.com.br\/fm\/wp-json\/wp\/v2\/posts\/2739\/revisions"}],"predecessor-version":[{"id":2743,"href":"https:\/\/radioprincesa2010.com.br\/fm\/wp-json\/wp\/v2\/posts\/2739\/revisions\/2743"}],"wp:attachment":[{"href":"https:\/\/radioprincesa2010.com.br\/fm\/wp-json\/wp\/v2\/media?parent=2739"}],"wp:term":[{"taxonomy":"category","embeddable":true,"href":"https:\/\/radioprincesa2010.com.br\/fm\/wp-json\/wp\/v2\/categories?post=2739"},{"taxonomy":"post_tag","embeddable":true,"href":"https:\/\/radioprincesa2010.com.br\/fm\/wp-json\/wp\/v2\/tags?post=2739"}],"curies":[{"name":"wp","href":"https:\/\/api.w.org\/{rel}","templated":true}]}}