{"id":2733,"date":"2020-09-16T12:21:22","date_gmt":"2020-09-16T12:21:22","guid":{"rendered":"https:\/\/radioprincesa2010.com.br\/fm\/?p=2733"},"modified":"2020-09-16T12:21:24","modified_gmt":"2020-09-16T12:21:24","slug":"campanha-nota-premiada-tera-sorteio-no-dia-21","status":"publish","type":"post","link":"https:\/\/radioprincesa2010.com.br\/fm\/campanha-nota-premiada-tera-sorteio-no-dia-21\/","title":{"rendered":"Campanha Nota Premiada ter\u00e1 sorteio no dia 21"},"content":{"rendered":"<div id=\"fb-root\"><\/div>\n\n<p>A Campanha Nota Premiada, promovida pela Prefeitura, realizar\u00e1 o pr\u00f3ximo sorteio no dia 21 (segunda-feira), \u00e0s 16h30.<\/p>\n\n\n\n<figure class=\"wp-block-image size-large\"><img loading=\"lazy\" decoding=\"async\" width=\"920\" height=\"1024\" src=\"https:\/\/radioprincesa2010.com.br\/fm\/wp-content\/uploads\/2020\/09\/SELBACH-\u2013-Nota-Premiada-ter\u00e1-sorteio-no-dia-21-1-920x1024.jpg\" alt=\"\" class=\"wp-image-2734\" srcset=\"https:\/\/radioprincesa2010.com.br\/fm\/wp-content\/uploads\/2020\/09\/SELBACH-\u2013-Nota-Premiada-ter\u00e1-sorteio-no-dia-21-1-920x1024.jpg 920w, https:\/\/radioprincesa2010.com.br\/fm\/wp-content\/uploads\/2020\/09\/SELBACH-\u2013-Nota-Premiada-ter\u00e1-sorteio-no-dia-21-1-270x300.jpg 270w, https:\/\/radioprincesa2010.com.br\/fm\/wp-content\/uploads\/2020\/09\/SELBACH-\u2013-Nota-Premiada-ter\u00e1-sorteio-no-dia-21-1-768x855.jpg 768w, https:\/\/radioprincesa2010.com.br\/fm\/wp-content\/uploads\/2020\/09\/SELBACH-\u2013-Nota-Premiada-ter\u00e1-sorteio-no-dia-21-1-54x60.jpg 54w, https:\/\/radioprincesa2010.com.br\/fm\/wp-content\/uploads\/2020\/09\/SELBACH-\u2013-Nota-Premiada-ter\u00e1-sorteio-no-dia-21-1.jpg 1000w\" sizes=\"auto, (max-width: 920px) 100vw, 920px\" \/><\/figure>\n","protected":false},"excerpt":{"rendered":"<p>A Campanha Nota Premiada, promovida pela Prefeitura, realizar\u00e1 o pr\u00f3ximo sorteio no dia 21 (segunda-feira), \u00e0s 16h30.<\/p>\n","protected":false},"author":2,"featured_media":0,"comment_status":"open","ping_status":"open","sticky":false,"template":"","format":"standard","meta":{"footnotes":""},"categories":[1],"tags":[],"class_list":["post-2733","post","type-post","status-publish","format-standard","hentry","category-geral"],"yoast_head":"<!-- This site is optimized with the Yoast SEO plugin v16.1.1 - https:\/\/yoast.com\/wordpress\/plugins\/seo\/ -->\n<title>Campanha Nota Premiada ter\u00e1 sorteio no dia 21 - R\u00e1dio Princesa FM 104.9 Mhz<\/title>\n<link rel=\"canonical\" href=\"https:\/\/radioprincesa2010.com.br\/fm\/campanha-nota-premiada-tera-sorteio-no-dia-21\/\" \/>\n<meta property=\"og:locale\" content=\"pt_BR\" \/>\n<meta property=\"og:type\" content=\"article\" \/>\n<meta property=\"og:title\" content=\"Campanha Nota Premiada ter\u00e1 sorteio no dia 21 - R\u00e1dio Princesa FM 104.9 Mhz\" \/>\n<meta property=\"og:description\" content=\"A Campanha Nota Premiada, promovida pela Prefeitura, realizar\u00e1 o pr\u00f3ximo sorteio no dia 21 (segunda-feira), \u00e0s 16h30.\" \/>\n<meta property=\"og:url\" content=\"https:\/\/radioprincesa2010.com.br\/fm\/campanha-nota-premiada-tera-sorteio-no-dia-21\/\" \/>\n<meta property=\"og:site_name\" content=\"R\u00e1dio Princesa FM 104.9 Mhz\" \/>\n<meta property=\"article:published_time\" content=\"2020-09-16T12:21:22+00:00\" \/>\n<meta property=\"article:modified_time\" content=\"2020-09-16T12:21:24+00:00\" \/>\n<meta property=\"og:image\" content=\"https:\/\/radioprincesa2010.com.br\/fm\/wp-content\/uploads\/2020\/09\/SELBACH-\u2013-Nota-Premiada-ter\u00e1-sorteio-no-dia-21-1-920x1024.jpg\" \/>\n<meta name=\"twitter:card\" content=\"summary_large_image\" \/>\n<script type=\"application\/ld+json\" class=\"yoast-schema-graph\">{\"@context\":\"https:\/\/schema.org\",\"@graph\":[{\"@type\":\"WebSite\",\"@id\":\"https:\/\/radioprincesa2010.com.br\/fm\/#website\",\"url\":\"https:\/\/radioprincesa2010.com.br\/fm\/\",\"name\":\"R\\u00e1dio Princesa FM 104.9 Mhz\",\"description\":\"Com voc\\u00ea o tempo todo\",\"potentialAction\":[{\"@type\":\"SearchAction\",\"target\":\"https:\/\/radioprincesa2010.com.br\/fm\/?s={search_term_string}\",\"query-input\":\"required name=search_term_string\"}],\"inLanguage\":\"pt-BR\"},{\"@type\":\"ImageObject\",\"@id\":\"https:\/\/radioprincesa2010.com.br\/fm\/campanha-nota-premiada-tera-sorteio-no-dia-21\/#primaryimage\",\"inLanguage\":\"pt-BR\",\"url\":\"https:\/\/radioprincesa2010.com.br\/fm\/wp-content\/uploads\/2020\/09\/SELBACH-\\u2013-Nota-Premiada-ter\\u00e1-sorteio-no-dia-21-1.jpg\",\"contentUrl\":\"https:\/\/radioprincesa2010.com.br\/fm\/wp-content\/uploads\/2020\/09\/SELBACH-\\u2013-Nota-Premiada-ter\\u00e1-sorteio-no-dia-21-1.jpg\",\"width\":1000,\"height\":1113},{\"@type\":\"WebPage\",\"@id\":\"https:\/\/radioprincesa2010.com.br\/fm\/campanha-nota-premiada-tera-sorteio-no-dia-21\/#webpage\",\"url\":\"https:\/\/radioprincesa2010.com.br\/fm\/campanha-nota-premiada-tera-sorteio-no-dia-21\/\",\"name\":\"Campanha Nota Premiada ter\\u00e1 sorteio no dia 21 - R\\u00e1dio Princesa FM 104.9 Mhz\",\"isPartOf\":{\"@id\":\"https:\/\/radioprincesa2010.com.br\/fm\/#website\"},\"primaryImageOfPage\":{\"@id\":\"https:\/\/radioprincesa2010.com.br\/fm\/campanha-nota-premiada-tera-sorteio-no-dia-21\/#primaryimage\"},\"datePublished\":\"2020-09-16T12:21:22+00:00\",\"dateModified\":\"2020-09-16T12:21:24+00:00\",\"author\":{\"@id\":\"https:\/\/radioprincesa2010.com.br\/fm\/#\/schema\/person\/2671cea07bd207fdbf7f094a7ab77c1c\"},\"breadcrumb\":{\"@id\":\"https:\/\/radioprincesa2010.com.br\/fm\/campanha-nota-premiada-tera-sorteio-no-dia-21\/#breadcrumb\"},\"inLanguage\":\"pt-BR\",\"potentialAction\":[{\"@type\":\"ReadAction\",\"target\":[\"https:\/\/radioprincesa2010.com.br\/fm\/campanha-nota-premiada-tera-sorteio-no-dia-21\/\"]}]},{\"@type\":\"BreadcrumbList\",\"@id\":\"https:\/\/radioprincesa2010.com.br\/fm\/campanha-nota-premiada-tera-sorteio-no-dia-21\/#breadcrumb\",\"itemListElement\":[{\"@type\":\"ListItem\",\"position\":1,\"item\":{\"@type\":\"WebPage\",\"@id\":\"https:\/\/radioprincesa2010.com.br\/fm\/\",\"url\":\"https:\/\/radioprincesa2010.com.br\/fm\/\",\"name\":\"In\\u00edcio\"}},{\"@type\":\"ListItem\",\"position\":2,\"item\":{\"@type\":\"WebPage\",\"@id\":\"https:\/\/radioprincesa2010.com.br\/fm\/campanha-nota-premiada-tera-sorteio-no-dia-21\/\",\"url\":\"https:\/\/radioprincesa2010.com.br\/fm\/campanha-nota-premiada-tera-sorteio-no-dia-21\/\",\"name\":\"Campanha Nota Premiada ter\\u00e1 sorteio no dia 21\"}}]},{\"@type\":\"Person\",\"@id\":\"https:\/\/radioprincesa2010.com.br\/fm\/#\/schema\/person\/2671cea07bd207fdbf7f094a7ab77c1c\",\"name\":\"Radialistas Princesa FM\",\"image\":{\"@type\":\"ImageObject\",\"@id\":\"https:\/\/radioprincesa2010.com.br\/fm\/#personlogo\",\"inLanguage\":\"pt-BR\",\"url\":\"https:\/\/secure.gravatar.com\/avatar\/1e60f2ae894518c7afac50daca716e5d?s=96&d=mm&r=g\",\"contentUrl\":\"https:\/\/secure.gravatar.com\/avatar\/1e60f2ae894518c7afac50daca716e5d?s=96&d=mm&r=g\",\"caption\":\"Radialistas Princesa FM\"}}]}<\/script>\n<!-- \/ Yoast SEO plugin. -->","_links":{"self":[{"href":"https:\/\/radioprincesa2010.com.br\/fm\/wp-json\/wp\/v2\/posts\/2733","targetHints":{"allow":["GET"]}}],"collection":[{"href":"https:\/\/radioprincesa2010.com.br\/fm\/wp-json\/wp\/v2\/posts"}],"about":[{"href":"https:\/\/radioprincesa2010.com.br\/fm\/wp-json\/wp\/v2\/types\/post"}],"author":[{"embeddable":true,"href":"https:\/\/radioprincesa2010.com.br\/fm\/wp-json\/wp\/v2\/users\/2"}],"replies":[{"embeddable":true,"href":"https:\/\/radioprincesa2010.com.br\/fm\/wp-json\/wp\/v2\/comments?post=2733"}],"version-history":[{"count":1,"href":"https:\/\/radioprincesa2010.com.br\/fm\/wp-json\/wp\/v2\/posts\/2733\/revisions"}],"predecessor-version":[{"id":2735,"href":"https:\/\/radioprincesa2010.com.br\/fm\/wp-json\/wp\/v2\/posts\/2733\/revisions\/2735"}],"wp:attachment":[{"href":"https:\/\/radioprincesa2010.com.br\/fm\/wp-json\/wp\/v2\/media?parent=2733"}],"wp:term":[{"taxonomy":"category","embeddable":true,"href":"https:\/\/radioprincesa2010.com.br\/fm\/wp-json\/wp\/v2\/categories?post=2733"},{"taxonomy":"post_tag","embeddable":true,"href":"https:\/\/radioprincesa2010.com.br\/fm\/wp-json\/wp\/v2\/tags?post=2733"}],"curies":[{"name":"wp","href":"https:\/\/api.w.org\/{rel}","templated":true}]}}