{"id":2725,"date":"2020-09-14T10:36:45","date_gmt":"2020-09-14T10:36:45","guid":{"rendered":"https:\/\/radioprincesa2010.com.br\/fm\/?p=2725"},"modified":"2020-09-14T10:36:48","modified_gmt":"2020-09-14T10:36:48","slug":"convencao-do-pl-aprova-chapa-com-pedro-vergutz-e-cesar-junges","status":"publish","type":"post","link":"https:\/\/radioprincesa2010.com.br\/fm\/convencao-do-pl-aprova-chapa-com-pedro-vergutz-e-cesar-junges\/","title":{"rendered":"Conven\u00e7\u00e3o do PL aprova chapa com Pedro Vergutz e Cesar Junges"},"content":{"rendered":"<div id=\"fb-root\"><\/div>\n\n<div class=\"wp-block-image\"><figure class=\"alignleft size-large is-resized\"><img loading=\"lazy\" decoding=\"async\" src=\"https:\/\/radioprincesa2010.com.br\/fm\/wp-content\/uploads\/2020\/09\/SELBACH-\u2013-Conven\u00e7\u00e3o-do-PL-aprova-chapa-com-Pedro-Vergutz-e-Cesar-Junges-2.jpg\" alt=\"\" class=\"wp-image-2726\" width=\"250\" height=\"188\" srcset=\"https:\/\/radioprincesa2010.com.br\/fm\/wp-content\/uploads\/2020\/09\/SELBACH-\u2013-Conven\u00e7\u00e3o-do-PL-aprova-chapa-com-Pedro-Vergutz-e-Cesar-Junges-2.jpg 1000w, https:\/\/radioprincesa2010.com.br\/fm\/wp-content\/uploads\/2020\/09\/SELBACH-\u2013-Conven\u00e7\u00e3o-do-PL-aprova-chapa-com-Pedro-Vergutz-e-Cesar-Junges-2-300x225.jpg 300w, https:\/\/radioprincesa2010.com.br\/fm\/wp-content\/uploads\/2020\/09\/SELBACH-\u2013-Conven\u00e7\u00e3o-do-PL-aprova-chapa-com-Pedro-Vergutz-e-Cesar-Junges-2-768x576.jpg 768w, https:\/\/radioprincesa2010.com.br\/fm\/wp-content\/uploads\/2020\/09\/SELBACH-\u2013-Conven\u00e7\u00e3o-do-PL-aprova-chapa-com-Pedro-Vergutz-e-Cesar-Junges-2-80x60.jpg 80w\" sizes=\"auto, (max-width: 250px) 100vw, 250px\" \/><\/figure><\/div>\n\n\n\n<p>Na manh\u00e3 deste domingo (13), o Partido Liberal (PL) realizou sua conven\u00e7\u00e3o partid\u00e1ria e lan\u00e7ou Pedro Laur\u00ed Vergutz como candidato a prefeito e Cesar Junges como vice-prefeito.<\/p>\n\n\n\n<p>A conven\u00e7\u00e3o do PL aconteceu na sede social da empresa Lics Super \u00c1gua.<\/p>\n\n\n\n<p>Foram confirmados os seguintes candidatos \u00e0 verean\u00e7a: Adriano Schwade, Bonemar Bender, Cesar Augusto Junges, Eveline Medeiros, Jac\u00f3 Konrad e Rosangela Castelli.<\/p>\n","protected":false},"excerpt":{"rendered":"<p>Na manh\u00e3 deste domingo (13), o Partido Liberal (PL) realizou sua conven\u00e7\u00e3o partid\u00e1ria e lan\u00e7ou Pedro Laur\u00ed Vergutz como candidato a prefeito e Cesar Junges como vice-prefeito. A conven\u00e7\u00e3o do PL aconteceu na sede social da empresa Lics Super \u00c1gua. Foram confirmados os seguintes candidatos \u00e0 verean\u00e7a: Adriano Schwade, Bonemar Bender, Cesar Augusto Junges, Eveline &hellip; <\/p>\n","protected":false},"author":2,"featured_media":2727,"comment_status":"open","ping_status":"open","sticky":false,"template":"","format":"standard","meta":{"footnotes":""},"categories":[1],"tags":[],"class_list":["post-2725","post","type-post","status-publish","format-standard","has-post-thumbnail","hentry","category-geral"],"yoast_head":"<!-- This site is optimized with the Yoast SEO plugin v16.1.1 - https:\/\/yoast.com\/wordpress\/plugins\/seo\/ -->\n<title>Conven\u00e7\u00e3o do PL aprova chapa com Pedro Vergutz e Cesar Junges - R\u00e1dio Princesa FM 104.9 Mhz<\/title>\n<link rel=\"canonical\" href=\"https:\/\/radioprincesa2010.com.br\/fm\/convencao-do-pl-aprova-chapa-com-pedro-vergutz-e-cesar-junges\/\" \/>\n<meta property=\"og:locale\" content=\"pt_BR\" \/>\n<meta property=\"og:type\" content=\"article\" \/>\n<meta property=\"og:title\" content=\"Conven\u00e7\u00e3o do PL aprova chapa com Pedro Vergutz e Cesar Junges - R\u00e1dio Princesa FM 104.9 Mhz\" \/>\n<meta property=\"og:description\" content=\"Na manh\u00e3 deste domingo (13), o Partido Liberal (PL) realizou sua conven\u00e7\u00e3o partid\u00e1ria e lan\u00e7ou Pedro Laur\u00ed Vergutz como candidato a prefeito e Cesar Junges como vice-prefeito. A conven\u00e7\u00e3o do PL aconteceu na sede social da empresa Lics Super \u00c1gua. Foram confirmados os seguintes candidatos \u00e0 verean\u00e7a: Adriano Schwade, Bonemar Bender, Cesar Augusto Junges, Eveline &hellip;\" \/>\n<meta property=\"og:url\" content=\"https:\/\/radioprincesa2010.com.br\/fm\/convencao-do-pl-aprova-chapa-com-pedro-vergutz-e-cesar-junges\/\" \/>\n<meta property=\"og:site_name\" content=\"R\u00e1dio Princesa FM 104.9 Mhz\" \/>\n<meta property=\"article:published_time\" content=\"2020-09-14T10:36:45+00:00\" \/>\n<meta property=\"article:modified_time\" content=\"2020-09-14T10:36:48+00:00\" \/>\n<meta property=\"og:image\" content=\"https:\/\/radioprincesa2010.com.br\/fm\/wp-content\/uploads\/2020\/09\/SELBACH-\u2013-Conven\u00e7\u00e3o-do-PL-aprova-chapa-com-Pedro-Vergutz-e-Cesar-Junges-1.jpg\" \/>\n\t<meta property=\"og:image:width\" content=\"1000\" \/>\n\t<meta property=\"og:image:height\" content=\"750\" \/>\n<meta name=\"twitter:card\" content=\"summary_large_image\" \/>\n<script type=\"application\/ld+json\" class=\"yoast-schema-graph\">{\"@context\":\"https:\/\/schema.org\",\"@graph\":[{\"@type\":\"WebSite\",\"@id\":\"https:\/\/radioprincesa2010.com.br\/fm\/#website\",\"url\":\"https:\/\/radioprincesa2010.com.br\/fm\/\",\"name\":\"R\\u00e1dio Princesa FM 104.9 Mhz\",\"description\":\"Com voc\\u00ea o tempo todo\",\"potentialAction\":[{\"@type\":\"SearchAction\",\"target\":\"https:\/\/radioprincesa2010.com.br\/fm\/?s={search_term_string}\",\"query-input\":\"required name=search_term_string\"}],\"inLanguage\":\"pt-BR\"},{\"@type\":\"ImageObject\",\"@id\":\"https:\/\/radioprincesa2010.com.br\/fm\/convencao-do-pl-aprova-chapa-com-pedro-vergutz-e-cesar-junges\/#primaryimage\",\"inLanguage\":\"pt-BR\",\"url\":\"https:\/\/radioprincesa2010.com.br\/fm\/wp-content\/uploads\/2020\/09\/SELBACH-\\u2013-Conven\\u00e7\\u00e3o-do-PL-aprova-chapa-com-Pedro-Vergutz-e-Cesar-Junges-1.jpg\",\"contentUrl\":\"https:\/\/radioprincesa2010.com.br\/fm\/wp-content\/uploads\/2020\/09\/SELBACH-\\u2013-Conven\\u00e7\\u00e3o-do-PL-aprova-chapa-com-Pedro-Vergutz-e-Cesar-Junges-1.jpg\",\"width\":1000,\"height\":750},{\"@type\":\"WebPage\",\"@id\":\"https:\/\/radioprincesa2010.com.br\/fm\/convencao-do-pl-aprova-chapa-com-pedro-vergutz-e-cesar-junges\/#webpage\",\"url\":\"https:\/\/radioprincesa2010.com.br\/fm\/convencao-do-pl-aprova-chapa-com-pedro-vergutz-e-cesar-junges\/\",\"name\":\"Conven\\u00e7\\u00e3o do PL aprova chapa com Pedro Vergutz e Cesar Junges - R\\u00e1dio Princesa FM 104.9 Mhz\",\"isPartOf\":{\"@id\":\"https:\/\/radioprincesa2010.com.br\/fm\/#website\"},\"primaryImageOfPage\":{\"@id\":\"https:\/\/radioprincesa2010.com.br\/fm\/convencao-do-pl-aprova-chapa-com-pedro-vergutz-e-cesar-junges\/#primaryimage\"},\"datePublished\":\"2020-09-14T10:36:45+00:00\",\"dateModified\":\"2020-09-14T10:36:48+00:00\",\"author\":{\"@id\":\"https:\/\/radioprincesa2010.com.br\/fm\/#\/schema\/person\/2671cea07bd207fdbf7f094a7ab77c1c\"},\"breadcrumb\":{\"@id\":\"https:\/\/radioprincesa2010.com.br\/fm\/convencao-do-pl-aprova-chapa-com-pedro-vergutz-e-cesar-junges\/#breadcrumb\"},\"inLanguage\":\"pt-BR\",\"potentialAction\":[{\"@type\":\"ReadAction\",\"target\":[\"https:\/\/radioprincesa2010.com.br\/fm\/convencao-do-pl-aprova-chapa-com-pedro-vergutz-e-cesar-junges\/\"]}]},{\"@type\":\"BreadcrumbList\",\"@id\":\"https:\/\/radioprincesa2010.com.br\/fm\/convencao-do-pl-aprova-chapa-com-pedro-vergutz-e-cesar-junges\/#breadcrumb\",\"itemListElement\":[{\"@type\":\"ListItem\",\"position\":1,\"item\":{\"@type\":\"WebPage\",\"@id\":\"https:\/\/radioprincesa2010.com.br\/fm\/\",\"url\":\"https:\/\/radioprincesa2010.com.br\/fm\/\",\"name\":\"In\\u00edcio\"}},{\"@type\":\"ListItem\",\"position\":2,\"item\":{\"@type\":\"WebPage\",\"@id\":\"https:\/\/radioprincesa2010.com.br\/fm\/convencao-do-pl-aprova-chapa-com-pedro-vergutz-e-cesar-junges\/\",\"url\":\"https:\/\/radioprincesa2010.com.br\/fm\/convencao-do-pl-aprova-chapa-com-pedro-vergutz-e-cesar-junges\/\",\"name\":\"Conven\\u00e7\\u00e3o do PL aprova chapa com Pedro Vergutz e Cesar Junges\"}}]},{\"@type\":\"Person\",\"@id\":\"https:\/\/radioprincesa2010.com.br\/fm\/#\/schema\/person\/2671cea07bd207fdbf7f094a7ab77c1c\",\"name\":\"Radialistas Princesa FM\",\"image\":{\"@type\":\"ImageObject\",\"@id\":\"https:\/\/radioprincesa2010.com.br\/fm\/#personlogo\",\"inLanguage\":\"pt-BR\",\"url\":\"https:\/\/secure.gravatar.com\/avatar\/1e60f2ae894518c7afac50daca716e5d?s=96&d=mm&r=g\",\"contentUrl\":\"https:\/\/secure.gravatar.com\/avatar\/1e60f2ae894518c7afac50daca716e5d?s=96&d=mm&r=g\",\"caption\":\"Radialistas Princesa FM\"}}]}<\/script>\n<!-- \/ Yoast SEO plugin. -->","_links":{"self":[{"href":"https:\/\/radioprincesa2010.com.br\/fm\/wp-json\/wp\/v2\/posts\/2725","targetHints":{"allow":["GET"]}}],"collection":[{"href":"https:\/\/radioprincesa2010.com.br\/fm\/wp-json\/wp\/v2\/posts"}],"about":[{"href":"https:\/\/radioprincesa2010.com.br\/fm\/wp-json\/wp\/v2\/types\/post"}],"author":[{"embeddable":true,"href":"https:\/\/radioprincesa2010.com.br\/fm\/wp-json\/wp\/v2\/users\/2"}],"replies":[{"embeddable":true,"href":"https:\/\/radioprincesa2010.com.br\/fm\/wp-json\/wp\/v2\/comments?post=2725"}],"version-history":[{"count":1,"href":"https:\/\/radioprincesa2010.com.br\/fm\/wp-json\/wp\/v2\/posts\/2725\/revisions"}],"predecessor-version":[{"id":2728,"href":"https:\/\/radioprincesa2010.com.br\/fm\/wp-json\/wp\/v2\/posts\/2725\/revisions\/2728"}],"wp:featuredmedia":[{"embeddable":true,"href":"https:\/\/radioprincesa2010.com.br\/fm\/wp-json\/wp\/v2\/media\/2727"}],"wp:attachment":[{"href":"https:\/\/radioprincesa2010.com.br\/fm\/wp-json\/wp\/v2\/media?parent=2725"}],"wp:term":[{"taxonomy":"category","embeddable":true,"href":"https:\/\/radioprincesa2010.com.br\/fm\/wp-json\/wp\/v2\/categories?post=2725"},{"taxonomy":"post_tag","embeddable":true,"href":"https:\/\/radioprincesa2010.com.br\/fm\/wp-json\/wp\/v2\/tags?post=2725"}],"curies":[{"name":"wp","href":"https:\/\/api.w.org\/{rel}","templated":true}]}}