{"id":2722,"date":"2020-09-12T17:23:23","date_gmt":"2020-09-12T17:23:23","guid":{"rendered":"https:\/\/radioprincesa2010.com.br\/fm\/?p=2722"},"modified":"2020-09-12T17:23:25","modified_gmt":"2020-09-12T17:23:25","slug":"mdb-oficializa-candidatura-de-stelamaris-gobbi-e-matheus-vicente-huppes-em-sua-convencao","status":"publish","type":"post","link":"https:\/\/radioprincesa2010.com.br\/fm\/mdb-oficializa-candidatura-de-stelamaris-gobbi-e-matheus-vicente-huppes-em-sua-convencao\/","title":{"rendered":"MDB oficializa candidatura de Stelamaris Gobbi e Matheus Vicente Huppes em sua conven\u00e7\u00e3o"},"content":{"rendered":"<div id=\"fb-root\"><\/div>\n\n<div class=\"wp-block-image\"><figure class=\"alignleft size-large is-resized\"><img loading=\"lazy\" decoding=\"async\" src=\"https:\/\/radioprincesa2010.com.br\/fm\/wp-content\/uploads\/2020\/09\/119073045_133075095166753_3448672783543047335_o-1024x683.jpg\" alt=\"\" class=\"wp-image-2723\" width=\"256\" height=\"171\" srcset=\"https:\/\/radioprincesa2010.com.br\/fm\/wp-content\/uploads\/2020\/09\/119073045_133075095166753_3448672783543047335_o-1024x683.jpg 1024w, https:\/\/radioprincesa2010.com.br\/fm\/wp-content\/uploads\/2020\/09\/119073045_133075095166753_3448672783543047335_o-300x200.jpg 300w, https:\/\/radioprincesa2010.com.br\/fm\/wp-content\/uploads\/2020\/09\/119073045_133075095166753_3448672783543047335_o-768x512.jpg 768w, https:\/\/radioprincesa2010.com.br\/fm\/wp-content\/uploads\/2020\/09\/119073045_133075095166753_3448672783543047335_o-90x60.jpg 90w, https:\/\/radioprincesa2010.com.br\/fm\/wp-content\/uploads\/2020\/09\/119073045_133075095166753_3448672783543047335_o.jpg 1280w\" sizes=\"auto, (max-width: 256px) 100vw, 256px\" \/><\/figure><\/div>\n\n\n\n<p>O MDB realizou sua conven\u00e7\u00e3o na manh\u00e3 deste s\u00e1bado, 12, na C\u00e2mara de Vereadores para defini\u00e7\u00e3o das candidaturas para a elei\u00e7\u00e3o municipal selbachense.<\/p>\n\n\n\n<p>Por unanimidade de votos definiu-se a candidatura para a majorit\u00e1ria de Stelamaris Gobbi (Prefeita) e Matheus Vicente Huppes (Vice-Prefeito)<\/p>\n\n\n\n<p>Tamb\u00e9m foi confirmada a nominata para disputa a verean\u00e7a composta por 12 candidatos, sendo eles: Anajara Kanitz Becker (Loira) \u2013 Arlei Willig (Willich) \u2013 D\u00f3ris Marquiela Schneider \u2013 Jair Beckmann \u2013 Jair Terhorst &#8211; Jardel Aloisio Maldaner (Chapo) &#8211; Jeovani Prates \u2013 Maria dos Santos \u2013 Odete Wenschenfelder Schneider \u2013 Reges Geller \u2013 Roberto Guareschi \u2013 Teco Simon<\/p>\n","protected":false},"excerpt":{"rendered":"<p>O MDB realizou sua conven\u00e7\u00e3o na manh\u00e3 deste s\u00e1bado, 12, na C\u00e2mara de Vereadores para defini\u00e7\u00e3o das candidaturas para a elei\u00e7\u00e3o municipal selbachense. Por unanimidade de votos definiu-se a candidatura para a majorit\u00e1ria de Stelamaris Gobbi (Prefeita) e Matheus Vicente Huppes (Vice-Prefeito) Tamb\u00e9m foi confirmada a nominata para disputa a verean\u00e7a composta por 12 candidatos, &hellip; <\/p>\n","protected":false},"author":2,"featured_media":2723,"comment_status":"open","ping_status":"open","sticky":false,"template":"","format":"standard","meta":{"footnotes":""},"categories":[1],"tags":[],"class_list":["post-2722","post","type-post","status-publish","format-standard","has-post-thumbnail","hentry","category-geral"],"yoast_head":"<!-- This site is optimized with the Yoast SEO plugin v16.1.1 - https:\/\/yoast.com\/wordpress\/plugins\/seo\/ -->\n<title>MDB oficializa candidatura de Stelamaris Gobbi e Matheus Vicente Huppes em sua conven\u00e7\u00e3o - R\u00e1dio Princesa FM 104.9 Mhz<\/title>\n<link rel=\"canonical\" href=\"https:\/\/radioprincesa2010.com.br\/fm\/mdb-oficializa-candidatura-de-stelamaris-gobbi-e-matheus-vicente-huppes-em-sua-convencao\/\" \/>\n<meta property=\"og:locale\" content=\"pt_BR\" \/>\n<meta property=\"og:type\" content=\"article\" \/>\n<meta property=\"og:title\" content=\"MDB oficializa candidatura de Stelamaris Gobbi e Matheus Vicente Huppes em sua conven\u00e7\u00e3o - R\u00e1dio Princesa FM 104.9 Mhz\" \/>\n<meta property=\"og:description\" content=\"O MDB realizou sua conven\u00e7\u00e3o na manh\u00e3 deste s\u00e1bado, 12, na C\u00e2mara de Vereadores para defini\u00e7\u00e3o das candidaturas para a elei\u00e7\u00e3o municipal selbachense. Por unanimidade de votos definiu-se a candidatura para a majorit\u00e1ria de Stelamaris Gobbi (Prefeita) e Matheus Vicente Huppes (Vice-Prefeito) Tamb\u00e9m foi confirmada a nominata para disputa a verean\u00e7a composta por 12 candidatos, &hellip;\" \/>\n<meta property=\"og:url\" content=\"https:\/\/radioprincesa2010.com.br\/fm\/mdb-oficializa-candidatura-de-stelamaris-gobbi-e-matheus-vicente-huppes-em-sua-convencao\/\" \/>\n<meta property=\"og:site_name\" content=\"R\u00e1dio Princesa FM 104.9 Mhz\" \/>\n<meta property=\"article:published_time\" content=\"2020-09-12T17:23:23+00:00\" \/>\n<meta property=\"article:modified_time\" content=\"2020-09-12T17:23:25+00:00\" \/>\n<meta property=\"og:image\" content=\"https:\/\/radioprincesa2010.com.br\/fm\/wp-content\/uploads\/2020\/09\/119073045_133075095166753_3448672783543047335_o.jpg\" \/>\n\t<meta property=\"og:image:width\" content=\"1280\" \/>\n\t<meta property=\"og:image:height\" content=\"854\" \/>\n<meta name=\"twitter:card\" content=\"summary_large_image\" \/>\n<script type=\"application\/ld+json\" class=\"yoast-schema-graph\">{\"@context\":\"https:\/\/schema.org\",\"@graph\":[{\"@type\":\"WebSite\",\"@id\":\"https:\/\/radioprincesa2010.com.br\/fm\/#website\",\"url\":\"https:\/\/radioprincesa2010.com.br\/fm\/\",\"name\":\"R\\u00e1dio Princesa FM 104.9 Mhz\",\"description\":\"Com voc\\u00ea o tempo todo\",\"potentialAction\":[{\"@type\":\"SearchAction\",\"target\":\"https:\/\/radioprincesa2010.com.br\/fm\/?s={search_term_string}\",\"query-input\":\"required name=search_term_string\"}],\"inLanguage\":\"pt-BR\"},{\"@type\":\"ImageObject\",\"@id\":\"https:\/\/radioprincesa2010.com.br\/fm\/mdb-oficializa-candidatura-de-stelamaris-gobbi-e-matheus-vicente-huppes-em-sua-convencao\/#primaryimage\",\"inLanguage\":\"pt-BR\",\"url\":\"https:\/\/radioprincesa2010.com.br\/fm\/wp-content\/uploads\/2020\/09\/119073045_133075095166753_3448672783543047335_o.jpg\",\"contentUrl\":\"https:\/\/radioprincesa2010.com.br\/fm\/wp-content\/uploads\/2020\/09\/119073045_133075095166753_3448672783543047335_o.jpg\",\"width\":1280,\"height\":854},{\"@type\":\"WebPage\",\"@id\":\"https:\/\/radioprincesa2010.com.br\/fm\/mdb-oficializa-candidatura-de-stelamaris-gobbi-e-matheus-vicente-huppes-em-sua-convencao\/#webpage\",\"url\":\"https:\/\/radioprincesa2010.com.br\/fm\/mdb-oficializa-candidatura-de-stelamaris-gobbi-e-matheus-vicente-huppes-em-sua-convencao\/\",\"name\":\"MDB oficializa candidatura de Stelamaris Gobbi e Matheus Vicente Huppes em sua conven\\u00e7\\u00e3o - R\\u00e1dio Princesa FM 104.9 Mhz\",\"isPartOf\":{\"@id\":\"https:\/\/radioprincesa2010.com.br\/fm\/#website\"},\"primaryImageOfPage\":{\"@id\":\"https:\/\/radioprincesa2010.com.br\/fm\/mdb-oficializa-candidatura-de-stelamaris-gobbi-e-matheus-vicente-huppes-em-sua-convencao\/#primaryimage\"},\"datePublished\":\"2020-09-12T17:23:23+00:00\",\"dateModified\":\"2020-09-12T17:23:25+00:00\",\"author\":{\"@id\":\"https:\/\/radioprincesa2010.com.br\/fm\/#\/schema\/person\/2671cea07bd207fdbf7f094a7ab77c1c\"},\"breadcrumb\":{\"@id\":\"https:\/\/radioprincesa2010.com.br\/fm\/mdb-oficializa-candidatura-de-stelamaris-gobbi-e-matheus-vicente-huppes-em-sua-convencao\/#breadcrumb\"},\"inLanguage\":\"pt-BR\",\"potentialAction\":[{\"@type\":\"ReadAction\",\"target\":[\"https:\/\/radioprincesa2010.com.br\/fm\/mdb-oficializa-candidatura-de-stelamaris-gobbi-e-matheus-vicente-huppes-em-sua-convencao\/\"]}]},{\"@type\":\"BreadcrumbList\",\"@id\":\"https:\/\/radioprincesa2010.com.br\/fm\/mdb-oficializa-candidatura-de-stelamaris-gobbi-e-matheus-vicente-huppes-em-sua-convencao\/#breadcrumb\",\"itemListElement\":[{\"@type\":\"ListItem\",\"position\":1,\"item\":{\"@type\":\"WebPage\",\"@id\":\"https:\/\/radioprincesa2010.com.br\/fm\/\",\"url\":\"https:\/\/radioprincesa2010.com.br\/fm\/\",\"name\":\"In\\u00edcio\"}},{\"@type\":\"ListItem\",\"position\":2,\"item\":{\"@type\":\"WebPage\",\"@id\":\"https:\/\/radioprincesa2010.com.br\/fm\/mdb-oficializa-candidatura-de-stelamaris-gobbi-e-matheus-vicente-huppes-em-sua-convencao\/\",\"url\":\"https:\/\/radioprincesa2010.com.br\/fm\/mdb-oficializa-candidatura-de-stelamaris-gobbi-e-matheus-vicente-huppes-em-sua-convencao\/\",\"name\":\"MDB oficializa candidatura de Stelamaris Gobbi e Matheus Vicente Huppes em sua conven\\u00e7\\u00e3o\"}}]},{\"@type\":\"Person\",\"@id\":\"https:\/\/radioprincesa2010.com.br\/fm\/#\/schema\/person\/2671cea07bd207fdbf7f094a7ab77c1c\",\"name\":\"Radialistas Princesa FM\",\"image\":{\"@type\":\"ImageObject\",\"@id\":\"https:\/\/radioprincesa2010.com.br\/fm\/#personlogo\",\"inLanguage\":\"pt-BR\",\"url\":\"https:\/\/secure.gravatar.com\/avatar\/1e60f2ae894518c7afac50daca716e5d?s=96&d=mm&r=g\",\"contentUrl\":\"https:\/\/secure.gravatar.com\/avatar\/1e60f2ae894518c7afac50daca716e5d?s=96&d=mm&r=g\",\"caption\":\"Radialistas Princesa FM\"}}]}<\/script>\n<!-- \/ Yoast SEO plugin. -->","_links":{"self":[{"href":"https:\/\/radioprincesa2010.com.br\/fm\/wp-json\/wp\/v2\/posts\/2722","targetHints":{"allow":["GET"]}}],"collection":[{"href":"https:\/\/radioprincesa2010.com.br\/fm\/wp-json\/wp\/v2\/posts"}],"about":[{"href":"https:\/\/radioprincesa2010.com.br\/fm\/wp-json\/wp\/v2\/types\/post"}],"author":[{"embeddable":true,"href":"https:\/\/radioprincesa2010.com.br\/fm\/wp-json\/wp\/v2\/users\/2"}],"replies":[{"embeddable":true,"href":"https:\/\/radioprincesa2010.com.br\/fm\/wp-json\/wp\/v2\/comments?post=2722"}],"version-history":[{"count":1,"href":"https:\/\/radioprincesa2010.com.br\/fm\/wp-json\/wp\/v2\/posts\/2722\/revisions"}],"predecessor-version":[{"id":2724,"href":"https:\/\/radioprincesa2010.com.br\/fm\/wp-json\/wp\/v2\/posts\/2722\/revisions\/2724"}],"wp:featuredmedia":[{"embeddable":true,"href":"https:\/\/radioprincesa2010.com.br\/fm\/wp-json\/wp\/v2\/media\/2723"}],"wp:attachment":[{"href":"https:\/\/radioprincesa2010.com.br\/fm\/wp-json\/wp\/v2\/media?parent=2722"}],"wp:term":[{"taxonomy":"category","embeddable":true,"href":"https:\/\/radioprincesa2010.com.br\/fm\/wp-json\/wp\/v2\/categories?post=2722"},{"taxonomy":"post_tag","embeddable":true,"href":"https:\/\/radioprincesa2010.com.br\/fm\/wp-json\/wp\/v2\/tags?post=2722"}],"curies":[{"name":"wp","href":"https:\/\/api.w.org\/{rel}","templated":true}]}}