{"id":2716,"date":"2020-09-12T10:46:00","date_gmt":"2020-09-12T10:46:00","guid":{"rendered":"https:\/\/radioprincesa2010.com.br\/fm\/?p=2716"},"modified":"2020-09-12T10:46:02","modified_gmt":"2020-09-12T10:46:02","slug":"pp-oficializa-candidatura-de-michael-e-claudiomiro","status":"publish","type":"post","link":"https:\/\/radioprincesa2010.com.br\/fm\/pp-oficializa-candidatura-de-michael-e-claudiomiro\/","title":{"rendered":"PP oficializa candidatura de Michael e Claudiomiro"},"content":{"rendered":"<div id=\"fb-root\"><\/div>\n\n<div class=\"wp-block-image\"><figure class=\"alignleft size-large is-resized\"><img loading=\"lazy\" decoding=\"async\" src=\"https:\/\/radioprincesa2010.com.br\/fm\/wp-content\/uploads\/2020\/09\/558f3d8e-7cfb-4060-9f62-97c94723d8be.jpg\" alt=\"\" class=\"wp-image-2717\" width=\"256\" height=\"192\" srcset=\"https:\/\/radioprincesa2010.com.br\/fm\/wp-content\/uploads\/2020\/09\/558f3d8e-7cfb-4060-9f62-97c94723d8be.jpg 1024w, https:\/\/radioprincesa2010.com.br\/fm\/wp-content\/uploads\/2020\/09\/558f3d8e-7cfb-4060-9f62-97c94723d8be-300x225.jpg 300w, https:\/\/radioprincesa2010.com.br\/fm\/wp-content\/uploads\/2020\/09\/558f3d8e-7cfb-4060-9f62-97c94723d8be-768x576.jpg 768w, https:\/\/radioprincesa2010.com.br\/fm\/wp-content\/uploads\/2020\/09\/558f3d8e-7cfb-4060-9f62-97c94723d8be-80x60.jpg 80w\" sizes=\"auto, (max-width: 256px) 100vw, 256px\" \/><\/figure><\/div>\n\n\n\n<p>O PP abriu na noite desta sexta-feira, dia 11, a s\u00e9rie de conven\u00e7\u00f5es dos partidos que ir\u00e3o disputar a elei\u00e7\u00e3o municipal em Selbach.<\/p>\n\n\n\n<p>Por unanimidade de votos os progressistas escolheram o candidato \u00e0 prefeito Michael e ao seu lado Claudiomiro Vergutz como candidato \u00e0 vice-prefeito, para a composi\u00e7\u00e3o da chapa majorit\u00e1ria selbachense.\u3164<\/p>\n\n\n\n<p>Tamb\u00e9m foi confirmada a nominata composta por 13 candidatos \u00e0 vereadores: Rodrigo Seger, J\u00fanior Camargo, Claudiomir Alves da Cruz, Juliano Hammes, Claudio Konrad, Rudi Seger, Lucia Prediger, Julia Weber Sipp, Mario L\u00edrio, Monique Moraes, Teresinha Prediger Braun, Jose Paulo Staudt e Lindomar Paz.<\/p>\n\n\n\n<figure class=\"wp-block-image size-large\"><img loading=\"lazy\" decoding=\"async\" width=\"1024\" height=\"768\" src=\"https:\/\/radioprincesa2010.com.br\/fm\/wp-content\/uploads\/2020\/09\/da10cf3f-5d8d-4b51-9c49-f1b5a1dfc88e.jpg\" alt=\"\" class=\"wp-image-2718\" srcset=\"https:\/\/radioprincesa2010.com.br\/fm\/wp-content\/uploads\/2020\/09\/da10cf3f-5d8d-4b51-9c49-f1b5a1dfc88e.jpg 1024w, https:\/\/radioprincesa2010.com.br\/fm\/wp-content\/uploads\/2020\/09\/da10cf3f-5d8d-4b51-9c49-f1b5a1dfc88e-300x225.jpg 300w, https:\/\/radioprincesa2010.com.br\/fm\/wp-content\/uploads\/2020\/09\/da10cf3f-5d8d-4b51-9c49-f1b5a1dfc88e-768x576.jpg 768w, https:\/\/radioprincesa2010.com.br\/fm\/wp-content\/uploads\/2020\/09\/da10cf3f-5d8d-4b51-9c49-f1b5a1dfc88e-80x60.jpg 80w\" sizes=\"auto, (max-width: 1024px) 100vw, 1024px\" \/><\/figure>\n\n\n\n<p>\u3164<\/p>\n","protected":false},"excerpt":{"rendered":"<p>O PP abriu na noite desta sexta-feira, dia 11, a s\u00e9rie de conven\u00e7\u00f5es dos partidos que ir\u00e3o disputar a elei\u00e7\u00e3o municipal em Selbach. Por unanimidade de votos os progressistas escolheram o candidato \u00e0 prefeito Michael e ao seu lado Claudiomiro Vergutz como candidato \u00e0 vice-prefeito, para a composi\u00e7\u00e3o da chapa majorit\u00e1ria selbachense.\u3164 Tamb\u00e9m foi confirmada &hellip; <\/p>\n","protected":false},"author":2,"featured_media":2719,"comment_status":"open","ping_status":"open","sticky":false,"template":"","format":"standard","meta":{"footnotes":""},"categories":[1],"tags":[],"class_list":["post-2716","post","type-post","status-publish","format-standard","has-post-thumbnail","hentry","category-geral"],"yoast_head":"<!-- This site is optimized with the Yoast SEO plugin v16.1.1 - https:\/\/yoast.com\/wordpress\/plugins\/seo\/ -->\n<title>PP oficializa candidatura de Michael e Claudiomiro - R\u00e1dio Princesa FM 104.9 Mhz<\/title>\n<link rel=\"canonical\" href=\"https:\/\/radioprincesa2010.com.br\/fm\/pp-oficializa-candidatura-de-michael-e-claudiomiro\/\" \/>\n<meta property=\"og:locale\" content=\"pt_BR\" \/>\n<meta property=\"og:type\" content=\"article\" \/>\n<meta property=\"og:title\" content=\"PP oficializa candidatura de Michael e Claudiomiro - R\u00e1dio Princesa FM 104.9 Mhz\" \/>\n<meta property=\"og:description\" content=\"O PP abriu na noite desta sexta-feira, dia 11, a s\u00e9rie de conven\u00e7\u00f5es dos partidos que ir\u00e3o disputar a elei\u00e7\u00e3o municipal em Selbach. Por unanimidade de votos os progressistas escolheram o candidato \u00e0 prefeito Michael e ao seu lado Claudiomiro Vergutz como candidato \u00e0 vice-prefeito, para a composi\u00e7\u00e3o da chapa majorit\u00e1ria selbachense.\u3164 Tamb\u00e9m foi confirmada &hellip;\" \/>\n<meta property=\"og:url\" content=\"https:\/\/radioprincesa2010.com.br\/fm\/pp-oficializa-candidatura-de-michael-e-claudiomiro\/\" \/>\n<meta property=\"og:site_name\" content=\"R\u00e1dio Princesa FM 104.9 Mhz\" \/>\n<meta property=\"article:published_time\" content=\"2020-09-12T10:46:00+00:00\" \/>\n<meta property=\"article:modified_time\" content=\"2020-09-12T10:46:02+00:00\" \/>\n<meta property=\"og:image\" content=\"https:\/\/radioprincesa2010.com.br\/fm\/wp-content\/uploads\/2020\/09\/CONFIRMADA-A-MINHA-PR\u00c9-1.jpg\" \/>\n\t<meta property=\"og:image:width\" content=\"1280\" \/>\n\t<meta property=\"og:image:height\" content=\"1280\" \/>\n<meta name=\"twitter:card\" content=\"summary_large_image\" \/>\n<script type=\"application\/ld+json\" class=\"yoast-schema-graph\">{\"@context\":\"https:\/\/schema.org\",\"@graph\":[{\"@type\":\"WebSite\",\"@id\":\"https:\/\/radioprincesa2010.com.br\/fm\/#website\",\"url\":\"https:\/\/radioprincesa2010.com.br\/fm\/\",\"name\":\"R\\u00e1dio Princesa FM 104.9 Mhz\",\"description\":\"Com voc\\u00ea o tempo todo\",\"potentialAction\":[{\"@type\":\"SearchAction\",\"target\":\"https:\/\/radioprincesa2010.com.br\/fm\/?s={search_term_string}\",\"query-input\":\"required name=search_term_string\"}],\"inLanguage\":\"pt-BR\"},{\"@type\":\"ImageObject\",\"@id\":\"https:\/\/radioprincesa2010.com.br\/fm\/pp-oficializa-candidatura-de-michael-e-claudiomiro\/#primaryimage\",\"inLanguage\":\"pt-BR\",\"url\":\"https:\/\/radioprincesa2010.com.br\/fm\/wp-content\/uploads\/2020\/09\/CONFIRMADA-A-MINHA-PR\\u00c9-1.jpg\",\"contentUrl\":\"https:\/\/radioprincesa2010.com.br\/fm\/wp-content\/uploads\/2020\/09\/CONFIRMADA-A-MINHA-PR\\u00c9-1.jpg\",\"width\":1280,\"height\":1280},{\"@type\":\"WebPage\",\"@id\":\"https:\/\/radioprincesa2010.com.br\/fm\/pp-oficializa-candidatura-de-michael-e-claudiomiro\/#webpage\",\"url\":\"https:\/\/radioprincesa2010.com.br\/fm\/pp-oficializa-candidatura-de-michael-e-claudiomiro\/\",\"name\":\"PP oficializa candidatura de Michael e Claudiomiro - R\\u00e1dio Princesa FM 104.9 Mhz\",\"isPartOf\":{\"@id\":\"https:\/\/radioprincesa2010.com.br\/fm\/#website\"},\"primaryImageOfPage\":{\"@id\":\"https:\/\/radioprincesa2010.com.br\/fm\/pp-oficializa-candidatura-de-michael-e-claudiomiro\/#primaryimage\"},\"datePublished\":\"2020-09-12T10:46:00+00:00\",\"dateModified\":\"2020-09-12T10:46:02+00:00\",\"author\":{\"@id\":\"https:\/\/radioprincesa2010.com.br\/fm\/#\/schema\/person\/2671cea07bd207fdbf7f094a7ab77c1c\"},\"breadcrumb\":{\"@id\":\"https:\/\/radioprincesa2010.com.br\/fm\/pp-oficializa-candidatura-de-michael-e-claudiomiro\/#breadcrumb\"},\"inLanguage\":\"pt-BR\",\"potentialAction\":[{\"@type\":\"ReadAction\",\"target\":[\"https:\/\/radioprincesa2010.com.br\/fm\/pp-oficializa-candidatura-de-michael-e-claudiomiro\/\"]}]},{\"@type\":\"BreadcrumbList\",\"@id\":\"https:\/\/radioprincesa2010.com.br\/fm\/pp-oficializa-candidatura-de-michael-e-claudiomiro\/#breadcrumb\",\"itemListElement\":[{\"@type\":\"ListItem\",\"position\":1,\"item\":{\"@type\":\"WebPage\",\"@id\":\"https:\/\/radioprincesa2010.com.br\/fm\/\",\"url\":\"https:\/\/radioprincesa2010.com.br\/fm\/\",\"name\":\"In\\u00edcio\"}},{\"@type\":\"ListItem\",\"position\":2,\"item\":{\"@type\":\"WebPage\",\"@id\":\"https:\/\/radioprincesa2010.com.br\/fm\/pp-oficializa-candidatura-de-michael-e-claudiomiro\/\",\"url\":\"https:\/\/radioprincesa2010.com.br\/fm\/pp-oficializa-candidatura-de-michael-e-claudiomiro\/\",\"name\":\"PP oficializa candidatura de Michael e Claudiomiro\"}}]},{\"@type\":\"Person\",\"@id\":\"https:\/\/radioprincesa2010.com.br\/fm\/#\/schema\/person\/2671cea07bd207fdbf7f094a7ab77c1c\",\"name\":\"Radialistas Princesa FM\",\"image\":{\"@type\":\"ImageObject\",\"@id\":\"https:\/\/radioprincesa2010.com.br\/fm\/#personlogo\",\"inLanguage\":\"pt-BR\",\"url\":\"https:\/\/secure.gravatar.com\/avatar\/1e60f2ae894518c7afac50daca716e5d?s=96&d=mm&r=g\",\"contentUrl\":\"https:\/\/secure.gravatar.com\/avatar\/1e60f2ae894518c7afac50daca716e5d?s=96&d=mm&r=g\",\"caption\":\"Radialistas Princesa FM\"}}]}<\/script>\n<!-- \/ Yoast SEO plugin. -->","_links":{"self":[{"href":"https:\/\/radioprincesa2010.com.br\/fm\/wp-json\/wp\/v2\/posts\/2716","targetHints":{"allow":["GET"]}}],"collection":[{"href":"https:\/\/radioprincesa2010.com.br\/fm\/wp-json\/wp\/v2\/posts"}],"about":[{"href":"https:\/\/radioprincesa2010.com.br\/fm\/wp-json\/wp\/v2\/types\/post"}],"author":[{"embeddable":true,"href":"https:\/\/radioprincesa2010.com.br\/fm\/wp-json\/wp\/v2\/users\/2"}],"replies":[{"embeddable":true,"href":"https:\/\/radioprincesa2010.com.br\/fm\/wp-json\/wp\/v2\/comments?post=2716"}],"version-history":[{"count":2,"href":"https:\/\/radioprincesa2010.com.br\/fm\/wp-json\/wp\/v2\/posts\/2716\/revisions"}],"predecessor-version":[{"id":2721,"href":"https:\/\/radioprincesa2010.com.br\/fm\/wp-json\/wp\/v2\/posts\/2716\/revisions\/2721"}],"wp:featuredmedia":[{"embeddable":true,"href":"https:\/\/radioprincesa2010.com.br\/fm\/wp-json\/wp\/v2\/media\/2719"}],"wp:attachment":[{"href":"https:\/\/radioprincesa2010.com.br\/fm\/wp-json\/wp\/v2\/media?parent=2716"}],"wp:term":[{"taxonomy":"category","embeddable":true,"href":"https:\/\/radioprincesa2010.com.br\/fm\/wp-json\/wp\/v2\/categories?post=2716"},{"taxonomy":"post_tag","embeddable":true,"href":"https:\/\/radioprincesa2010.com.br\/fm\/wp-json\/wp\/v2\/tags?post=2716"}],"curies":[{"name":"wp","href":"https:\/\/api.w.org\/{rel}","templated":true}]}}