{"id":2451,"date":"2020-06-12T18:51:58","date_gmt":"2020-06-12T18:51:58","guid":{"rendered":"https:\/\/radioprincesa2010.com.br\/fm\/?p=2451"},"modified":"2020-06-12T18:52:01","modified_gmt":"2020-06-12T18:52:01","slug":"rio-grande-perde-porca-veia","status":"publish","type":"post","link":"https:\/\/radioprincesa2010.com.br\/fm\/rio-grande-perde-porca-veia\/","title":{"rendered":"Rio Grande perde Porca V\u00e9ia"},"content":{"rendered":"<div id=\"fb-root\"><\/div>\n\n<p>O cantor, gaiteiro e compositor \u201cPorca V\u00e9ia\u201d morreu na tarde desta sexta-feira (12), aos 68 anos, no Hospital Regina, em Novo Hamburgo, depois de sofrer duas paradas card\u00edacas, conforme nota do MTG em sua p\u00e1gina no facebook.<\/p>\n\n\n\n<p>Com insufici\u00eancia renal, fazia se\u00e7\u00f5es de hemodi\u00e1lise tr\u00eas vezes por semana. Fundador do Grupo Cordiona&nbsp;e autor de sucessos como &#8220;Lembran\u00e7as&#8221;, &#8220;De Alma Serrana&#8221;, &#8220;Do Jeito que Deu&#8221; e &#8220;Gaiteiro Por Demais&#8221;, Porca V\u00e9ia possui 21 CDs e 3 DVDs gravados, al\u00e9m de dois discos de ouro.<\/p>\n\n\n\n<p>Nascido em Lagoa Vermelha, deixa a esposa Claudin\u00e9ia Bossardi e quatro filhos, al\u00e9m de uma legi\u00e3o de f\u00e3s e amigos. <\/p>\n","protected":false},"excerpt":{"rendered":"<p>O cantor, gaiteiro e compositor \u201cPorca V\u00e9ia\u201d morreu na tarde desta sexta-feira (12), aos 68 anos, no Hospital Regina, em Novo Hamburgo, depois de sofrer duas paradas card\u00edacas, conforme nota do MTG em sua p\u00e1gina no facebook. Com insufici\u00eancia renal, fazia se\u00e7\u00f5es de hemodi\u00e1lise tr\u00eas vezes por semana. Fundador do Grupo Cordiona&nbsp;e autor de sucessos &hellip; <\/p>\n","protected":false},"author":2,"featured_media":2452,"comment_status":"open","ping_status":"open","sticky":false,"template":"","format":"standard","meta":{"footnotes":""},"categories":[1],"tags":[],"class_list":["post-2451","post","type-post","status-publish","format-standard","has-post-thumbnail","hentry","category-geral"],"yoast_head":"<!-- This site is optimized with the Yoast SEO plugin v16.1.1 - https:\/\/yoast.com\/wordpress\/plugins\/seo\/ -->\n<title>Rio Grande perde Porca V\u00e9ia - R\u00e1dio Princesa FM 104.9 Mhz<\/title>\n<link rel=\"canonical\" href=\"https:\/\/radioprincesa2010.com.br\/fm\/rio-grande-perde-porca-veia\/\" \/>\n<meta property=\"og:locale\" content=\"pt_BR\" \/>\n<meta property=\"og:type\" content=\"article\" \/>\n<meta property=\"og:title\" content=\"Rio Grande perde Porca V\u00e9ia - R\u00e1dio Princesa FM 104.9 Mhz\" \/>\n<meta property=\"og:description\" content=\"O cantor, gaiteiro e compositor \u201cPorca V\u00e9ia\u201d morreu na tarde desta sexta-feira (12), aos 68 anos, no Hospital Regina, em Novo Hamburgo, depois de sofrer duas paradas card\u00edacas, conforme nota do MTG em sua p\u00e1gina no facebook. Com insufici\u00eancia renal, fazia se\u00e7\u00f5es de hemodi\u00e1lise tr\u00eas vezes por semana. Fundador do Grupo Cordiona&nbsp;e autor de sucessos &hellip;\" \/>\n<meta property=\"og:url\" content=\"https:\/\/radioprincesa2010.com.br\/fm\/rio-grande-perde-porca-veia\/\" \/>\n<meta property=\"og:site_name\" content=\"R\u00e1dio Princesa FM 104.9 Mhz\" \/>\n<meta property=\"article:published_time\" content=\"2020-06-12T18:51:58+00:00\" \/>\n<meta property=\"article:modified_time\" content=\"2020-06-12T18:52:01+00:00\" \/>\n<meta property=\"og:image\" content=\"https:\/\/radioprincesa2010.com.br\/fm\/wp-content\/uploads\/2020\/06\/102848900_1426523524202624_7830016101739019421_n.jpg\" \/>\n\t<meta property=\"og:image:width\" content=\"589\" \/>\n\t<meta property=\"og:image:height\" content=\"589\" \/>\n<meta name=\"twitter:card\" content=\"summary_large_image\" \/>\n<meta name=\"twitter:label1\" content=\"Est. tempo de leitura\">\n\t<meta name=\"twitter:data1\" content=\"1 minuto\">\n<script type=\"application\/ld+json\" class=\"yoast-schema-graph\">{\"@context\":\"https:\/\/schema.org\",\"@graph\":[{\"@type\":\"WebSite\",\"@id\":\"https:\/\/radioprincesa2010.com.br\/fm\/#website\",\"url\":\"https:\/\/radioprincesa2010.com.br\/fm\/\",\"name\":\"R\\u00e1dio Princesa FM 104.9 Mhz\",\"description\":\"Com voc\\u00ea o tempo todo\",\"potentialAction\":[{\"@type\":\"SearchAction\",\"target\":\"https:\/\/radioprincesa2010.com.br\/fm\/?s={search_term_string}\",\"query-input\":\"required name=search_term_string\"}],\"inLanguage\":\"pt-BR\"},{\"@type\":\"ImageObject\",\"@id\":\"https:\/\/radioprincesa2010.com.br\/fm\/rio-grande-perde-porca-veia\/#primaryimage\",\"inLanguage\":\"pt-BR\",\"url\":\"https:\/\/radioprincesa2010.com.br\/fm\/wp-content\/uploads\/2020\/06\/102848900_1426523524202624_7830016101739019421_n.jpg\",\"contentUrl\":\"https:\/\/radioprincesa2010.com.br\/fm\/wp-content\/uploads\/2020\/06\/102848900_1426523524202624_7830016101739019421_n.jpg\",\"width\":589,\"height\":589},{\"@type\":\"WebPage\",\"@id\":\"https:\/\/radioprincesa2010.com.br\/fm\/rio-grande-perde-porca-veia\/#webpage\",\"url\":\"https:\/\/radioprincesa2010.com.br\/fm\/rio-grande-perde-porca-veia\/\",\"name\":\"Rio Grande perde Porca V\\u00e9ia - R\\u00e1dio Princesa FM 104.9 Mhz\",\"isPartOf\":{\"@id\":\"https:\/\/radioprincesa2010.com.br\/fm\/#website\"},\"primaryImageOfPage\":{\"@id\":\"https:\/\/radioprincesa2010.com.br\/fm\/rio-grande-perde-porca-veia\/#primaryimage\"},\"datePublished\":\"2020-06-12T18:51:58+00:00\",\"dateModified\":\"2020-06-12T18:52:01+00:00\",\"author\":{\"@id\":\"https:\/\/radioprincesa2010.com.br\/fm\/#\/schema\/person\/2671cea07bd207fdbf7f094a7ab77c1c\"},\"breadcrumb\":{\"@id\":\"https:\/\/radioprincesa2010.com.br\/fm\/rio-grande-perde-porca-veia\/#breadcrumb\"},\"inLanguage\":\"pt-BR\",\"potentialAction\":[{\"@type\":\"ReadAction\",\"target\":[\"https:\/\/radioprincesa2010.com.br\/fm\/rio-grande-perde-porca-veia\/\"]}]},{\"@type\":\"BreadcrumbList\",\"@id\":\"https:\/\/radioprincesa2010.com.br\/fm\/rio-grande-perde-porca-veia\/#breadcrumb\",\"itemListElement\":[{\"@type\":\"ListItem\",\"position\":1,\"item\":{\"@type\":\"WebPage\",\"@id\":\"https:\/\/radioprincesa2010.com.br\/fm\/\",\"url\":\"https:\/\/radioprincesa2010.com.br\/fm\/\",\"name\":\"In\\u00edcio\"}},{\"@type\":\"ListItem\",\"position\":2,\"item\":{\"@type\":\"WebPage\",\"@id\":\"https:\/\/radioprincesa2010.com.br\/fm\/rio-grande-perde-porca-veia\/\",\"url\":\"https:\/\/radioprincesa2010.com.br\/fm\/rio-grande-perde-porca-veia\/\",\"name\":\"Rio Grande perde Porca V\\u00e9ia\"}}]},{\"@type\":\"Person\",\"@id\":\"https:\/\/radioprincesa2010.com.br\/fm\/#\/schema\/person\/2671cea07bd207fdbf7f094a7ab77c1c\",\"name\":\"Radialistas Princesa FM\",\"image\":{\"@type\":\"ImageObject\",\"@id\":\"https:\/\/radioprincesa2010.com.br\/fm\/#personlogo\",\"inLanguage\":\"pt-BR\",\"url\":\"https:\/\/secure.gravatar.com\/avatar\/1e60f2ae894518c7afac50daca716e5d?s=96&d=mm&r=g\",\"contentUrl\":\"https:\/\/secure.gravatar.com\/avatar\/1e60f2ae894518c7afac50daca716e5d?s=96&d=mm&r=g\",\"caption\":\"Radialistas Princesa FM\"}}]}<\/script>\n<!-- \/ Yoast SEO plugin. -->","_links":{"self":[{"href":"https:\/\/radioprincesa2010.com.br\/fm\/wp-json\/wp\/v2\/posts\/2451","targetHints":{"allow":["GET"]}}],"collection":[{"href":"https:\/\/radioprincesa2010.com.br\/fm\/wp-json\/wp\/v2\/posts"}],"about":[{"href":"https:\/\/radioprincesa2010.com.br\/fm\/wp-json\/wp\/v2\/types\/post"}],"author":[{"embeddable":true,"href":"https:\/\/radioprincesa2010.com.br\/fm\/wp-json\/wp\/v2\/users\/2"}],"replies":[{"embeddable":true,"href":"https:\/\/radioprincesa2010.com.br\/fm\/wp-json\/wp\/v2\/comments?post=2451"}],"version-history":[{"count":1,"href":"https:\/\/radioprincesa2010.com.br\/fm\/wp-json\/wp\/v2\/posts\/2451\/revisions"}],"predecessor-version":[{"id":2453,"href":"https:\/\/radioprincesa2010.com.br\/fm\/wp-json\/wp\/v2\/posts\/2451\/revisions\/2453"}],"wp:featuredmedia":[{"embeddable":true,"href":"https:\/\/radioprincesa2010.com.br\/fm\/wp-json\/wp\/v2\/media\/2452"}],"wp:attachment":[{"href":"https:\/\/radioprincesa2010.com.br\/fm\/wp-json\/wp\/v2\/media?parent=2451"}],"wp:term":[{"taxonomy":"category","embeddable":true,"href":"https:\/\/radioprincesa2010.com.br\/fm\/wp-json\/wp\/v2\/categories?post=2451"},{"taxonomy":"post_tag","embeddable":true,"href":"https:\/\/radioprincesa2010.com.br\/fm\/wp-json\/wp\/v2\/tags?post=2451"}],"curies":[{"name":"wp","href":"https:\/\/api.w.org\/{rel}","templated":true}]}}