{"id":2446,"date":"2020-06-10T17:18:18","date_gmt":"2020-06-10T17:18:18","guid":{"rendered":"https:\/\/radioprincesa2010.com.br\/fm\/?p=2446"},"modified":"2020-06-10T17:18:22","modified_gmt":"2020-06-10T17:18:22","slug":"carro-capota-na-ers-223-proximo-a-ponte-do-colorado","status":"publish","type":"post","link":"https:\/\/radioprincesa2010.com.br\/fm\/carro-capota-na-ers-223-proximo-a-ponte-do-colorado\/","title":{"rendered":"Carro capota na ERS 223, pr\u00f3ximo a ponte do Colorado"},"content":{"rendered":"<div id=\"fb-root\"><\/div>\n\n<p>Nesta tarde, por volta de 13h, o Ford Versailles (IGZ 3883), de Tapera (RS), envolveu-se em acidente na ERS 223, pr\u00f3ximo a ponte do rio Colorado. Conforme informa\u00e7\u00f5es obtidas no local, o m\u00e9dico taperense Ricardo Mombelli Filho, que estava indo trabalhar em Selbach, perdeu o controle do ve\u00edculo vindo a capot\u00e1-lo sobre a pista molhada e parando no acostamento com as rodas para o alto. A ambul\u00e2ncia da Secretaria Municipal de Sa\u00fade de Selbach compareceu ao local para atender a ocorr\u00eancia, mas n\u00e3o encontrou o condutor. Possivelmente ele tenha pegado uma carona e buscado auxilio.<\/p>\n\n\n\n<p>Fonte e fotos: JE Acontece<\/p>\n\n\n\n<figure class=\"wp-block-gallery columns-3 is-cropped wp-block-gallery-1 is-layout-flex wp-block-gallery-is-layout-flex\"><ul class=\"blocks-gallery-grid\"><li class=\"blocks-gallery-item\"><figure><img loading=\"lazy\" decoding=\"async\" width=\"1000\" height=\"664\" src=\"https:\/\/radioprincesa2010.com.br\/fm\/wp-content\/uploads\/2020\/06\/Carro-capota-na-ERS-223-pr\u00f3ximo-a-ponte-do-Colorado-1.jpg\" alt=\"\" data-id=\"2447\" data-full-url=\"https:\/\/radioprincesa2010.com.br\/fm\/wp-content\/uploads\/2020\/06\/Carro-capota-na-ERS-223-pr\u00f3ximo-a-ponte-do-Colorado-1.jpg\" data-link=\"https:\/\/radioprincesa2010.com.br\/fm\/?attachment_id=2447\" class=\"wp-image-2447\" srcset=\"https:\/\/radioprincesa2010.com.br\/fm\/wp-content\/uploads\/2020\/06\/Carro-capota-na-ERS-223-pr\u00f3ximo-a-ponte-do-Colorado-1.jpg 1000w, https:\/\/radioprincesa2010.com.br\/fm\/wp-content\/uploads\/2020\/06\/Carro-capota-na-ERS-223-pr\u00f3ximo-a-ponte-do-Colorado-1-300x199.jpg 300w, https:\/\/radioprincesa2010.com.br\/fm\/wp-content\/uploads\/2020\/06\/Carro-capota-na-ERS-223-pr\u00f3ximo-a-ponte-do-Colorado-1-768x510.jpg 768w, https:\/\/radioprincesa2010.com.br\/fm\/wp-content\/uploads\/2020\/06\/Carro-capota-na-ERS-223-pr\u00f3ximo-a-ponte-do-Colorado-1-90x60.jpg 90w\" sizes=\"auto, (max-width: 1000px) 100vw, 1000px\" \/><\/figure><\/li><li class=\"blocks-gallery-item\"><figure><img loading=\"lazy\" decoding=\"async\" width=\"1000\" height=\"664\" src=\"https:\/\/radioprincesa2010.com.br\/fm\/wp-content\/uploads\/2020\/06\/Carro-capota-na-ERS-223-pr\u00f3ximo-a-ponte-do-Colorado-2.jpg\" alt=\"\" data-id=\"2448\" data-full-url=\"https:\/\/radioprincesa2010.com.br\/fm\/wp-content\/uploads\/2020\/06\/Carro-capota-na-ERS-223-pr\u00f3ximo-a-ponte-do-Colorado-2.jpg\" data-link=\"https:\/\/radioprincesa2010.com.br\/fm\/?attachment_id=2448\" class=\"wp-image-2448\" srcset=\"https:\/\/radioprincesa2010.com.br\/fm\/wp-content\/uploads\/2020\/06\/Carro-capota-na-ERS-223-pr\u00f3ximo-a-ponte-do-Colorado-2.jpg 1000w, https:\/\/radioprincesa2010.com.br\/fm\/wp-content\/uploads\/2020\/06\/Carro-capota-na-ERS-223-pr\u00f3ximo-a-ponte-do-Colorado-2-300x199.jpg 300w, https:\/\/radioprincesa2010.com.br\/fm\/wp-content\/uploads\/2020\/06\/Carro-capota-na-ERS-223-pr\u00f3ximo-a-ponte-do-Colorado-2-768x510.jpg 768w, https:\/\/radioprincesa2010.com.br\/fm\/wp-content\/uploads\/2020\/06\/Carro-capota-na-ERS-223-pr\u00f3ximo-a-ponte-do-Colorado-2-90x60.jpg 90w\" sizes=\"auto, (max-width: 1000px) 100vw, 1000px\" \/><\/figure><\/li><li class=\"blocks-gallery-item\"><figure><img loading=\"lazy\" decoding=\"async\" width=\"1000\" height=\"664\" src=\"https:\/\/radioprincesa2010.com.br\/fm\/wp-content\/uploads\/2020\/06\/Carro-capota-na-ERS-223-pr\u00f3ximo-a-ponte-do-Colorado-3.jpg\" alt=\"\" data-id=\"2449\" data-full-url=\"https:\/\/radioprincesa2010.com.br\/fm\/wp-content\/uploads\/2020\/06\/Carro-capota-na-ERS-223-pr\u00f3ximo-a-ponte-do-Colorado-3.jpg\" data-link=\"https:\/\/radioprincesa2010.com.br\/fm\/?attachment_id=2449\" class=\"wp-image-2449\" srcset=\"https:\/\/radioprincesa2010.com.br\/fm\/wp-content\/uploads\/2020\/06\/Carro-capota-na-ERS-223-pr\u00f3ximo-a-ponte-do-Colorado-3.jpg 1000w, https:\/\/radioprincesa2010.com.br\/fm\/wp-content\/uploads\/2020\/06\/Carro-capota-na-ERS-223-pr\u00f3ximo-a-ponte-do-Colorado-3-300x199.jpg 300w, https:\/\/radioprincesa2010.com.br\/fm\/wp-content\/uploads\/2020\/06\/Carro-capota-na-ERS-223-pr\u00f3ximo-a-ponte-do-Colorado-3-768x510.jpg 768w, https:\/\/radioprincesa2010.com.br\/fm\/wp-content\/uploads\/2020\/06\/Carro-capota-na-ERS-223-pr\u00f3ximo-a-ponte-do-Colorado-3-90x60.jpg 90w\" sizes=\"auto, (max-width: 1000px) 100vw, 1000px\" \/><\/figure><\/li><\/ul><\/figure>\n","protected":false},"excerpt":{"rendered":"<p>Nesta tarde, por volta de 13h, o Ford Versailles (IGZ 3883), de Tapera (RS), envolveu-se em acidente na ERS 223, pr\u00f3ximo a ponte do rio Colorado. Conforme informa\u00e7\u00f5es obtidas no local, o m\u00e9dico taperense Ricardo Mombelli Filho, que estava indo trabalhar em Selbach, perdeu o controle do ve\u00edculo vindo a capot\u00e1-lo sobre a pista molhada &hellip; <\/p>\n","protected":false},"author":2,"featured_media":2448,"comment_status":"open","ping_status":"open","sticky":false,"template":"","format":"standard","meta":{"footnotes":""},"categories":[1],"tags":[],"class_list":["post-2446","post","type-post","status-publish","format-standard","has-post-thumbnail","hentry","category-geral"],"yoast_head":"<!-- This site is optimized with the Yoast SEO plugin v16.1.1 - https:\/\/yoast.com\/wordpress\/plugins\/seo\/ -->\n<title>Carro capota na ERS 223, pr\u00f3ximo a ponte do Colorado - R\u00e1dio Princesa FM 104.9 Mhz<\/title>\n<link rel=\"canonical\" href=\"https:\/\/radioprincesa2010.com.br\/fm\/carro-capota-na-ers-223-proximo-a-ponte-do-colorado\/\" \/>\n<meta property=\"og:locale\" content=\"pt_BR\" \/>\n<meta property=\"og:type\" content=\"article\" \/>\n<meta property=\"og:title\" content=\"Carro capota na ERS 223, pr\u00f3ximo a ponte do Colorado - R\u00e1dio Princesa FM 104.9 Mhz\" \/>\n<meta property=\"og:description\" content=\"Nesta tarde, por volta de 13h, o Ford Versailles (IGZ 3883), de Tapera (RS), envolveu-se em acidente na ERS 223, pr\u00f3ximo a ponte do rio Colorado. Conforme informa\u00e7\u00f5es obtidas no local, o m\u00e9dico taperense Ricardo Mombelli Filho, que estava indo trabalhar em Selbach, perdeu o controle do ve\u00edculo vindo a capot\u00e1-lo sobre a pista molhada &hellip;\" \/>\n<meta property=\"og:url\" content=\"https:\/\/radioprincesa2010.com.br\/fm\/carro-capota-na-ers-223-proximo-a-ponte-do-colorado\/\" \/>\n<meta property=\"og:site_name\" content=\"R\u00e1dio Princesa FM 104.9 Mhz\" \/>\n<meta property=\"article:published_time\" content=\"2020-06-10T17:18:18+00:00\" \/>\n<meta property=\"article:modified_time\" content=\"2020-06-10T17:18:22+00:00\" \/>\n<meta property=\"og:image\" content=\"https:\/\/radioprincesa2010.com.br\/fm\/wp-content\/uploads\/2020\/06\/Carro-capota-na-ERS-223-pr\u00f3ximo-a-ponte-do-Colorado-2.jpg\" \/>\n\t<meta property=\"og:image:width\" content=\"1000\" \/>\n\t<meta property=\"og:image:height\" content=\"664\" \/>\n<meta name=\"twitter:card\" content=\"summary_large_image\" \/>\n<meta name=\"twitter:label1\" content=\"Est. tempo de leitura\">\n\t<meta name=\"twitter:data1\" content=\"1 minuto\">\n<script type=\"application\/ld+json\" class=\"yoast-schema-graph\">{\"@context\":\"https:\/\/schema.org\",\"@graph\":[{\"@type\":\"WebSite\",\"@id\":\"https:\/\/radioprincesa2010.com.br\/fm\/#website\",\"url\":\"https:\/\/radioprincesa2010.com.br\/fm\/\",\"name\":\"R\\u00e1dio Princesa FM 104.9 Mhz\",\"description\":\"Com voc\\u00ea o tempo todo\",\"potentialAction\":[{\"@type\":\"SearchAction\",\"target\":\"https:\/\/radioprincesa2010.com.br\/fm\/?s={search_term_string}\",\"query-input\":\"required name=search_term_string\"}],\"inLanguage\":\"pt-BR\"},{\"@type\":\"ImageObject\",\"@id\":\"https:\/\/radioprincesa2010.com.br\/fm\/carro-capota-na-ers-223-proximo-a-ponte-do-colorado\/#primaryimage\",\"inLanguage\":\"pt-BR\",\"url\":\"https:\/\/radioprincesa2010.com.br\/fm\/wp-content\/uploads\/2020\/06\/Carro-capota-na-ERS-223-pr\\u00f3ximo-a-ponte-do-Colorado-2.jpg\",\"contentUrl\":\"https:\/\/radioprincesa2010.com.br\/fm\/wp-content\/uploads\/2020\/06\/Carro-capota-na-ERS-223-pr\\u00f3ximo-a-ponte-do-Colorado-2.jpg\",\"width\":1000,\"height\":664},{\"@type\":\"WebPage\",\"@id\":\"https:\/\/radioprincesa2010.com.br\/fm\/carro-capota-na-ers-223-proximo-a-ponte-do-colorado\/#webpage\",\"url\":\"https:\/\/radioprincesa2010.com.br\/fm\/carro-capota-na-ers-223-proximo-a-ponte-do-colorado\/\",\"name\":\"Carro capota na ERS 223, pr\\u00f3ximo a ponte do Colorado - R\\u00e1dio Princesa FM 104.9 Mhz\",\"isPartOf\":{\"@id\":\"https:\/\/radioprincesa2010.com.br\/fm\/#website\"},\"primaryImageOfPage\":{\"@id\":\"https:\/\/radioprincesa2010.com.br\/fm\/carro-capota-na-ers-223-proximo-a-ponte-do-colorado\/#primaryimage\"},\"datePublished\":\"2020-06-10T17:18:18+00:00\",\"dateModified\":\"2020-06-10T17:18:22+00:00\",\"author\":{\"@id\":\"https:\/\/radioprincesa2010.com.br\/fm\/#\/schema\/person\/2671cea07bd207fdbf7f094a7ab77c1c\"},\"breadcrumb\":{\"@id\":\"https:\/\/radioprincesa2010.com.br\/fm\/carro-capota-na-ers-223-proximo-a-ponte-do-colorado\/#breadcrumb\"},\"inLanguage\":\"pt-BR\",\"potentialAction\":[{\"@type\":\"ReadAction\",\"target\":[\"https:\/\/radioprincesa2010.com.br\/fm\/carro-capota-na-ers-223-proximo-a-ponte-do-colorado\/\"]}]},{\"@type\":\"BreadcrumbList\",\"@id\":\"https:\/\/radioprincesa2010.com.br\/fm\/carro-capota-na-ers-223-proximo-a-ponte-do-colorado\/#breadcrumb\",\"itemListElement\":[{\"@type\":\"ListItem\",\"position\":1,\"item\":{\"@type\":\"WebPage\",\"@id\":\"https:\/\/radioprincesa2010.com.br\/fm\/\",\"url\":\"https:\/\/radioprincesa2010.com.br\/fm\/\",\"name\":\"In\\u00edcio\"}},{\"@type\":\"ListItem\",\"position\":2,\"item\":{\"@type\":\"WebPage\",\"@id\":\"https:\/\/radioprincesa2010.com.br\/fm\/carro-capota-na-ers-223-proximo-a-ponte-do-colorado\/\",\"url\":\"https:\/\/radioprincesa2010.com.br\/fm\/carro-capota-na-ers-223-proximo-a-ponte-do-colorado\/\",\"name\":\"Carro capota na ERS 223, pr\\u00f3ximo a ponte do Colorado\"}}]},{\"@type\":\"Person\",\"@id\":\"https:\/\/radioprincesa2010.com.br\/fm\/#\/schema\/person\/2671cea07bd207fdbf7f094a7ab77c1c\",\"name\":\"Radialistas Princesa FM\",\"image\":{\"@type\":\"ImageObject\",\"@id\":\"https:\/\/radioprincesa2010.com.br\/fm\/#personlogo\",\"inLanguage\":\"pt-BR\",\"url\":\"https:\/\/secure.gravatar.com\/avatar\/1e60f2ae894518c7afac50daca716e5d?s=96&d=mm&r=g\",\"contentUrl\":\"https:\/\/secure.gravatar.com\/avatar\/1e60f2ae894518c7afac50daca716e5d?s=96&d=mm&r=g\",\"caption\":\"Radialistas Princesa FM\"}}]}<\/script>\n<!-- \/ Yoast SEO plugin. -->","_links":{"self":[{"href":"https:\/\/radioprincesa2010.com.br\/fm\/wp-json\/wp\/v2\/posts\/2446","targetHints":{"allow":["GET"]}}],"collection":[{"href":"https:\/\/radioprincesa2010.com.br\/fm\/wp-json\/wp\/v2\/posts"}],"about":[{"href":"https:\/\/radioprincesa2010.com.br\/fm\/wp-json\/wp\/v2\/types\/post"}],"author":[{"embeddable":true,"href":"https:\/\/radioprincesa2010.com.br\/fm\/wp-json\/wp\/v2\/users\/2"}],"replies":[{"embeddable":true,"href":"https:\/\/radioprincesa2010.com.br\/fm\/wp-json\/wp\/v2\/comments?post=2446"}],"version-history":[{"count":1,"href":"https:\/\/radioprincesa2010.com.br\/fm\/wp-json\/wp\/v2\/posts\/2446\/revisions"}],"predecessor-version":[{"id":2450,"href":"https:\/\/radioprincesa2010.com.br\/fm\/wp-json\/wp\/v2\/posts\/2446\/revisions\/2450"}],"wp:featuredmedia":[{"embeddable":true,"href":"https:\/\/radioprincesa2010.com.br\/fm\/wp-json\/wp\/v2\/media\/2448"}],"wp:attachment":[{"href":"https:\/\/radioprincesa2010.com.br\/fm\/wp-json\/wp\/v2\/media?parent=2446"}],"wp:term":[{"taxonomy":"category","embeddable":true,"href":"https:\/\/radioprincesa2010.com.br\/fm\/wp-json\/wp\/v2\/categories?post=2446"},{"taxonomy":"post_tag","embeddable":true,"href":"https:\/\/radioprincesa2010.com.br\/fm\/wp-json\/wp\/v2\/tags?post=2446"}],"curies":[{"name":"wp","href":"https:\/\/api.w.org\/{rel}","templated":true}]}}