{"id":1546,"date":"2019-06-13T11:35:37","date_gmt":"2019-06-13T11:35:37","guid":{"rendered":"https:\/\/radioprincesa2010.com.br\/fm\/?p=1546"},"modified":"2019-06-13T11:35:37","modified_gmt":"2019-06-13T11:35:37","slug":"sase-perde-na-estreia-da-liga-1","status":"publish","type":"post","link":"https:\/\/radioprincesa2010.com.br\/fm\/sase-perde-na-estreia-da-liga-1\/","title":{"rendered":"Sase perde na estreia da Liga 1"},"content":{"rendered":"<div id=\"fb-root\"><\/div>\n<p>Na \u00faltima ter\u00e7a-feira (11), a Sase foi a Lajeado enfrentar a equipe da ALAF. Em jogo valido pela primeira rodada da Liga 1, e foi dif\u00edcil furar o bloqueio defensivo da equipe lajeadense, perdendo pelo placar de 2 a 0.<\/p>\n<p>O pr\u00f3ximo compromisso da SASE \u00e9 neste s\u00e1bado, \u00e0s 20h, no M\u00f3dulo Esportivo, contra a AMF de Marau.<\/p>\n<p><img loading=\"lazy\" decoding=\"async\" class=\"alignnone size-full wp-image-1548\" src=\"https:\/\/radioprincesa2010.com.br\/fm\/wp-content\/uploads\/2019\/06\/Sase.png\" alt=\"\" width=\"800\" height=\"800\" srcset=\"https:\/\/radioprincesa2010.com.br\/fm\/wp-content\/uploads\/2019\/06\/Sase.png 800w, https:\/\/radioprincesa2010.com.br\/fm\/wp-content\/uploads\/2019\/06\/Sase-150x150.png 150w, https:\/\/radioprincesa2010.com.br\/fm\/wp-content\/uploads\/2019\/06\/Sase-300x300.png 300w, https:\/\/radioprincesa2010.com.br\/fm\/wp-content\/uploads\/2019\/06\/Sase-768x768.png 768w, https:\/\/radioprincesa2010.com.br\/fm\/wp-content\/uploads\/2019\/06\/Sase-100x100.png 100w\" sizes=\"auto, (max-width: 800px) 100vw, 800px\" \/><\/p>\n","protected":false},"excerpt":{"rendered":"<p>Na \u00faltima ter\u00e7a-feira (11), a Sase foi a Lajeado enfrentar a equipe da ALAF. Em jogo valido pela primeira rodada da Liga 1, e foi dif\u00edcil furar o bloqueio defensivo da equipe lajeadense, perdendo pelo placar de 2 a 0. O pr\u00f3ximo compromisso da SASE \u00e9 neste s\u00e1bado, \u00e0s 20h, no M\u00f3dulo Esportivo, contra a &hellip; <\/p>\n","protected":false},"author":2,"featured_media":1547,"comment_status":"open","ping_status":"open","sticky":false,"template":"","format":"standard","meta":{"footnotes":""},"categories":[1],"tags":[],"class_list":["post-1546","post","type-post","status-publish","format-standard","has-post-thumbnail","hentry","category-geral"],"yoast_head":"<!-- This site is optimized with the Yoast SEO plugin v16.1.1 - https:\/\/yoast.com\/wordpress\/plugins\/seo\/ -->\n<title>Sase perde na estreia da Liga 1 - R\u00e1dio Princesa FM 104.9 Mhz<\/title>\n<link rel=\"canonical\" href=\"https:\/\/radioprincesa2010.com.br\/fm\/sase-perde-na-estreia-da-liga-1\/\" \/>\n<meta property=\"og:locale\" content=\"pt_BR\" \/>\n<meta property=\"og:type\" content=\"article\" \/>\n<meta property=\"og:title\" content=\"Sase perde na estreia da Liga 1 - R\u00e1dio Princesa FM 104.9 Mhz\" \/>\n<meta property=\"og:description\" content=\"Na \u00faltima ter\u00e7a-feira (11), a Sase foi a Lajeado enfrentar a equipe da ALAF. Em jogo valido pela primeira rodada da Liga 1, e foi dif\u00edcil furar o bloqueio defensivo da equipe lajeadense, perdendo pelo placar de 2 a 0. O pr\u00f3ximo compromisso da SASE \u00e9 neste s\u00e1bado, \u00e0s 20h, no M\u00f3dulo Esportivo, contra a &hellip;\" \/>\n<meta property=\"og:url\" content=\"https:\/\/radioprincesa2010.com.br\/fm\/sase-perde-na-estreia-da-liga-1\/\" \/>\n<meta property=\"og:site_name\" content=\"R\u00e1dio Princesa FM 104.9 Mhz\" \/>\n<meta property=\"article:published_time\" content=\"2019-06-13T11:35:37+00:00\" \/>\n<meta property=\"og:image\" content=\"https:\/\/radioprincesa2010.com.br\/fm\/wp-content\/uploads\/2019\/06\/64351212_1619873384814322_5881443995128692736_n.jpg\" \/>\n\t<meta property=\"og:image:width\" content=\"960\" \/>\n\t<meta property=\"og:image:height\" content=\"640\" \/>\n<meta name=\"twitter:card\" content=\"summary_large_image\" \/>\n<script type=\"application\/ld+json\" class=\"yoast-schema-graph\">{\"@context\":\"https:\/\/schema.org\",\"@graph\":[{\"@type\":\"WebSite\",\"@id\":\"https:\/\/radioprincesa2010.com.br\/fm\/#website\",\"url\":\"https:\/\/radioprincesa2010.com.br\/fm\/\",\"name\":\"R\\u00e1dio Princesa FM 104.9 Mhz\",\"description\":\"Com voc\\u00ea o tempo todo\",\"potentialAction\":[{\"@type\":\"SearchAction\",\"target\":\"https:\/\/radioprincesa2010.com.br\/fm\/?s={search_term_string}\",\"query-input\":\"required name=search_term_string\"}],\"inLanguage\":\"pt-BR\"},{\"@type\":\"ImageObject\",\"@id\":\"https:\/\/radioprincesa2010.com.br\/fm\/sase-perde-na-estreia-da-liga-1\/#primaryimage\",\"inLanguage\":\"pt-BR\",\"url\":\"https:\/\/radioprincesa2010.com.br\/fm\/wp-content\/uploads\/2019\/06\/64351212_1619873384814322_5881443995128692736_n.jpg\",\"contentUrl\":\"https:\/\/radioprincesa2010.com.br\/fm\/wp-content\/uploads\/2019\/06\/64351212_1619873384814322_5881443995128692736_n.jpg\",\"width\":960,\"height\":640},{\"@type\":\"WebPage\",\"@id\":\"https:\/\/radioprincesa2010.com.br\/fm\/sase-perde-na-estreia-da-liga-1\/#webpage\",\"url\":\"https:\/\/radioprincesa2010.com.br\/fm\/sase-perde-na-estreia-da-liga-1\/\",\"name\":\"Sase perde na estreia da Liga 1 - R\\u00e1dio Princesa FM 104.9 Mhz\",\"isPartOf\":{\"@id\":\"https:\/\/radioprincesa2010.com.br\/fm\/#website\"},\"primaryImageOfPage\":{\"@id\":\"https:\/\/radioprincesa2010.com.br\/fm\/sase-perde-na-estreia-da-liga-1\/#primaryimage\"},\"datePublished\":\"2019-06-13T11:35:37+00:00\",\"dateModified\":\"2019-06-13T11:35:37+00:00\",\"author\":{\"@id\":\"https:\/\/radioprincesa2010.com.br\/fm\/#\/schema\/person\/2671cea07bd207fdbf7f094a7ab77c1c\"},\"breadcrumb\":{\"@id\":\"https:\/\/radioprincesa2010.com.br\/fm\/sase-perde-na-estreia-da-liga-1\/#breadcrumb\"},\"inLanguage\":\"pt-BR\",\"potentialAction\":[{\"@type\":\"ReadAction\",\"target\":[\"https:\/\/radioprincesa2010.com.br\/fm\/sase-perde-na-estreia-da-liga-1\/\"]}]},{\"@type\":\"BreadcrumbList\",\"@id\":\"https:\/\/radioprincesa2010.com.br\/fm\/sase-perde-na-estreia-da-liga-1\/#breadcrumb\",\"itemListElement\":[{\"@type\":\"ListItem\",\"position\":1,\"item\":{\"@type\":\"WebPage\",\"@id\":\"https:\/\/radioprincesa2010.com.br\/fm\/\",\"url\":\"https:\/\/radioprincesa2010.com.br\/fm\/\",\"name\":\"In\\u00edcio\"}},{\"@type\":\"ListItem\",\"position\":2,\"item\":{\"@type\":\"WebPage\",\"@id\":\"https:\/\/radioprincesa2010.com.br\/fm\/sase-perde-na-estreia-da-liga-1\/\",\"url\":\"https:\/\/radioprincesa2010.com.br\/fm\/sase-perde-na-estreia-da-liga-1\/\",\"name\":\"Sase perde na estreia da Liga 1\"}}]},{\"@type\":\"Person\",\"@id\":\"https:\/\/radioprincesa2010.com.br\/fm\/#\/schema\/person\/2671cea07bd207fdbf7f094a7ab77c1c\",\"name\":\"Radialistas Princesa FM\",\"image\":{\"@type\":\"ImageObject\",\"@id\":\"https:\/\/radioprincesa2010.com.br\/fm\/#personlogo\",\"inLanguage\":\"pt-BR\",\"url\":\"https:\/\/secure.gravatar.com\/avatar\/1e60f2ae894518c7afac50daca716e5d?s=96&d=mm&r=g\",\"contentUrl\":\"https:\/\/secure.gravatar.com\/avatar\/1e60f2ae894518c7afac50daca716e5d?s=96&d=mm&r=g\",\"caption\":\"Radialistas Princesa FM\"}}]}<\/script>\n<!-- \/ Yoast SEO plugin. -->","_links":{"self":[{"href":"https:\/\/radioprincesa2010.com.br\/fm\/wp-json\/wp\/v2\/posts\/1546","targetHints":{"allow":["GET"]}}],"collection":[{"href":"https:\/\/radioprincesa2010.com.br\/fm\/wp-json\/wp\/v2\/posts"}],"about":[{"href":"https:\/\/radioprincesa2010.com.br\/fm\/wp-json\/wp\/v2\/types\/post"}],"author":[{"embeddable":true,"href":"https:\/\/radioprincesa2010.com.br\/fm\/wp-json\/wp\/v2\/users\/2"}],"replies":[{"embeddable":true,"href":"https:\/\/radioprincesa2010.com.br\/fm\/wp-json\/wp\/v2\/comments?post=1546"}],"version-history":[{"count":1,"href":"https:\/\/radioprincesa2010.com.br\/fm\/wp-json\/wp\/v2\/posts\/1546\/revisions"}],"predecessor-version":[{"id":1549,"href":"https:\/\/radioprincesa2010.com.br\/fm\/wp-json\/wp\/v2\/posts\/1546\/revisions\/1549"}],"wp:featuredmedia":[{"embeddable":true,"href":"https:\/\/radioprincesa2010.com.br\/fm\/wp-json\/wp\/v2\/media\/1547"}],"wp:attachment":[{"href":"https:\/\/radioprincesa2010.com.br\/fm\/wp-json\/wp\/v2\/media?parent=1546"}],"wp:term":[{"taxonomy":"category","embeddable":true,"href":"https:\/\/radioprincesa2010.com.br\/fm\/wp-json\/wp\/v2\/categories?post=1546"},{"taxonomy":"post_tag","embeddable":true,"href":"https:\/\/radioprincesa2010.com.br\/fm\/wp-json\/wp\/v2\/tags?post=1546"}],"curies":[{"name":"wp","href":"https:\/\/api.w.org\/{rel}","templated":true}]}}