{"id":11389,"date":"2026-05-01T12:38:25","date_gmt":"2026-05-01T12:38:25","guid":{"rendered":"https:\/\/radioprincesa2010.com.br\/fm\/?p=11389"},"modified":"2026-05-01T12:38:30","modified_gmt":"2026-05-01T12:38:30","slug":"secretario-de-obras-gilson-maldaner-fala-sobre-acoes-da-secretaria-de-obras-do-municipio","status":"publish","type":"post","link":"https:\/\/radioprincesa2010.com.br\/fm\/secretario-de-obras-gilson-maldaner-fala-sobre-acoes-da-secretaria-de-obras-do-municipio\/","title":{"rendered":"Secret\u00e1rio de obras, Gilson Maldaner, fala sobre a\u00e7\u00f5es da secretaria de obras do munic\u00edpio"},"content":{"rendered":"<div id=\"fb-root\"><\/div>\n\n<h2 class=\"wp-block-heading\"><\/h2>\n\n\n\n<h2 class=\"wp-block-heading\">ASSISTA ABAIXO: Clique na imagem para acessar o nosso canal na internet, ou CLIQUE diretamente na imagem sobre o assunto de hoje, para ver o v\u00eddeo no Youtube.<\/h2>\n\n\n\n<p><strong>NOSSO CANAL<\/strong> <strong>&#8211; R\u00e1dio Princesa FM<\/strong><\/p>\n\n\n\n<figure class=\"wp-block-image size-full\"><a href=\"https:\/\/www.youtube.com\/@radioprincesa5834\"><img loading=\"lazy\" decoding=\"async\" width=\"500\" height=\"136\" src=\"https:\/\/radioprincesa2010.com.br\/fm\/wp-content\/uploads\/2026\/04\/1-1.jpg\" alt=\"\" class=\"wp-image-11377\" srcset=\"https:\/\/radioprincesa2010.com.br\/fm\/wp-content\/uploads\/2026\/04\/1-1.jpg 500w, https:\/\/radioprincesa2010.com.br\/fm\/wp-content\/uploads\/2026\/04\/1-1-300x82.jpg 300w, https:\/\/radioprincesa2010.com.br\/fm\/wp-content\/uploads\/2026\/04\/1-1-221x60.jpg 221w\" sizes=\"auto, (max-width: 500px) 100vw, 500px\" \/><\/a><\/figure>\n\n\n\n<p><strong>ASSUNTO DE HOJE<\/strong><\/p>\n\n\n\n<h2 class=\"wp-block-heading\">Clique na imagem abaixo, e assista a entrevista com o Secret\u00e1rio de obras, Gilson Maldaner, que fala sobre a\u00e7\u00f5es da secretaria de obras do munic\u00edpio:<\/h2>\n\n\n\n<figure class=\"wp-block-image size-full\"><a href=\"https:\/\/youtu.be\/_3UAzGYeWyE\"><img loading=\"lazy\" decoding=\"async\" width=\"500\" height=\"601\" src=\"https:\/\/radioprincesa2010.com.br\/fm\/wp-content\/uploads\/2026\/05\/1.jpeg\" alt=\"\" class=\"wp-image-11391\" srcset=\"https:\/\/radioprincesa2010.com.br\/fm\/wp-content\/uploads\/2026\/05\/1.jpeg 500w, https:\/\/radioprincesa2010.com.br\/fm\/wp-content\/uploads\/2026\/05\/1-250x300.jpeg 250w, https:\/\/radioprincesa2010.com.br\/fm\/wp-content\/uploads\/2026\/05\/1-50x60.jpeg 50w\" sizes=\"auto, (max-width: 500px) 100vw, 500px\" \/><\/a><\/figure>\n\n\n\n<h2 class=\"wp-block-heading\"><a href=\"https:\/\/youtu.be\/_3UAzGYeWyE\">OU VEJA AQUI<\/a><\/h2>\n\n\n\n<p><\/p>\n\n\n\n<p class=\"wp-embed-aspect-16-9 wp-has-aspect-ratio\"><strong>SIGA NOSSAS REDES SOCIAIS PELOS LINKS BAIXO!<\/strong><\/p>\n\n\n\n<p class=\"wp-embed-aspect-16-9 wp-has-aspect-ratio\">WhatsApp <a href=\"https:\/\/chat.whatsapp.com\/JsHyvfzC27MJbuicqtgrIa\" target=\"_blank\" rel=\"noreferrer noopener\">CLIQUE AQUI<\/a><\/p>\n\n\n\n<p class=\"wp-embed-aspect-16-9 wp-has-aspect-ratio\">Facebook <a href=\"https:\/\/www.facebook.com\/profile.php?id=100040198482314\" target=\"_blank\" rel=\"noreferrer noopener\">CLIQUE AQUI<\/a><\/p>\n\n\n\n<p class=\"wp-embed-aspect-16-9 wp-has-aspect-ratio\">Instagram <a href=\"https:\/\/www.instagram.com\/radioprincesa104\/\" target=\"_blank\" rel=\"noreferrer noopener\">CLIQUE AQUI<\/a><\/p>\n\n\n\n<div class=\"wp-block-query wp-embed-aspect-16-9 wp-has-aspect-ratio is-layout-flow wp-block-query-is-layout-flow\"><ul class=\"wp-block-post-template is-layout-flow wp-block-post-template-is-layout-flow\"><li class=\"wp-block-post post-11389 post type-post status-publish format-standard has-post-thumbnail hentry category-geral\">\n\n<div class=\"wp-block-columns are-vertically-aligned-center is-layout-flex wp-container-core-columns-is-layout-1 wp-block-columns-is-layout-flex\">\n<div class=\"wp-block-column is-vertically-aligned-center is-layout-flow wp-block-column-is-layout-flow\" style=\"flex-basis:25%\">\n<p><\/p>\n\n\n<figure class=\"wp-block-post-featured-image\"><a href=\"https:\/\/radioprincesa2010.com.br\/fm\/secretario-de-obras-gilson-maldaner-fala-sobre-acoes-da-secretaria-de-obras-do-municipio\/\" target=\"_self\"  ><img loading=\"lazy\" decoding=\"async\" width=\"500\" height=\"601\" src=\"https:\/\/radioprincesa2010.com.br\/fm\/wp-content\/uploads\/2026\/05\/1.jpeg\" class=\"attachment-post-thumbnail size-post-thumbnail wp-post-image\" alt=\"Secret\u00e1rio de obras, Gilson Maldaner, fala sobre a\u00e7\u00f5es da secretaria de obras do munic\u00edpio\" style=\"object-fit:cover;\" srcset=\"https:\/\/radioprincesa2010.com.br\/fm\/wp-content\/uploads\/2026\/05\/1.jpeg 500w, https:\/\/radioprincesa2010.com.br\/fm\/wp-content\/uploads\/2026\/05\/1-250x300.jpeg 250w, https:\/\/radioprincesa2010.com.br\/fm\/wp-content\/uploads\/2026\/05\/1-50x60.jpeg 50w\" sizes=\"auto, (max-width: 500px) 100vw, 500px\" \/><\/a><\/figure><\/div>\n\n\n\n<div class=\"wp-block-column is-vertically-aligned-center is-layout-flow wp-block-column-is-layout-flow\" style=\"flex-basis:75%\"><h2 class=\"wp-block-post-title\"><a href=\"https:\/\/radioprincesa2010.com.br\/fm\/secretario-de-obras-gilson-maldaner-fala-sobre-acoes-da-secretaria-de-obras-do-municipio\/\" target=\"_self\" >Secret\u00e1rio de obras, Gilson Maldaner, fala sobre a\u00e7\u00f5es da secretaria de obras do munic\u00edpio<\/a><\/h2><\/div>\n<\/div>\n\n<\/li><li class=\"wp-block-post post-11385 post type-post status-publish format-standard has-post-thumbnail hentry category-geral\">\n\n<div class=\"wp-block-columns are-vertically-aligned-center is-layout-flex wp-container-core-columns-is-layout-2 wp-block-columns-is-layout-flex\">\n<div class=\"wp-block-column is-vertically-aligned-center is-layout-flow wp-block-column-is-layout-flow\" style=\"flex-basis:25%\">\n<p><\/p>\n\n\n<figure class=\"wp-block-post-featured-image\"><a href=\"https:\/\/radioprincesa2010.com.br\/fm\/oitava-rodada-do-campeonato-cresol-de-futsal-2a-divisao\/\" target=\"_self\"  ><img loading=\"lazy\" decoding=\"async\" width=\"500\" height=\"359\" src=\"https:\/\/radioprincesa2010.com.br\/fm\/wp-content\/uploads\/2026\/05\/500.jpg\" class=\"attachment-post-thumbnail size-post-thumbnail wp-post-image\" alt=\"Oitava Rodada do Campeonato Cresol de Futsal &#8211; 2\u00aa Divis\u00e3o\" style=\"object-fit:cover;\" srcset=\"https:\/\/radioprincesa2010.com.br\/fm\/wp-content\/uploads\/2026\/05\/500.jpg 500w, https:\/\/radioprincesa2010.com.br\/fm\/wp-content\/uploads\/2026\/05\/500-300x215.jpg 300w, https:\/\/radioprincesa2010.com.br\/fm\/wp-content\/uploads\/2026\/05\/500-84x60.jpg 84w\" sizes=\"auto, (max-width: 500px) 100vw, 500px\" \/><\/a><\/figure><\/div>\n\n\n\n<div class=\"wp-block-column is-vertically-aligned-center is-layout-flow wp-block-column-is-layout-flow\" style=\"flex-basis:75%\"><h2 class=\"wp-block-post-title\"><a href=\"https:\/\/radioprincesa2010.com.br\/fm\/oitava-rodada-do-campeonato-cresol-de-futsal-2a-divisao\/\" target=\"_self\" >Oitava Rodada do Campeonato Cresol de Futsal &#8211; 2\u00aa Divis\u00e3o<\/a><\/h2><\/div>\n<\/div>\n\n<\/li><li class=\"wp-block-post post-11372 post type-post status-publish format-standard has-post-thumbnail hentry category-geral\">\n\n<div class=\"wp-block-columns are-vertically-aligned-center is-layout-flex wp-container-core-columns-is-layout-3 wp-block-columns-is-layout-flex\">\n<div class=\"wp-block-column is-vertically-aligned-center is-layout-flow wp-block-column-is-layout-flow\" style=\"flex-basis:25%\">\n<p><\/p>\n\n\n<figure class=\"wp-block-post-featured-image\"><a href=\"https:\/\/radioprincesa2010.com.br\/fm\/caminhada-pela-inclusao-em-selbach\/\" target=\"_self\"  ><img loading=\"lazy\" decoding=\"async\" width=\"500\" height=\"281\" src=\"https:\/\/radioprincesa2010.com.br\/fm\/wp-content\/uploads\/2026\/04\/X1-7.jpg\" class=\"attachment-post-thumbnail size-post-thumbnail wp-post-image\" alt=\"Caminhada pela inclus\u00e3o em Selbach\" style=\"object-fit:cover;\" srcset=\"https:\/\/radioprincesa2010.com.br\/fm\/wp-content\/uploads\/2026\/04\/X1-7.jpg 500w, https:\/\/radioprincesa2010.com.br\/fm\/wp-content\/uploads\/2026\/04\/X1-7-300x169.jpg 300w, https:\/\/radioprincesa2010.com.br\/fm\/wp-content\/uploads\/2026\/04\/X1-7-107x60.jpg 107w\" sizes=\"auto, (max-width: 500px) 100vw, 500px\" \/><\/a><\/figure><\/div>\n\n\n\n<div class=\"wp-block-column is-vertically-aligned-center is-layout-flow wp-block-column-is-layout-flow\" style=\"flex-basis:75%\"><h2 class=\"wp-block-post-title\"><a href=\"https:\/\/radioprincesa2010.com.br\/fm\/caminhada-pela-inclusao-em-selbach\/\" target=\"_self\" >Caminhada pela inclus\u00e3o em Selbach<\/a><\/h2><\/div>\n<\/div>\n\n<\/li><\/ul><\/div>\n\n\n\n<p class=\"wp-embed-aspect-16-9 wp-has-aspect-ratio\"><\/p>\n","protected":false},"excerpt":{"rendered":"<p>ASSISTA ABAIXO: Clique na imagem para acessar o nosso canal na internet, ou CLIQUE diretamente na imagem sobre o assunto de hoje, para ver o v\u00eddeo no Youtube. NOSSO CANAL &#8211; R\u00e1dio Princesa FM ASSUNTO DE HOJE Clique na imagem abaixo, e assista a entrevista com o Secret\u00e1rio de obras, Gilson Maldaner, que fala sobre &hellip; <\/p>\n","protected":false},"author":1,"featured_media":11391,"comment_status":"open","ping_status":"open","sticky":false,"template":"","format":"standard","meta":{"footnotes":""},"categories":[1],"tags":[],"class_list":["post-11389","post","type-post","status-publish","format-standard","has-post-thumbnail","hentry","category-geral"],"yoast_head":"<!-- This site is optimized with the Yoast SEO plugin v16.1.1 - https:\/\/yoast.com\/wordpress\/plugins\/seo\/ -->\n<title>Secret\u00e1rio de obras, Gilson Maldaner, fala sobre a\u00e7\u00f5es da secretaria de obras do munic\u00edpio - R\u00e1dio Princesa FM 104.9 Mhz<\/title>\n<link rel=\"canonical\" href=\"https:\/\/radioprincesa2010.com.br\/fm\/secretario-de-obras-gilson-maldaner-fala-sobre-acoes-da-secretaria-de-obras-do-municipio\/\" \/>\n<meta property=\"og:locale\" content=\"pt_BR\" \/>\n<meta property=\"og:type\" content=\"article\" \/>\n<meta property=\"og:title\" content=\"Secret\u00e1rio de obras, Gilson Maldaner, fala sobre a\u00e7\u00f5es da secretaria de obras do munic\u00edpio - R\u00e1dio Princesa FM 104.9 Mhz\" \/>\n<meta property=\"og:description\" content=\"ASSISTA ABAIXO: Clique na imagem para acessar o nosso canal na internet, ou CLIQUE diretamente na imagem sobre o assunto de hoje, para ver o v\u00eddeo no Youtube. NOSSO CANAL &#8211; R\u00e1dio Princesa FM ASSUNTO DE HOJE Clique na imagem abaixo, e assista a entrevista com o Secret\u00e1rio de obras, Gilson Maldaner, que fala sobre &hellip;\" \/>\n<meta property=\"og:url\" content=\"https:\/\/radioprincesa2010.com.br\/fm\/secretario-de-obras-gilson-maldaner-fala-sobre-acoes-da-secretaria-de-obras-do-municipio\/\" \/>\n<meta property=\"og:site_name\" content=\"R\u00e1dio Princesa FM 104.9 Mhz\" \/>\n<meta property=\"article:published_time\" content=\"2026-05-01T12:38:25+00:00\" \/>\n<meta property=\"article:modified_time\" content=\"2026-05-01T12:38:30+00:00\" \/>\n<meta property=\"og:image\" content=\"https:\/\/radioprincesa2010.com.br\/fm\/wp-content\/uploads\/2026\/05\/1.jpeg\" \/>\n\t<meta property=\"og:image:width\" content=\"500\" \/>\n\t<meta property=\"og:image:height\" content=\"601\" \/>\n<meta name=\"twitter:card\" content=\"summary_large_image\" \/>\n<script type=\"application\/ld+json\" class=\"yoast-schema-graph\">{\"@context\":\"https:\/\/schema.org\",\"@graph\":[{\"@type\":\"WebSite\",\"@id\":\"https:\/\/radioprincesa2010.com.br\/fm\/#website\",\"url\":\"https:\/\/radioprincesa2010.com.br\/fm\/\",\"name\":\"R\\u00e1dio Princesa FM 104.9 Mhz\",\"description\":\"Com voc\\u00ea o tempo todo\",\"potentialAction\":[{\"@type\":\"SearchAction\",\"target\":\"https:\/\/radioprincesa2010.com.br\/fm\/?s={search_term_string}\",\"query-input\":\"required name=search_term_string\"}],\"inLanguage\":\"pt-BR\"},{\"@type\":\"ImageObject\",\"@id\":\"https:\/\/radioprincesa2010.com.br\/fm\/secretario-de-obras-gilson-maldaner-fala-sobre-acoes-da-secretaria-de-obras-do-municipio\/#primaryimage\",\"inLanguage\":\"pt-BR\",\"url\":\"https:\/\/radioprincesa2010.com.br\/fm\/wp-content\/uploads\/2026\/05\/1.jpeg\",\"contentUrl\":\"https:\/\/radioprincesa2010.com.br\/fm\/wp-content\/uploads\/2026\/05\/1.jpeg\",\"width\":500,\"height\":601},{\"@type\":\"WebPage\",\"@id\":\"https:\/\/radioprincesa2010.com.br\/fm\/secretario-de-obras-gilson-maldaner-fala-sobre-acoes-da-secretaria-de-obras-do-municipio\/#webpage\",\"url\":\"https:\/\/radioprincesa2010.com.br\/fm\/secretario-de-obras-gilson-maldaner-fala-sobre-acoes-da-secretaria-de-obras-do-municipio\/\",\"name\":\"Secret\\u00e1rio de obras, Gilson Maldaner, fala sobre a\\u00e7\\u00f5es da secretaria de obras do munic\\u00edpio - R\\u00e1dio Princesa FM 104.9 Mhz\",\"isPartOf\":{\"@id\":\"https:\/\/radioprincesa2010.com.br\/fm\/#website\"},\"primaryImageOfPage\":{\"@id\":\"https:\/\/radioprincesa2010.com.br\/fm\/secretario-de-obras-gilson-maldaner-fala-sobre-acoes-da-secretaria-de-obras-do-municipio\/#primaryimage\"},\"datePublished\":\"2026-05-01T12:38:25+00:00\",\"dateModified\":\"2026-05-01T12:38:30+00:00\",\"author\":{\"@id\":\"https:\/\/radioprincesa2010.com.br\/fm\/#\/schema\/person\/7387850c16b3f47de42a1accfc7045c8\"},\"breadcrumb\":{\"@id\":\"https:\/\/radioprincesa2010.com.br\/fm\/secretario-de-obras-gilson-maldaner-fala-sobre-acoes-da-secretaria-de-obras-do-municipio\/#breadcrumb\"},\"inLanguage\":\"pt-BR\",\"potentialAction\":[{\"@type\":\"ReadAction\",\"target\":[\"https:\/\/radioprincesa2010.com.br\/fm\/secretario-de-obras-gilson-maldaner-fala-sobre-acoes-da-secretaria-de-obras-do-municipio\/\"]}]},{\"@type\":\"BreadcrumbList\",\"@id\":\"https:\/\/radioprincesa2010.com.br\/fm\/secretario-de-obras-gilson-maldaner-fala-sobre-acoes-da-secretaria-de-obras-do-municipio\/#breadcrumb\",\"itemListElement\":[{\"@type\":\"ListItem\",\"position\":1,\"item\":{\"@type\":\"WebPage\",\"@id\":\"https:\/\/radioprincesa2010.com.br\/fm\/\",\"url\":\"https:\/\/radioprincesa2010.com.br\/fm\/\",\"name\":\"In\\u00edcio\"}},{\"@type\":\"ListItem\",\"position\":2,\"item\":{\"@type\":\"WebPage\",\"@id\":\"https:\/\/radioprincesa2010.com.br\/fm\/secretario-de-obras-gilson-maldaner-fala-sobre-acoes-da-secretaria-de-obras-do-municipio\/\",\"url\":\"https:\/\/radioprincesa2010.com.br\/fm\/secretario-de-obras-gilson-maldaner-fala-sobre-acoes-da-secretaria-de-obras-do-municipio\/\",\"name\":\"Secret\\u00e1rio de obras, Gilson Maldaner, fala sobre a\\u00e7\\u00f5es da secretaria de obras do munic\\u00edpio\"}}]},{\"@type\":\"Person\",\"@id\":\"https:\/\/radioprincesa2010.com.br\/fm\/#\/schema\/person\/7387850c16b3f47de42a1accfc7045c8\",\"name\":\"Princesa ADM\",\"image\":{\"@type\":\"ImageObject\",\"@id\":\"https:\/\/radioprincesa2010.com.br\/fm\/#personlogo\",\"inLanguage\":\"pt-BR\",\"url\":\"https:\/\/secure.gravatar.com\/avatar\/f30936cf78b511d12d0dda9d77461df5?s=96&d=mm&r=g\",\"contentUrl\":\"https:\/\/secure.gravatar.com\/avatar\/f30936cf78b511d12d0dda9d77461df5?s=96&d=mm&r=g\",\"caption\":\"Princesa ADM\"}}]}<\/script>\n<!-- \/ Yoast SEO plugin. -->","_links":{"self":[{"href":"https:\/\/radioprincesa2010.com.br\/fm\/wp-json\/wp\/v2\/posts\/11389","targetHints":{"allow":["GET"]}}],"collection":[{"href":"https:\/\/radioprincesa2010.com.br\/fm\/wp-json\/wp\/v2\/posts"}],"about":[{"href":"https:\/\/radioprincesa2010.com.br\/fm\/wp-json\/wp\/v2\/types\/post"}],"author":[{"embeddable":true,"href":"https:\/\/radioprincesa2010.com.br\/fm\/wp-json\/wp\/v2\/users\/1"}],"replies":[{"embeddable":true,"href":"https:\/\/radioprincesa2010.com.br\/fm\/wp-json\/wp\/v2\/comments?post=11389"}],"version-history":[{"count":1,"href":"https:\/\/radioprincesa2010.com.br\/fm\/wp-json\/wp\/v2\/posts\/11389\/revisions"}],"predecessor-version":[{"id":11392,"href":"https:\/\/radioprincesa2010.com.br\/fm\/wp-json\/wp\/v2\/posts\/11389\/revisions\/11392"}],"wp:featuredmedia":[{"embeddable":true,"href":"https:\/\/radioprincesa2010.com.br\/fm\/wp-json\/wp\/v2\/media\/11391"}],"wp:attachment":[{"href":"https:\/\/radioprincesa2010.com.br\/fm\/wp-json\/wp\/v2\/media?parent=11389"}],"wp:term":[{"taxonomy":"category","embeddable":true,"href":"https:\/\/radioprincesa2010.com.br\/fm\/wp-json\/wp\/v2\/categories?post=11389"},{"taxonomy":"post_tag","embeddable":true,"href":"https:\/\/radioprincesa2010.com.br\/fm\/wp-json\/wp\/v2\/tags?post=11389"}],"curies":[{"name":"wp","href":"https:\/\/api.w.org\/{rel}","templated":true}]}}