{"id":1105,"date":"2018-10-01T12:06:55","date_gmt":"2018-10-01T12:06:55","guid":{"rendered":"https:\/\/radioprincesa2010.com.br\/fm\/?p=1105"},"modified":"2018-10-01T12:07:59","modified_gmt":"2018-10-01T12:07:59","slug":"acidente-na-curva-do-s","status":"publish","type":"post","link":"https:\/\/radioprincesa2010.com.br\/fm\/acidente-na-curva-do-s\/","title":{"rendered":"Acidente a poucos instantes na curva do S"},"content":{"rendered":"<div id=\"fb-root\"><\/div>\n<p>A poucos instantes, um HB20, com placas de Colorado, perdeu o controle de dire\u00e7\u00e3o vindo a bater no guard rail. O acidente aconteceu na VRS 402, na famosa curva do \u201cS\u201d. A condutora foi socorrida e conduzida ao Hospital S\u00e3o Jacob, com escoria\u00e7\u00f5es pelo corpo e passa bem.<\/p>\n<div id='gallery-1' class='gallery galleryid-1105 gallery-columns-2 gallery-size-thumbnail'><figure class='gallery-item'>\n\t\t\t<div class='gallery-icon landscape'>\n\t\t\t\t<a href='https:\/\/radioprincesa2010.com.br\/fm\/acidente-na-curva-do-s\/selbach-curva-do-s-na-vrs-402-registra-mais-um-acidente-1\/'><img loading=\"lazy\" decoding=\"async\" width=\"150\" height=\"150\" src=\"https:\/\/radioprincesa2010.com.br\/fm\/wp-content\/uploads\/2018\/10\/SELBACH-\u2013-Curva-do-\u201cS\u201d-na-VRS-402-registra-mais-um-acidente-1-150x150.jpg\" class=\"attachment-thumbnail size-thumbnail\" alt=\"\" srcset=\"https:\/\/radioprincesa2010.com.br\/fm\/wp-content\/uploads\/2018\/10\/SELBACH-\u2013-Curva-do-\u201cS\u201d-na-VRS-402-registra-mais-um-acidente-1-150x150.jpg 150w, https:\/\/radioprincesa2010.com.br\/fm\/wp-content\/uploads\/2018\/10\/SELBACH-\u2013-Curva-do-\u201cS\u201d-na-VRS-402-registra-mais-um-acidente-1-100x100.jpg 100w\" sizes=\"auto, (max-width: 150px) 100vw, 150px\" \/><\/a>\n\t\t\t<\/div><\/figure><figure class='gallery-item'>\n\t\t\t<div class='gallery-icon landscape'>\n\t\t\t\t<a href='https:\/\/radioprincesa2010.com.br\/fm\/acidente-na-curva-do-s\/selbach-curva-do-s-na-vrs-402-registra-mais-um-acidente-3\/'><img loading=\"lazy\" decoding=\"async\" width=\"150\" height=\"150\" src=\"https:\/\/radioprincesa2010.com.br\/fm\/wp-content\/uploads\/2018\/10\/SELBACH-\u2013-Curva-do-\u201cS\u201d-na-VRS-402-registra-mais-um-acidente-3-150x150.jpg\" class=\"attachment-thumbnail size-thumbnail\" alt=\"\" srcset=\"https:\/\/radioprincesa2010.com.br\/fm\/wp-content\/uploads\/2018\/10\/SELBACH-\u2013-Curva-do-\u201cS\u201d-na-VRS-402-registra-mais-um-acidente-3-150x150.jpg 150w, https:\/\/radioprincesa2010.com.br\/fm\/wp-content\/uploads\/2018\/10\/SELBACH-\u2013-Curva-do-\u201cS\u201d-na-VRS-402-registra-mais-um-acidente-3-100x100.jpg 100w\" sizes=\"auto, (max-width: 150px) 100vw, 150px\" \/><\/a>\n\t\t\t<\/div><\/figure>\n\t\t<\/div>\n\n","protected":false},"excerpt":{"rendered":"<p>A poucos instantes, um HB20, com placas de Colorado, perdeu o controle de dire\u00e7\u00e3o vindo a bater no guard rail. O acidente aconteceu na VRS 402, na famosa curva do \u201cS\u201d. A condutora foi socorrida e conduzida ao Hospital S\u00e3o Jacob, com escoria\u00e7\u00f5es pelo corpo e passa bem.<\/p>\n","protected":false},"author":2,"featured_media":1107,"comment_status":"open","ping_status":"open","sticky":false,"template":"","format":"standard","meta":{"footnotes":""},"categories":[1],"tags":[],"class_list":["post-1105","post","type-post","status-publish","format-standard","has-post-thumbnail","hentry","category-geral"],"yoast_head":"<!-- This site is optimized with the Yoast SEO plugin v16.1.1 - https:\/\/yoast.com\/wordpress\/plugins\/seo\/ -->\n<title>Acidente a poucos instantes na curva do S - R\u00e1dio Princesa FM 104.9 Mhz<\/title>\n<link rel=\"canonical\" href=\"https:\/\/radioprincesa2010.com.br\/fm\/acidente-na-curva-do-s\/\" \/>\n<meta property=\"og:locale\" content=\"pt_BR\" \/>\n<meta property=\"og:type\" content=\"article\" \/>\n<meta property=\"og:title\" content=\"Acidente a poucos instantes na curva do S - R\u00e1dio Princesa FM 104.9 Mhz\" \/>\n<meta property=\"og:description\" content=\"A poucos instantes, um HB20, com placas de Colorado, perdeu o controle de dire\u00e7\u00e3o vindo a bater no guard rail. O acidente aconteceu na VRS 402, na famosa curva do \u201cS\u201d. A condutora foi socorrida e conduzida ao Hospital S\u00e3o Jacob, com escoria\u00e7\u00f5es pelo corpo e passa bem.\" \/>\n<meta property=\"og:url\" content=\"https:\/\/radioprincesa2010.com.br\/fm\/acidente-na-curva-do-s\/\" \/>\n<meta property=\"og:site_name\" content=\"R\u00e1dio Princesa FM 104.9 Mhz\" \/>\n<meta property=\"article:published_time\" content=\"2018-10-01T12:06:55+00:00\" \/>\n<meta property=\"article:modified_time\" content=\"2018-10-01T12:07:59+00:00\" \/>\n<meta property=\"og:image\" content=\"https:\/\/radioprincesa2010.com.br\/fm\/wp-content\/uploads\/2018\/10\/SELBACH-\u2013-Curva-do-\u201cS\u201d-na-VRS-402-registra-mais-um-acidente-2.jpg\" \/>\n\t<meta property=\"og:image:width\" content=\"959\" \/>\n\t<meta property=\"og:image:height\" content=\"1060\" \/>\n<meta name=\"twitter:card\" content=\"summary_large_image\" \/>\n<script type=\"application\/ld+json\" class=\"yoast-schema-graph\">{\"@context\":\"https:\/\/schema.org\",\"@graph\":[{\"@type\":\"WebSite\",\"@id\":\"https:\/\/radioprincesa2010.com.br\/fm\/#website\",\"url\":\"https:\/\/radioprincesa2010.com.br\/fm\/\",\"name\":\"R\\u00e1dio Princesa FM 104.9 Mhz\",\"description\":\"Com voc\\u00ea o tempo todo\",\"potentialAction\":[{\"@type\":\"SearchAction\",\"target\":\"https:\/\/radioprincesa2010.com.br\/fm\/?s={search_term_string}\",\"query-input\":\"required name=search_term_string\"}],\"inLanguage\":\"pt-BR\"},{\"@type\":\"ImageObject\",\"@id\":\"https:\/\/radioprincesa2010.com.br\/fm\/acidente-na-curva-do-s\/#primaryimage\",\"inLanguage\":\"pt-BR\",\"url\":\"https:\/\/radioprincesa2010.com.br\/fm\/wp-content\/uploads\/2018\/10\/SELBACH-\\u2013-Curva-do-\\u201cS\\u201d-na-VRS-402-registra-mais-um-acidente-2.jpg\",\"contentUrl\":\"https:\/\/radioprincesa2010.com.br\/fm\/wp-content\/uploads\/2018\/10\/SELBACH-\\u2013-Curva-do-\\u201cS\\u201d-na-VRS-402-registra-mais-um-acidente-2.jpg\",\"width\":959,\"height\":1060},{\"@type\":\"WebPage\",\"@id\":\"https:\/\/radioprincesa2010.com.br\/fm\/acidente-na-curva-do-s\/#webpage\",\"url\":\"https:\/\/radioprincesa2010.com.br\/fm\/acidente-na-curva-do-s\/\",\"name\":\"Acidente a poucos instantes na curva do S - R\\u00e1dio Princesa FM 104.9 Mhz\",\"isPartOf\":{\"@id\":\"https:\/\/radioprincesa2010.com.br\/fm\/#website\"},\"primaryImageOfPage\":{\"@id\":\"https:\/\/radioprincesa2010.com.br\/fm\/acidente-na-curva-do-s\/#primaryimage\"},\"datePublished\":\"2018-10-01T12:06:55+00:00\",\"dateModified\":\"2018-10-01T12:07:59+00:00\",\"author\":{\"@id\":\"https:\/\/radioprincesa2010.com.br\/fm\/#\/schema\/person\/2671cea07bd207fdbf7f094a7ab77c1c\"},\"breadcrumb\":{\"@id\":\"https:\/\/radioprincesa2010.com.br\/fm\/acidente-na-curva-do-s\/#breadcrumb\"},\"inLanguage\":\"pt-BR\",\"potentialAction\":[{\"@type\":\"ReadAction\",\"target\":[\"https:\/\/radioprincesa2010.com.br\/fm\/acidente-na-curva-do-s\/\"]}]},{\"@type\":\"BreadcrumbList\",\"@id\":\"https:\/\/radioprincesa2010.com.br\/fm\/acidente-na-curva-do-s\/#breadcrumb\",\"itemListElement\":[{\"@type\":\"ListItem\",\"position\":1,\"item\":{\"@type\":\"WebPage\",\"@id\":\"https:\/\/radioprincesa2010.com.br\/fm\/\",\"url\":\"https:\/\/radioprincesa2010.com.br\/fm\/\",\"name\":\"In\\u00edcio\"}},{\"@type\":\"ListItem\",\"position\":2,\"item\":{\"@type\":\"WebPage\",\"@id\":\"https:\/\/radioprincesa2010.com.br\/fm\/acidente-na-curva-do-s\/\",\"url\":\"https:\/\/radioprincesa2010.com.br\/fm\/acidente-na-curva-do-s\/\",\"name\":\"Acidente a poucos instantes na curva do S\"}}]},{\"@type\":\"Person\",\"@id\":\"https:\/\/radioprincesa2010.com.br\/fm\/#\/schema\/person\/2671cea07bd207fdbf7f094a7ab77c1c\",\"name\":\"Radialistas Princesa FM\",\"image\":{\"@type\":\"ImageObject\",\"@id\":\"https:\/\/radioprincesa2010.com.br\/fm\/#personlogo\",\"inLanguage\":\"pt-BR\",\"url\":\"https:\/\/secure.gravatar.com\/avatar\/1e60f2ae894518c7afac50daca716e5d?s=96&d=mm&r=g\",\"contentUrl\":\"https:\/\/secure.gravatar.com\/avatar\/1e60f2ae894518c7afac50daca716e5d?s=96&d=mm&r=g\",\"caption\":\"Radialistas Princesa FM\"}}]}<\/script>\n<!-- \/ Yoast SEO plugin. -->","_links":{"self":[{"href":"https:\/\/radioprincesa2010.com.br\/fm\/wp-json\/wp\/v2\/posts\/1105","targetHints":{"allow":["GET"]}}],"collection":[{"href":"https:\/\/radioprincesa2010.com.br\/fm\/wp-json\/wp\/v2\/posts"}],"about":[{"href":"https:\/\/radioprincesa2010.com.br\/fm\/wp-json\/wp\/v2\/types\/post"}],"author":[{"embeddable":true,"href":"https:\/\/radioprincesa2010.com.br\/fm\/wp-json\/wp\/v2\/users\/2"}],"replies":[{"embeddable":true,"href":"https:\/\/radioprincesa2010.com.br\/fm\/wp-json\/wp\/v2\/comments?post=1105"}],"version-history":[{"count":2,"href":"https:\/\/radioprincesa2010.com.br\/fm\/wp-json\/wp\/v2\/posts\/1105\/revisions"}],"predecessor-version":[{"id":1110,"href":"https:\/\/radioprincesa2010.com.br\/fm\/wp-json\/wp\/v2\/posts\/1105\/revisions\/1110"}],"wp:featuredmedia":[{"embeddable":true,"href":"https:\/\/radioprincesa2010.com.br\/fm\/wp-json\/wp\/v2\/media\/1107"}],"wp:attachment":[{"href":"https:\/\/radioprincesa2010.com.br\/fm\/wp-json\/wp\/v2\/media?parent=1105"}],"wp:term":[{"taxonomy":"category","embeddable":true,"href":"https:\/\/radioprincesa2010.com.br\/fm\/wp-json\/wp\/v2\/categories?post=1105"},{"taxonomy":"post_tag","embeddable":true,"href":"https:\/\/radioprincesa2010.com.br\/fm\/wp-json\/wp\/v2\/tags?post=1105"}],"curies":[{"name":"wp","href":"https:\/\/api.w.org\/{rel}","templated":true}]}}