{"id":1098,"date":"2018-09-26T13:19:29","date_gmt":"2018-09-26T13:19:29","guid":{"rendered":"https:\/\/radioprincesa2010.com.br\/fm\/?p=1098"},"modified":"2018-09-26T13:21:02","modified_gmt":"2018-09-26T13:21:02","slug":"7o-encontro-dos-ilpis-da-rede-notre-dame-aconteceu-em-selbach","status":"publish","type":"post","link":"https:\/\/radioprincesa2010.com.br\/fm\/7o-encontro-dos-ilpis-da-rede-notre-dame-aconteceu-em-selbach\/","title":{"rendered":"7\u00ba Encontro dos ILPIS da rede Notre Dame aconteceu em Selbach"},"content":{"rendered":"<div id=\"fb-root\"><\/div>\n<p>Durante todo o dia desta ter\u00e7a-feira, junto a ASSEPSEL, aconteceu o 7\u00ba Encontro dos Institutos de Longa Perman\u00eancia para Idosos da rede Notre Dame, estiveram presentes as institui\u00e7\u00f5es de Selbach e N\u00e3o-Me-Toque.<\/p>\n<div id='gallery-1' class='gallery galleryid-1098 gallery-columns-4 gallery-size-thumbnail'><figure class='gallery-item'>\n\t\t\t<div class='gallery-icon landscape'>\n\t\t\t\t<a href='https:\/\/radioprincesa2010.com.br\/fm\/7o-encontro-dos-ilpis-da-rede-notre-dame-aconteceu-em-selbach\/01-5\/'><img loading=\"lazy\" decoding=\"async\" width=\"150\" height=\"150\" src=\"https:\/\/radioprincesa2010.com.br\/fm\/wp-content\/uploads\/2018\/09\/01-150x150.jpg\" class=\"attachment-thumbnail size-thumbnail\" alt=\"\" srcset=\"https:\/\/radioprincesa2010.com.br\/fm\/wp-content\/uploads\/2018\/09\/01-150x150.jpg 150w, https:\/\/radioprincesa2010.com.br\/fm\/wp-content\/uploads\/2018\/09\/01-100x100.jpg 100w\" sizes=\"auto, (max-width: 150px) 100vw, 150px\" \/><\/a>\n\t\t\t<\/div><\/figure><figure class='gallery-item'>\n\t\t\t<div class='gallery-icon landscape'>\n\t\t\t\t<a href='https:\/\/radioprincesa2010.com.br\/fm\/7o-encontro-dos-ilpis-da-rede-notre-dame-aconteceu-em-selbach\/05-3\/'><img loading=\"lazy\" decoding=\"async\" width=\"150\" height=\"150\" src=\"https:\/\/radioprincesa2010.com.br\/fm\/wp-content\/uploads\/2018\/09\/05-150x150.jpg\" class=\"attachment-thumbnail size-thumbnail\" alt=\"\" srcset=\"https:\/\/radioprincesa2010.com.br\/fm\/wp-content\/uploads\/2018\/09\/05-150x150.jpg 150w, https:\/\/radioprincesa2010.com.br\/fm\/wp-content\/uploads\/2018\/09\/05-100x100.jpg 100w\" sizes=\"auto, (max-width: 150px) 100vw, 150px\" \/><\/a>\n\t\t\t<\/div><\/figure><figure class='gallery-item'>\n\t\t\t<div class='gallery-icon landscape'>\n\t\t\t\t<a href='https:\/\/radioprincesa2010.com.br\/fm\/7o-encontro-dos-ilpis-da-rede-notre-dame-aconteceu-em-selbach\/04-5\/'><img loading=\"lazy\" decoding=\"async\" width=\"150\" height=\"150\" src=\"https:\/\/radioprincesa2010.com.br\/fm\/wp-content\/uploads\/2018\/09\/04-150x150.jpg\" class=\"attachment-thumbnail size-thumbnail\" alt=\"\" srcset=\"https:\/\/radioprincesa2010.com.br\/fm\/wp-content\/uploads\/2018\/09\/04-150x150.jpg 150w, https:\/\/radioprincesa2010.com.br\/fm\/wp-content\/uploads\/2018\/09\/04-100x100.jpg 100w\" sizes=\"auto, (max-width: 150px) 100vw, 150px\" \/><\/a>\n\t\t\t<\/div><\/figure><figure class='gallery-item'>\n\t\t\t<div class='gallery-icon landscape'>\n\t\t\t\t<a href='https:\/\/radioprincesa2010.com.br\/fm\/7o-encontro-dos-ilpis-da-rede-notre-dame-aconteceu-em-selbach\/03-5\/'><img loading=\"lazy\" decoding=\"async\" width=\"150\" height=\"150\" src=\"https:\/\/radioprincesa2010.com.br\/fm\/wp-content\/uploads\/2018\/09\/03-150x150.jpg\" class=\"attachment-thumbnail size-thumbnail\" alt=\"\" srcset=\"https:\/\/radioprincesa2010.com.br\/fm\/wp-content\/uploads\/2018\/09\/03-150x150.jpg 150w, https:\/\/radioprincesa2010.com.br\/fm\/wp-content\/uploads\/2018\/09\/03-100x100.jpg 100w\" sizes=\"auto, (max-width: 150px) 100vw, 150px\" \/><\/a>\n\t\t\t<\/div><\/figure>\n\t\t<\/div>\n\n<p>&nbsp;<\/p>\n","protected":false},"excerpt":{"rendered":"<p>Durante todo o dia desta ter\u00e7a-feira, junto a ASSEPSEL, aconteceu o 7\u00ba Encontro dos Institutos de Longa Perman\u00eancia para Idosos da rede Notre Dame, estiveram presentes as institui\u00e7\u00f5es de Selbach e N\u00e3o-Me-Toque. &nbsp;<\/p>\n","protected":false},"author":2,"featured_media":1099,"comment_status":"open","ping_status":"open","sticky":false,"template":"","format":"standard","meta":{"footnotes":""},"categories":[1],"tags":[],"class_list":["post-1098","post","type-post","status-publish","format-standard","has-post-thumbnail","hentry","category-geral"],"yoast_head":"<!-- This site is optimized with the Yoast SEO plugin v16.1.1 - https:\/\/yoast.com\/wordpress\/plugins\/seo\/ -->\n<title>7\u00ba Encontro dos ILPIS da rede Notre Dame aconteceu em Selbach - R\u00e1dio Princesa FM 104.9 Mhz<\/title>\n<link rel=\"canonical\" href=\"https:\/\/radioprincesa2010.com.br\/fm\/7o-encontro-dos-ilpis-da-rede-notre-dame-aconteceu-em-selbach\/\" \/>\n<meta property=\"og:locale\" content=\"pt_BR\" \/>\n<meta property=\"og:type\" content=\"article\" \/>\n<meta property=\"og:title\" content=\"7\u00ba Encontro dos ILPIS da rede Notre Dame aconteceu em Selbach - R\u00e1dio Princesa FM 104.9 Mhz\" \/>\n<meta property=\"og:description\" content=\"Durante todo o dia desta ter\u00e7a-feira, junto a ASSEPSEL, aconteceu o 7\u00ba Encontro dos Institutos de Longa Perman\u00eancia para Idosos da rede Notre Dame, estiveram presentes as institui\u00e7\u00f5es de Selbach e N\u00e3o-Me-Toque. &nbsp;\" \/>\n<meta property=\"og:url\" content=\"https:\/\/radioprincesa2010.com.br\/fm\/7o-encontro-dos-ilpis-da-rede-notre-dame-aconteceu-em-selbach\/\" \/>\n<meta property=\"og:site_name\" content=\"R\u00e1dio Princesa FM 104.9 Mhz\" \/>\n<meta property=\"article:published_time\" content=\"2018-09-26T13:19:29+00:00\" \/>\n<meta property=\"article:modified_time\" content=\"2018-09-26T13:21:02+00:00\" \/>\n<meta property=\"og:image\" content=\"https:\/\/radioprincesa2010.com.br\/fm\/wp-content\/uploads\/2018\/09\/02.jpg\" \/>\n\t<meta property=\"og:image:width\" content=\"960\" \/>\n\t<meta property=\"og:image:height\" content=\"1280\" \/>\n<meta name=\"twitter:card\" content=\"summary_large_image\" \/>\n<script type=\"application\/ld+json\" class=\"yoast-schema-graph\">{\"@context\":\"https:\/\/schema.org\",\"@graph\":[{\"@type\":\"WebSite\",\"@id\":\"https:\/\/radioprincesa2010.com.br\/fm\/#website\",\"url\":\"https:\/\/radioprincesa2010.com.br\/fm\/\",\"name\":\"R\\u00e1dio Princesa FM 104.9 Mhz\",\"description\":\"Com voc\\u00ea o tempo todo\",\"potentialAction\":[{\"@type\":\"SearchAction\",\"target\":\"https:\/\/radioprincesa2010.com.br\/fm\/?s={search_term_string}\",\"query-input\":\"required name=search_term_string\"}],\"inLanguage\":\"pt-BR\"},{\"@type\":\"ImageObject\",\"@id\":\"https:\/\/radioprincesa2010.com.br\/fm\/7o-encontro-dos-ilpis-da-rede-notre-dame-aconteceu-em-selbach\/#primaryimage\",\"inLanguage\":\"pt-BR\",\"url\":\"https:\/\/radioprincesa2010.com.br\/fm\/wp-content\/uploads\/2018\/09\/02.jpg\",\"contentUrl\":\"https:\/\/radioprincesa2010.com.br\/fm\/wp-content\/uploads\/2018\/09\/02.jpg\",\"width\":960,\"height\":1280},{\"@type\":\"WebPage\",\"@id\":\"https:\/\/radioprincesa2010.com.br\/fm\/7o-encontro-dos-ilpis-da-rede-notre-dame-aconteceu-em-selbach\/#webpage\",\"url\":\"https:\/\/radioprincesa2010.com.br\/fm\/7o-encontro-dos-ilpis-da-rede-notre-dame-aconteceu-em-selbach\/\",\"name\":\"7\\u00ba Encontro dos ILPIS da rede Notre Dame aconteceu em Selbach - R\\u00e1dio Princesa FM 104.9 Mhz\",\"isPartOf\":{\"@id\":\"https:\/\/radioprincesa2010.com.br\/fm\/#website\"},\"primaryImageOfPage\":{\"@id\":\"https:\/\/radioprincesa2010.com.br\/fm\/7o-encontro-dos-ilpis-da-rede-notre-dame-aconteceu-em-selbach\/#primaryimage\"},\"datePublished\":\"2018-09-26T13:19:29+00:00\",\"dateModified\":\"2018-09-26T13:21:02+00:00\",\"author\":{\"@id\":\"https:\/\/radioprincesa2010.com.br\/fm\/#\/schema\/person\/2671cea07bd207fdbf7f094a7ab77c1c\"},\"breadcrumb\":{\"@id\":\"https:\/\/radioprincesa2010.com.br\/fm\/7o-encontro-dos-ilpis-da-rede-notre-dame-aconteceu-em-selbach\/#breadcrumb\"},\"inLanguage\":\"pt-BR\",\"potentialAction\":[{\"@type\":\"ReadAction\",\"target\":[\"https:\/\/radioprincesa2010.com.br\/fm\/7o-encontro-dos-ilpis-da-rede-notre-dame-aconteceu-em-selbach\/\"]}]},{\"@type\":\"BreadcrumbList\",\"@id\":\"https:\/\/radioprincesa2010.com.br\/fm\/7o-encontro-dos-ilpis-da-rede-notre-dame-aconteceu-em-selbach\/#breadcrumb\",\"itemListElement\":[{\"@type\":\"ListItem\",\"position\":1,\"item\":{\"@type\":\"WebPage\",\"@id\":\"https:\/\/radioprincesa2010.com.br\/fm\/\",\"url\":\"https:\/\/radioprincesa2010.com.br\/fm\/\",\"name\":\"In\\u00edcio\"}},{\"@type\":\"ListItem\",\"position\":2,\"item\":{\"@type\":\"WebPage\",\"@id\":\"https:\/\/radioprincesa2010.com.br\/fm\/7o-encontro-dos-ilpis-da-rede-notre-dame-aconteceu-em-selbach\/\",\"url\":\"https:\/\/radioprincesa2010.com.br\/fm\/7o-encontro-dos-ilpis-da-rede-notre-dame-aconteceu-em-selbach\/\",\"name\":\"7\\u00ba Encontro dos ILPIS da rede Notre Dame aconteceu em Selbach\"}}]},{\"@type\":\"Person\",\"@id\":\"https:\/\/radioprincesa2010.com.br\/fm\/#\/schema\/person\/2671cea07bd207fdbf7f094a7ab77c1c\",\"name\":\"Radialistas Princesa FM\",\"image\":{\"@type\":\"ImageObject\",\"@id\":\"https:\/\/radioprincesa2010.com.br\/fm\/#personlogo\",\"inLanguage\":\"pt-BR\",\"url\":\"https:\/\/secure.gravatar.com\/avatar\/1e60f2ae894518c7afac50daca716e5d?s=96&d=mm&r=g\",\"contentUrl\":\"https:\/\/secure.gravatar.com\/avatar\/1e60f2ae894518c7afac50daca716e5d?s=96&d=mm&r=g\",\"caption\":\"Radialistas Princesa FM\"}}]}<\/script>\n<!-- \/ Yoast SEO plugin. -->","_links":{"self":[{"href":"https:\/\/radioprincesa2010.com.br\/fm\/wp-json\/wp\/v2\/posts\/1098","targetHints":{"allow":["GET"]}}],"collection":[{"href":"https:\/\/radioprincesa2010.com.br\/fm\/wp-json\/wp\/v2\/posts"}],"about":[{"href":"https:\/\/radioprincesa2010.com.br\/fm\/wp-json\/wp\/v2\/types\/post"}],"author":[{"embeddable":true,"href":"https:\/\/radioprincesa2010.com.br\/fm\/wp-json\/wp\/v2\/users\/2"}],"replies":[{"embeddable":true,"href":"https:\/\/radioprincesa2010.com.br\/fm\/wp-json\/wp\/v2\/comments?post=1098"}],"version-history":[{"count":1,"href":"https:\/\/radioprincesa2010.com.br\/fm\/wp-json\/wp\/v2\/posts\/1098\/revisions"}],"predecessor-version":[{"id":1104,"href":"https:\/\/radioprincesa2010.com.br\/fm\/wp-json\/wp\/v2\/posts\/1098\/revisions\/1104"}],"wp:featuredmedia":[{"embeddable":true,"href":"https:\/\/radioprincesa2010.com.br\/fm\/wp-json\/wp\/v2\/media\/1099"}],"wp:attachment":[{"href":"https:\/\/radioprincesa2010.com.br\/fm\/wp-json\/wp\/v2\/media?parent=1098"}],"wp:term":[{"taxonomy":"category","embeddable":true,"href":"https:\/\/radioprincesa2010.com.br\/fm\/wp-json\/wp\/v2\/categories?post=1098"},{"taxonomy":"post_tag","embeddable":true,"href":"https:\/\/radioprincesa2010.com.br\/fm\/wp-json\/wp\/v2\/tags?post=1098"}],"curies":[{"name":"wp","href":"https:\/\/api.w.org\/{rel}","templated":true}]}}