{"id":10542,"date":"2025-06-25T18:22:21","date_gmt":"2025-06-25T18:22:21","guid":{"rendered":"https:\/\/radioprincesa2010.com.br\/fm\/?p=10542"},"modified":"2025-06-25T18:22:23","modified_gmt":"2025-06-25T18:22:23","slug":"a-luxinho-esta-preparada-para-o-frio","status":"publish","type":"post","link":"https:\/\/radioprincesa2010.com.br\/fm\/a-luxinho-esta-preparada-para-o-frio\/","title":{"rendered":"A Luxinho est\u00e1 preparada para o frio"},"content":{"rendered":"<div id=\"fb-root\"><\/div>\n\n<figure class=\"wp-block-embed is-type-video is-provider-youtube wp-block-embed-youtube wp-embed-aspect-16-9 wp-has-aspect-ratio\"><div class=\"wp-block-embed__wrapper\">\n<iframe loading=\"lazy\" title=\"A Luxinho est\u00e1 preparada para o frio\" width=\"925\" height=\"520\" src=\"https:\/\/www.youtube.com\/embed\/gnPHfpSfqkA?feature=oembed\" frameborder=\"0\" allow=\"accelerometer; autoplay; clipboard-write; encrypted-media; gyroscope; picture-in-picture; web-share\" referrerpolicy=\"strict-origin-when-cross-origin\" allowfullscreen><\/iframe>\n<\/div><figcaption class=\"wp-element-caption\"><a href=\"https:\/\/youtu.be\/gnPHfpSfqkA\">ou veja aqui<\/a><\/figcaption><\/figure>\n\n\n\n<figure class=\"wp-block-gallery has-nested-images columns-default is-cropped wp-block-gallery-1 is-layout-flex wp-block-gallery-is-layout-flex\">\n<figure class=\"wp-block-image size-large\"><img loading=\"lazy\" decoding=\"async\" width=\"1024\" height=\"646\" data-id=\"10553\" src=\"https:\/\/radioprincesa2010.com.br\/fm\/wp-content\/uploads\/2025\/06\/Imagem-do-WhatsApp-de-2025-06-24-as-09.22.18_ab85c265-1024x646.jpg\" alt=\"\" class=\"wp-image-10553\" srcset=\"https:\/\/radioprincesa2010.com.br\/fm\/wp-content\/uploads\/2025\/06\/Imagem-do-WhatsApp-de-2025-06-24-as-09.22.18_ab85c265-1024x646.jpg 1024w, https:\/\/radioprincesa2010.com.br\/fm\/wp-content\/uploads\/2025\/06\/Imagem-do-WhatsApp-de-2025-06-24-as-09.22.18_ab85c265-300x189.jpg 300w, https:\/\/radioprincesa2010.com.br\/fm\/wp-content\/uploads\/2025\/06\/Imagem-do-WhatsApp-de-2025-06-24-as-09.22.18_ab85c265-768x484.jpg 768w, https:\/\/radioprincesa2010.com.br\/fm\/wp-content\/uploads\/2025\/06\/Imagem-do-WhatsApp-de-2025-06-24-as-09.22.18_ab85c265-1536x969.jpg 1536w, https:\/\/radioprincesa2010.com.br\/fm\/wp-content\/uploads\/2025\/06\/Imagem-do-WhatsApp-de-2025-06-24-as-09.22.18_ab85c265-95x60.jpg 95w, https:\/\/radioprincesa2010.com.br\/fm\/wp-content\/uploads\/2025\/06\/Imagem-do-WhatsApp-de-2025-06-24-as-09.22.18_ab85c265.jpg 1600w\" sizes=\"auto, (max-width: 1024px) 100vw, 1024px\" \/><\/figure>\n\n\n\n<figure class=\"wp-block-image size-large\"><img loading=\"lazy\" decoding=\"async\" width=\"1024\" height=\"768\" data-id=\"10554\" src=\"https:\/\/radioprincesa2010.com.br\/fm\/wp-content\/uploads\/2025\/06\/Imagem-do-WhatsApp-de-2025-06-24-as-09.22.20_571dc96e-1024x768.jpg\" alt=\"\" class=\"wp-image-10554\" srcset=\"https:\/\/radioprincesa2010.com.br\/fm\/wp-content\/uploads\/2025\/06\/Imagem-do-WhatsApp-de-2025-06-24-as-09.22.20_571dc96e-1024x768.jpg 1024w, https:\/\/radioprincesa2010.com.br\/fm\/wp-content\/uploads\/2025\/06\/Imagem-do-WhatsApp-de-2025-06-24-as-09.22.20_571dc96e-300x225.jpg 300w, https:\/\/radioprincesa2010.com.br\/fm\/wp-content\/uploads\/2025\/06\/Imagem-do-WhatsApp-de-2025-06-24-as-09.22.20_571dc96e-768x576.jpg 768w, https:\/\/radioprincesa2010.com.br\/fm\/wp-content\/uploads\/2025\/06\/Imagem-do-WhatsApp-de-2025-06-24-as-09.22.20_571dc96e-1536x1152.jpg 1536w, https:\/\/radioprincesa2010.com.br\/fm\/wp-content\/uploads\/2025\/06\/Imagem-do-WhatsApp-de-2025-06-24-as-09.22.20_571dc96e-80x60.jpg 80w, https:\/\/radioprincesa2010.com.br\/fm\/wp-content\/uploads\/2025\/06\/Imagem-do-WhatsApp-de-2025-06-24-as-09.22.20_571dc96e.jpg 1600w\" sizes=\"auto, (max-width: 1024px) 100vw, 1024px\" \/><\/figure>\n\n\n\n<figure class=\"wp-block-image size-large\"><img loading=\"lazy\" decoding=\"async\" width=\"1024\" height=\"768\" data-id=\"10552\" src=\"https:\/\/radioprincesa2010.com.br\/fm\/wp-content\/uploads\/2025\/06\/Imagem-do-WhatsApp-de-2025-06-24-as-09.22.20_404220ff-1024x768.jpg\" alt=\"\" class=\"wp-image-10552\" srcset=\"https:\/\/radioprincesa2010.com.br\/fm\/wp-content\/uploads\/2025\/06\/Imagem-do-WhatsApp-de-2025-06-24-as-09.22.20_404220ff-1024x768.jpg 1024w, https:\/\/radioprincesa2010.com.br\/fm\/wp-content\/uploads\/2025\/06\/Imagem-do-WhatsApp-de-2025-06-24-as-09.22.20_404220ff-300x225.jpg 300w, https:\/\/radioprincesa2010.com.br\/fm\/wp-content\/uploads\/2025\/06\/Imagem-do-WhatsApp-de-2025-06-24-as-09.22.20_404220ff-768x576.jpg 768w, https:\/\/radioprincesa2010.com.br\/fm\/wp-content\/uploads\/2025\/06\/Imagem-do-WhatsApp-de-2025-06-24-as-09.22.20_404220ff-1536x1152.jpg 1536w, https:\/\/radioprincesa2010.com.br\/fm\/wp-content\/uploads\/2025\/06\/Imagem-do-WhatsApp-de-2025-06-24-as-09.22.20_404220ff-80x60.jpg 80w, https:\/\/radioprincesa2010.com.br\/fm\/wp-content\/uploads\/2025\/06\/Imagem-do-WhatsApp-de-2025-06-24-as-09.22.20_404220ff.jpg 1600w\" sizes=\"auto, (max-width: 1024px) 100vw, 1024px\" \/><\/figure>\n<\/figure>\n\n\n\n<p><\/p>\n\n\n\n<p><\/p>\n\n\n\n<p class=\"wp-embed-aspect-16-9 wp-has-aspect-ratio\"><strong>SIGA NOSSAS REDES SOCIAIS PELOS LINKS BAIXO!<\/strong><\/p>\n\n\n\n<p class=\"wp-embed-aspect-16-9 wp-has-aspect-ratio\">WhatsApp <a href=\"https:\/\/chat.whatsapp.com\/JsHyvfzC27MJbuicqtgrIa\" target=\"_blank\" rel=\"noreferrer noopener\">CLIQUE AQUI<\/a><\/p>\n\n\n\n<p class=\"wp-embed-aspect-16-9 wp-has-aspect-ratio\">Facebook <a href=\"https:\/\/www.facebook.com\/profile.php?id=100040198482314\" target=\"_blank\" rel=\"noreferrer noopener\">CLIQUE AQUI<\/a><\/p>\n\n\n\n<p class=\"wp-embed-aspect-16-9 wp-has-aspect-ratio\">Instagram <a href=\"https:\/\/www.instagram.com\/radioprincesa104\/\" target=\"_blank\" rel=\"noreferrer noopener\">CLIQUE AQUI<\/a><\/p>\n\n\n\n<div class=\"wp-block-query wp-embed-aspect-16-9 wp-has-aspect-ratio is-layout-flow wp-block-query-is-layout-flow\"><ul class=\"wp-block-post-template is-layout-flow wp-block-post-template-is-layout-flow\"><li class=\"wp-block-post post-11360 post type-post status-publish format-standard has-post-thumbnail hentry category-geral\">\n\n<div class=\"wp-block-columns are-vertically-aligned-center is-layout-flex wp-container-core-columns-is-layout-1 wp-block-columns-is-layout-flex\">\n<div class=\"wp-block-column is-vertically-aligned-center is-layout-flow wp-block-column-is-layout-flow\" style=\"flex-basis:25%\">\n<p><\/p>\n\n\n<figure class=\"wp-block-post-featured-image\"><a href=\"https:\/\/radioprincesa2010.com.br\/fm\/resultados-do-volei-feminino-e-futsal-veterano-masculino-de-selbach\/\" target=\"_self\"  ><img loading=\"lazy\" decoding=\"async\" width=\"500\" height=\"465\" src=\"https:\/\/radioprincesa2010.com.br\/fm\/wp-content\/uploads\/2026\/04\/WhatsApp-Image-2026-04-29-at-09.04.48-3.jpeg\" class=\"attachment-post-thumbnail size-post-thumbnail wp-post-image\" alt=\"Resultados do V\u00f4lei feminino e futsal veterano masculino de Selbach\" style=\"object-fit:cover;\" srcset=\"https:\/\/radioprincesa2010.com.br\/fm\/wp-content\/uploads\/2026\/04\/WhatsApp-Image-2026-04-29-at-09.04.48-3.jpeg 500w, https:\/\/radioprincesa2010.com.br\/fm\/wp-content\/uploads\/2026\/04\/WhatsApp-Image-2026-04-29-at-09.04.48-3-300x279.jpeg 300w, https:\/\/radioprincesa2010.com.br\/fm\/wp-content\/uploads\/2026\/04\/WhatsApp-Image-2026-04-29-at-09.04.48-3-65x60.jpeg 65w\" sizes=\"auto, (max-width: 500px) 100vw, 500px\" \/><\/a><\/figure><\/div>\n\n\n\n<div class=\"wp-block-column is-vertically-aligned-center is-layout-flow wp-block-column-is-layout-flow\" style=\"flex-basis:75%\"><h2 class=\"wp-block-post-title\"><a href=\"https:\/\/radioprincesa2010.com.br\/fm\/resultados-do-volei-feminino-e-futsal-veterano-masculino-de-selbach\/\" target=\"_self\" >Resultados do V\u00f4lei feminino e futsal veterano masculino de Selbach<\/a><\/h2><\/div>\n<\/div>\n\n<\/li><li class=\"wp-block-post post-11356 post type-post status-publish format-standard has-post-thumbnail hentry category-geral\">\n\n<div class=\"wp-block-columns are-vertically-aligned-center is-layout-flex wp-container-core-columns-is-layout-2 wp-block-columns-is-layout-flex\">\n<div class=\"wp-block-column is-vertically-aligned-center is-layout-flow wp-block-column-is-layout-flow\" style=\"flex-basis:25%\">\n<p><\/p>\n\n\n<figure class=\"wp-block-post-featured-image\"><a href=\"https:\/\/radioprincesa2010.com.br\/fm\/alunos-do-quinto-ano-da-escola-anibal-magni-acompanhados-da-professora-mirela\/\" target=\"_self\"  ><img loading=\"lazy\" decoding=\"async\" width=\"500\" height=\"402\" src=\"https:\/\/radioprincesa2010.com.br\/fm\/wp-content\/uploads\/2026\/04\/500-8.jpg\" class=\"attachment-post-thumbnail size-post-thumbnail wp-post-image\" alt=\"Alunos do quinto ano da escola An\u00edbal Magni acompanhados da professora Mirela\" style=\"object-fit:cover;\" srcset=\"https:\/\/radioprincesa2010.com.br\/fm\/wp-content\/uploads\/2026\/04\/500-8.jpg 500w, https:\/\/radioprincesa2010.com.br\/fm\/wp-content\/uploads\/2026\/04\/500-8-300x241.jpg 300w, https:\/\/radioprincesa2010.com.br\/fm\/wp-content\/uploads\/2026\/04\/500-8-75x60.jpg 75w\" sizes=\"auto, (max-width: 500px) 100vw, 500px\" \/><\/a><\/figure><\/div>\n\n\n\n<div class=\"wp-block-column is-vertically-aligned-center is-layout-flow wp-block-column-is-layout-flow\" style=\"flex-basis:75%\"><h2 class=\"wp-block-post-title\"><a href=\"https:\/\/radioprincesa2010.com.br\/fm\/alunos-do-quinto-ano-da-escola-anibal-magni-acompanhados-da-professora-mirela\/\" target=\"_self\" >Alunos do quinto ano da escola An\u00edbal Magni acompanhados da professora Mirela<\/a><\/h2><\/div>\n<\/div>\n\n<\/li><li class=\"wp-block-post post-11351 post type-post status-publish format-standard has-post-thumbnail hentry category-geral\">\n\n<div class=\"wp-block-columns are-vertically-aligned-center is-layout-flex wp-container-core-columns-is-layout-3 wp-block-columns-is-layout-flex\">\n<div class=\"wp-block-column is-vertically-aligned-center is-layout-flow wp-block-column-is-layout-flow\" style=\"flex-basis:25%\">\n<p><\/p>\n\n\n<figure class=\"wp-block-post-featured-image\"><a href=\"https:\/\/radioprincesa2010.com.br\/fm\/setima-rodada-do-campeonato-cresol-de-futsal-2a-divisao\/\" target=\"_self\"  ><img loading=\"lazy\" decoding=\"async\" width=\"500\" height=\"375\" src=\"https:\/\/radioprincesa2010.com.br\/fm\/wp-content\/uploads\/2026\/04\/500-7.jpg\" class=\"attachment-post-thumbnail size-post-thumbnail wp-post-image\" alt=\"S\u00e9tima Rodada do Campeonato Cresol de Futsal &#8211; 2\u00aa Divis\u00e3o\" style=\"object-fit:cover;\" srcset=\"https:\/\/radioprincesa2010.com.br\/fm\/wp-content\/uploads\/2026\/04\/500-7.jpg 500w, https:\/\/radioprincesa2010.com.br\/fm\/wp-content\/uploads\/2026\/04\/500-7-300x225.jpg 300w, https:\/\/radioprincesa2010.com.br\/fm\/wp-content\/uploads\/2026\/04\/500-7-80x60.jpg 80w\" sizes=\"auto, (max-width: 500px) 100vw, 500px\" \/><\/a><\/figure><\/div>\n\n\n\n<div class=\"wp-block-column is-vertically-aligned-center is-layout-flow wp-block-column-is-layout-flow\" style=\"flex-basis:75%\"><h2 class=\"wp-block-post-title\"><a href=\"https:\/\/radioprincesa2010.com.br\/fm\/setima-rodada-do-campeonato-cresol-de-futsal-2a-divisao\/\" target=\"_self\" >S\u00e9tima Rodada do Campeonato Cresol de Futsal &#8211; 2\u00aa Divis\u00e3o<\/a><\/h2><\/div>\n<\/div>\n\n<\/li><\/ul><\/div>\n\n\n\n<p class=\"wp-embed-aspect-16-9 wp-has-aspect-ratio\"><\/p>\n\n\n\n<h2 class=\"wp-block-heading wp-embed-aspect-16-9 wp-has-aspect-ratio\">VEJA TAMB\u00c9M:<\/h2>\n\n\n\n<h2 class=\"wp-block-heading\">CHUVAS: 7 Rios com Cota de Inunda\u00e7\u00e3o Ultrapassada no RS, O que Vem Agora? &#8211; <a href=\"https:\/\/youtu.be\/A4A5WLGOtjk\">Veja aqui<\/a><\/h2>\n\n\n\n<h2 class=\"wp-block-heading\">CHUVAS &#8211; Situa\u00e7\u00e3o ca\u00f3tica no Rio Grande do Sul novamente &#8211; <a href=\"https:\/\/youtu.be\/4Nl3Kt0TIno\">Veja aqui<\/a><\/h2>\n\n\n\n<h2 class=\"wp-block-heading\">Novo v\u00eddeo de homem saindo do avi\u00e3o em chamas na \u00cdndia &#8211; <a href=\"https:\/\/www.youtube.com\/watch?v=tyTHBfGitF4\">Veja aqui<\/a><\/h2>\n\n\n\n<h2 class=\"wp-block-heading\">10 REITs com maiores DIVIDENDOS em junho\/julho 2025 &#8211; <a href=\"https:\/\/youtu.be\/9JF83Oyurrs\">Veja aqui<\/a><\/h2>\n\n\n\n<h2 class=\"wp-block-heading\">PASSO FUNDO RS &#8211; Conhe\u00e7a o Monumento a Caravela &#8211; <a href=\"https:\/\/youtu.be\/o07F9DF95LY\">Veja Aqui<\/a><\/h2>\n\n\n\n<h2 class=\"wp-block-heading\"><\/h2>\n\n\n\n<p><\/p>\n","protected":false},"excerpt":{"rendered":"<p>SIGA NOSSAS REDES SOCIAIS PELOS LINKS BAIXO! WhatsApp CLIQUE AQUI Facebook CLIQUE AQUI Instagram CLIQUE AQUI VEJA TAMB\u00c9M: CHUVAS: 7 Rios com Cota de Inunda\u00e7\u00e3o Ultrapassada no RS, O que Vem Agora? &#8211; Veja aqui CHUVAS &#8211; Situa\u00e7\u00e3o ca\u00f3tica no Rio Grande do Sul novamente &#8211; Veja aqui Novo v\u00eddeo de homem saindo do avi\u00e3o &hellip; <\/p>\n","protected":false},"author":1,"featured_media":10552,"comment_status":"open","ping_status":"open","sticky":false,"template":"","format":"standard","meta":{"footnotes":""},"categories":[1],"tags":[],"class_list":["post-10542","post","type-post","status-publish","format-standard","has-post-thumbnail","hentry","category-geral"],"yoast_head":"<!-- This site is optimized with the Yoast SEO plugin v16.1.1 - https:\/\/yoast.com\/wordpress\/plugins\/seo\/ -->\n<title>A Luxinho est\u00e1 preparada para o frio - R\u00e1dio Princesa FM 104.9 Mhz<\/title>\n<link rel=\"canonical\" href=\"https:\/\/radioprincesa2010.com.br\/fm\/a-luxinho-esta-preparada-para-o-frio\/\" \/>\n<meta property=\"og:locale\" content=\"pt_BR\" \/>\n<meta property=\"og:type\" content=\"article\" \/>\n<meta property=\"og:title\" content=\"A Luxinho est\u00e1 preparada para o frio - R\u00e1dio Princesa FM 104.9 Mhz\" \/>\n<meta property=\"og:description\" content=\"SIGA NOSSAS REDES SOCIAIS PELOS LINKS BAIXO! WhatsApp CLIQUE AQUI Facebook CLIQUE AQUI Instagram CLIQUE AQUI VEJA TAMB\u00c9M: CHUVAS: 7 Rios com Cota de Inunda\u00e7\u00e3o Ultrapassada no RS, O que Vem Agora? &#8211; Veja aqui CHUVAS &#8211; Situa\u00e7\u00e3o ca\u00f3tica no Rio Grande do Sul novamente &#8211; Veja aqui Novo v\u00eddeo de homem saindo do avi\u00e3o &hellip;\" \/>\n<meta property=\"og:url\" content=\"https:\/\/radioprincesa2010.com.br\/fm\/a-luxinho-esta-preparada-para-o-frio\/\" \/>\n<meta property=\"og:site_name\" content=\"R\u00e1dio Princesa FM 104.9 Mhz\" \/>\n<meta property=\"article:published_time\" content=\"2025-06-25T18:22:21+00:00\" \/>\n<meta property=\"article:modified_time\" content=\"2025-06-25T18:22:23+00:00\" \/>\n<meta property=\"og:image\" content=\"https:\/\/radioprincesa2010.com.br\/fm\/wp-content\/uploads\/2025\/06\/Imagem-do-WhatsApp-de-2025-06-24-as-09.22.20_404220ff.jpg\" \/>\n\t<meta property=\"og:image:width\" content=\"1600\" \/>\n\t<meta property=\"og:image:height\" content=\"1200\" \/>\n<meta name=\"twitter:card\" content=\"summary_large_image\" \/>\n<script type=\"application\/ld+json\" class=\"yoast-schema-graph\">{\"@context\":\"https:\/\/schema.org\",\"@graph\":[{\"@type\":\"WebSite\",\"@id\":\"https:\/\/radioprincesa2010.com.br\/fm\/#website\",\"url\":\"https:\/\/radioprincesa2010.com.br\/fm\/\",\"name\":\"R\\u00e1dio Princesa FM 104.9 Mhz\",\"description\":\"Com voc\\u00ea o tempo todo\",\"potentialAction\":[{\"@type\":\"SearchAction\",\"target\":\"https:\/\/radioprincesa2010.com.br\/fm\/?s={search_term_string}\",\"query-input\":\"required name=search_term_string\"}],\"inLanguage\":\"pt-BR\"},{\"@type\":\"ImageObject\",\"@id\":\"https:\/\/radioprincesa2010.com.br\/fm\/a-luxinho-esta-preparada-para-o-frio\/#primaryimage\",\"inLanguage\":\"pt-BR\",\"url\":\"https:\/\/radioprincesa2010.com.br\/fm\/wp-content\/uploads\/2025\/06\/Imagem-do-WhatsApp-de-2025-06-24-as-09.22.20_404220ff.jpg\",\"contentUrl\":\"https:\/\/radioprincesa2010.com.br\/fm\/wp-content\/uploads\/2025\/06\/Imagem-do-WhatsApp-de-2025-06-24-as-09.22.20_404220ff.jpg\",\"width\":1600,\"height\":1200},{\"@type\":\"WebPage\",\"@id\":\"https:\/\/radioprincesa2010.com.br\/fm\/a-luxinho-esta-preparada-para-o-frio\/#webpage\",\"url\":\"https:\/\/radioprincesa2010.com.br\/fm\/a-luxinho-esta-preparada-para-o-frio\/\",\"name\":\"A Luxinho est\\u00e1 preparada para o frio - R\\u00e1dio Princesa FM 104.9 Mhz\",\"isPartOf\":{\"@id\":\"https:\/\/radioprincesa2010.com.br\/fm\/#website\"},\"primaryImageOfPage\":{\"@id\":\"https:\/\/radioprincesa2010.com.br\/fm\/a-luxinho-esta-preparada-para-o-frio\/#primaryimage\"},\"datePublished\":\"2025-06-25T18:22:21+00:00\",\"dateModified\":\"2025-06-25T18:22:23+00:00\",\"author\":{\"@id\":\"https:\/\/radioprincesa2010.com.br\/fm\/#\/schema\/person\/7387850c16b3f47de42a1accfc7045c8\"},\"breadcrumb\":{\"@id\":\"https:\/\/radioprincesa2010.com.br\/fm\/a-luxinho-esta-preparada-para-o-frio\/#breadcrumb\"},\"inLanguage\":\"pt-BR\",\"potentialAction\":[{\"@type\":\"ReadAction\",\"target\":[\"https:\/\/radioprincesa2010.com.br\/fm\/a-luxinho-esta-preparada-para-o-frio\/\"]}]},{\"@type\":\"BreadcrumbList\",\"@id\":\"https:\/\/radioprincesa2010.com.br\/fm\/a-luxinho-esta-preparada-para-o-frio\/#breadcrumb\",\"itemListElement\":[{\"@type\":\"ListItem\",\"position\":1,\"item\":{\"@type\":\"WebPage\",\"@id\":\"https:\/\/radioprincesa2010.com.br\/fm\/\",\"url\":\"https:\/\/radioprincesa2010.com.br\/fm\/\",\"name\":\"In\\u00edcio\"}},{\"@type\":\"ListItem\",\"position\":2,\"item\":{\"@type\":\"WebPage\",\"@id\":\"https:\/\/radioprincesa2010.com.br\/fm\/a-luxinho-esta-preparada-para-o-frio\/\",\"url\":\"https:\/\/radioprincesa2010.com.br\/fm\/a-luxinho-esta-preparada-para-o-frio\/\",\"name\":\"A Luxinho est\\u00e1 preparada para o frio\"}}]},{\"@type\":\"Person\",\"@id\":\"https:\/\/radioprincesa2010.com.br\/fm\/#\/schema\/person\/7387850c16b3f47de42a1accfc7045c8\",\"name\":\"Princesa ADM\",\"image\":{\"@type\":\"ImageObject\",\"@id\":\"https:\/\/radioprincesa2010.com.br\/fm\/#personlogo\",\"inLanguage\":\"pt-BR\",\"url\":\"https:\/\/secure.gravatar.com\/avatar\/f30936cf78b511d12d0dda9d77461df5?s=96&d=mm&r=g\",\"contentUrl\":\"https:\/\/secure.gravatar.com\/avatar\/f30936cf78b511d12d0dda9d77461df5?s=96&d=mm&r=g\",\"caption\":\"Princesa ADM\"}}]}<\/script>\n<!-- \/ Yoast SEO plugin. -->","_links":{"self":[{"href":"https:\/\/radioprincesa2010.com.br\/fm\/wp-json\/wp\/v2\/posts\/10542","targetHints":{"allow":["GET"]}}],"collection":[{"href":"https:\/\/radioprincesa2010.com.br\/fm\/wp-json\/wp\/v2\/posts"}],"about":[{"href":"https:\/\/radioprincesa2010.com.br\/fm\/wp-json\/wp\/v2\/types\/post"}],"author":[{"embeddable":true,"href":"https:\/\/radioprincesa2010.com.br\/fm\/wp-json\/wp\/v2\/users\/1"}],"replies":[{"embeddable":true,"href":"https:\/\/radioprincesa2010.com.br\/fm\/wp-json\/wp\/v2\/comments?post=10542"}],"version-history":[{"count":1,"href":"https:\/\/radioprincesa2010.com.br\/fm\/wp-json\/wp\/v2\/posts\/10542\/revisions"}],"predecessor-version":[{"id":10556,"href":"https:\/\/radioprincesa2010.com.br\/fm\/wp-json\/wp\/v2\/posts\/10542\/revisions\/10556"}],"wp:featuredmedia":[{"embeddable":true,"href":"https:\/\/radioprincesa2010.com.br\/fm\/wp-json\/wp\/v2\/media\/10552"}],"wp:attachment":[{"href":"https:\/\/radioprincesa2010.com.br\/fm\/wp-json\/wp\/v2\/media?parent=10542"}],"wp:term":[{"taxonomy":"category","embeddable":true,"href":"https:\/\/radioprincesa2010.com.br\/fm\/wp-json\/wp\/v2\/categories?post=10542"},{"taxonomy":"post_tag","embeddable":true,"href":"https:\/\/radioprincesa2010.com.br\/fm\/wp-json\/wp\/v2\/tags?post=10542"}],"curies":[{"name":"wp","href":"https:\/\/api.w.org\/{rel}","templated":true}]}}