{"id":10296,"date":"2025-03-31T16:38:14","date_gmt":"2025-03-31T16:38:14","guid":{"rendered":"https:\/\/radioprincesa2010.com.br\/fm\/?p=10296"},"modified":"2025-03-31T16:38:16","modified_gmt":"2025-03-31T16:38:16","slug":"prefeito-faz-um-balanco-dos-100-dias-de-gestao-e-fala-sobre-obras-na-avenida-e-ruas-da-cidade","status":"publish","type":"post","link":"https:\/\/radioprincesa2010.com.br\/fm\/prefeito-faz-um-balanco-dos-100-dias-de-gestao-e-fala-sobre-obras-na-avenida-e-ruas-da-cidade\/","title":{"rendered":"Prefeito faz um balan\u00e7o dos 100 dias de gest\u00e3o e fala sobre obras na avenida e ruas da cidade"},"content":{"rendered":"<div id=\"fb-root\"><\/div>\n\n<figure class=\"wp-block-audio\"><audio controls src=\"https:\/\/radioprincesa2010.com.br\/fm\/wp-content\/uploads\/2025\/03\/prefeito_100-dias.mp3\"><\/audio><\/figure>\n\n\n\n<figure class=\"wp-block-gallery has-nested-images columns-default is-cropped wp-block-gallery-1 is-layout-flex wp-block-gallery-is-layout-flex\">\n<figure class=\"wp-block-image size-large\"><img loading=\"lazy\" decoding=\"async\" width=\"576\" height=\"1024\" data-id=\"10302\" src=\"https:\/\/radioprincesa2010.com.br\/fm\/wp-content\/uploads\/2025\/03\/WhatsApp-Image-2025-03-28-at-11.41.31-576x1024.jpeg\" alt=\"\" class=\"wp-image-10302\" srcset=\"https:\/\/radioprincesa2010.com.br\/fm\/wp-content\/uploads\/2025\/03\/WhatsApp-Image-2025-03-28-at-11.41.31-576x1024.jpeg 576w, https:\/\/radioprincesa2010.com.br\/fm\/wp-content\/uploads\/2025\/03\/WhatsApp-Image-2025-03-28-at-11.41.31-169x300.jpeg 169w, https:\/\/radioprincesa2010.com.br\/fm\/wp-content\/uploads\/2025\/03\/WhatsApp-Image-2025-03-28-at-11.41.31-768x1365.jpeg 768w, https:\/\/radioprincesa2010.com.br\/fm\/wp-content\/uploads\/2025\/03\/WhatsApp-Image-2025-03-28-at-11.41.31-864x1536.jpeg 864w, https:\/\/radioprincesa2010.com.br\/fm\/wp-content\/uploads\/2025\/03\/WhatsApp-Image-2025-03-28-at-11.41.31-34x60.jpeg 34w, https:\/\/radioprincesa2010.com.br\/fm\/wp-content\/uploads\/2025\/03\/WhatsApp-Image-2025-03-28-at-11.41.31.jpeg 900w\" sizes=\"auto, (max-width: 576px) 100vw, 576px\" \/><\/figure>\n\n\n\n<figure class=\"wp-block-image size-large\"><img loading=\"lazy\" decoding=\"async\" width=\"576\" height=\"1024\" data-id=\"10301\" src=\"https:\/\/radioprincesa2010.com.br\/fm\/wp-content\/uploads\/2025\/03\/WhatsApp-Image-2025-03-28-at-11.41.30-576x1024.jpeg\" alt=\"\" class=\"wp-image-10301\" srcset=\"https:\/\/radioprincesa2010.com.br\/fm\/wp-content\/uploads\/2025\/03\/WhatsApp-Image-2025-03-28-at-11.41.30-576x1024.jpeg 576w, https:\/\/radioprincesa2010.com.br\/fm\/wp-content\/uploads\/2025\/03\/WhatsApp-Image-2025-03-28-at-11.41.30-169x300.jpeg 169w, https:\/\/radioprincesa2010.com.br\/fm\/wp-content\/uploads\/2025\/03\/WhatsApp-Image-2025-03-28-at-11.41.30-768x1365.jpeg 768w, https:\/\/radioprincesa2010.com.br\/fm\/wp-content\/uploads\/2025\/03\/WhatsApp-Image-2025-03-28-at-11.41.30-864x1536.jpeg 864w, https:\/\/radioprincesa2010.com.br\/fm\/wp-content\/uploads\/2025\/03\/WhatsApp-Image-2025-03-28-at-11.41.30-34x60.jpeg 34w, https:\/\/radioprincesa2010.com.br\/fm\/wp-content\/uploads\/2025\/03\/WhatsApp-Image-2025-03-28-at-11.41.30.jpeg 900w\" sizes=\"auto, (max-width: 576px) 100vw, 576px\" \/><\/figure>\n\n\n\n<figure class=\"wp-block-image size-large\"><img loading=\"lazy\" decoding=\"async\" width=\"885\" height=\"1024\" data-id=\"10300\" src=\"https:\/\/radioprincesa2010.com.br\/fm\/wp-content\/uploads\/2025\/03\/WhatsApp-Image-2025-03-28-at-11.41.30-3-885x1024.jpeg\" alt=\"\" class=\"wp-image-10300\" srcset=\"https:\/\/radioprincesa2010.com.br\/fm\/wp-content\/uploads\/2025\/03\/WhatsApp-Image-2025-03-28-at-11.41.30-3-885x1024.jpeg 885w, https:\/\/radioprincesa2010.com.br\/fm\/wp-content\/uploads\/2025\/03\/WhatsApp-Image-2025-03-28-at-11.41.30-3-259x300.jpeg 259w, https:\/\/radioprincesa2010.com.br\/fm\/wp-content\/uploads\/2025\/03\/WhatsApp-Image-2025-03-28-at-11.41.30-3-768x889.jpeg 768w, https:\/\/radioprincesa2010.com.br\/fm\/wp-content\/uploads\/2025\/03\/WhatsApp-Image-2025-03-28-at-11.41.30-3-1328x1536.jpeg 1328w, https:\/\/radioprincesa2010.com.br\/fm\/wp-content\/uploads\/2025\/03\/WhatsApp-Image-2025-03-28-at-11.41.30-3-52x60.jpeg 52w, https:\/\/radioprincesa2010.com.br\/fm\/wp-content\/uploads\/2025\/03\/WhatsApp-Image-2025-03-28-at-11.41.30-3.jpeg 1383w\" sizes=\"auto, (max-width: 885px) 100vw, 885px\" \/><\/figure>\n\n\n\n<figure class=\"wp-block-image size-large\"><img loading=\"lazy\" decoding=\"async\" width=\"576\" height=\"1024\" data-id=\"10299\" src=\"https:\/\/radioprincesa2010.com.br\/fm\/wp-content\/uploads\/2025\/03\/WhatsApp-Image-2025-03-28-at-11.41.30-2-576x1024.jpeg\" alt=\"\" class=\"wp-image-10299\" srcset=\"https:\/\/radioprincesa2010.com.br\/fm\/wp-content\/uploads\/2025\/03\/WhatsApp-Image-2025-03-28-at-11.41.30-2-576x1024.jpeg 576w, https:\/\/radioprincesa2010.com.br\/fm\/wp-content\/uploads\/2025\/03\/WhatsApp-Image-2025-03-28-at-11.41.30-2-169x300.jpeg 169w, https:\/\/radioprincesa2010.com.br\/fm\/wp-content\/uploads\/2025\/03\/WhatsApp-Image-2025-03-28-at-11.41.30-2-768x1365.jpeg 768w, https:\/\/radioprincesa2010.com.br\/fm\/wp-content\/uploads\/2025\/03\/WhatsApp-Image-2025-03-28-at-11.41.30-2-864x1536.jpeg 864w, https:\/\/radioprincesa2010.com.br\/fm\/wp-content\/uploads\/2025\/03\/WhatsApp-Image-2025-03-28-at-11.41.30-2-34x60.jpeg 34w, https:\/\/radioprincesa2010.com.br\/fm\/wp-content\/uploads\/2025\/03\/WhatsApp-Image-2025-03-28-at-11.41.30-2.jpeg 900w\" sizes=\"auto, (max-width: 576px) 100vw, 576px\" \/><\/figure>\n\n\n\n<figure class=\"wp-block-image size-large\"><img loading=\"lazy\" decoding=\"async\" width=\"576\" height=\"1024\" data-id=\"10298\" src=\"https:\/\/radioprincesa2010.com.br\/fm\/wp-content\/uploads\/2025\/03\/WhatsApp-Image-2025-03-28-at-11.41.30-1-576x1024.jpeg\" alt=\"\" class=\"wp-image-10298\" srcset=\"https:\/\/radioprincesa2010.com.br\/fm\/wp-content\/uploads\/2025\/03\/WhatsApp-Image-2025-03-28-at-11.41.30-1-576x1024.jpeg 576w, https:\/\/radioprincesa2010.com.br\/fm\/wp-content\/uploads\/2025\/03\/WhatsApp-Image-2025-03-28-at-11.41.30-1-169x300.jpeg 169w, https:\/\/radioprincesa2010.com.br\/fm\/wp-content\/uploads\/2025\/03\/WhatsApp-Image-2025-03-28-at-11.41.30-1-768x1365.jpeg 768w, https:\/\/radioprincesa2010.com.br\/fm\/wp-content\/uploads\/2025\/03\/WhatsApp-Image-2025-03-28-at-11.41.30-1-864x1536.jpeg 864w, https:\/\/radioprincesa2010.com.br\/fm\/wp-content\/uploads\/2025\/03\/WhatsApp-Image-2025-03-28-at-11.41.30-1-34x60.jpeg 34w, https:\/\/radioprincesa2010.com.br\/fm\/wp-content\/uploads\/2025\/03\/WhatsApp-Image-2025-03-28-at-11.41.30-1.jpeg 900w\" sizes=\"auto, (max-width: 576px) 100vw, 576px\" \/><\/figure>\n\n\n\n<figure class=\"wp-block-image size-large\"><img loading=\"lazy\" decoding=\"async\" width=\"576\" height=\"1024\" data-id=\"10297\" src=\"https:\/\/radioprincesa2010.com.br\/fm\/wp-content\/uploads\/2025\/03\/WhatsApp-Image-2025-03-28-at-11.41.29-576x1024.jpeg\" alt=\"\" class=\"wp-image-10297\" srcset=\"https:\/\/radioprincesa2010.com.br\/fm\/wp-content\/uploads\/2025\/03\/WhatsApp-Image-2025-03-28-at-11.41.29-576x1024.jpeg 576w, https:\/\/radioprincesa2010.com.br\/fm\/wp-content\/uploads\/2025\/03\/WhatsApp-Image-2025-03-28-at-11.41.29-169x300.jpeg 169w, https:\/\/radioprincesa2010.com.br\/fm\/wp-content\/uploads\/2025\/03\/WhatsApp-Image-2025-03-28-at-11.41.29-768x1365.jpeg 768w, https:\/\/radioprincesa2010.com.br\/fm\/wp-content\/uploads\/2025\/03\/WhatsApp-Image-2025-03-28-at-11.41.29-864x1536.jpeg 864w, https:\/\/radioprincesa2010.com.br\/fm\/wp-content\/uploads\/2025\/03\/WhatsApp-Image-2025-03-28-at-11.41.29-34x60.jpeg 34w, https:\/\/radioprincesa2010.com.br\/fm\/wp-content\/uploads\/2025\/03\/WhatsApp-Image-2025-03-28-at-11.41.29.jpeg 900w\" sizes=\"auto, (max-width: 576px) 100vw, 576px\" \/><\/figure>\n<\/figure>\n\n\n\n<p><\/p>\n\n\n\n<h2 class=\"wp-block-heading wp-embed-aspect-16-9 wp-has-aspect-ratio\">PATROCINADO:<\/h2>\n\n\n\n<h2 class=\"wp-block-heading\">Zool\u00f3gico de Gramado na Serra Ga\u00facha<\/h2>\n\n\n\n<figure class=\"wp-block-embed is-type-video is-provider-youtube wp-block-embed-youtube wp-embed-aspect-16-9 wp-has-aspect-ratio\"><div class=\"wp-block-embed__wrapper\">\n<iframe loading=\"lazy\" title=\"Zool\u00f3gico de Gramado na Serra Ga\u00facha\" width=\"925\" height=\"520\" src=\"https:\/\/www.youtube.com\/embed\/W_Q9O1Ht7d0?feature=oembed\" frameborder=\"0\" allow=\"accelerometer; autoplay; clipboard-write; encrypted-media; gyroscope; picture-in-picture; web-share\" referrerpolicy=\"strict-origin-when-cross-origin\" allowfullscreen><\/iframe>\n<\/div><figcaption class=\"wp-element-caption\"><a href=\"https:\/\/youtu.be\/W_Q9O1Ht7d0\">ou veja aqui<\/a><\/figcaption><\/figure>\n\n\n\n<h2 class=\"wp-block-heading\">#34 Pontos Tur\u00edsticos para conhecer em Passo Fundo<\/h2>\n\n\n\n<figure class=\"wp-block-embed is-type-video is-provider-youtube wp-block-embed-youtube wp-embed-aspect-16-9 wp-has-aspect-ratio\"><div class=\"wp-block-embed__wrapper\">\n<iframe loading=\"lazy\" title=\"#34 Pontos Tur\u00edsticos para conhecer em Passo Fundo\/RS\" width=\"925\" height=\"520\" src=\"https:\/\/www.youtube.com\/embed\/Yv2gS7mhocE?feature=oembed\" frameborder=\"0\" allow=\"accelerometer; autoplay; clipboard-write; encrypted-media; gyroscope; picture-in-picture; web-share\" referrerpolicy=\"strict-origin-when-cross-origin\" allowfullscreen><\/iframe>\n<\/div><figcaption class=\"wp-element-caption\"><a href=\"https:\/\/youtu.be\/Yv2gS7mhocE\">ou veja aqui<\/a><\/figcaption><\/figure>\n\n\n\n<h2 class=\"wp-block-heading\"><\/h2>\n\n\n\n<p><\/p>\n","protected":false},"excerpt":{"rendered":"<p>PATROCINADO: Zool\u00f3gico de Gramado na Serra Ga\u00facha #34 Pontos Tur\u00edsticos para conhecer em Passo Fundo<\/p>\n","protected":false},"author":1,"featured_media":10303,"comment_status":"open","ping_status":"open","sticky":false,"template":"","format":"standard","meta":{"footnotes":""},"categories":[1],"tags":[],"class_list":["post-10296","post","type-post","status-publish","format-standard","has-post-thumbnail","hentry","category-geral"],"yoast_head":"<!-- This site is optimized with the Yoast SEO plugin v16.1.1 - https:\/\/yoast.com\/wordpress\/plugins\/seo\/ -->\n<title>Prefeito faz um balan\u00e7o dos 100 dias de gest\u00e3o e fala sobre obras na avenida e ruas da cidade - R\u00e1dio Princesa FM 104.9 Mhz<\/title>\n<link rel=\"canonical\" href=\"https:\/\/radioprincesa2010.com.br\/fm\/prefeito-faz-um-balanco-dos-100-dias-de-gestao-e-fala-sobre-obras-na-avenida-e-ruas-da-cidade\/\" \/>\n<meta property=\"og:locale\" content=\"pt_BR\" \/>\n<meta property=\"og:type\" content=\"article\" \/>\n<meta property=\"og:title\" content=\"Prefeito faz um balan\u00e7o dos 100 dias de gest\u00e3o e fala sobre obras na avenida e ruas da cidade - R\u00e1dio Princesa FM 104.9 Mhz\" \/>\n<meta property=\"og:description\" content=\"PATROCINADO: Zool\u00f3gico de Gramado na Serra Ga\u00facha #34 Pontos Tur\u00edsticos para conhecer em Passo Fundo\" \/>\n<meta property=\"og:url\" content=\"https:\/\/radioprincesa2010.com.br\/fm\/prefeito-faz-um-balanco-dos-100-dias-de-gestao-e-fala-sobre-obras-na-avenida-e-ruas-da-cidade\/\" \/>\n<meta property=\"og:site_name\" content=\"R\u00e1dio Princesa FM 104.9 Mhz\" \/>\n<meta property=\"article:published_time\" content=\"2025-03-31T16:38:14+00:00\" \/>\n<meta property=\"article:modified_time\" content=\"2025-03-31T16:38:16+00:00\" \/>\n<meta property=\"og:image\" content=\"https:\/\/radioprincesa2010.com.br\/fm\/wp-content\/uploads\/2025\/03\/x1-1.jpg\" \/>\n\t<meta property=\"og:image:width\" content=\"500\" \/>\n\t<meta property=\"og:image:height\" content=\"397\" \/>\n<meta name=\"twitter:card\" content=\"summary_large_image\" \/>\n<script type=\"application\/ld+json\" class=\"yoast-schema-graph\">{\"@context\":\"https:\/\/schema.org\",\"@graph\":[{\"@type\":\"WebSite\",\"@id\":\"https:\/\/radioprincesa2010.com.br\/fm\/#website\",\"url\":\"https:\/\/radioprincesa2010.com.br\/fm\/\",\"name\":\"R\\u00e1dio Princesa FM 104.9 Mhz\",\"description\":\"Com voc\\u00ea o tempo todo\",\"potentialAction\":[{\"@type\":\"SearchAction\",\"target\":\"https:\/\/radioprincesa2010.com.br\/fm\/?s={search_term_string}\",\"query-input\":\"required name=search_term_string\"}],\"inLanguage\":\"pt-BR\"},{\"@type\":\"ImageObject\",\"@id\":\"https:\/\/radioprincesa2010.com.br\/fm\/prefeito-faz-um-balanco-dos-100-dias-de-gestao-e-fala-sobre-obras-na-avenida-e-ruas-da-cidade\/#primaryimage\",\"inLanguage\":\"pt-BR\",\"url\":\"https:\/\/radioprincesa2010.com.br\/fm\/wp-content\/uploads\/2025\/03\/x1-1.jpg\",\"contentUrl\":\"https:\/\/radioprincesa2010.com.br\/fm\/wp-content\/uploads\/2025\/03\/x1-1.jpg\",\"width\":500,\"height\":397},{\"@type\":\"WebPage\",\"@id\":\"https:\/\/radioprincesa2010.com.br\/fm\/prefeito-faz-um-balanco-dos-100-dias-de-gestao-e-fala-sobre-obras-na-avenida-e-ruas-da-cidade\/#webpage\",\"url\":\"https:\/\/radioprincesa2010.com.br\/fm\/prefeito-faz-um-balanco-dos-100-dias-de-gestao-e-fala-sobre-obras-na-avenida-e-ruas-da-cidade\/\",\"name\":\"Prefeito faz um balan\\u00e7o dos 100 dias de gest\\u00e3o e fala sobre obras na avenida e ruas da cidade - R\\u00e1dio Princesa FM 104.9 Mhz\",\"isPartOf\":{\"@id\":\"https:\/\/radioprincesa2010.com.br\/fm\/#website\"},\"primaryImageOfPage\":{\"@id\":\"https:\/\/radioprincesa2010.com.br\/fm\/prefeito-faz-um-balanco-dos-100-dias-de-gestao-e-fala-sobre-obras-na-avenida-e-ruas-da-cidade\/#primaryimage\"},\"datePublished\":\"2025-03-31T16:38:14+00:00\",\"dateModified\":\"2025-03-31T16:38:16+00:00\",\"author\":{\"@id\":\"https:\/\/radioprincesa2010.com.br\/fm\/#\/schema\/person\/7387850c16b3f47de42a1accfc7045c8\"},\"breadcrumb\":{\"@id\":\"https:\/\/radioprincesa2010.com.br\/fm\/prefeito-faz-um-balanco-dos-100-dias-de-gestao-e-fala-sobre-obras-na-avenida-e-ruas-da-cidade\/#breadcrumb\"},\"inLanguage\":\"pt-BR\",\"potentialAction\":[{\"@type\":\"ReadAction\",\"target\":[\"https:\/\/radioprincesa2010.com.br\/fm\/prefeito-faz-um-balanco-dos-100-dias-de-gestao-e-fala-sobre-obras-na-avenida-e-ruas-da-cidade\/\"]}]},{\"@type\":\"BreadcrumbList\",\"@id\":\"https:\/\/radioprincesa2010.com.br\/fm\/prefeito-faz-um-balanco-dos-100-dias-de-gestao-e-fala-sobre-obras-na-avenida-e-ruas-da-cidade\/#breadcrumb\",\"itemListElement\":[{\"@type\":\"ListItem\",\"position\":1,\"item\":{\"@type\":\"WebPage\",\"@id\":\"https:\/\/radioprincesa2010.com.br\/fm\/\",\"url\":\"https:\/\/radioprincesa2010.com.br\/fm\/\",\"name\":\"In\\u00edcio\"}},{\"@type\":\"ListItem\",\"position\":2,\"item\":{\"@type\":\"WebPage\",\"@id\":\"https:\/\/radioprincesa2010.com.br\/fm\/prefeito-faz-um-balanco-dos-100-dias-de-gestao-e-fala-sobre-obras-na-avenida-e-ruas-da-cidade\/\",\"url\":\"https:\/\/radioprincesa2010.com.br\/fm\/prefeito-faz-um-balanco-dos-100-dias-de-gestao-e-fala-sobre-obras-na-avenida-e-ruas-da-cidade\/\",\"name\":\"Prefeito faz um balan\\u00e7o dos 100 dias de gest\\u00e3o e fala sobre obras na avenida e ruas da cidade\"}}]},{\"@type\":\"Person\",\"@id\":\"https:\/\/radioprincesa2010.com.br\/fm\/#\/schema\/person\/7387850c16b3f47de42a1accfc7045c8\",\"name\":\"Princesa ADM\",\"image\":{\"@type\":\"ImageObject\",\"@id\":\"https:\/\/radioprincesa2010.com.br\/fm\/#personlogo\",\"inLanguage\":\"pt-BR\",\"url\":\"https:\/\/secure.gravatar.com\/avatar\/f30936cf78b511d12d0dda9d77461df5?s=96&d=mm&r=g\",\"contentUrl\":\"https:\/\/secure.gravatar.com\/avatar\/f30936cf78b511d12d0dda9d77461df5?s=96&d=mm&r=g\",\"caption\":\"Princesa ADM\"}}]}<\/script>\n<!-- \/ Yoast SEO plugin. -->","_links":{"self":[{"href":"https:\/\/radioprincesa2010.com.br\/fm\/wp-json\/wp\/v2\/posts\/10296","targetHints":{"allow":["GET"]}}],"collection":[{"href":"https:\/\/radioprincesa2010.com.br\/fm\/wp-json\/wp\/v2\/posts"}],"about":[{"href":"https:\/\/radioprincesa2010.com.br\/fm\/wp-json\/wp\/v2\/types\/post"}],"author":[{"embeddable":true,"href":"https:\/\/radioprincesa2010.com.br\/fm\/wp-json\/wp\/v2\/users\/1"}],"replies":[{"embeddable":true,"href":"https:\/\/radioprincesa2010.com.br\/fm\/wp-json\/wp\/v2\/comments?post=10296"}],"version-history":[{"count":1,"href":"https:\/\/radioprincesa2010.com.br\/fm\/wp-json\/wp\/v2\/posts\/10296\/revisions"}],"predecessor-version":[{"id":10305,"href":"https:\/\/radioprincesa2010.com.br\/fm\/wp-json\/wp\/v2\/posts\/10296\/revisions\/10305"}],"wp:featuredmedia":[{"embeddable":true,"href":"https:\/\/radioprincesa2010.com.br\/fm\/wp-json\/wp\/v2\/media\/10303"}],"wp:attachment":[{"href":"https:\/\/radioprincesa2010.com.br\/fm\/wp-json\/wp\/v2\/media?parent=10296"}],"wp:term":[{"taxonomy":"category","embeddable":true,"href":"https:\/\/radioprincesa2010.com.br\/fm\/wp-json\/wp\/v2\/categories?post=10296"},{"taxonomy":"post_tag","embeddable":true,"href":"https:\/\/radioprincesa2010.com.br\/fm\/wp-json\/wp\/v2\/tags?post=10296"}],"curies":[{"name":"wp","href":"https:\/\/api.w.org\/{rel}","templated":true}]}}