{"id":1004,"date":"2018-08-29T14:30:27","date_gmt":"2018-08-29T14:30:27","guid":{"rendered":"https:\/\/radioprincesa2010.com.br\/fm\/?p=1004"},"modified":"2018-08-30T12:22:00","modified_gmt":"2018-08-30T12:22:00","slug":"alunos-do-8o-ano-da-emef-anibal-magni-participam-do-projeto-radio-escola","status":"publish","type":"post","link":"https:\/\/radioprincesa2010.com.br\/fm\/alunos-do-8o-ano-da-emef-anibal-magni-participam-do-projeto-radio-escola\/","title":{"rendered":"Alunos do 8\u00ba ano da EMEF An\u00edbal Magni participam do projeto R\u00e1dio Escola"},"content":{"rendered":"<div id=\"fb-root\"><\/div>\n<p>Nesta manh\u00e3 os alunos do 8\u00ba ano da EMEF An\u00edbal Magni estiveram participando do Projeto R\u00e1dio Escola. Iniciaram sua participa\u00e7\u00e3o falando sobre todas as datas comemorativas do m\u00eas de agosto, dia do estudante comemorado no dia 11 e tamb\u00e9m o dia dos pais. Os alunos participantes apresentaram uma can\u00e7\u00f5es e tamb\u00e9m um poema.<\/p>\n<p>Ainda na oportunidade falaram da participa\u00e7\u00e3o da escola nos JERGS, parabenizando os alunos que se destacaram em algumas modalidades.<\/p>\n<p>Aproveitaram o espa\u00e7o para convidar toda a comunidade selbachense para a Jornada Cultural e C\u00edvica, que come\u00e7a amanh\u00e3 (30).<\/p>\n<div id='gallery-1' class='gallery galleryid-1004 gallery-columns-4 gallery-size-thumbnail'><figure class='gallery-item'>\n\t\t\t<div class='gallery-icon landscape'>\n\t\t\t\t<a href='https:\/\/radioprincesa2010.com.br\/fm\/alunos-do-8o-ano-da-emef-anibal-magni-participam-do-projeto-radio-escola\/01-4\/'><img loading=\"lazy\" decoding=\"async\" width=\"150\" height=\"150\" src=\"https:\/\/radioprincesa2010.com.br\/fm\/wp-content\/uploads\/2018\/08\/01-1-150x150.jpg\" class=\"attachment-thumbnail size-thumbnail\" alt=\"\" srcset=\"https:\/\/radioprincesa2010.com.br\/fm\/wp-content\/uploads\/2018\/08\/01-1-150x150.jpg 150w, https:\/\/radioprincesa2010.com.br\/fm\/wp-content\/uploads\/2018\/08\/01-1-100x100.jpg 100w\" sizes=\"auto, (max-width: 150px) 100vw, 150px\" \/><\/a>\n\t\t\t<\/div><\/figure><figure class='gallery-item'>\n\t\t\t<div class='gallery-icon portrait'>\n\t\t\t\t<a href='https:\/\/radioprincesa2010.com.br\/fm\/alunos-do-8o-ano-da-emef-anibal-magni-participam-do-projeto-radio-escola\/02-4\/'><img loading=\"lazy\" decoding=\"async\" width=\"150\" height=\"150\" src=\"https:\/\/radioprincesa2010.com.br\/fm\/wp-content\/uploads\/2018\/08\/02-1-150x150.jpg\" class=\"attachment-thumbnail size-thumbnail\" alt=\"\" srcset=\"https:\/\/radioprincesa2010.com.br\/fm\/wp-content\/uploads\/2018\/08\/02-1-150x150.jpg 150w, https:\/\/radioprincesa2010.com.br\/fm\/wp-content\/uploads\/2018\/08\/02-1-100x100.jpg 100w\" sizes=\"auto, (max-width: 150px) 100vw, 150px\" \/><\/a>\n\t\t\t<\/div><\/figure><figure class='gallery-item'>\n\t\t\t<div class='gallery-icon portrait'>\n\t\t\t\t<a href='https:\/\/radioprincesa2010.com.br\/fm\/alunos-do-8o-ano-da-emef-anibal-magni-participam-do-projeto-radio-escola\/03-4\/'><img loading=\"lazy\" decoding=\"async\" width=\"150\" height=\"150\" src=\"https:\/\/radioprincesa2010.com.br\/fm\/wp-content\/uploads\/2018\/08\/03-1-150x150.jpg\" class=\"attachment-thumbnail size-thumbnail\" alt=\"\" srcset=\"https:\/\/radioprincesa2010.com.br\/fm\/wp-content\/uploads\/2018\/08\/03-1-150x150.jpg 150w, https:\/\/radioprincesa2010.com.br\/fm\/wp-content\/uploads\/2018\/08\/03-1-100x100.jpg 100w\" sizes=\"auto, (max-width: 150px) 100vw, 150px\" \/><\/a>\n\t\t\t<\/div><\/figure><figure class='gallery-item'>\n\t\t\t<div class='gallery-icon portrait'>\n\t\t\t\t<a href='https:\/\/radioprincesa2010.com.br\/fm\/alunos-do-8o-ano-da-emef-anibal-magni-participam-do-projeto-radio-escola\/04-4\/'><img loading=\"lazy\" decoding=\"async\" width=\"150\" height=\"150\" src=\"https:\/\/radioprincesa2010.com.br\/fm\/wp-content\/uploads\/2018\/08\/04-1-150x150.jpg\" class=\"attachment-thumbnail size-thumbnail\" alt=\"\" srcset=\"https:\/\/radioprincesa2010.com.br\/fm\/wp-content\/uploads\/2018\/08\/04-1-150x150.jpg 150w, https:\/\/radioprincesa2010.com.br\/fm\/wp-content\/uploads\/2018\/08\/04-1-100x100.jpg 100w\" sizes=\"auto, (max-width: 150px) 100vw, 150px\" \/><\/a>\n\t\t\t<\/div><\/figure>\n\t\t<\/div>\n\n","protected":false},"excerpt":{"rendered":"<p>Nesta manh\u00e3 os alunos do 8\u00ba ano da EMEF An\u00edbal Magni estiveram participando do Projeto R\u00e1dio Escola. Iniciaram sua participa\u00e7\u00e3o falando sobre todas as datas comemorativas do m\u00eas de agosto, dia do estudante comemorado no dia 11 e tamb\u00e9m o dia dos pais. Os alunos participantes apresentaram uma can\u00e7\u00f5es e tamb\u00e9m um poema. Ainda na &hellip; <\/p>\n","protected":false},"author":2,"featured_media":1005,"comment_status":"open","ping_status":"open","sticky":false,"template":"","format":"standard","meta":{"footnotes":""},"categories":[1],"tags":[],"class_list":["post-1004","post","type-post","status-publish","format-standard","has-post-thumbnail","hentry","category-geral"],"yoast_head":"<!-- This site is optimized with the Yoast SEO plugin v16.1.1 - https:\/\/yoast.com\/wordpress\/plugins\/seo\/ -->\n<title>Alunos do 8\u00ba ano da EMEF An\u00edbal Magni participam do projeto R\u00e1dio Escola - R\u00e1dio Princesa FM 104.9 Mhz<\/title>\n<link rel=\"canonical\" href=\"https:\/\/radioprincesa2010.com.br\/fm\/alunos-do-8o-ano-da-emef-anibal-magni-participam-do-projeto-radio-escola\/\" \/>\n<meta property=\"og:locale\" content=\"pt_BR\" \/>\n<meta property=\"og:type\" content=\"article\" \/>\n<meta property=\"og:title\" content=\"Alunos do 8\u00ba ano da EMEF An\u00edbal Magni participam do projeto R\u00e1dio Escola - R\u00e1dio Princesa FM 104.9 Mhz\" \/>\n<meta property=\"og:description\" content=\"Nesta manh\u00e3 os alunos do 8\u00ba ano da EMEF An\u00edbal Magni estiveram participando do Projeto R\u00e1dio Escola. Iniciaram sua participa\u00e7\u00e3o falando sobre todas as datas comemorativas do m\u00eas de agosto, dia do estudante comemorado no dia 11 e tamb\u00e9m o dia dos pais. Os alunos participantes apresentaram uma can\u00e7\u00f5es e tamb\u00e9m um poema. Ainda na &hellip;\" \/>\n<meta property=\"og:url\" content=\"https:\/\/radioprincesa2010.com.br\/fm\/alunos-do-8o-ano-da-emef-anibal-magni-participam-do-projeto-radio-escola\/\" \/>\n<meta property=\"og:site_name\" content=\"R\u00e1dio Princesa FM 104.9 Mhz\" \/>\n<meta property=\"article:published_time\" content=\"2018-08-29T14:30:27+00:00\" \/>\n<meta property=\"article:modified_time\" content=\"2018-08-30T12:22:00+00:00\" \/>\n<meta property=\"og:image\" content=\"https:\/\/radioprincesa2010.com.br\/fm\/wp-content\/uploads\/2018\/08\/01-1.jpg\" \/>\n\t<meta property=\"og:image:width\" content=\"1280\" \/>\n\t<meta property=\"og:image:height\" content=\"720\" \/>\n<meta name=\"twitter:card\" content=\"summary_large_image\" \/>\n<meta name=\"twitter:label1\" content=\"Est. tempo de leitura\">\n\t<meta name=\"twitter:data1\" content=\"1 minuto\">\n<script type=\"application\/ld+json\" class=\"yoast-schema-graph\">{\"@context\":\"https:\/\/schema.org\",\"@graph\":[{\"@type\":\"WebSite\",\"@id\":\"https:\/\/radioprincesa2010.com.br\/fm\/#website\",\"url\":\"https:\/\/radioprincesa2010.com.br\/fm\/\",\"name\":\"R\\u00e1dio Princesa FM 104.9 Mhz\",\"description\":\"Com voc\\u00ea o tempo todo\",\"potentialAction\":[{\"@type\":\"SearchAction\",\"target\":\"https:\/\/radioprincesa2010.com.br\/fm\/?s={search_term_string}\",\"query-input\":\"required name=search_term_string\"}],\"inLanguage\":\"pt-BR\"},{\"@type\":\"ImageObject\",\"@id\":\"https:\/\/radioprincesa2010.com.br\/fm\/alunos-do-8o-ano-da-emef-anibal-magni-participam-do-projeto-radio-escola\/#primaryimage\",\"inLanguage\":\"pt-BR\",\"url\":\"https:\/\/radioprincesa2010.com.br\/fm\/wp-content\/uploads\/2018\/08\/01-1.jpg\",\"contentUrl\":\"https:\/\/radioprincesa2010.com.br\/fm\/wp-content\/uploads\/2018\/08\/01-1.jpg\",\"width\":1280,\"height\":720},{\"@type\":\"WebPage\",\"@id\":\"https:\/\/radioprincesa2010.com.br\/fm\/alunos-do-8o-ano-da-emef-anibal-magni-participam-do-projeto-radio-escola\/#webpage\",\"url\":\"https:\/\/radioprincesa2010.com.br\/fm\/alunos-do-8o-ano-da-emef-anibal-magni-participam-do-projeto-radio-escola\/\",\"name\":\"Alunos do 8\\u00ba ano da EMEF An\\u00edbal Magni participam do projeto R\\u00e1dio Escola - R\\u00e1dio Princesa FM 104.9 Mhz\",\"isPartOf\":{\"@id\":\"https:\/\/radioprincesa2010.com.br\/fm\/#website\"},\"primaryImageOfPage\":{\"@id\":\"https:\/\/radioprincesa2010.com.br\/fm\/alunos-do-8o-ano-da-emef-anibal-magni-participam-do-projeto-radio-escola\/#primaryimage\"},\"datePublished\":\"2018-08-29T14:30:27+00:00\",\"dateModified\":\"2018-08-30T12:22:00+00:00\",\"author\":{\"@id\":\"https:\/\/radioprincesa2010.com.br\/fm\/#\/schema\/person\/2671cea07bd207fdbf7f094a7ab77c1c\"},\"breadcrumb\":{\"@id\":\"https:\/\/radioprincesa2010.com.br\/fm\/alunos-do-8o-ano-da-emef-anibal-magni-participam-do-projeto-radio-escola\/#breadcrumb\"},\"inLanguage\":\"pt-BR\",\"potentialAction\":[{\"@type\":\"ReadAction\",\"target\":[\"https:\/\/radioprincesa2010.com.br\/fm\/alunos-do-8o-ano-da-emef-anibal-magni-participam-do-projeto-radio-escola\/\"]}]},{\"@type\":\"BreadcrumbList\",\"@id\":\"https:\/\/radioprincesa2010.com.br\/fm\/alunos-do-8o-ano-da-emef-anibal-magni-participam-do-projeto-radio-escola\/#breadcrumb\",\"itemListElement\":[{\"@type\":\"ListItem\",\"position\":1,\"item\":{\"@type\":\"WebPage\",\"@id\":\"https:\/\/radioprincesa2010.com.br\/fm\/\",\"url\":\"https:\/\/radioprincesa2010.com.br\/fm\/\",\"name\":\"In\\u00edcio\"}},{\"@type\":\"ListItem\",\"position\":2,\"item\":{\"@type\":\"WebPage\",\"@id\":\"https:\/\/radioprincesa2010.com.br\/fm\/alunos-do-8o-ano-da-emef-anibal-magni-participam-do-projeto-radio-escola\/\",\"url\":\"https:\/\/radioprincesa2010.com.br\/fm\/alunos-do-8o-ano-da-emef-anibal-magni-participam-do-projeto-radio-escola\/\",\"name\":\"Alunos do 8\\u00ba ano da EMEF An\\u00edbal Magni participam do projeto R\\u00e1dio Escola\"}}]},{\"@type\":\"Person\",\"@id\":\"https:\/\/radioprincesa2010.com.br\/fm\/#\/schema\/person\/2671cea07bd207fdbf7f094a7ab77c1c\",\"name\":\"Radialistas Princesa FM\",\"image\":{\"@type\":\"ImageObject\",\"@id\":\"https:\/\/radioprincesa2010.com.br\/fm\/#personlogo\",\"inLanguage\":\"pt-BR\",\"url\":\"https:\/\/secure.gravatar.com\/avatar\/1e60f2ae894518c7afac50daca716e5d?s=96&d=mm&r=g\",\"contentUrl\":\"https:\/\/secure.gravatar.com\/avatar\/1e60f2ae894518c7afac50daca716e5d?s=96&d=mm&r=g\",\"caption\":\"Radialistas Princesa FM\"}}]}<\/script>\n<!-- \/ Yoast SEO plugin. -->","_links":{"self":[{"href":"https:\/\/radioprincesa2010.com.br\/fm\/wp-json\/wp\/v2\/posts\/1004","targetHints":{"allow":["GET"]}}],"collection":[{"href":"https:\/\/radioprincesa2010.com.br\/fm\/wp-json\/wp\/v2\/posts"}],"about":[{"href":"https:\/\/radioprincesa2010.com.br\/fm\/wp-json\/wp\/v2\/types\/post"}],"author":[{"embeddable":true,"href":"https:\/\/radioprincesa2010.com.br\/fm\/wp-json\/wp\/v2\/users\/2"}],"replies":[{"embeddable":true,"href":"https:\/\/radioprincesa2010.com.br\/fm\/wp-json\/wp\/v2\/comments?post=1004"}],"version-history":[{"count":1,"href":"https:\/\/radioprincesa2010.com.br\/fm\/wp-json\/wp\/v2\/posts\/1004\/revisions"}],"predecessor-version":[{"id":1009,"href":"https:\/\/radioprincesa2010.com.br\/fm\/wp-json\/wp\/v2\/posts\/1004\/revisions\/1009"}],"wp:featuredmedia":[{"embeddable":true,"href":"https:\/\/radioprincesa2010.com.br\/fm\/wp-json\/wp\/v2\/media\/1005"}],"wp:attachment":[{"href":"https:\/\/radioprincesa2010.com.br\/fm\/wp-json\/wp\/v2\/media?parent=1004"}],"wp:term":[{"taxonomy":"category","embeddable":true,"href":"https:\/\/radioprincesa2010.com.br\/fm\/wp-json\/wp\/v2\/categories?post=1004"},{"taxonomy":"post_tag","embeddable":true,"href":"https:\/\/radioprincesa2010.com.br\/fm\/wp-json\/wp\/v2\/tags?post=1004"}],"curies":[{"name":"wp","href":"https:\/\/api.w.org\/{rel}","templated":true}]}}